{"id":104782,"date":"2026-01-24T15:32:18","date_gmt":"2026-01-24T13:32:18","guid":{"rendered":"https:\/\/kibrisdakik.com\/index.php\/2026\/01\/24\/ctp-guncel-nufusa-dayali-ulusal-su-politikasi-kacinilmaz\/"},"modified":"2026-01-24T15:32:18","modified_gmt":"2026-01-24T13:32:18","slug":"ctp-guncel-nufusa-dayali-ulusal-su-politikasi-kacinilmaz","status":"publish","type":"post","link":"https:\/\/kibrisdakik.com\/?p=104782","title":{"rendered":"CTP: G\u00dcNCEL N\u00dcFUSA DAYALI ULUSAL SU POL\u0130T\u0130KASI KA\u00c7INILMAZ"},"content":{"rendered":"<p><\/p>\n<div data-text-id=\"194680\" property=\"articleBody\">\n<p>Cumhuriyet\u00e7i T\u00fcrk Partisi (CTP) Yerel Y\u00f6netimler Komitesi, \u201csu kaynaklar\u0131ndaki plans\u0131zl\u0131\u011f\u0131n, ya\u015fam g\u00fcvenli\u011fini tehdit eden bir krize d\u00f6n\u00fc\u015ft\u00fc\u011f\u00fcn\u00fc\u201d savundu.<\/p>\n<p>Komite, g\u00fcncel n\u00fcfus verisine dayanan ulusal su politikas\u0131, ya\u011fmur suyu hasad\u0131 ve geri kazan\u0131m projelerinin yayg\u0131nla\u015ft\u0131r\u0131lmas\u0131, tar\u0131msal ve i\u00e7me suyunun ayr\u0131\u015ft\u0131r\u0131lmas\u0131, yerel rezervlerin yenilenmesi ve yerel y\u00f6netimlere yetki ve kaynak devrinin \u201cka\u00e7\u0131n\u0131lmaz\u201d oldu\u011funu kaydetti.<\/p>\n<p>Komiteden yap\u0131lan yaz\u0131l\u0131 a\u00e7\u0131klamada, 2015 y\u0131l\u0131nda T\u00fcrkiye\u2019den Su Projesi kapsam\u0131nda \u00fclkeye ula\u015ft\u0131r\u0131lan suyun, o g\u00fcnlerde halka kal\u0131c\u0131 \u00e7\u00f6z\u00fcm olarak sunuldu\u011fu ifade edilerek, \u201cBu b\u00fcy\u00fck f\u0131rsata ra\u011fmen son bir y\u0131l i\u00e7erisinde yerel y\u00f6netimlerin su maliyetlerine yap\u0131lan y\u00fczde 140\u2019l\u0131k art\u0131\u015f, suyun stratejik bir ya\u015fam kayna\u011f\u0131 olarak de\u011fil, plans\u0131z y\u00f6netilen bir altyap\u0131 hizmeti olarak ele al\u0131nd\u0131\u011f\u0131n\u0131 a\u00e7\u0131k\u00e7a g\u00f6stermektedir\u201d denildi.<\/p>\n<p>\u201cAda \u00fclkesi olman\u0131n ve k\u00fcresel iklim krizinin yaratt\u0131\u011f\u0131 ger\u00e7eklere ra\u011fmen, \u00fclkede hala g\u00fcncel n\u00fcfus verisine dayal\u0131, b\u00fct\u00fcnc\u00fcl ve s\u00fcrd\u00fcr\u00fclebilir bir su politikas\u0131 bulunmad\u0131\u011f\u0131\u201d belirtilen a\u00e7\u0131klamada, h\u00fck\u00fcmetin bu konuda planl\u0131 ve kal\u0131c\u0131 ad\u0131mlar atmad\u0131\u011f\u0131 savunuldu.<\/p>\n<p>A\u00e7\u0131klamada, \u201cBu plans\u0131zl\u0131k art\u0131k yaln\u0131zca bir y\u00f6netim zaaf\u0131 de\u011fil, ya\u015fam g\u00fcvenli\u011fini tehdit eden yap\u0131sal bir krize d\u00f6n\u00fc\u015fm\u00fc\u015ft\u00fcr. En \u00f6nemlisi, bu plans\u0131zl\u0131\u011f\u0131n bedelini bug\u00fcn t\u00fcm vatanda\u015flar\u0131m\u0131z artan su faturalar\u0131yla, yar\u0131n ise kesintiler ve tanker ba\u011f\u0131ml\u0131l\u0131\u011f\u0131 ile \u00f6demek zorunda kalacakt\u0131r\u201d denildi.<\/p>\n<p>-\u201c\u00dclkenin ihtiya\u00e7 duydu\u011fu \u015fey, altyap\u0131 kapasitesiyle uyumlu, planl\u0131 ve s\u00fcrd\u00fcr\u00fclebilir geli\u015fme\u201d<\/p>\n<p>T\u00fcrkiye\u2019den su projesinin \u00fczerinden on y\u0131l\u0131 a\u015fk\u0131n s\u00fcre ge\u00e7mesine ra\u011fmen, k\u0131rsaldaki k\u00f6ylerin b\u00fcy\u00fck b\u00f6l\u00fcm\u00fcn\u00fcn h\u00e2l\u00e2 bu suya eri\u015femedi\u011fi belirtilen a\u00e7\u0131klamada, \u015funlar kaydedildi:<\/p>\n<p>\u201cLefke ve G\u00fczelyurt il\u00e7elerine ula\u015ft\u0131r\u0131lmas\u0131 \u00f6ng\u00f6r\u00fclen 2. etap hatt\u0131 ise ba\u015flang\u0131\u00e7ta bu b\u00f6lgelere hizmet edecek \u015fekilde planlanm\u0131\u015fken, s\u00fcre\u00e7 i\u00e7erisinde yap\u0131lan yeni y\u00f6nlendirmelerle Mesarya\u2019ya ta\u015f\u0131nm\u0131\u015ft\u0131r. Bu de\u011fi\u015fiklik, kaynak planlamas\u0131n\u0131n bilimsel de\u011fil plans\u0131z yap\u0131la\u015fma bask\u0131s\u0131yla artan kontrols\u00fcz su talebinin dayatt\u0131\u011f\u0131 bir y\u00f6nlendirmedir.\u201d<\/p>\n<p>\u00d6te yandan su zamm\u0131n\u0131n, belediyelerin s\u0131n\u0131rl\u0131 b\u00fct\u00e7eleri \u00fczerinde a\u011f\u0131r mali y\u00fck olu\u015fturdu\u011fu, yerel y\u00f6netimlerin halka temel hizmet sunma kapasitesini zay\u0131flatt\u0131\u011f\u0131 ifade edilen a\u00e7\u0131klamada, \u015febeke altyap\u0131s\u0131ndaki kay\u0131p ve ka\u00e7aklar\u0131n, \u00fclke genelinde \u00e7ok ciddi d\u00fczeylere ula\u015ft\u0131\u011f\u0131, bu durumun, suyun \u00f6nemli bir k\u0131sm\u0131n\u0131n altyap\u0131 eksikli\u011fi nedeniyle halk\u0131n kullan\u0131m\u0131na ula\u015fmadan kaybedildi\u011fini g\u00f6sterdi\u011fi belirtildi.<\/p>\n<p>-\u201cBelediyeler taraf\u0131ndan i\u015fletilen yerel kuyulardan elde edilen suyun birim fiyat\u0131 3 TL\u2019den 10,5 TL\u2019ye y\u00fckseldi\u201d<\/p>\n<p>Belediyeler taraf\u0131ndan i\u015fletilen yerel kuyulardan elde edilen suyun birim fiyat\u0131n\u0131n k\u0131sa s\u00fcrede 3 TL\u2019den 10,5 TL\u2019ye y\u00fckseldi\u011fi, art\u0131\u015f oran\u0131n\u0131n y\u00fczde 250\u2019yi buldu\u011fu kaydedilen a\u00e7\u0131klamada, \u201cBu tablo, yaln\u0131zca d\u0131\u015f kaynakl\u0131 suyun de\u011fil, yerel su \u00fcretiminin de plans\u0131zl\u0131k ve maliyet y\u00f6netimi nedeniyle s\u00fcrd\u00fcr\u00fclemez hale geldi\u011fini g\u00f6stermektedir\u201d denildi.<\/p>\n<p>-\u201cMerkezi y\u00f6netimin, t\u00fcm sorumluluk ve y\u00fck\u00fc yaln\u0131zca yerel y\u00f6netimlerin s\u0131rt\u0131na b\u0131rakmas\u0131 do\u011fru bir yakla\u015f\u0131m de\u011fil\u201d<\/p>\n<p>Altyap\u0131 planlamalar\u0131n\u0131n bir par\u00e7as\u0131 olarak su ka\u00e7aklar\u0131n\u0131n azalt\u0131lmas\u0131, \u015febeke yenileme yat\u0131r\u0131mlar\u0131 ve altyap\u0131 iyile\u015ftirmeleri i\u00e7in yerel y\u00f6netimlere gerekli te\u015fvik ve kaynak deste\u011fi sa\u011flanmad\u0131k\u00e7a etkin su y\u00f6netiminin m\u00fcmk\u00fcn olmad\u0131\u011f\u0131 ifade edilen a\u00e7\u0131klamada, \u201cmerkezi y\u00f6netimin, t\u00fcm sorumluluk ve y\u00fck\u00fc yaln\u0131zca yerel y\u00f6netimlerin s\u0131rt\u0131na b\u0131rakmas\u0131n\u0131n do\u011fru bir yakla\u015f\u0131m olmad\u0131\u011f\u0131\u201d belirtildi.<\/p>\n<p>-\u201cB\u00fct\u00fcnc\u00fcl bi\u00e7imde planlanm\u0131\u015f, sekt\u00f6rler aras\u0131 kal\u0131c\u0131 su politikalar\u0131 hayata ge\u00e7irilmeli\u201d<\/p>\n<p>T\u00fcrkiye\u2019den gelen suyun stratejik de\u011ferinin do\u011fru y\u00f6netilmesi, bu kayna\u011f\u0131n yaln\u0131zca t\u00fcketilen bir hizmet olarak de\u011fil, yerel yeralt\u0131 su rezervlerini besleyecek, ya\u011fmur suyu hasad\u0131 ve geri kazan\u0131m sistemleriyle desteklenecek b\u00fct\u00fcnc\u00fcl bir d\u00f6ng\u00fcn\u00fcn par\u00e7as\u0131 haline getirilmesi gerekti\u011fi kaydedilen a\u00e7\u0131klamada, \u201cKanalizasyon altyap\u0131 sorunu \u00fclke genelinde derinden hissedilmektedir. B\u00fct\u00fcnc\u00fcl bi\u00e7imde planlanm\u0131\u015f, sekt\u00f6rler aras\u0131 kal\u0131c\u0131 su politikalar\u0131 hayata ge\u00e7irilmelidir\u201d denildi.<\/p>\n<\/p><\/div>\n","protected":false},"excerpt":{"rendered":"<p>Cumhuriyet\u00e7i T\u00fcrk Partisi (CTP) Yerel Y\u00f6netimler Komitesi, \u201csu kaynaklar\u0131ndaki plans\u0131zl\u0131\u011f\u0131n, ya\u015fam g\u00fcvenli\u011fini tehdit eden bir krize d\u00f6n\u00fc\u015ft\u00fc\u011f\u00fcn\u00fc\u201d savundu. Komite, g\u00fcncel n\u00fcfus verisine dayanan ulusal su politikas\u0131, ya\u011fmur suyu hasad\u0131 ve geri kazan\u0131m projelerinin yayg\u0131nla\u015ft\u0131r\u0131lmas\u0131, tar\u0131msal ve i\u00e7me suyunun ayr\u0131\u015ft\u0131r\u0131lmas\u0131, yerel rezervlerin yenilenmesi ve yerel y\u00f6netimlere yetki ve kaynak devrinin \u201cka\u00e7\u0131n\u0131lmaz\u201d oldu\u011funu kaydetti. Komiteden yap\u0131lan yaz\u0131l\u0131<\/p>\n","protected":false},"author":1,"featured_media":104783,"comment_status":"open","ping_status":"open","sticky":false,"template":"","format":"standard","meta":{"footnotes":""},"categories":[81],"tags":[],"class_list":["post-104782","post","type-post","status-publish","format-standard","has-post-thumbnail","hentry","category-kibris"],"yoast_head":"<!-- This site is optimized with the Yoast SEO plugin v27.5 - https:\/\/yoast.com\/product\/yoast-seo-wordpress\/ -->\n<title>CTP: G\u00dcNCEL N\u00dcFUSA DAYALI ULUSAL SU POL\u0130T\u0130KASI KA\u00c7INILMAZ -<\/title>\n<meta name=\"robots\" content=\"index, follow, max-snippet:-1, max-image-preview:large, max-video-preview:-1\" \/>\n<link rel=\"canonical\" href=\"https:\/\/kibrisdakik.com\/?p=104782\" \/>\n<meta property=\"og:locale\" content=\"tr_TR\" \/>\n<meta property=\"og:type\" content=\"article\" \/>\n<meta property=\"og:title\" content=\"CTP: G\u00dcNCEL N\u00dcFUSA DAYALI ULUSAL SU POL\u0130T\u0130KASI KA\u00c7INILMAZ -\" \/>\n<meta property=\"og:description\" content=\"Cumhuriyet\u00e7i T\u00fcrk Partisi (CTP) Yerel Y\u00f6netimler Komitesi, \u201csu kaynaklar\u0131ndaki plans\u0131zl\u0131\u011f\u0131n, ya\u015fam g\u00fcvenli\u011fini tehdit eden bir krize d\u00f6n\u00fc\u015ft\u00fc\u011f\u00fcn\u00fc\u201d savundu. Komite, g\u00fcncel n\u00fcfus verisine dayanan ulusal su politikas\u0131, ya\u011fmur suyu hasad\u0131 ve geri kazan\u0131m projelerinin yayg\u0131nla\u015ft\u0131r\u0131lmas\u0131, tar\u0131msal ve i\u00e7me suyunun ayr\u0131\u015ft\u0131r\u0131lmas\u0131, yerel rezervlerin yenilenmesi ve yerel y\u00f6netimlere yetki ve kaynak devrinin \u201cka\u00e7\u0131n\u0131lmaz\u201d oldu\u011funu kaydetti. Komiteden yap\u0131lan yaz\u0131l\u0131\" \/>\n<meta property=\"og:url\" content=\"https:\/\/kibrisdakik.com\/?p=104782\" \/>\n<meta property=\"article:published_time\" content=\"2026-01-24T13:32:18+00:00\" \/>\n<meta property=\"og:image\" content=\"https:\/\/kibrisdakik.com\/wp-content\/uploads\/2026\/01\/mha-sari-beyaz-2621.png\" \/>\n\t<meta property=\"og:image:width\" content=\"1280\" \/>\n\t<meta property=\"og:image:height\" content=\"720\" \/>\n\t<meta property=\"og:image:type\" content=\"image\/png\" \/>\n<meta name=\"author\" content=\"admin\" \/>\n<meta name=\"twitter:card\" content=\"summary_large_image\" \/>\n<meta name=\"twitter:label1\" content=\"Yazan:\" \/>\n\t<meta name=\"twitter:data1\" content=\"admin\" \/>\n\t<meta name=\"twitter:label2\" content=\"Tahmini okuma s\u00fcresi\" \/>\n\t<meta name=\"twitter:data2\" content=\"4 dakika\" \/>\n<script type=\"application\/ld+json\" class=\"yoast-schema-graph\">{\"@context\":\"https:\\\/\\\/schema.org\",\"@graph\":[{\"@type\":\"Article\",\"@id\":\"https:\\\/\\\/kibrisdakik.com\\\/?p=104782#article\",\"isPartOf\":{\"@id\":\"https:\\\/\\\/kibrisdakik.com\\\/?p=104782\"},\"author\":{\"name\":\"admin\",\"@id\":\"https:\\\/\\\/kibrisdakik.com\\\/#\\\/schema\\\/person\\\/9cd9d437bbb44f72b73ba127e06d8e79\"},\"headline\":\"CTP: G\u00dcNCEL N\u00dcFUSA DAYALI ULUSAL SU POL\u0130T\u0130KASI KA\u00c7INILMAZ\",\"datePublished\":\"2026-01-24T13:32:18+00:00\",\"mainEntityOfPage\":{\"@id\":\"https:\\\/\\\/kibrisdakik.com\\\/?p=104782\"},\"wordCount\":803,\"commentCount\":0,\"image\":{\"@id\":\"https:\\\/\\\/kibrisdakik.com\\\/?p=104782#primaryimage\"},\"thumbnailUrl\":\"https:\\\/\\\/kibrisdakik.com\\\/wp-content\\\/uploads\\\/2026\\\/01\\\/mha-sari-beyaz-2621.png\",\"articleSection\":[\"K\u0131br\u0131s\"],\"inLanguage\":\"tr\",\"potentialAction\":[{\"@type\":\"CommentAction\",\"name\":\"Comment\",\"target\":[\"https:\\\/\\\/kibrisdakik.com\\\/?p=104782#respond\"]}]},{\"@type\":\"WebPage\",\"@id\":\"https:\\\/\\\/kibrisdakik.com\\\/?p=104782\",\"url\":\"https:\\\/\\\/kibrisdakik.com\\\/?p=104782\",\"name\":\"CTP: G\u00dcNCEL N\u00dcFUSA DAYALI ULUSAL SU POL\u0130T\u0130KASI KA\u00c7INILMAZ -\",\"isPartOf\":{\"@id\":\"https:\\\/\\\/kibrisdakik.com\\\/#website\"},\"primaryImageOfPage\":{\"@id\":\"https:\\\/\\\/kibrisdakik.com\\\/?p=104782#primaryimage\"},\"image\":{\"@id\":\"https:\\\/\\\/kibrisdakik.com\\\/?p=104782#primaryimage\"},\"thumbnailUrl\":\"https:\\\/\\\/kibrisdakik.com\\\/wp-content\\\/uploads\\\/2026\\\/01\\\/mha-sari-beyaz-2621.png\",\"datePublished\":\"2026-01-24T13:32:18+00:00\",\"author\":{\"@id\":\"https:\\\/\\\/kibrisdakik.com\\\/#\\\/schema\\\/person\\\/9cd9d437bbb44f72b73ba127e06d8e79\"},\"breadcrumb\":{\"@id\":\"https:\\\/\\\/kibrisdakik.com\\\/?p=104782#breadcrumb\"},\"inLanguage\":\"tr\",\"potentialAction\":[{\"@type\":\"ReadAction\",\"target\":[\"https:\\\/\\\/kibrisdakik.com\\\/?p=104782\"]}]},{\"@type\":\"ImageObject\",\"inLanguage\":\"tr\",\"@id\":\"https:\\\/\\\/kibrisdakik.com\\\/?p=104782#primaryimage\",\"url\":\"https:\\\/\\\/kibrisdakik.com\\\/wp-content\\\/uploads\\\/2026\\\/01\\\/mha-sari-beyaz-2621.png\",\"contentUrl\":\"https:\\\/\\\/kibrisdakik.com\\\/wp-content\\\/uploads\\\/2026\\\/01\\\/mha-sari-beyaz-2621.png\",\"width\":1280,\"height\":720},{\"@type\":\"BreadcrumbList\",\"@id\":\"https:\\\/\\\/kibrisdakik.com\\\/?p=104782#breadcrumb\",\"itemListElement\":[{\"@type\":\"ListItem\",\"position\":1,\"name\":\"Home\",\"item\":\"https:\\\/\\\/kibrisdakik.com\\\/\"},{\"@type\":\"ListItem\",\"position\":2,\"name\":\"CTP: G\u00dcNCEL N\u00dcFUSA DAYALI ULUSAL SU POL\u0130T\u0130KASI KA\u00c7INILMAZ\"}]},{\"@type\":\"WebSite\",\"@id\":\"https:\\\/\\\/kibrisdakik.com\\\/#website\",\"url\":\"https:\\\/\\\/kibrisdakik.com\\\/\",\"name\":\"\",\"description\":\"Tam vaktinde haber\",\"potentialAction\":[{\"@type\":\"SearchAction\",\"target\":{\"@type\":\"EntryPoint\",\"urlTemplate\":\"https:\\\/\\\/kibrisdakik.com\\\/?s={search_term_string}\"},\"query-input\":{\"@type\":\"PropertyValueSpecification\",\"valueRequired\":true,\"valueName\":\"search_term_string\"}}],\"inLanguage\":\"tr\"},{\"@type\":\"Person\",\"@id\":\"https:\\\/\\\/kibrisdakik.com\\\/#\\\/schema\\\/person\\\/9cd9d437bbb44f72b73ba127e06d8e79\",\"name\":\"admin\",\"image\":{\"@type\":\"ImageObject\",\"inLanguage\":\"tr\",\"@id\":\"https:\\\/\\\/secure.gravatar.com\\\/avatar\\\/ccc17943b9d660506c869530f897617f7cb1c21a4bf30023f252596d83e1f007?s=96&d=mm&r=g\",\"url\":\"https:\\\/\\\/secure.gravatar.com\\\/avatar\\\/ccc17943b9d660506c869530f897617f7cb1c21a4bf30023f252596d83e1f007?s=96&d=mm&r=g\",\"contentUrl\":\"https:\\\/\\\/secure.gravatar.com\\\/avatar\\\/ccc17943b9d660506c869530f897617f7cb1c21a4bf30023f252596d83e1f007?s=96&d=mm&r=g\",\"caption\":\"admin\"},\"sameAs\":[\"https:\\\/\\\/kibrisdakik.com\"],\"url\":\"https:\\\/\\\/kibrisdakik.com\\\/?author=1\"}]}<\/script>\n<!-- \/ Yoast SEO plugin. -->","yoast_head_json":{"title":"CTP: G\u00dcNCEL N\u00dcFUSA DAYALI ULUSAL SU POL\u0130T\u0130KASI KA\u00c7INILMAZ -","robots":{"index":"index","follow":"follow","max-snippet":"max-snippet:-1","max-image-preview":"max-image-preview:large","max-video-preview":"max-video-preview:-1"},"canonical":"https:\/\/kibrisdakik.com\/?p=104782","og_locale":"tr_TR","og_type":"article","og_title":"CTP: G\u00dcNCEL N\u00dcFUSA DAYALI ULUSAL SU POL\u0130T\u0130KASI KA\u00c7INILMAZ -","og_description":"Cumhuriyet\u00e7i T\u00fcrk Partisi (CTP) Yerel Y\u00f6netimler Komitesi, \u201csu kaynaklar\u0131ndaki plans\u0131zl\u0131\u011f\u0131n, ya\u015fam g\u00fcvenli\u011fini tehdit eden bir krize d\u00f6n\u00fc\u015ft\u00fc\u011f\u00fcn\u00fc\u201d savundu. Komite, g\u00fcncel n\u00fcfus verisine dayanan ulusal su politikas\u0131, ya\u011fmur suyu hasad\u0131 ve geri kazan\u0131m projelerinin yayg\u0131nla\u015ft\u0131r\u0131lmas\u0131, tar\u0131msal ve i\u00e7me suyunun ayr\u0131\u015ft\u0131r\u0131lmas\u0131, yerel rezervlerin yenilenmesi ve yerel y\u00f6netimlere yetki ve kaynak devrinin \u201cka\u00e7\u0131n\u0131lmaz\u201d oldu\u011funu kaydetti. Komiteden yap\u0131lan yaz\u0131l\u0131","og_url":"https:\/\/kibrisdakik.com\/?p=104782","article_published_time":"2026-01-24T13:32:18+00:00","og_image":[{"width":1280,"height":720,"url":"https:\/\/kibrisdakik.com\/wp-content\/uploads\/2026\/01\/mha-sari-beyaz-2621.png","type":"image\/png"}],"author":"admin","twitter_card":"summary_large_image","twitter_misc":{"Yazan:":"admin","Tahmini okuma s\u00fcresi":"4 dakika"},"schema":{"@context":"https:\/\/schema.org","@graph":[{"@type":"Article","@id":"https:\/\/kibrisdakik.com\/?p=104782#article","isPartOf":{"@id":"https:\/\/kibrisdakik.com\/?p=104782"},"author":{"name":"admin","@id":"https:\/\/kibrisdakik.com\/#\/schema\/person\/9cd9d437bbb44f72b73ba127e06d8e79"},"headline":"CTP: G\u00dcNCEL N\u00dcFUSA DAYALI ULUSAL SU POL\u0130T\u0130KASI KA\u00c7INILMAZ","datePublished":"2026-01-24T13:32:18+00:00","mainEntityOfPage":{"@id":"https:\/\/kibrisdakik.com\/?p=104782"},"wordCount":803,"commentCount":0,"image":{"@id":"https:\/\/kibrisdakik.com\/?p=104782#primaryimage"},"thumbnailUrl":"https:\/\/kibrisdakik.com\/wp-content\/uploads\/2026\/01\/mha-sari-beyaz-2621.png","articleSection":["K\u0131br\u0131s"],"inLanguage":"tr","potentialAction":[{"@type":"CommentAction","name":"Comment","target":["https:\/\/kibrisdakik.com\/?p=104782#respond"]}]},{"@type":"WebPage","@id":"https:\/\/kibrisdakik.com\/?p=104782","url":"https:\/\/kibrisdakik.com\/?p=104782","name":"CTP: G\u00dcNCEL N\u00dcFUSA DAYALI ULUSAL SU POL\u0130T\u0130KASI KA\u00c7INILMAZ -","isPartOf":{"@id":"https:\/\/kibrisdakik.com\/#website"},"primaryImageOfPage":{"@id":"https:\/\/kibrisdakik.com\/?p=104782#primaryimage"},"image":{"@id":"https:\/\/kibrisdakik.com\/?p=104782#primaryimage"},"thumbnailUrl":"https:\/\/kibrisdakik.com\/wp-content\/uploads\/2026\/01\/mha-sari-beyaz-2621.png","datePublished":"2026-01-24T13:32:18+00:00","author":{"@id":"https:\/\/kibrisdakik.com\/#\/schema\/person\/9cd9d437bbb44f72b73ba127e06d8e79"},"breadcrumb":{"@id":"https:\/\/kibrisdakik.com\/?p=104782#breadcrumb"},"inLanguage":"tr","potentialAction":[{"@type":"ReadAction","target":["https:\/\/kibrisdakik.com\/?p=104782"]}]},{"@type":"ImageObject","inLanguage":"tr","@id":"https:\/\/kibrisdakik.com\/?p=104782#primaryimage","url":"https:\/\/kibrisdakik.com\/wp-content\/uploads\/2026\/01\/mha-sari-beyaz-2621.png","contentUrl":"https:\/\/kibrisdakik.com\/wp-content\/uploads\/2026\/01\/mha-sari-beyaz-2621.png","width":1280,"height":720},{"@type":"BreadcrumbList","@id":"https:\/\/kibrisdakik.com\/?p=104782#breadcrumb","itemListElement":[{"@type":"ListItem","position":1,"name":"Home","item":"https:\/\/kibrisdakik.com\/"},{"@type":"ListItem","position":2,"name":"CTP: G\u00dcNCEL N\u00dcFUSA DAYALI ULUSAL SU POL\u0130T\u0130KASI KA\u00c7INILMAZ"}]},{"@type":"WebSite","@id":"https:\/\/kibrisdakik.com\/#website","url":"https:\/\/kibrisdakik.com\/","name":"","description":"Tam vaktinde haber","potentialAction":[{"@type":"SearchAction","target":{"@type":"EntryPoint","urlTemplate":"https:\/\/kibrisdakik.com\/?s={search_term_string}"},"query-input":{"@type":"PropertyValueSpecification","valueRequired":true,"valueName":"search_term_string"}}],"inLanguage":"tr"},{"@type":"Person","@id":"https:\/\/kibrisdakik.com\/#\/schema\/person\/9cd9d437bbb44f72b73ba127e06d8e79","name":"admin","image":{"@type":"ImageObject","inLanguage":"tr","@id":"https:\/\/secure.gravatar.com\/avatar\/ccc17943b9d660506c869530f897617f7cb1c21a4bf30023f252596d83e1f007?s=96&d=mm&r=g","url":"https:\/\/secure.gravatar.com\/avatar\/ccc17943b9d660506c869530f897617f7cb1c21a4bf30023f252596d83e1f007?s=96&d=mm&r=g","contentUrl":"https:\/\/secure.gravatar.com\/avatar\/ccc17943b9d660506c869530f897617f7cb1c21a4bf30023f252596d83e1f007?s=96&d=mm&r=g","caption":"admin"},"sameAs":["https:\/\/kibrisdakik.com"],"url":"https:\/\/kibrisdakik.com\/?author=1"}]}},"_links":{"self":[{"href":"https:\/\/kibrisdakik.com\/index.php?rest_route=\/wp\/v2\/posts\/104782","targetHints":{"allow":["GET"]}}],"collection":[{"href":"https:\/\/kibrisdakik.com\/index.php?rest_route=\/wp\/v2\/posts"}],"about":[{"href":"https:\/\/kibrisdakik.com\/index.php?rest_route=\/wp\/v2\/types\/post"}],"author":[{"embeddable":true,"href":"https:\/\/kibrisdakik.com\/index.php?rest_route=\/wp\/v2\/users\/1"}],"replies":[{"embeddable":true,"href":"https:\/\/kibrisdakik.com\/index.php?rest_route=%2Fwp%2Fv2%2Fcomments&post=104782"}],"version-history":[{"count":0,"href":"https:\/\/kibrisdakik.com\/index.php?rest_route=\/wp\/v2\/posts\/104782\/revisions"}],"wp:featuredmedia":[{"embeddable":true,"href":"https:\/\/kibrisdakik.com\/index.php?rest_route=\/wp\/v2\/media\/104783"}],"wp:attachment":[{"href":"https:\/\/kibrisdakik.com\/index.php?rest_route=%2Fwp%2Fv2%2Fmedia&parent=104782"}],"wp:term":[{"taxonomy":"category","embeddable":true,"href":"https:\/\/kibrisdakik.com\/index.php?rest_route=%2Fwp%2Fv2%2Fcategories&post=104782"},{"taxonomy":"post_tag","embeddable":true,"href":"https:\/\/kibrisdakik.com\/index.php?rest_route=%2Fwp%2Fv2%2Ftags&post=104782"}],"curies":[{"name":"wp","href":"https:\/\/api.w.org\/{rel}","templated":true}]}}