{"id":104821,"date":"2026-01-26T10:04:12","date_gmt":"2026-01-26T08:04:12","guid":{"rendered":"https:\/\/kibrisdakik.com\/index.php\/2026\/01\/26\/wfis-2029-genel-kurulu-kktcde-yapilacak\/"},"modified":"2026-01-26T10:04:12","modified_gmt":"2026-01-26T08:04:12","slug":"wfis-2029-genel-kurulu-kktcde-yapilacak","status":"publish","type":"post","link":"https:\/\/kibrisdakik.com\/?p=104821","title":{"rendered":"WFIS 2029 GENEL KURULU KKTC\u2019DE YAPILACAK"},"content":{"rendered":"<p><\/p>\n<div data-text-id=\"194716\" property=\"articleBody\">\n<p>K\u0131br\u0131s T\u00fcrk K\u0131z \u0130zci \u00d6rg\u00fct\u00fc Derne\u011fi, D\u00fcnya Ba\u011f\u0131ms\u0131z \u0130zcilik Federasyonu\u2019nun (WFIS) 2029 y\u0131l\u0131nda ger\u00e7ekle\u015ftirilecek genel kuruluna ev sahipli\u011fi yapacak.<\/p>\n<p>Dernek\u2019ten yap\u0131lan a\u00e7\u0131klamaya g\u00f6re, K\u0131br\u0131s T\u00fcrk \u0130zci \u00d6rg\u00fct\u00fc Derne\u011fi, D\u00fcnya Ba\u011f\u0131ms\u0131z \u0130zcilik Federasyonu 23-25 Ocak tarihlerinde d\u00fczenlenen Avrupa B\u00f6lgesi Genel Kurulu\u2019na kat\u0131ld\u0131.<\/p>\n<p>Almanya\u2019n\u0131n Laubach kentinde ger\u00e7ekle\u015ftirilen WFIS Avrupa B\u00f6lgesi Genel Kurulu\u2019na, K\u0131br\u0131s T\u00fcrk \u0130zci \u00d6rg\u00fct\u00fc Derne\u011fi\u2019ni temsilen Dernek Ba\u015fkan\u0131 Umure \u00d6rs ile WFIS Y\u00f6netim Kurulunda g\u00f6revli Esen Bahad\u0131r\u2019\u0131n kat\u0131ld\u0131\u011f\u0131 belirtildi.<\/p>\n<p>A\u00e7\u0131klamada, WFIS\u2019nin d\u00fcnyan\u0131n 2. b\u00fcy\u00fck izcilik organizasyonu oldu\u011fu da vurguland\u0131.<\/p>\n<\/p><\/div>\n","protected":false},"excerpt":{"rendered":"<p>K\u0131br\u0131s T\u00fcrk K\u0131z \u0130zci \u00d6rg\u00fct\u00fc Derne\u011fi, D\u00fcnya Ba\u011f\u0131ms\u0131z \u0130zcilik Federasyonu\u2019nun (WFIS) 2029 y\u0131l\u0131nda ger\u00e7ekle\u015ftirilecek genel kuruluna ev sahipli\u011fi yapacak. Dernek\u2019ten yap\u0131lan a\u00e7\u0131klamaya g\u00f6re, K\u0131br\u0131s T\u00fcrk \u0130zci \u00d6rg\u00fct\u00fc Derne\u011fi, D\u00fcnya Ba\u011f\u0131ms\u0131z \u0130zcilik Federasyonu 23-25 Ocak tarihlerinde d\u00fczenlenen Avrupa B\u00f6lgesi Genel Kurulu\u2019na kat\u0131ld\u0131. Almanya\u2019n\u0131n Laubach kentinde ger\u00e7ekle\u015ftirilen WFIS Avrupa B\u00f6lgesi Genel Kurulu\u2019na, K\u0131br\u0131s T\u00fcrk \u0130zci \u00d6rg\u00fct\u00fc Derne\u011fi\u2019ni<\/p>\n","protected":false},"author":1,"featured_media":104822,"comment_status":"open","ping_status":"open","sticky":false,"template":"","format":"standard","meta":{"footnotes":""},"categories":[81],"tags":[],"class_list":["post-104821","post","type-post","status-publish","format-standard","has-post-thumbnail","hentry","category-kibris"],"yoast_head":"<!-- This site is optimized with the Yoast SEO plugin v27.5 - https:\/\/yoast.com\/product\/yoast-seo-wordpress\/ -->\n<title>WFIS 2029 GENEL KURULU KKTC\u2019DE YAPILACAK -<\/title>\n<meta name=\"robots\" content=\"index, follow, max-snippet:-1, max-image-preview:large, max-video-preview:-1\" \/>\n<link rel=\"canonical\" href=\"https:\/\/kibrisdakik.com\/?p=104821\" \/>\n<meta property=\"og:locale\" content=\"tr_TR\" \/>\n<meta property=\"og:type\" content=\"article\" \/>\n<meta property=\"og:title\" content=\"WFIS 2029 GENEL KURULU KKTC\u2019DE YAPILACAK -\" \/>\n<meta property=\"og:description\" content=\"K\u0131br\u0131s T\u00fcrk K\u0131z \u0130zci \u00d6rg\u00fct\u00fc Derne\u011fi, D\u00fcnya Ba\u011f\u0131ms\u0131z \u0130zcilik Federasyonu\u2019nun (WFIS) 2029 y\u0131l\u0131nda ger\u00e7ekle\u015ftirilecek genel kuruluna ev sahipli\u011fi yapacak. Dernek\u2019ten yap\u0131lan a\u00e7\u0131klamaya g\u00f6re, K\u0131br\u0131s T\u00fcrk \u0130zci \u00d6rg\u00fct\u00fc Derne\u011fi, D\u00fcnya Ba\u011f\u0131ms\u0131z \u0130zcilik Federasyonu 23-25 Ocak tarihlerinde d\u00fczenlenen Avrupa B\u00f6lgesi Genel Kurulu\u2019na kat\u0131ld\u0131. Almanya\u2019n\u0131n Laubach kentinde ger\u00e7ekle\u015ftirilen WFIS Avrupa B\u00f6lgesi Genel Kurulu\u2019na, K\u0131br\u0131s T\u00fcrk \u0130zci \u00d6rg\u00fct\u00fc Derne\u011fi\u2019ni\" \/>\n<meta property=\"og:url\" content=\"https:\/\/kibrisdakik.com\/?p=104821\" \/>\n<meta property=\"article:published_time\" content=\"2026-01-26T08:04:12+00:00\" \/>\n<meta property=\"og:image\" content=\"https:\/\/kibrisdakik.com\/wp-content\/uploads\/2026\/01\/mha-sari-beyaz-2638.png\" \/>\n\t<meta property=\"og:image:width\" content=\"1280\" \/>\n\t<meta property=\"og:image:height\" content=\"720\" \/>\n\t<meta property=\"og:image:type\" content=\"image\/png\" \/>\n<meta name=\"author\" content=\"admin\" \/>\n<meta name=\"twitter:card\" content=\"summary_large_image\" \/>\n<meta name=\"twitter:label1\" content=\"Yazan:\" \/>\n\t<meta name=\"twitter:data1\" content=\"admin\" \/>\n\t<meta name=\"twitter:label2\" content=\"Tahmini okuma s\u00fcresi\" \/>\n\t<meta name=\"twitter:data2\" content=\"1 dakika\" \/>\n<script type=\"application\/ld+json\" class=\"yoast-schema-graph\">{\"@context\":\"https:\\\/\\\/schema.org\",\"@graph\":[{\"@type\":\"Article\",\"@id\":\"https:\\\/\\\/kibrisdakik.com\\\/?p=104821#article\",\"isPartOf\":{\"@id\":\"https:\\\/\\\/kibrisdakik.com\\\/?p=104821\"},\"author\":{\"name\":\"admin\",\"@id\":\"https:\\\/\\\/kibrisdakik.com\\\/#\\\/schema\\\/person\\\/9cd9d437bbb44f72b73ba127e06d8e79\"},\"headline\":\"WFIS 2029 GENEL KURULU KKTC\u2019DE YAPILACAK\",\"datePublished\":\"2026-01-26T08:04:12+00:00\",\"mainEntityOfPage\":{\"@id\":\"https:\\\/\\\/kibrisdakik.com\\\/?p=104821\"},\"wordCount\":139,\"commentCount\":0,\"image\":{\"@id\":\"https:\\\/\\\/kibrisdakik.com\\\/?p=104821#primaryimage\"},\"thumbnailUrl\":\"https:\\\/\\\/kibrisdakik.com\\\/wp-content\\\/uploads\\\/2026\\\/01\\\/mha-sari-beyaz-2638.png\",\"articleSection\":[\"K\u0131br\u0131s\"],\"inLanguage\":\"tr\",\"potentialAction\":[{\"@type\":\"CommentAction\",\"name\":\"Comment\",\"target\":[\"https:\\\/\\\/kibrisdakik.com\\\/?p=104821#respond\"]}]},{\"@type\":\"WebPage\",\"@id\":\"https:\\\/\\\/kibrisdakik.com\\\/?p=104821\",\"url\":\"https:\\\/\\\/kibrisdakik.com\\\/?p=104821\",\"name\":\"WFIS 2029 GENEL KURULU KKTC\u2019DE YAPILACAK -\",\"isPartOf\":{\"@id\":\"https:\\\/\\\/kibrisdakik.com\\\/#website\"},\"primaryImageOfPage\":{\"@id\":\"https:\\\/\\\/kibrisdakik.com\\\/?p=104821#primaryimage\"},\"image\":{\"@id\":\"https:\\\/\\\/kibrisdakik.com\\\/?p=104821#primaryimage\"},\"thumbnailUrl\":\"https:\\\/\\\/kibrisdakik.com\\\/wp-content\\\/uploads\\\/2026\\\/01\\\/mha-sari-beyaz-2638.png\",\"datePublished\":\"2026-01-26T08:04:12+00:00\",\"author\":{\"@id\":\"https:\\\/\\\/kibrisdakik.com\\\/#\\\/schema\\\/person\\\/9cd9d437bbb44f72b73ba127e06d8e79\"},\"breadcrumb\":{\"@id\":\"https:\\\/\\\/kibrisdakik.com\\\/?p=104821#breadcrumb\"},\"inLanguage\":\"tr\",\"potentialAction\":[{\"@type\":\"ReadAction\",\"target\":[\"https:\\\/\\\/kibrisdakik.com\\\/?p=104821\"]}]},{\"@type\":\"ImageObject\",\"inLanguage\":\"tr\",\"@id\":\"https:\\\/\\\/kibrisdakik.com\\\/?p=104821#primaryimage\",\"url\":\"https:\\\/\\\/kibrisdakik.com\\\/wp-content\\\/uploads\\\/2026\\\/01\\\/mha-sari-beyaz-2638.png\",\"contentUrl\":\"https:\\\/\\\/kibrisdakik.com\\\/wp-content\\\/uploads\\\/2026\\\/01\\\/mha-sari-beyaz-2638.png\",\"width\":1280,\"height\":720},{\"@type\":\"BreadcrumbList\",\"@id\":\"https:\\\/\\\/kibrisdakik.com\\\/?p=104821#breadcrumb\",\"itemListElement\":[{\"@type\":\"ListItem\",\"position\":1,\"name\":\"Home\",\"item\":\"https:\\\/\\\/kibrisdakik.com\\\/\"},{\"@type\":\"ListItem\",\"position\":2,\"name\":\"WFIS 2029 GENEL KURULU KKTC\u2019DE YAPILACAK\"}]},{\"@type\":\"WebSite\",\"@id\":\"https:\\\/\\\/kibrisdakik.com\\\/#website\",\"url\":\"https:\\\/\\\/kibrisdakik.com\\\/\",\"name\":\"\",\"description\":\"Tam vaktinde haber\",\"potentialAction\":[{\"@type\":\"SearchAction\",\"target\":{\"@type\":\"EntryPoint\",\"urlTemplate\":\"https:\\\/\\\/kibrisdakik.com\\\/?s={search_term_string}\"},\"query-input\":{\"@type\":\"PropertyValueSpecification\",\"valueRequired\":true,\"valueName\":\"search_term_string\"}}],\"inLanguage\":\"tr\"},{\"@type\":\"Person\",\"@id\":\"https:\\\/\\\/kibrisdakik.com\\\/#\\\/schema\\\/person\\\/9cd9d437bbb44f72b73ba127e06d8e79\",\"name\":\"admin\",\"image\":{\"@type\":\"ImageObject\",\"inLanguage\":\"tr\",\"@id\":\"https:\\\/\\\/secure.gravatar.com\\\/avatar\\\/ccc17943b9d660506c869530f897617f7cb1c21a4bf30023f252596d83e1f007?s=96&d=mm&r=g\",\"url\":\"https:\\\/\\\/secure.gravatar.com\\\/avatar\\\/ccc17943b9d660506c869530f897617f7cb1c21a4bf30023f252596d83e1f007?s=96&d=mm&r=g\",\"contentUrl\":\"https:\\\/\\\/secure.gravatar.com\\\/avatar\\\/ccc17943b9d660506c869530f897617f7cb1c21a4bf30023f252596d83e1f007?s=96&d=mm&r=g\",\"caption\":\"admin\"},\"sameAs\":[\"https:\\\/\\\/kibrisdakik.com\"],\"url\":\"https:\\\/\\\/kibrisdakik.com\\\/?author=1\"}]}<\/script>\n<!-- \/ Yoast SEO plugin. -->","yoast_head_json":{"title":"WFIS 2029 GENEL KURULU KKTC\u2019DE YAPILACAK -","robots":{"index":"index","follow":"follow","max-snippet":"max-snippet:-1","max-image-preview":"max-image-preview:large","max-video-preview":"max-video-preview:-1"},"canonical":"https:\/\/kibrisdakik.com\/?p=104821","og_locale":"tr_TR","og_type":"article","og_title":"WFIS 2029 GENEL KURULU KKTC\u2019DE YAPILACAK -","og_description":"K\u0131br\u0131s T\u00fcrk K\u0131z \u0130zci \u00d6rg\u00fct\u00fc Derne\u011fi, D\u00fcnya Ba\u011f\u0131ms\u0131z \u0130zcilik Federasyonu\u2019nun (WFIS) 2029 y\u0131l\u0131nda ger\u00e7ekle\u015ftirilecek genel kuruluna ev sahipli\u011fi yapacak. Dernek\u2019ten yap\u0131lan a\u00e7\u0131klamaya g\u00f6re, K\u0131br\u0131s T\u00fcrk \u0130zci \u00d6rg\u00fct\u00fc Derne\u011fi, D\u00fcnya Ba\u011f\u0131ms\u0131z \u0130zcilik Federasyonu 23-25 Ocak tarihlerinde d\u00fczenlenen Avrupa B\u00f6lgesi Genel Kurulu\u2019na kat\u0131ld\u0131. Almanya\u2019n\u0131n Laubach kentinde ger\u00e7ekle\u015ftirilen WFIS Avrupa B\u00f6lgesi Genel Kurulu\u2019na, K\u0131br\u0131s T\u00fcrk \u0130zci \u00d6rg\u00fct\u00fc Derne\u011fi\u2019ni","og_url":"https:\/\/kibrisdakik.com\/?p=104821","article_published_time":"2026-01-26T08:04:12+00:00","og_image":[{"width":1280,"height":720,"url":"https:\/\/kibrisdakik.com\/wp-content\/uploads\/2026\/01\/mha-sari-beyaz-2638.png","type":"image\/png"}],"author":"admin","twitter_card":"summary_large_image","twitter_misc":{"Yazan:":"admin","Tahmini okuma s\u00fcresi":"1 dakika"},"schema":{"@context":"https:\/\/schema.org","@graph":[{"@type":"Article","@id":"https:\/\/kibrisdakik.com\/?p=104821#article","isPartOf":{"@id":"https:\/\/kibrisdakik.com\/?p=104821"},"author":{"name":"admin","@id":"https:\/\/kibrisdakik.com\/#\/schema\/person\/9cd9d437bbb44f72b73ba127e06d8e79"},"headline":"WFIS 2029 GENEL KURULU KKTC\u2019DE YAPILACAK","datePublished":"2026-01-26T08:04:12+00:00","mainEntityOfPage":{"@id":"https:\/\/kibrisdakik.com\/?p=104821"},"wordCount":139,"commentCount":0,"image":{"@id":"https:\/\/kibrisdakik.com\/?p=104821#primaryimage"},"thumbnailUrl":"https:\/\/kibrisdakik.com\/wp-content\/uploads\/2026\/01\/mha-sari-beyaz-2638.png","articleSection":["K\u0131br\u0131s"],"inLanguage":"tr","potentialAction":[{"@type":"CommentAction","name":"Comment","target":["https:\/\/kibrisdakik.com\/?p=104821#respond"]}]},{"@type":"WebPage","@id":"https:\/\/kibrisdakik.com\/?p=104821","url":"https:\/\/kibrisdakik.com\/?p=104821","name":"WFIS 2029 GENEL KURULU KKTC\u2019DE YAPILACAK -","isPartOf":{"@id":"https:\/\/kibrisdakik.com\/#website"},"primaryImageOfPage":{"@id":"https:\/\/kibrisdakik.com\/?p=104821#primaryimage"},"image":{"@id":"https:\/\/kibrisdakik.com\/?p=104821#primaryimage"},"thumbnailUrl":"https:\/\/kibrisdakik.com\/wp-content\/uploads\/2026\/01\/mha-sari-beyaz-2638.png","datePublished":"2026-01-26T08:04:12+00:00","author":{"@id":"https:\/\/kibrisdakik.com\/#\/schema\/person\/9cd9d437bbb44f72b73ba127e06d8e79"},"breadcrumb":{"@id":"https:\/\/kibrisdakik.com\/?p=104821#breadcrumb"},"inLanguage":"tr","potentialAction":[{"@type":"ReadAction","target":["https:\/\/kibrisdakik.com\/?p=104821"]}]},{"@type":"ImageObject","inLanguage":"tr","@id":"https:\/\/kibrisdakik.com\/?p=104821#primaryimage","url":"https:\/\/kibrisdakik.com\/wp-content\/uploads\/2026\/01\/mha-sari-beyaz-2638.png","contentUrl":"https:\/\/kibrisdakik.com\/wp-content\/uploads\/2026\/01\/mha-sari-beyaz-2638.png","width":1280,"height":720},{"@type":"BreadcrumbList","@id":"https:\/\/kibrisdakik.com\/?p=104821#breadcrumb","itemListElement":[{"@type":"ListItem","position":1,"name":"Home","item":"https:\/\/kibrisdakik.com\/"},{"@type":"ListItem","position":2,"name":"WFIS 2029 GENEL KURULU KKTC\u2019DE YAPILACAK"}]},{"@type":"WebSite","@id":"https:\/\/kibrisdakik.com\/#website","url":"https:\/\/kibrisdakik.com\/","name":"","description":"Tam vaktinde haber","potentialAction":[{"@type":"SearchAction","target":{"@type":"EntryPoint","urlTemplate":"https:\/\/kibrisdakik.com\/?s={search_term_string}"},"query-input":{"@type":"PropertyValueSpecification","valueRequired":true,"valueName":"search_term_string"}}],"inLanguage":"tr"},{"@type":"Person","@id":"https:\/\/kibrisdakik.com\/#\/schema\/person\/9cd9d437bbb44f72b73ba127e06d8e79","name":"admin","image":{"@type":"ImageObject","inLanguage":"tr","@id":"https:\/\/secure.gravatar.com\/avatar\/ccc17943b9d660506c869530f897617f7cb1c21a4bf30023f252596d83e1f007?s=96&d=mm&r=g","url":"https:\/\/secure.gravatar.com\/avatar\/ccc17943b9d660506c869530f897617f7cb1c21a4bf30023f252596d83e1f007?s=96&d=mm&r=g","contentUrl":"https:\/\/secure.gravatar.com\/avatar\/ccc17943b9d660506c869530f897617f7cb1c21a4bf30023f252596d83e1f007?s=96&d=mm&r=g","caption":"admin"},"sameAs":["https:\/\/kibrisdakik.com"],"url":"https:\/\/kibrisdakik.com\/?author=1"}]}},"_links":{"self":[{"href":"https:\/\/kibrisdakik.com\/index.php?rest_route=\/wp\/v2\/posts\/104821","targetHints":{"allow":["GET"]}}],"collection":[{"href":"https:\/\/kibrisdakik.com\/index.php?rest_route=\/wp\/v2\/posts"}],"about":[{"href":"https:\/\/kibrisdakik.com\/index.php?rest_route=\/wp\/v2\/types\/post"}],"author":[{"embeddable":true,"href":"https:\/\/kibrisdakik.com\/index.php?rest_route=\/wp\/v2\/users\/1"}],"replies":[{"embeddable":true,"href":"https:\/\/kibrisdakik.com\/index.php?rest_route=%2Fwp%2Fv2%2Fcomments&post=104821"}],"version-history":[{"count":0,"href":"https:\/\/kibrisdakik.com\/index.php?rest_route=\/wp\/v2\/posts\/104821\/revisions"}],"wp:featuredmedia":[{"embeddable":true,"href":"https:\/\/kibrisdakik.com\/index.php?rest_route=\/wp\/v2\/media\/104822"}],"wp:attachment":[{"href":"https:\/\/kibrisdakik.com\/index.php?rest_route=%2Fwp%2Fv2%2Fmedia&parent=104821"}],"wp:term":[{"taxonomy":"category","embeddable":true,"href":"https:\/\/kibrisdakik.com\/index.php?rest_route=%2Fwp%2Fv2%2Fcategories&post=104821"},{"taxonomy":"post_tag","embeddable":true,"href":"https:\/\/kibrisdakik.com\/index.php?rest_route=%2Fwp%2Fv2%2Ftags&post=104821"}],"curies":[{"name":"wp","href":"https:\/\/api.w.org\/{rel}","templated":true}]}}