{"id":10487,"date":"2023-07-16T12:31:19","date_gmt":"2023-07-16T12:31:19","guid":{"rendered":"https:\/\/kibrisdakik.com\/index.php\/2023\/07\/16\/kibrisli-turkler-yunanistanin-londra-buyukelciligi-onunde-gosteri-yapti\/"},"modified":"2023-07-16T12:31:19","modified_gmt":"2023-07-16T12:31:19","slug":"kibrisli-turkler-yunanistanin-londra-buyukelciligi-onunde-gosteri-yapti","status":"publish","type":"post","link":"https:\/\/kibrisdakik.com\/?p=10487","title":{"rendered":"K\u0131br\u0131sl\u0131 T\u00fcrkler, Yunanistan\u2019\u0131n Londra B\u00fcy\u00fckel\u00e7ili\u011fi \u00f6n\u00fcnde g\u00f6steri yapt\u0131"},"content":{"rendered":"<p><\/p>\n<div>\n<p style=\"font-weight: 300;\"><span style=\"font-weight: 300 !important;\"><\/p>\n<div class=\"mariselle-image-container none\">\n                <img width=\"637\" height=\"332\" class=\"lazy-image\" alt=\"\" decoding=\"async\" loading=\"lazy\" sizes=\"auto, (max-width: 637px) 100vw, 637px\" src=\"https:\/\/brtk.net\/wp-content\/uploads\/2023\/07\/16\/rum-yunan-cuntasina-londra-da-protesto-h77911-41c12.jpg?ver=37cda3bbaee212722cede59f113c8ba4\" srcset=\"https:\/\/brtk.net\/wp-content\/uploads\/2023\/07\/16\/rum-yunan-cuntasina-londra-da-protesto-h77911-41c12.jpg?ver=37cda3bbaee212722cede59f113c8ba4 637w, https:\/\/brtk.net\/wp-content\/uploads\/2023\/07\/16\/rum-yunan-cuntasina-londra-da-protesto-h77911-41c12-300x156.jpg?ver=466a8fd389b9c59b2a57392123b00986 300w\"\/>                            <\/div>\n<p><\/span><\/p>\n<p style=\"font-weight: 300;\"><span style=\"font-weight: 300 !important;\">\u0130ngiltere\u2019de ya\u015fayan K\u0131br\u0131sl\u0131 T\u00fcrkler, Yunan cuntas\u0131n\u0131n 15 Temmuz 1974\u2019te K\u0131br\u0131s\u2019a ger\u00e7ekle\u015ftirdi\u011fi darbenin 49\u2019uncu y\u0131l d\u00f6n\u00fcm\u00fcnde Kuzey K\u0131br\u0131s T\u00fcrk Cumhuriyeti\u2019nin (<a href=\"https:\/\/brtk.net\/\"\/><a href=\"https:\/\/brtk.net\/\">KKTC<\/a>) uluslararas\u0131 alanda izolasyonunu protesto etti.<\/span><\/p>\n<p style=\"font-weight: 300;\"><span style=\"font-weight: 300 !important;\">Merkezi Londra\u2019da bulunan \u201cAmbargolu\u201d (Embargoed) isimli sivil toplum \u00f6rg\u00fct\u00fc \u00f6nc\u00fcl\u00fc\u011f\u00fcnde bir grup K\u0131br\u0131sl\u0131 T\u00fcrk, Yunanistan\u2019\u0131n Londra B\u00fcy\u00fckel\u00e7ili\u011fi \u00f6n\u00fcnde g\u00f6steri d\u00fczenledi.<\/span><\/p>\n<p style=\"font-weight: 300;\"><span style=\"font-weight: 300 !important;\"><a href=\"https:\/\/brtk.net\/\"\/><a href=\"https:\/\/brtk.net\/\">KKTC<\/a> bayraklar\u0131 ta\u015f\u0131yan grup \u00fcyeleri, b\u00fcy\u00fckel\u00e7ili\u011fin bulundu\u011fu soka\u011fa renkli tebe\u015firlerle \u201cK\u0131br\u0131sl\u0131 T\u00fcrklerin haklar\u0131 \u00f6nemlidir\u201d yazd\u0131.<\/span><\/p>\n<p style=\"font-weight: 300;\"><span style=\"font-weight: 300 !important;\">K\u0131br\u0131s T\u00fcrk halk\u0131n\u0131n uluslararas\u0131 alanda tecridine son verilmesi amac\u0131yla \u0130ngiltere\u2019de \u00e7e\u015fitli kampanyalar y\u00fcr\u00fcten \u201cAmbargolu\u201d adl\u0131 grup, <a href=\"https:\/\/brtk.net\/\"\/><a href=\"https:\/\/brtk.net\/\">KKTC<\/a>\u2018nin ve K\u0131br\u0131s T\u00fcrk halk\u0131n\u0131n haklar\u0131n\u0131n uluslararas\u0131 alanda tan\u0131n\u0131rl\u0131\u011f\u0131na dikkat \u00e7ekiyor.<\/span><\/p>\n<p style=\"font-weight: 300;\"><span style=\"font-weight: 300 !important;\">\u2013 \u201cAmac\u0131m\u0131z, ger\u00e7ekleri d\u00fcnyaya anlatmak\u201d<\/span><\/p>\n<p style=\"font-weight: 300;\"><span style=\"font-weight: 300 !important;\">Protestoya kat\u0131lan \u0130ngiltere K\u0131br\u0131sl\u0131 T\u00fcrkler Derne\u011fi (BTCA) Ba\u015fkan\u0131 Kenan Yaman, AA muhabirine yapt\u0131\u011f\u0131 a\u00e7\u0131klamada, Yunan cuntas\u0131n\u0131n 49 y\u0131l \u00f6nce K\u0131br\u0131s\u2019a ger\u00e7ekle\u015ftirdi\u011fi darbeyi hat\u0131rlatmak amac\u0131yla Yunanistan\u2019\u0131n Londra B\u00fcy\u00fckel\u00e7ili\u011fi \u00f6n\u00fcnde g\u00f6steri d\u00fczenlediklerini s\u00f6yledi.<\/span><\/p>\n<p style=\"font-weight: 300;\"><span style=\"font-weight: 300 !important;\">Yaman, \u201cK\u0131br\u0131s\u2019ta ger\u00e7ek istilac\u0131 Yunanistan\u2019d\u0131r. Bunu da kendilerine, Yunan B\u00fcy\u00fckel\u00e7ili\u011fine hat\u0131rlatmaya geldik. Bizim amac\u0131m\u0131z, ger\u00e7ekleri hem d\u00fcnyaya hem kendi halk\u0131m\u0131za anlatmakt\u0131r.\u201d diye konu\u015ftu.<\/span><\/p>\n<p>TAK\/<a href=\"https:\/\/brtk.net\/\">BRT<\/a><\/p>\n<\/p><\/div>\n<p><script async\n                    defer\n                    crossorigin=\"anonymous\"\n                    src=\"https:\/\/connect.facebook.net\/tr_TR\/sdk.js#xfbml=1&#038;version=v3.3\"\n            ><\/script><\/p>\n","protected":false},"excerpt":{"rendered":"<p>\u0130ngiltere\u2019de ya\u015fayan K\u0131br\u0131sl\u0131 T\u00fcrkler, Yunan cuntas\u0131n\u0131n 15 Temmuz 1974\u2019te K\u0131br\u0131s\u2019a ger\u00e7ekle\u015ftirdi\u011fi darbenin 49\u2019uncu y\u0131l d\u00f6n\u00fcm\u00fcnde Kuzey K\u0131br\u0131s T\u00fcrk Cumhuriyeti\u2019nin (KKTC) uluslararas\u0131 alanda izolasyonunu protesto etti. Merkezi Londra\u2019da bulunan \u201cAmbargolu\u201d (Embargoed) isimli sivil toplum \u00f6rg\u00fct\u00fc \u00f6nc\u00fcl\u00fc\u011f\u00fcnde bir grup K\u0131br\u0131sl\u0131 T\u00fcrk, Yunanistan\u2019\u0131n Londra B\u00fcy\u00fckel\u00e7ili\u011fi \u00f6n\u00fcnde g\u00f6steri d\u00fczenledi. KKTC bayraklar\u0131 ta\u015f\u0131yan grup \u00fcyeleri, b\u00fcy\u00fckel\u00e7ili\u011fin bulundu\u011fu soka\u011fa renkli tebe\u015firlerle<\/p>\n","protected":false},"author":1,"featured_media":10488,"comment_status":"open","ping_status":"open","sticky":false,"template":"","format":"standard","meta":{"footnotes":""},"categories":[1],"tags":[],"class_list":["post-10487","post","type-post","status-publish","format-standard","has-post-thumbnail","hentry","category-gundem"],"yoast_head":"<!-- This site is optimized with the Yoast SEO plugin v27.5 - https:\/\/yoast.com\/product\/yoast-seo-wordpress\/ -->\n<title>K\u0131br\u0131sl\u0131 T\u00fcrkler, Yunanistan\u2019\u0131n Londra B\u00fcy\u00fckel\u00e7ili\u011fi \u00f6n\u00fcnde g\u00f6steri yapt\u0131 -<\/title>\n<meta name=\"robots\" content=\"index, follow, max-snippet:-1, max-image-preview:large, max-video-preview:-1\" \/>\n<link rel=\"canonical\" href=\"https:\/\/kibrisdakik.com\/?p=10487\" \/>\n<meta property=\"og:locale\" content=\"tr_TR\" \/>\n<meta property=\"og:type\" content=\"article\" \/>\n<meta property=\"og:title\" content=\"K\u0131br\u0131sl\u0131 T\u00fcrkler, Yunanistan\u2019\u0131n Londra B\u00fcy\u00fckel\u00e7ili\u011fi \u00f6n\u00fcnde g\u00f6steri yapt\u0131 -\" \/>\n<meta property=\"og:description\" content=\"\u0130ngiltere\u2019de ya\u015fayan K\u0131br\u0131sl\u0131 T\u00fcrkler, Yunan cuntas\u0131n\u0131n 15 Temmuz 1974\u2019te K\u0131br\u0131s\u2019a ger\u00e7ekle\u015ftirdi\u011fi darbenin 49\u2019uncu y\u0131l d\u00f6n\u00fcm\u00fcnde Kuzey K\u0131br\u0131s T\u00fcrk Cumhuriyeti\u2019nin (KKTC) uluslararas\u0131 alanda izolasyonunu protesto etti. Merkezi Londra\u2019da bulunan \u201cAmbargolu\u201d (Embargoed) isimli sivil toplum \u00f6rg\u00fct\u00fc \u00f6nc\u00fcl\u00fc\u011f\u00fcnde bir grup K\u0131br\u0131sl\u0131 T\u00fcrk, Yunanistan\u2019\u0131n Londra B\u00fcy\u00fckel\u00e7ili\u011fi \u00f6n\u00fcnde g\u00f6steri d\u00fczenledi. KKTC bayraklar\u0131 ta\u015f\u0131yan grup \u00fcyeleri, b\u00fcy\u00fckel\u00e7ili\u011fin bulundu\u011fu soka\u011fa renkli tebe\u015firlerle\" \/>\n<meta property=\"og:url\" content=\"https:\/\/kibrisdakik.com\/?p=10487\" \/>\n<meta property=\"article:published_time\" content=\"2023-07-16T12:31:19+00:00\" \/>\n<meta property=\"og:image\" content=\"https:\/\/kibrisdakik.com\/wp-content\/uploads\/2023\/07\/rum-yunan-cuntasina-londra-da-protesto-h77911-41c12.jpg\" \/>\n\t<meta property=\"og:image:width\" content=\"637\" \/>\n\t<meta property=\"og:image:height\" content=\"332\" \/>\n\t<meta property=\"og:image:type\" content=\"image\/jpeg\" \/>\n<meta name=\"author\" content=\"admin\" \/>\n<meta name=\"twitter:card\" content=\"summary_large_image\" \/>\n<meta name=\"twitter:label1\" content=\"Yazan:\" \/>\n\t<meta name=\"twitter:data1\" content=\"admin\" \/>\n\t<meta name=\"twitter:label2\" content=\"Tahmini okuma s\u00fcresi\" \/>\n\t<meta name=\"twitter:data2\" content=\"1 dakika\" \/>\n<script type=\"application\/ld+json\" class=\"yoast-schema-graph\">{\"@context\":\"https:\\\/\\\/schema.org\",\"@graph\":[{\"@type\":\"Article\",\"@id\":\"https:\\\/\\\/kibrisdakik.com\\\/?p=10487#article\",\"isPartOf\":{\"@id\":\"https:\\\/\\\/kibrisdakik.com\\\/?p=10487\"},\"author\":{\"name\":\"admin\",\"@id\":\"https:\\\/\\\/kibrisdakik.com\\\/#\\\/schema\\\/person\\\/9cd9d437bbb44f72b73ba127e06d8e79\"},\"headline\":\"K\u0131br\u0131sl\u0131 T\u00fcrkler, Yunanistan\u2019\u0131n Londra B\u00fcy\u00fckel\u00e7ili\u011fi \u00f6n\u00fcnde g\u00f6steri yapt\u0131\",\"datePublished\":\"2023-07-16T12:31:19+00:00\",\"mainEntityOfPage\":{\"@id\":\"https:\\\/\\\/kibrisdakik.com\\\/?p=10487\"},\"wordCount\":281,\"commentCount\":0,\"image\":{\"@id\":\"https:\\\/\\\/kibrisdakik.com\\\/?p=10487#primaryimage\"},\"thumbnailUrl\":\"https:\\\/\\\/kibrisdakik.com\\\/wp-content\\\/uploads\\\/2023\\\/07\\\/rum-yunan-cuntasina-londra-da-protesto-h77911-41c12.jpg\",\"articleSection\":[\"G\u00fcndem\"],\"inLanguage\":\"tr\",\"potentialAction\":[{\"@type\":\"CommentAction\",\"name\":\"Comment\",\"target\":[\"https:\\\/\\\/kibrisdakik.com\\\/?p=10487#respond\"]}]},{\"@type\":\"WebPage\",\"@id\":\"https:\\\/\\\/kibrisdakik.com\\\/?p=10487\",\"url\":\"https:\\\/\\\/kibrisdakik.com\\\/?p=10487\",\"name\":\"K\u0131br\u0131sl\u0131 T\u00fcrkler, Yunanistan\u2019\u0131n Londra B\u00fcy\u00fckel\u00e7ili\u011fi \u00f6n\u00fcnde g\u00f6steri yapt\u0131 -\",\"isPartOf\":{\"@id\":\"https:\\\/\\\/kibrisdakik.com\\\/#website\"},\"primaryImageOfPage\":{\"@id\":\"https:\\\/\\\/kibrisdakik.com\\\/?p=10487#primaryimage\"},\"image\":{\"@id\":\"https:\\\/\\\/kibrisdakik.com\\\/?p=10487#primaryimage\"},\"thumbnailUrl\":\"https:\\\/\\\/kibrisdakik.com\\\/wp-content\\\/uploads\\\/2023\\\/07\\\/rum-yunan-cuntasina-londra-da-protesto-h77911-41c12.jpg\",\"datePublished\":\"2023-07-16T12:31:19+00:00\",\"author\":{\"@id\":\"https:\\\/\\\/kibrisdakik.com\\\/#\\\/schema\\\/person\\\/9cd9d437bbb44f72b73ba127e06d8e79\"},\"breadcrumb\":{\"@id\":\"https:\\\/\\\/kibrisdakik.com\\\/?p=10487#breadcrumb\"},\"inLanguage\":\"tr\",\"potentialAction\":[{\"@type\":\"ReadAction\",\"target\":[\"https:\\\/\\\/kibrisdakik.com\\\/?p=10487\"]}]},{\"@type\":\"ImageObject\",\"inLanguage\":\"tr\",\"@id\":\"https:\\\/\\\/kibrisdakik.com\\\/?p=10487#primaryimage\",\"url\":\"https:\\\/\\\/kibrisdakik.com\\\/wp-content\\\/uploads\\\/2023\\\/07\\\/rum-yunan-cuntasina-londra-da-protesto-h77911-41c12.jpg\",\"contentUrl\":\"https:\\\/\\\/kibrisdakik.com\\\/wp-content\\\/uploads\\\/2023\\\/07\\\/rum-yunan-cuntasina-londra-da-protesto-h77911-41c12.jpg\",\"width\":637,\"height\":332},{\"@type\":\"BreadcrumbList\",\"@id\":\"https:\\\/\\\/kibrisdakik.com\\\/?p=10487#breadcrumb\",\"itemListElement\":[{\"@type\":\"ListItem\",\"position\":1,\"name\":\"Home\",\"item\":\"https:\\\/\\\/kibrisdakik.com\\\/\"},{\"@type\":\"ListItem\",\"position\":2,\"name\":\"K\u0131br\u0131sl\u0131 T\u00fcrkler, Yunanistan\u2019\u0131n Londra B\u00fcy\u00fckel\u00e7ili\u011fi \u00f6n\u00fcnde g\u00f6steri yapt\u0131\"}]},{\"@type\":\"WebSite\",\"@id\":\"https:\\\/\\\/kibrisdakik.com\\\/#website\",\"url\":\"https:\\\/\\\/kibrisdakik.com\\\/\",\"name\":\"\",\"description\":\"Tam vaktinde haber\",\"potentialAction\":[{\"@type\":\"SearchAction\",\"target\":{\"@type\":\"EntryPoint\",\"urlTemplate\":\"https:\\\/\\\/kibrisdakik.com\\\/?s={search_term_string}\"},\"query-input\":{\"@type\":\"PropertyValueSpecification\",\"valueRequired\":true,\"valueName\":\"search_term_string\"}}],\"inLanguage\":\"tr\"},{\"@type\":\"Person\",\"@id\":\"https:\\\/\\\/kibrisdakik.com\\\/#\\\/schema\\\/person\\\/9cd9d437bbb44f72b73ba127e06d8e79\",\"name\":\"admin\",\"image\":{\"@type\":\"ImageObject\",\"inLanguage\":\"tr\",\"@id\":\"https:\\\/\\\/secure.gravatar.com\\\/avatar\\\/ccc17943b9d660506c869530f897617f7cb1c21a4bf30023f252596d83e1f007?s=96&d=mm&r=g\",\"url\":\"https:\\\/\\\/secure.gravatar.com\\\/avatar\\\/ccc17943b9d660506c869530f897617f7cb1c21a4bf30023f252596d83e1f007?s=96&d=mm&r=g\",\"contentUrl\":\"https:\\\/\\\/secure.gravatar.com\\\/avatar\\\/ccc17943b9d660506c869530f897617f7cb1c21a4bf30023f252596d83e1f007?s=96&d=mm&r=g\",\"caption\":\"admin\"},\"sameAs\":[\"https:\\\/\\\/kibrisdakik.com\"],\"url\":\"https:\\\/\\\/kibrisdakik.com\\\/?author=1\"}]}<\/script>\n<!-- \/ Yoast SEO plugin. -->","yoast_head_json":{"title":"K\u0131br\u0131sl\u0131 T\u00fcrkler, Yunanistan\u2019\u0131n Londra B\u00fcy\u00fckel\u00e7ili\u011fi \u00f6n\u00fcnde g\u00f6steri yapt\u0131 -","robots":{"index":"index","follow":"follow","max-snippet":"max-snippet:-1","max-image-preview":"max-image-preview:large","max-video-preview":"max-video-preview:-1"},"canonical":"https:\/\/kibrisdakik.com\/?p=10487","og_locale":"tr_TR","og_type":"article","og_title":"K\u0131br\u0131sl\u0131 T\u00fcrkler, Yunanistan\u2019\u0131n Londra B\u00fcy\u00fckel\u00e7ili\u011fi \u00f6n\u00fcnde g\u00f6steri yapt\u0131 -","og_description":"\u0130ngiltere\u2019de ya\u015fayan K\u0131br\u0131sl\u0131 T\u00fcrkler, Yunan cuntas\u0131n\u0131n 15 Temmuz 1974\u2019te K\u0131br\u0131s\u2019a ger\u00e7ekle\u015ftirdi\u011fi darbenin 49\u2019uncu y\u0131l d\u00f6n\u00fcm\u00fcnde Kuzey K\u0131br\u0131s T\u00fcrk Cumhuriyeti\u2019nin (KKTC) uluslararas\u0131 alanda izolasyonunu protesto etti. Merkezi Londra\u2019da bulunan \u201cAmbargolu\u201d (Embargoed) isimli sivil toplum \u00f6rg\u00fct\u00fc \u00f6nc\u00fcl\u00fc\u011f\u00fcnde bir grup K\u0131br\u0131sl\u0131 T\u00fcrk, Yunanistan\u2019\u0131n Londra B\u00fcy\u00fckel\u00e7ili\u011fi \u00f6n\u00fcnde g\u00f6steri d\u00fczenledi. KKTC bayraklar\u0131 ta\u015f\u0131yan grup \u00fcyeleri, b\u00fcy\u00fckel\u00e7ili\u011fin bulundu\u011fu soka\u011fa renkli tebe\u015firlerle","og_url":"https:\/\/kibrisdakik.com\/?p=10487","article_published_time":"2023-07-16T12:31:19+00:00","og_image":[{"width":637,"height":332,"url":"https:\/\/kibrisdakik.com\/wp-content\/uploads\/2023\/07\/rum-yunan-cuntasina-londra-da-protesto-h77911-41c12.jpg","type":"image\/jpeg"}],"author":"admin","twitter_card":"summary_large_image","twitter_misc":{"Yazan:":"admin","Tahmini okuma s\u00fcresi":"1 dakika"},"schema":{"@context":"https:\/\/schema.org","@graph":[{"@type":"Article","@id":"https:\/\/kibrisdakik.com\/?p=10487#article","isPartOf":{"@id":"https:\/\/kibrisdakik.com\/?p=10487"},"author":{"name":"admin","@id":"https:\/\/kibrisdakik.com\/#\/schema\/person\/9cd9d437bbb44f72b73ba127e06d8e79"},"headline":"K\u0131br\u0131sl\u0131 T\u00fcrkler, Yunanistan\u2019\u0131n Londra B\u00fcy\u00fckel\u00e7ili\u011fi \u00f6n\u00fcnde g\u00f6steri yapt\u0131","datePublished":"2023-07-16T12:31:19+00:00","mainEntityOfPage":{"@id":"https:\/\/kibrisdakik.com\/?p=10487"},"wordCount":281,"commentCount":0,"image":{"@id":"https:\/\/kibrisdakik.com\/?p=10487#primaryimage"},"thumbnailUrl":"https:\/\/kibrisdakik.com\/wp-content\/uploads\/2023\/07\/rum-yunan-cuntasina-londra-da-protesto-h77911-41c12.jpg","articleSection":["G\u00fcndem"],"inLanguage":"tr","potentialAction":[{"@type":"CommentAction","name":"Comment","target":["https:\/\/kibrisdakik.com\/?p=10487#respond"]}]},{"@type":"WebPage","@id":"https:\/\/kibrisdakik.com\/?p=10487","url":"https:\/\/kibrisdakik.com\/?p=10487","name":"K\u0131br\u0131sl\u0131 T\u00fcrkler, Yunanistan\u2019\u0131n Londra B\u00fcy\u00fckel\u00e7ili\u011fi \u00f6n\u00fcnde g\u00f6steri yapt\u0131 -","isPartOf":{"@id":"https:\/\/kibrisdakik.com\/#website"},"primaryImageOfPage":{"@id":"https:\/\/kibrisdakik.com\/?p=10487#primaryimage"},"image":{"@id":"https:\/\/kibrisdakik.com\/?p=10487#primaryimage"},"thumbnailUrl":"https:\/\/kibrisdakik.com\/wp-content\/uploads\/2023\/07\/rum-yunan-cuntasina-londra-da-protesto-h77911-41c12.jpg","datePublished":"2023-07-16T12:31:19+00:00","author":{"@id":"https:\/\/kibrisdakik.com\/#\/schema\/person\/9cd9d437bbb44f72b73ba127e06d8e79"},"breadcrumb":{"@id":"https:\/\/kibrisdakik.com\/?p=10487#breadcrumb"},"inLanguage":"tr","potentialAction":[{"@type":"ReadAction","target":["https:\/\/kibrisdakik.com\/?p=10487"]}]},{"@type":"ImageObject","inLanguage":"tr","@id":"https:\/\/kibrisdakik.com\/?p=10487#primaryimage","url":"https:\/\/kibrisdakik.com\/wp-content\/uploads\/2023\/07\/rum-yunan-cuntasina-londra-da-protesto-h77911-41c12.jpg","contentUrl":"https:\/\/kibrisdakik.com\/wp-content\/uploads\/2023\/07\/rum-yunan-cuntasina-londra-da-protesto-h77911-41c12.jpg","width":637,"height":332},{"@type":"BreadcrumbList","@id":"https:\/\/kibrisdakik.com\/?p=10487#breadcrumb","itemListElement":[{"@type":"ListItem","position":1,"name":"Home","item":"https:\/\/kibrisdakik.com\/"},{"@type":"ListItem","position":2,"name":"K\u0131br\u0131sl\u0131 T\u00fcrkler, Yunanistan\u2019\u0131n Londra B\u00fcy\u00fckel\u00e7ili\u011fi \u00f6n\u00fcnde g\u00f6steri yapt\u0131"}]},{"@type":"WebSite","@id":"https:\/\/kibrisdakik.com\/#website","url":"https:\/\/kibrisdakik.com\/","name":"","description":"Tam vaktinde haber","potentialAction":[{"@type":"SearchAction","target":{"@type":"EntryPoint","urlTemplate":"https:\/\/kibrisdakik.com\/?s={search_term_string}"},"query-input":{"@type":"PropertyValueSpecification","valueRequired":true,"valueName":"search_term_string"}}],"inLanguage":"tr"},{"@type":"Person","@id":"https:\/\/kibrisdakik.com\/#\/schema\/person\/9cd9d437bbb44f72b73ba127e06d8e79","name":"admin","image":{"@type":"ImageObject","inLanguage":"tr","@id":"https:\/\/secure.gravatar.com\/avatar\/ccc17943b9d660506c869530f897617f7cb1c21a4bf30023f252596d83e1f007?s=96&d=mm&r=g","url":"https:\/\/secure.gravatar.com\/avatar\/ccc17943b9d660506c869530f897617f7cb1c21a4bf30023f252596d83e1f007?s=96&d=mm&r=g","contentUrl":"https:\/\/secure.gravatar.com\/avatar\/ccc17943b9d660506c869530f897617f7cb1c21a4bf30023f252596d83e1f007?s=96&d=mm&r=g","caption":"admin"},"sameAs":["https:\/\/kibrisdakik.com"],"url":"https:\/\/kibrisdakik.com\/?author=1"}]}},"_links":{"self":[{"href":"https:\/\/kibrisdakik.com\/index.php?rest_route=\/wp\/v2\/posts\/10487","targetHints":{"allow":["GET"]}}],"collection":[{"href":"https:\/\/kibrisdakik.com\/index.php?rest_route=\/wp\/v2\/posts"}],"about":[{"href":"https:\/\/kibrisdakik.com\/index.php?rest_route=\/wp\/v2\/types\/post"}],"author":[{"embeddable":true,"href":"https:\/\/kibrisdakik.com\/index.php?rest_route=\/wp\/v2\/users\/1"}],"replies":[{"embeddable":true,"href":"https:\/\/kibrisdakik.com\/index.php?rest_route=%2Fwp%2Fv2%2Fcomments&post=10487"}],"version-history":[{"count":0,"href":"https:\/\/kibrisdakik.com\/index.php?rest_route=\/wp\/v2\/posts\/10487\/revisions"}],"wp:featuredmedia":[{"embeddable":true,"href":"https:\/\/kibrisdakik.com\/index.php?rest_route=\/wp\/v2\/media\/10488"}],"wp:attachment":[{"href":"https:\/\/kibrisdakik.com\/index.php?rest_route=%2Fwp%2Fv2%2Fmedia&parent=10487"}],"wp:term":[{"taxonomy":"category","embeddable":true,"href":"https:\/\/kibrisdakik.com\/index.php?rest_route=%2Fwp%2Fv2%2Fcategories&post=10487"},{"taxonomy":"post_tag","embeddable":true,"href":"https:\/\/kibrisdakik.com\/index.php?rest_route=%2Fwp%2Fv2%2Ftags&post=10487"}],"curies":[{"name":"wp","href":"https:\/\/api.w.org\/{rel}","templated":true}]}}