{"id":104938,"date":"2026-01-27T12:27:02","date_gmt":"2026-01-27T10:27:02","guid":{"rendered":"https:\/\/kibrisdakik.com\/index.php\/2026\/01\/27\/tam-parti-yargi-bagimsizligi-guclendirilmeli\/"},"modified":"2026-01-27T12:27:02","modified_gmt":"2026-01-27T10:27:02","slug":"tam-parti-yargi-bagimsizligi-guclendirilmeli","status":"publish","type":"post","link":"https:\/\/kibrisdakik.com\/?p=104938","title":{"rendered":"TAM PART\u0130: YARGI BA\u011eIMSIZLI\u011eI G\u00dc\u00c7LEND\u0130R\u0130LMEL\u0130"},"content":{"rendered":"<p><\/p>\n<p>Toplumsal Adalet ve M\u00fccadele Partisi (TAM Parti) milletvekilli\u011finin bireyi yarg\u0131 denetiminden muaf k\u0131lan bir stat\u00fc olmad\u0131\u011f\u0131n\u0131, yasama dokunulmazl\u0131\u011f\u0131n\u0131n ki\u015fisel bir ayr\u0131cal\u0131k ya da bireysel bir hak de\u011fil; Meclis iradesinin bask\u0131dan uzak ve demokratik temsilin s\u00fcreklili\u011fini sa\u011flamak amac\u0131yla \u00f6ng\u00f6r\u00fclm\u00fc\u015f anayasal bir koruma oldu\u011funu kaydetti.<\/p>\n<p>TAM Parti Hukuk Komitesi taraf\u0131ndan yap\u0131lan yaz\u0131l\u0131 a\u00e7\u0131klamada, yasama dokunulmazl\u0131\u011f\u0131n\u0131n amac\u0131 d\u0131\u015f\u0131nda geni\u015fletilmesinin hukuk devleti ve e\u015fitlik ilkeleriyle ba\u011fda\u015fmad\u0131\u011f\u0131 belirtilerek, milletvekillerinin yarg\u0131 denetimi d\u0131\u015f\u0131nda b\u0131rak\u0131lmas\u0131n\u0131n da hukuk devleti ilkesiyle \u00e7eli\u015fti\u011fi savunuldu.<\/p>\n<p>A\u00e7\u0131klamada, partinin hukukun \u00fcst\u00fcnl\u00fc\u011f\u00fcn\u00fc esas alan bir anlay\u0131\u015fla, hem milletvekili dokunulmazl\u0131\u011f\u0131n\u0131n k\u00fcrs\u00fc dokunulmazl\u0131\u011f\u0131 ile s\u0131n\u0131rland\u0131r\u0131lmas\u0131n\u0131 hem de yarg\u0131n\u0131n tam ba\u011f\u0131ms\u0131zl\u0131\u011f\u0131n\u0131n anayasal g\u00fcvencelerle g\u00fc\u00e7lendirilmesini temel siyasal ama\u00e7 olarak benimsedi\u011fi ifade edildi.<\/p>\n<p>\u201cHukuk devletinin vazge\u00e7ilmez unsurlar\u0131ndan biri de yarg\u0131n\u0131n ba\u011f\u0131ms\u0131zl\u0131\u011f\u0131 ve tarafs\u0131zl\u0131\u011f\u0131d\u0131r. Kuzey K\u0131br\u0131s T\u00fcrk Cumhuriyeti Anayasas\u0131 uyar\u0131nca yarg\u0131, g\u00f6revini hi\u00e7bir organ, makam veya ki\u015fi taraf\u0131ndan verilen talimatlara ba\u011fl\u0131 olmaks\u0131z\u0131n yerine getirir.\u201d ifadelerine yer verilen a\u00e7\u0131klamada, yarg\u0131ya talimat verildi\u011finin ifade edilmesi ya da bu y\u00f6nde bir alg\u0131 yarat\u0131lmas\u0131n\u0131n, kuvvetler ayr\u0131l\u0131\u011f\u0131 ilkesini zedeleyece\u011fi kaydedildi.<\/p>\n<div id=\"ad_121\" data-channel=\"121\" data-advert=\"temedya\" data-rotation=\"120\" class=\"mb-3 text-center\"><\/div>\n<div id=\"ad_121_mobile\" data-channel=\"121\" data-advert=\"temedya\" data-rotation=\"120\" class=\"mb-3 text-center\"><\/div>\n<p>Yasama dokunulmazl\u0131\u011f\u0131n\u0131n s\u0131n\u0131rland\u0131r\u0131lmas\u0131n\u0131n yan\u0131 s\u0131ra, yarg\u0131n\u0131n siyasal etkilerden ar\u0131nd\u0131r\u0131lm\u0131\u015f, ba\u011f\u0131ms\u0131z ve tarafs\u0131z yap\u0131s\u0131n\u0131n anayasal g\u00fcvencelerle g\u00fc\u00e7lendirilmesinin partinin temel hedefleri aras\u0131nda yer ald\u0131\u011f\u0131 belirtilen komite a\u00e7\u0131klamas\u0131nda, yarg\u0131 ba\u011f\u0131ms\u0131zl\u0131\u011f\u0131n\u0131 peki\u015ftirecek anayasal d\u00fczenlemelerin hayata ge\u00e7irilmesi ve gerekirse referanduma gidilmesi i\u00e7in giri\u015fimlerde bulunulmas\u0131n\u0131n parti program\u0131nda yer ald\u0131\u011f\u0131 ifade edildi.<\/p>\n<p>A\u00e7\u0131klamada, milletvekili dokunulmazl\u0131\u011f\u0131n\u0131n yaln\u0131zca k\u00fcrs\u00fc dokunulmazl\u0131\u011f\u0131 ile s\u0131n\u0131rland\u0131r\u0131lmas\u0131n\u0131n hukuk devleti ilkesinin do\u011fal bir sonucu oldu\u011fu belirtilerek, milletvekillerinin Meclis k\u00fcrs\u00fcs\u00fcndeki oy ve s\u00f6zlerinin korunaca\u011f\u0131, bunun d\u0131\u015f\u0131ndaki fiiller bak\u0131m\u0131ndan ise yarg\u0131dan ba\u011f\u0131\u015f\u0131kl\u0131\u011f\u0131n s\u00f6z konusu olmamas\u0131 gerekti\u011fi kaydedildi.<\/p>\n<p>\u201cYasama dokunulmazl\u0131\u011f\u0131n\u0131n ya da siyasal makamlar\u0131n, yarg\u0131sal hesap verebilirli\u011fi fiilen imk\u00e2ns\u0131z k\u0131lan ara\u00e7lara d\u00f6n\u00fc\u015ft\u00fcr\u00fclmesi, anayasan\u0131n lafz\u0131na oldu\u011fu kadar ruhuna da ayk\u0131r\u0131d\u0131r.\u201d denilen a\u00e7\u0131klamada, hukuk devletinde siyasal sorumluluk ile cezai sorumlulu\u011fun birbirinden ayr\u0131 oldu\u011fu, ancak hi\u00e7birinin di\u011ferini ortadan kald\u0131rmad\u0131\u011f\u0131 savunuldu.<\/p>\n<p>A\u00e7\u0131klaman\u0131n sonunda, milletvekilli\u011finin yarg\u0131ya kar\u015f\u0131 bir z\u0131rh olmad\u0131\u011f\u0131 ve yasama dokunulmazl\u0131\u011f\u0131n\u0131n mutlak bir anayasal hak olarak g\u00f6r\u00fclemeyece\u011fi y\u00f6n\u00fcnde g\u00f6r\u00fc\u015f belirtildi.<\/p>\n<\/p>\n<div class=\"article-source py-3 small \">\n                <\/div>\n","protected":false},"excerpt":{"rendered":"<p>Toplumsal Adalet ve M\u00fccadele Partisi (TAM Parti) milletvekilli\u011finin bireyi yarg\u0131 denetiminden muaf k\u0131lan bir stat\u00fc olmad\u0131\u011f\u0131n\u0131, yasama dokunulmazl\u0131\u011f\u0131n\u0131n ki\u015fisel bir ayr\u0131cal\u0131k ya da bireysel bir hak de\u011fil; Meclis iradesinin bask\u0131dan uzak ve demokratik temsilin s\u00fcreklili\u011fini sa\u011flamak amac\u0131yla \u00f6ng\u00f6r\u00fclm\u00fc\u015f anayasal bir koruma oldu\u011funu kaydetti. TAM Parti Hukuk Komitesi taraf\u0131ndan yap\u0131lan yaz\u0131l\u0131 a\u00e7\u0131klamada, yasama dokunulmazl\u0131\u011f\u0131n\u0131n amac\u0131 d\u0131\u015f\u0131nda<\/p>\n","protected":false},"author":1,"featured_media":104939,"comment_status":"open","ping_status":"open","sticky":false,"template":"","format":"standard","meta":{"footnotes":""},"categories":[81],"tags":[],"class_list":["post-104938","post","type-post","status-publish","format-standard","has-post-thumbnail","hentry","category-kibris"],"yoast_head":"<!-- This site is optimized with the Yoast SEO plugin v27.4 - https:\/\/yoast.com\/product\/yoast-seo-wordpress\/ -->\n<title>TAM PART\u0130: YARGI BA\u011eIMSIZLI\u011eI G\u00dc\u00c7LEND\u0130R\u0130LMEL\u0130 -<\/title>\n<meta name=\"robots\" content=\"index, follow, max-snippet:-1, max-image-preview:large, max-video-preview:-1\" \/>\n<link rel=\"canonical\" href=\"https:\/\/kibrisdakik.com\/?p=104938\" \/>\n<meta property=\"og:locale\" content=\"tr_TR\" \/>\n<meta property=\"og:type\" content=\"article\" \/>\n<meta property=\"og:title\" content=\"TAM PART\u0130: YARGI BA\u011eIMSIZLI\u011eI G\u00dc\u00c7LEND\u0130R\u0130LMEL\u0130 -\" \/>\n<meta property=\"og:description\" content=\"Toplumsal Adalet ve M\u00fccadele Partisi (TAM Parti) milletvekilli\u011finin bireyi yarg\u0131 denetiminden muaf k\u0131lan bir stat\u00fc olmad\u0131\u011f\u0131n\u0131, yasama dokunulmazl\u0131\u011f\u0131n\u0131n ki\u015fisel bir ayr\u0131cal\u0131k ya da bireysel bir hak de\u011fil; Meclis iradesinin bask\u0131dan uzak ve demokratik temsilin s\u00fcreklili\u011fini sa\u011flamak amac\u0131yla \u00f6ng\u00f6r\u00fclm\u00fc\u015f anayasal bir koruma oldu\u011funu kaydetti. TAM Parti Hukuk Komitesi taraf\u0131ndan yap\u0131lan yaz\u0131l\u0131 a\u00e7\u0131klamada, yasama dokunulmazl\u0131\u011f\u0131n\u0131n amac\u0131 d\u0131\u015f\u0131nda\" \/>\n<meta property=\"og:url\" content=\"https:\/\/kibrisdakik.com\/?p=104938\" \/>\n<meta property=\"article:published_time\" content=\"2026-01-27T10:27:02+00:00\" \/>\n<meta property=\"og:image\" content=\"https:\/\/kibrisdakik.com\/wp-content\/uploads\/2026\/01\/mha-sari-beyaz-2684.png\" \/>\n\t<meta property=\"og:image:width\" content=\"1280\" \/>\n\t<meta property=\"og:image:height\" content=\"720\" \/>\n\t<meta property=\"og:image:type\" content=\"image\/png\" \/>\n<meta name=\"author\" content=\"admin\" \/>\n<meta name=\"twitter:card\" content=\"summary_large_image\" \/>\n<meta name=\"twitter:label1\" content=\"Yazan:\" \/>\n\t<meta name=\"twitter:data1\" content=\"admin\" \/>\n\t<meta name=\"twitter:label2\" content=\"Tahmini okuma s\u00fcresi\" \/>\n\t<meta name=\"twitter:data2\" content=\"2 dakika\" \/>\n<script type=\"application\/ld+json\" class=\"yoast-schema-graph\">{\"@context\":\"https:\\\/\\\/schema.org\",\"@graph\":[{\"@type\":\"Article\",\"@id\":\"https:\\\/\\\/kibrisdakik.com\\\/?p=104938#article\",\"isPartOf\":{\"@id\":\"https:\\\/\\\/kibrisdakik.com\\\/?p=104938\"},\"author\":{\"name\":\"admin\",\"@id\":\"https:\\\/\\\/kibrisdakik.com\\\/#\\\/schema\\\/person\\\/9cd9d437bbb44f72b73ba127e06d8e79\"},\"headline\":\"TAM PART\u0130: YARGI BA\u011eIMSIZLI\u011eI G\u00dc\u00c7LEND\u0130R\u0130LMEL\u0130\",\"datePublished\":\"2026-01-27T10:27:02+00:00\",\"mainEntityOfPage\":{\"@id\":\"https:\\\/\\\/kibrisdakik.com\\\/?p=104938\"},\"wordCount\":489,\"commentCount\":0,\"image\":{\"@id\":\"https:\\\/\\\/kibrisdakik.com\\\/?p=104938#primaryimage\"},\"thumbnailUrl\":\"https:\\\/\\\/kibrisdakik.com\\\/wp-content\\\/uploads\\\/2026\\\/01\\\/mha-sari-beyaz-2684.png\",\"articleSection\":[\"K\u0131br\u0131s\"],\"inLanguage\":\"tr\",\"potentialAction\":[{\"@type\":\"CommentAction\",\"name\":\"Comment\",\"target\":[\"https:\\\/\\\/kibrisdakik.com\\\/?p=104938#respond\"]}]},{\"@type\":\"WebPage\",\"@id\":\"https:\\\/\\\/kibrisdakik.com\\\/?p=104938\",\"url\":\"https:\\\/\\\/kibrisdakik.com\\\/?p=104938\",\"name\":\"TAM PART\u0130: YARGI BA\u011eIMSIZLI\u011eI G\u00dc\u00c7LEND\u0130R\u0130LMEL\u0130 -\",\"isPartOf\":{\"@id\":\"https:\\\/\\\/kibrisdakik.com\\\/#website\"},\"primaryImageOfPage\":{\"@id\":\"https:\\\/\\\/kibrisdakik.com\\\/?p=104938#primaryimage\"},\"image\":{\"@id\":\"https:\\\/\\\/kibrisdakik.com\\\/?p=104938#primaryimage\"},\"thumbnailUrl\":\"https:\\\/\\\/kibrisdakik.com\\\/wp-content\\\/uploads\\\/2026\\\/01\\\/mha-sari-beyaz-2684.png\",\"datePublished\":\"2026-01-27T10:27:02+00:00\",\"author\":{\"@id\":\"https:\\\/\\\/kibrisdakik.com\\\/#\\\/schema\\\/person\\\/9cd9d437bbb44f72b73ba127e06d8e79\"},\"breadcrumb\":{\"@id\":\"https:\\\/\\\/kibrisdakik.com\\\/?p=104938#breadcrumb\"},\"inLanguage\":\"tr\",\"potentialAction\":[{\"@type\":\"ReadAction\",\"target\":[\"https:\\\/\\\/kibrisdakik.com\\\/?p=104938\"]}]},{\"@type\":\"ImageObject\",\"inLanguage\":\"tr\",\"@id\":\"https:\\\/\\\/kibrisdakik.com\\\/?p=104938#primaryimage\",\"url\":\"https:\\\/\\\/kibrisdakik.com\\\/wp-content\\\/uploads\\\/2026\\\/01\\\/mha-sari-beyaz-2684.png\",\"contentUrl\":\"https:\\\/\\\/kibrisdakik.com\\\/wp-content\\\/uploads\\\/2026\\\/01\\\/mha-sari-beyaz-2684.png\",\"width\":1280,\"height\":720},{\"@type\":\"BreadcrumbList\",\"@id\":\"https:\\\/\\\/kibrisdakik.com\\\/?p=104938#breadcrumb\",\"itemListElement\":[{\"@type\":\"ListItem\",\"position\":1,\"name\":\"Home\",\"item\":\"https:\\\/\\\/kibrisdakik.com\\\/\"},{\"@type\":\"ListItem\",\"position\":2,\"name\":\"TAM PART\u0130: YARGI BA\u011eIMSIZLI\u011eI G\u00dc\u00c7LEND\u0130R\u0130LMEL\u0130\"}]},{\"@type\":\"WebSite\",\"@id\":\"https:\\\/\\\/kibrisdakik.com\\\/#website\",\"url\":\"https:\\\/\\\/kibrisdakik.com\\\/\",\"name\":\"\",\"description\":\"Tam vaktinde haber\",\"potentialAction\":[{\"@type\":\"SearchAction\",\"target\":{\"@type\":\"EntryPoint\",\"urlTemplate\":\"https:\\\/\\\/kibrisdakik.com\\\/?s={search_term_string}\"},\"query-input\":{\"@type\":\"PropertyValueSpecification\",\"valueRequired\":true,\"valueName\":\"search_term_string\"}}],\"inLanguage\":\"tr\"},{\"@type\":\"Person\",\"@id\":\"https:\\\/\\\/kibrisdakik.com\\\/#\\\/schema\\\/person\\\/9cd9d437bbb44f72b73ba127e06d8e79\",\"name\":\"admin\",\"image\":{\"@type\":\"ImageObject\",\"inLanguage\":\"tr\",\"@id\":\"https:\\\/\\\/secure.gravatar.com\\\/avatar\\\/ccc17943b9d660506c869530f897617f7cb1c21a4bf30023f252596d83e1f007?s=96&d=mm&r=g\",\"url\":\"https:\\\/\\\/secure.gravatar.com\\\/avatar\\\/ccc17943b9d660506c869530f897617f7cb1c21a4bf30023f252596d83e1f007?s=96&d=mm&r=g\",\"contentUrl\":\"https:\\\/\\\/secure.gravatar.com\\\/avatar\\\/ccc17943b9d660506c869530f897617f7cb1c21a4bf30023f252596d83e1f007?s=96&d=mm&r=g\",\"caption\":\"admin\"},\"sameAs\":[\"https:\\\/\\\/kibrisdakik.com\"],\"url\":\"https:\\\/\\\/kibrisdakik.com\\\/?author=1\"}]}<\/script>\n<!-- \/ Yoast SEO plugin. -->","yoast_head_json":{"title":"TAM PART\u0130: YARGI BA\u011eIMSIZLI\u011eI G\u00dc\u00c7LEND\u0130R\u0130LMEL\u0130 -","robots":{"index":"index","follow":"follow","max-snippet":"max-snippet:-1","max-image-preview":"max-image-preview:large","max-video-preview":"max-video-preview:-1"},"canonical":"https:\/\/kibrisdakik.com\/?p=104938","og_locale":"tr_TR","og_type":"article","og_title":"TAM PART\u0130: YARGI BA\u011eIMSIZLI\u011eI G\u00dc\u00c7LEND\u0130R\u0130LMEL\u0130 -","og_description":"Toplumsal Adalet ve M\u00fccadele Partisi (TAM Parti) milletvekilli\u011finin bireyi yarg\u0131 denetiminden muaf k\u0131lan bir stat\u00fc olmad\u0131\u011f\u0131n\u0131, yasama dokunulmazl\u0131\u011f\u0131n\u0131n ki\u015fisel bir ayr\u0131cal\u0131k ya da bireysel bir hak de\u011fil; Meclis iradesinin bask\u0131dan uzak ve demokratik temsilin s\u00fcreklili\u011fini sa\u011flamak amac\u0131yla \u00f6ng\u00f6r\u00fclm\u00fc\u015f anayasal bir koruma oldu\u011funu kaydetti. TAM Parti Hukuk Komitesi taraf\u0131ndan yap\u0131lan yaz\u0131l\u0131 a\u00e7\u0131klamada, yasama dokunulmazl\u0131\u011f\u0131n\u0131n amac\u0131 d\u0131\u015f\u0131nda","og_url":"https:\/\/kibrisdakik.com\/?p=104938","article_published_time":"2026-01-27T10:27:02+00:00","og_image":[{"width":1280,"height":720,"url":"https:\/\/kibrisdakik.com\/wp-content\/uploads\/2026\/01\/mha-sari-beyaz-2684.png","type":"image\/png"}],"author":"admin","twitter_card":"summary_large_image","twitter_misc":{"Yazan:":"admin","Tahmini okuma s\u00fcresi":"2 dakika"},"schema":{"@context":"https:\/\/schema.org","@graph":[{"@type":"Article","@id":"https:\/\/kibrisdakik.com\/?p=104938#article","isPartOf":{"@id":"https:\/\/kibrisdakik.com\/?p=104938"},"author":{"name":"admin","@id":"https:\/\/kibrisdakik.com\/#\/schema\/person\/9cd9d437bbb44f72b73ba127e06d8e79"},"headline":"TAM PART\u0130: YARGI BA\u011eIMSIZLI\u011eI G\u00dc\u00c7LEND\u0130R\u0130LMEL\u0130","datePublished":"2026-01-27T10:27:02+00:00","mainEntityOfPage":{"@id":"https:\/\/kibrisdakik.com\/?p=104938"},"wordCount":489,"commentCount":0,"image":{"@id":"https:\/\/kibrisdakik.com\/?p=104938#primaryimage"},"thumbnailUrl":"https:\/\/kibrisdakik.com\/wp-content\/uploads\/2026\/01\/mha-sari-beyaz-2684.png","articleSection":["K\u0131br\u0131s"],"inLanguage":"tr","potentialAction":[{"@type":"CommentAction","name":"Comment","target":["https:\/\/kibrisdakik.com\/?p=104938#respond"]}]},{"@type":"WebPage","@id":"https:\/\/kibrisdakik.com\/?p=104938","url":"https:\/\/kibrisdakik.com\/?p=104938","name":"TAM PART\u0130: YARGI BA\u011eIMSIZLI\u011eI G\u00dc\u00c7LEND\u0130R\u0130LMEL\u0130 -","isPartOf":{"@id":"https:\/\/kibrisdakik.com\/#website"},"primaryImageOfPage":{"@id":"https:\/\/kibrisdakik.com\/?p=104938#primaryimage"},"image":{"@id":"https:\/\/kibrisdakik.com\/?p=104938#primaryimage"},"thumbnailUrl":"https:\/\/kibrisdakik.com\/wp-content\/uploads\/2026\/01\/mha-sari-beyaz-2684.png","datePublished":"2026-01-27T10:27:02+00:00","author":{"@id":"https:\/\/kibrisdakik.com\/#\/schema\/person\/9cd9d437bbb44f72b73ba127e06d8e79"},"breadcrumb":{"@id":"https:\/\/kibrisdakik.com\/?p=104938#breadcrumb"},"inLanguage":"tr","potentialAction":[{"@type":"ReadAction","target":["https:\/\/kibrisdakik.com\/?p=104938"]}]},{"@type":"ImageObject","inLanguage":"tr","@id":"https:\/\/kibrisdakik.com\/?p=104938#primaryimage","url":"https:\/\/kibrisdakik.com\/wp-content\/uploads\/2026\/01\/mha-sari-beyaz-2684.png","contentUrl":"https:\/\/kibrisdakik.com\/wp-content\/uploads\/2026\/01\/mha-sari-beyaz-2684.png","width":1280,"height":720},{"@type":"BreadcrumbList","@id":"https:\/\/kibrisdakik.com\/?p=104938#breadcrumb","itemListElement":[{"@type":"ListItem","position":1,"name":"Home","item":"https:\/\/kibrisdakik.com\/"},{"@type":"ListItem","position":2,"name":"TAM PART\u0130: YARGI BA\u011eIMSIZLI\u011eI G\u00dc\u00c7LEND\u0130R\u0130LMEL\u0130"}]},{"@type":"WebSite","@id":"https:\/\/kibrisdakik.com\/#website","url":"https:\/\/kibrisdakik.com\/","name":"","description":"Tam vaktinde haber","potentialAction":[{"@type":"SearchAction","target":{"@type":"EntryPoint","urlTemplate":"https:\/\/kibrisdakik.com\/?s={search_term_string}"},"query-input":{"@type":"PropertyValueSpecification","valueRequired":true,"valueName":"search_term_string"}}],"inLanguage":"tr"},{"@type":"Person","@id":"https:\/\/kibrisdakik.com\/#\/schema\/person\/9cd9d437bbb44f72b73ba127e06d8e79","name":"admin","image":{"@type":"ImageObject","inLanguage":"tr","@id":"https:\/\/secure.gravatar.com\/avatar\/ccc17943b9d660506c869530f897617f7cb1c21a4bf30023f252596d83e1f007?s=96&d=mm&r=g","url":"https:\/\/secure.gravatar.com\/avatar\/ccc17943b9d660506c869530f897617f7cb1c21a4bf30023f252596d83e1f007?s=96&d=mm&r=g","contentUrl":"https:\/\/secure.gravatar.com\/avatar\/ccc17943b9d660506c869530f897617f7cb1c21a4bf30023f252596d83e1f007?s=96&d=mm&r=g","caption":"admin"},"sameAs":["https:\/\/kibrisdakik.com"],"url":"https:\/\/kibrisdakik.com\/?author=1"}]}},"_links":{"self":[{"href":"https:\/\/kibrisdakik.com\/index.php?rest_route=\/wp\/v2\/posts\/104938","targetHints":{"allow":["GET"]}}],"collection":[{"href":"https:\/\/kibrisdakik.com\/index.php?rest_route=\/wp\/v2\/posts"}],"about":[{"href":"https:\/\/kibrisdakik.com\/index.php?rest_route=\/wp\/v2\/types\/post"}],"author":[{"embeddable":true,"href":"https:\/\/kibrisdakik.com\/index.php?rest_route=\/wp\/v2\/users\/1"}],"replies":[{"embeddable":true,"href":"https:\/\/kibrisdakik.com\/index.php?rest_route=%2Fwp%2Fv2%2Fcomments&post=104938"}],"version-history":[{"count":0,"href":"https:\/\/kibrisdakik.com\/index.php?rest_route=\/wp\/v2\/posts\/104938\/revisions"}],"wp:featuredmedia":[{"embeddable":true,"href":"https:\/\/kibrisdakik.com\/index.php?rest_route=\/wp\/v2\/media\/104939"}],"wp:attachment":[{"href":"https:\/\/kibrisdakik.com\/index.php?rest_route=%2Fwp%2Fv2%2Fmedia&parent=104938"}],"wp:term":[{"taxonomy":"category","embeddable":true,"href":"https:\/\/kibrisdakik.com\/index.php?rest_route=%2Fwp%2Fv2%2Fcategories&post=104938"},{"taxonomy":"post_tag","embeddable":true,"href":"https:\/\/kibrisdakik.com\/index.php?rest_route=%2Fwp%2Fv2%2Ftags&post=104938"}],"curies":[{"name":"wp","href":"https:\/\/api.w.org\/{rel}","templated":true}]}}