{"id":104976,"date":"2026-01-27T17:14:41","date_gmt":"2026-01-27T15:14:41","guid":{"rendered":"https:\/\/kibrisdakik.com\/index.php\/2026\/01\/27\/berova-masumiyet-karinesi-esastir-yargi-sureclerine-mudahil-olmadik\/"},"modified":"2026-01-27T17:14:41","modified_gmt":"2026-01-27T15:14:41","slug":"berova-masumiyet-karinesi-esastir-yargi-sureclerine-mudahil-olmadik","status":"publish","type":"post","link":"https:\/\/kibrisdakik.com\/?p=104976","title":{"rendered":"BEROVA: \u201cMASUM\u0130YET KAR\u0130NES\u0130 ESASTIR, YARGI S\u00dcRE\u00c7LER\u0130NE M\u00dcDAH\u0130L OLMADIK\u201d"},"content":{"rendered":"<p><\/p>\n<p>Cumhuriyet Meclisi Genel Kurulu\u2019nda s\u00f6z alan Maliye Bakan\u0131 \u00d6zdemir Berova, Cumhuriyet\u00e7i T\u00fcrk Partisi Milletvekili Ongun Talat\u2019\u0131n ele\u015ftirilerine yan\u0131t verdi. Berova, Merkezi \u0130hale Komisyonu Ba\u015fkan\u0131\u2019yla ilgili iddialar ve \u00fclkenin ekonomik durumu hakk\u0131nda h\u00fck\u00fcmetin yakla\u015f\u0131m\u0131n\u0131 ortaya koydu.<\/p>\n<div id=\"ad_121\" data-channel=\"121\" data-advert=\"temedya\" data-rotation=\"120\" class=\"mb-3 text-center\"><\/div>\n<div id=\"ad_121_mobile\" data-channel=\"121\" data-advert=\"temedya\" data-rotation=\"120\" class=\"mb-3 text-center\"><\/div>\n<p>Berova, Merkezi \u0130hale Komisyonu Ba\u015fkan\u0131\u2019yla ilgili dosyan\u0131n halen mahkemede oldu\u011funu ve s\u00fcrecin devam etti\u011fini belirterek, kesinle\u015fmi\u015f bir karar bulunmad\u0131\u011f\u0131n\u0131 vurgulad\u0131. Bu nedenle masumiyet karinesinin ge\u00e7erli oldu\u011funu ifade eden Berova, h\u00fck\u00fcmetin yarg\u0131n\u0131n ba\u011f\u0131ms\u0131zl\u0131\u011f\u0131na, polisin soru\u015fturma yetkisine ve savc\u0131l\u0131\u011f\u0131n \u00e7al\u0131\u015fmalar\u0131na sayg\u0131l\u0131 oldu\u011funu, bu s\u00fcre\u00e7lere hi\u00e7bir \u015fekilde m\u00fcdahil olunmad\u0131\u011f\u0131n\u0131 s\u00f6yledi.<\/p>\n<p>Meclis\u2019te yap\u0131lan baz\u0131 konu\u015fmalar\u0131n y\u00f6nlendirici nitelik ta\u015f\u0131d\u0131\u011f\u0131n\u0131 savunan Berova, devam eden hukuki s\u00fcre\u00e7lerin sa\u011fl\u0131kl\u0131 \u015fekilde y\u00fcr\u00fct\u00fclmesi gerekti\u011fini dile getirdi. Hukuki konular\u0131n ba\u011f\u0131rarak ve \u00e7a\u011f\u0131rarak tart\u0131\u015f\u0131lmas\u0131n\u0131 do\u011fru bulmad\u0131\u011f\u0131n\u0131 belirten Berova, bu \u00fcslubu ele\u015ftirdi.<\/p>\n<p>Ekonomiye ili\u015fkin de\u011ferlendirmelerde bulunan Berova, \u00fclkenin 2021 y\u0131l\u0131ndan bu yana y\u00fcksek enflasyonla m\u00fccadele etti\u011fini kaydetti. \u00c7al\u0131\u015fanlar\u0131n al\u0131m g\u00fcc\u00fcn\u00fc korumak amac\u0131yla 2024 y\u0131l\u0131 May\u0131s ay\u0131na kadar \u00fc\u00e7 kez hayat pahal\u0131l\u0131\u011f\u0131 \u00f6dene\u011fi verildi\u011fini hat\u0131rlatan Berova, Do\u011fu Akdeniz \u00dcniversitesi\u2019ne mali s\u00fcrd\u00fcr\u00fclebilirli\u011fin sa\u011flanmas\u0131 i\u00e7in \u00f6nemli destekler verildi\u011fini, bunun da b\u00fct\u00e7e \u00fczerinde etkisi oldu\u011funu s\u00f6yledi.<\/p>\n<p>Berova, 2024 ve 2025 y\u0131llar\u0131nda b\u00fct\u00e7e a\u00e7\u0131\u011f\u0131n\u0131n belirli bir seviyede tutuldu\u011funu, 2026 y\u0131l\u0131 i\u00e7in ise a\u00e7\u0131\u011f\u0131n daralt\u0131lmas\u0131na y\u00f6nelik \u00e7al\u0131\u015fmalar\u0131n s\u00fcrd\u00fc\u011f\u00fcn\u00fc belirtti. T\u00fcrkiye\u2019de uygulanan s\u0131k\u0131 ekonomik politikalarla enflasyonun d\u00fc\u015f\u00fc\u015f e\u011filimine girdi\u011fini ifade eden Berova, bunun KKTC ekonomisine de olumlu yans\u0131yaca\u011f\u0131n\u0131 s\u00f6yledi. Vergi d\u00fczenlemeleri ve Gelir ve Vergi Dairesi\u2019nin performans\u0131yla bir\u00e7ok alanda art\u0131ya ge\u00e7ildi\u011fini kaydeden Berova, kurumlar vergisi oranlar\u0131n\u0131n ge\u00e7mi\u015f d\u00f6nemlerle birlikte de\u011ferlendirilmesi gerekti\u011fini vurgulad\u0131.<\/p>\n<p>Berova, konu\u015fmas\u0131n\u0131 \u201cT\u00fcnelin ucunda \u0131\u015f\u0131k vard\u0131r\u201d s\u00f6zleriyle tamamlayarak, h\u00fck\u00fcmetin ekonomik tabloya ili\u015fkin umutlu oldu\u011funu ifade etti.<\/p>\n<\/p>\n<div class=\"article-source py-3 small \">\n                <\/div>\n","protected":false},"excerpt":{"rendered":"<p>Cumhuriyet Meclisi Genel Kurulu\u2019nda s\u00f6z alan Maliye Bakan\u0131 \u00d6zdemir Berova, Cumhuriyet\u00e7i T\u00fcrk Partisi Milletvekili Ongun Talat\u2019\u0131n ele\u015ftirilerine yan\u0131t verdi. Berova, Merkezi \u0130hale Komisyonu Ba\u015fkan\u0131\u2019yla ilgili iddialar ve \u00fclkenin ekonomik durumu hakk\u0131nda h\u00fck\u00fcmetin yakla\u015f\u0131m\u0131n\u0131 ortaya koydu. Berova, Merkezi \u0130hale Komisyonu Ba\u015fkan\u0131\u2019yla ilgili dosyan\u0131n halen mahkemede oldu\u011funu ve s\u00fcrecin devam etti\u011fini belirterek, kesinle\u015fmi\u015f bir karar bulunmad\u0131\u011f\u0131n\u0131 vurgulad\u0131.<\/p>\n","protected":false},"author":1,"featured_media":104977,"comment_status":"open","ping_status":"open","sticky":false,"template":"","format":"standard","meta":{"footnotes":""},"categories":[81],"tags":[],"class_list":["post-104976","post","type-post","status-publish","format-standard","has-post-thumbnail","hentry","category-kibris"],"yoast_head":"<!-- This site is optimized with the Yoast SEO plugin v27.5 - https:\/\/yoast.com\/product\/yoast-seo-wordpress\/ -->\n<title>BEROVA: \u201cMASUM\u0130YET KAR\u0130NES\u0130 ESASTIR, YARGI S\u00dcRE\u00c7LER\u0130NE M\u00dcDAH\u0130L OLMADIK\u201d -<\/title>\n<meta name=\"robots\" content=\"index, follow, max-snippet:-1, max-image-preview:large, max-video-preview:-1\" \/>\n<link rel=\"canonical\" href=\"https:\/\/kibrisdakik.com\/?p=104976\" \/>\n<meta property=\"og:locale\" content=\"tr_TR\" \/>\n<meta property=\"og:type\" content=\"article\" \/>\n<meta property=\"og:title\" content=\"BEROVA: \u201cMASUM\u0130YET KAR\u0130NES\u0130 ESASTIR, YARGI S\u00dcRE\u00c7LER\u0130NE M\u00dcDAH\u0130L OLMADIK\u201d -\" \/>\n<meta property=\"og:description\" content=\"Cumhuriyet Meclisi Genel Kurulu\u2019nda s\u00f6z alan Maliye Bakan\u0131 \u00d6zdemir Berova, Cumhuriyet\u00e7i T\u00fcrk Partisi Milletvekili Ongun Talat\u2019\u0131n ele\u015ftirilerine yan\u0131t verdi. Berova, Merkezi \u0130hale Komisyonu Ba\u015fkan\u0131\u2019yla ilgili iddialar ve \u00fclkenin ekonomik durumu hakk\u0131nda h\u00fck\u00fcmetin yakla\u015f\u0131m\u0131n\u0131 ortaya koydu. Berova, Merkezi \u0130hale Komisyonu Ba\u015fkan\u0131\u2019yla ilgili dosyan\u0131n halen mahkemede oldu\u011funu ve s\u00fcrecin devam etti\u011fini belirterek, kesinle\u015fmi\u015f bir karar bulunmad\u0131\u011f\u0131n\u0131 vurgulad\u0131.\" \/>\n<meta property=\"og:url\" content=\"https:\/\/kibrisdakik.com\/?p=104976\" \/>\n<meta property=\"article:published_time\" content=\"2026-01-27T15:14:41+00:00\" \/>\n<meta property=\"og:image\" content=\"https:\/\/kibrisdakik.com\/wp-content\/uploads\/2026\/01\/mha-sari-beyaz-2703.png\" \/>\n\t<meta property=\"og:image:width\" content=\"1280\" \/>\n\t<meta property=\"og:image:height\" content=\"720\" \/>\n\t<meta property=\"og:image:type\" content=\"image\/png\" \/>\n<meta name=\"author\" content=\"admin\" \/>\n<meta name=\"twitter:card\" content=\"summary_large_image\" \/>\n<meta name=\"twitter:label1\" content=\"Yazan:\" \/>\n\t<meta name=\"twitter:data1\" content=\"admin\" \/>\n\t<meta name=\"twitter:label2\" content=\"Tahmini okuma s\u00fcresi\" \/>\n\t<meta name=\"twitter:data2\" content=\"2 dakika\" \/>\n<script type=\"application\/ld+json\" class=\"yoast-schema-graph\">{\"@context\":\"https:\\\/\\\/schema.org\",\"@graph\":[{\"@type\":\"Article\",\"@id\":\"https:\\\/\\\/kibrisdakik.com\\\/?p=104976#article\",\"isPartOf\":{\"@id\":\"https:\\\/\\\/kibrisdakik.com\\\/?p=104976\"},\"author\":{\"name\":\"admin\",\"@id\":\"https:\\\/\\\/kibrisdakik.com\\\/#\\\/schema\\\/person\\\/9cd9d437bbb44f72b73ba127e06d8e79\"},\"headline\":\"BEROVA: \u201cMASUM\u0130YET KAR\u0130NES\u0130 ESASTIR, YARGI S\u00dcRE\u00c7LER\u0130NE M\u00dcDAH\u0130L OLMADIK\u201d\",\"datePublished\":\"2026-01-27T15:14:41+00:00\",\"mainEntityOfPage\":{\"@id\":\"https:\\\/\\\/kibrisdakik.com\\\/?p=104976\"},\"wordCount\":399,\"commentCount\":0,\"image\":{\"@id\":\"https:\\\/\\\/kibrisdakik.com\\\/?p=104976#primaryimage\"},\"thumbnailUrl\":\"https:\\\/\\\/kibrisdakik.com\\\/wp-content\\\/uploads\\\/2026\\\/01\\\/mha-sari-beyaz-2703.png\",\"articleSection\":[\"K\u0131br\u0131s\"],\"inLanguage\":\"tr\",\"potentialAction\":[{\"@type\":\"CommentAction\",\"name\":\"Comment\",\"target\":[\"https:\\\/\\\/kibrisdakik.com\\\/?p=104976#respond\"]}]},{\"@type\":\"WebPage\",\"@id\":\"https:\\\/\\\/kibrisdakik.com\\\/?p=104976\",\"url\":\"https:\\\/\\\/kibrisdakik.com\\\/?p=104976\",\"name\":\"BEROVA: \u201cMASUM\u0130YET KAR\u0130NES\u0130 ESASTIR, YARGI S\u00dcRE\u00c7LER\u0130NE M\u00dcDAH\u0130L OLMADIK\u201d -\",\"isPartOf\":{\"@id\":\"https:\\\/\\\/kibrisdakik.com\\\/#website\"},\"primaryImageOfPage\":{\"@id\":\"https:\\\/\\\/kibrisdakik.com\\\/?p=104976#primaryimage\"},\"image\":{\"@id\":\"https:\\\/\\\/kibrisdakik.com\\\/?p=104976#primaryimage\"},\"thumbnailUrl\":\"https:\\\/\\\/kibrisdakik.com\\\/wp-content\\\/uploads\\\/2026\\\/01\\\/mha-sari-beyaz-2703.png\",\"datePublished\":\"2026-01-27T15:14:41+00:00\",\"author\":{\"@id\":\"https:\\\/\\\/kibrisdakik.com\\\/#\\\/schema\\\/person\\\/9cd9d437bbb44f72b73ba127e06d8e79\"},\"breadcrumb\":{\"@id\":\"https:\\\/\\\/kibrisdakik.com\\\/?p=104976#breadcrumb\"},\"inLanguage\":\"tr\",\"potentialAction\":[{\"@type\":\"ReadAction\",\"target\":[\"https:\\\/\\\/kibrisdakik.com\\\/?p=104976\"]}]},{\"@type\":\"ImageObject\",\"inLanguage\":\"tr\",\"@id\":\"https:\\\/\\\/kibrisdakik.com\\\/?p=104976#primaryimage\",\"url\":\"https:\\\/\\\/kibrisdakik.com\\\/wp-content\\\/uploads\\\/2026\\\/01\\\/mha-sari-beyaz-2703.png\",\"contentUrl\":\"https:\\\/\\\/kibrisdakik.com\\\/wp-content\\\/uploads\\\/2026\\\/01\\\/mha-sari-beyaz-2703.png\",\"width\":1280,\"height\":720},{\"@type\":\"BreadcrumbList\",\"@id\":\"https:\\\/\\\/kibrisdakik.com\\\/?p=104976#breadcrumb\",\"itemListElement\":[{\"@type\":\"ListItem\",\"position\":1,\"name\":\"Home\",\"item\":\"https:\\\/\\\/kibrisdakik.com\\\/\"},{\"@type\":\"ListItem\",\"position\":2,\"name\":\"BEROVA: \u201cMASUM\u0130YET KAR\u0130NES\u0130 ESASTIR, YARGI S\u00dcRE\u00c7LER\u0130NE M\u00dcDAH\u0130L OLMADIK\u201d\"}]},{\"@type\":\"WebSite\",\"@id\":\"https:\\\/\\\/kibrisdakik.com\\\/#website\",\"url\":\"https:\\\/\\\/kibrisdakik.com\\\/\",\"name\":\"\",\"description\":\"Tam vaktinde haber\",\"potentialAction\":[{\"@type\":\"SearchAction\",\"target\":{\"@type\":\"EntryPoint\",\"urlTemplate\":\"https:\\\/\\\/kibrisdakik.com\\\/?s={search_term_string}\"},\"query-input\":{\"@type\":\"PropertyValueSpecification\",\"valueRequired\":true,\"valueName\":\"search_term_string\"}}],\"inLanguage\":\"tr\"},{\"@type\":\"Person\",\"@id\":\"https:\\\/\\\/kibrisdakik.com\\\/#\\\/schema\\\/person\\\/9cd9d437bbb44f72b73ba127e06d8e79\",\"name\":\"admin\",\"image\":{\"@type\":\"ImageObject\",\"inLanguage\":\"tr\",\"@id\":\"https:\\\/\\\/secure.gravatar.com\\\/avatar\\\/ccc17943b9d660506c869530f897617f7cb1c21a4bf30023f252596d83e1f007?s=96&d=mm&r=g\",\"url\":\"https:\\\/\\\/secure.gravatar.com\\\/avatar\\\/ccc17943b9d660506c869530f897617f7cb1c21a4bf30023f252596d83e1f007?s=96&d=mm&r=g\",\"contentUrl\":\"https:\\\/\\\/secure.gravatar.com\\\/avatar\\\/ccc17943b9d660506c869530f897617f7cb1c21a4bf30023f252596d83e1f007?s=96&d=mm&r=g\",\"caption\":\"admin\"},\"sameAs\":[\"https:\\\/\\\/kibrisdakik.com\"],\"url\":\"https:\\\/\\\/kibrisdakik.com\\\/?author=1\"}]}<\/script>\n<!-- \/ Yoast SEO plugin. -->","yoast_head_json":{"title":"BEROVA: \u201cMASUM\u0130YET KAR\u0130NES\u0130 ESASTIR, YARGI S\u00dcRE\u00c7LER\u0130NE M\u00dcDAH\u0130L OLMADIK\u201d -","robots":{"index":"index","follow":"follow","max-snippet":"max-snippet:-1","max-image-preview":"max-image-preview:large","max-video-preview":"max-video-preview:-1"},"canonical":"https:\/\/kibrisdakik.com\/?p=104976","og_locale":"tr_TR","og_type":"article","og_title":"BEROVA: \u201cMASUM\u0130YET KAR\u0130NES\u0130 ESASTIR, YARGI S\u00dcRE\u00c7LER\u0130NE M\u00dcDAH\u0130L OLMADIK\u201d -","og_description":"Cumhuriyet Meclisi Genel Kurulu\u2019nda s\u00f6z alan Maliye Bakan\u0131 \u00d6zdemir Berova, Cumhuriyet\u00e7i T\u00fcrk Partisi Milletvekili Ongun Talat\u2019\u0131n ele\u015ftirilerine yan\u0131t verdi. Berova, Merkezi \u0130hale Komisyonu Ba\u015fkan\u0131\u2019yla ilgili iddialar ve \u00fclkenin ekonomik durumu hakk\u0131nda h\u00fck\u00fcmetin yakla\u015f\u0131m\u0131n\u0131 ortaya koydu. Berova, Merkezi \u0130hale Komisyonu Ba\u015fkan\u0131\u2019yla ilgili dosyan\u0131n halen mahkemede oldu\u011funu ve s\u00fcrecin devam etti\u011fini belirterek, kesinle\u015fmi\u015f bir karar bulunmad\u0131\u011f\u0131n\u0131 vurgulad\u0131.","og_url":"https:\/\/kibrisdakik.com\/?p=104976","article_published_time":"2026-01-27T15:14:41+00:00","og_image":[{"width":1280,"height":720,"url":"https:\/\/kibrisdakik.com\/wp-content\/uploads\/2026\/01\/mha-sari-beyaz-2703.png","type":"image\/png"}],"author":"admin","twitter_card":"summary_large_image","twitter_misc":{"Yazan:":"admin","Tahmini okuma s\u00fcresi":"2 dakika"},"schema":{"@context":"https:\/\/schema.org","@graph":[{"@type":"Article","@id":"https:\/\/kibrisdakik.com\/?p=104976#article","isPartOf":{"@id":"https:\/\/kibrisdakik.com\/?p=104976"},"author":{"name":"admin","@id":"https:\/\/kibrisdakik.com\/#\/schema\/person\/9cd9d437bbb44f72b73ba127e06d8e79"},"headline":"BEROVA: \u201cMASUM\u0130YET KAR\u0130NES\u0130 ESASTIR, YARGI S\u00dcRE\u00c7LER\u0130NE M\u00dcDAH\u0130L OLMADIK\u201d","datePublished":"2026-01-27T15:14:41+00:00","mainEntityOfPage":{"@id":"https:\/\/kibrisdakik.com\/?p=104976"},"wordCount":399,"commentCount":0,"image":{"@id":"https:\/\/kibrisdakik.com\/?p=104976#primaryimage"},"thumbnailUrl":"https:\/\/kibrisdakik.com\/wp-content\/uploads\/2026\/01\/mha-sari-beyaz-2703.png","articleSection":["K\u0131br\u0131s"],"inLanguage":"tr","potentialAction":[{"@type":"CommentAction","name":"Comment","target":["https:\/\/kibrisdakik.com\/?p=104976#respond"]}]},{"@type":"WebPage","@id":"https:\/\/kibrisdakik.com\/?p=104976","url":"https:\/\/kibrisdakik.com\/?p=104976","name":"BEROVA: \u201cMASUM\u0130YET KAR\u0130NES\u0130 ESASTIR, YARGI S\u00dcRE\u00c7LER\u0130NE M\u00dcDAH\u0130L OLMADIK\u201d -","isPartOf":{"@id":"https:\/\/kibrisdakik.com\/#website"},"primaryImageOfPage":{"@id":"https:\/\/kibrisdakik.com\/?p=104976#primaryimage"},"image":{"@id":"https:\/\/kibrisdakik.com\/?p=104976#primaryimage"},"thumbnailUrl":"https:\/\/kibrisdakik.com\/wp-content\/uploads\/2026\/01\/mha-sari-beyaz-2703.png","datePublished":"2026-01-27T15:14:41+00:00","author":{"@id":"https:\/\/kibrisdakik.com\/#\/schema\/person\/9cd9d437bbb44f72b73ba127e06d8e79"},"breadcrumb":{"@id":"https:\/\/kibrisdakik.com\/?p=104976#breadcrumb"},"inLanguage":"tr","potentialAction":[{"@type":"ReadAction","target":["https:\/\/kibrisdakik.com\/?p=104976"]}]},{"@type":"ImageObject","inLanguage":"tr","@id":"https:\/\/kibrisdakik.com\/?p=104976#primaryimage","url":"https:\/\/kibrisdakik.com\/wp-content\/uploads\/2026\/01\/mha-sari-beyaz-2703.png","contentUrl":"https:\/\/kibrisdakik.com\/wp-content\/uploads\/2026\/01\/mha-sari-beyaz-2703.png","width":1280,"height":720},{"@type":"BreadcrumbList","@id":"https:\/\/kibrisdakik.com\/?p=104976#breadcrumb","itemListElement":[{"@type":"ListItem","position":1,"name":"Home","item":"https:\/\/kibrisdakik.com\/"},{"@type":"ListItem","position":2,"name":"BEROVA: \u201cMASUM\u0130YET KAR\u0130NES\u0130 ESASTIR, YARGI S\u00dcRE\u00c7LER\u0130NE M\u00dcDAH\u0130L OLMADIK\u201d"}]},{"@type":"WebSite","@id":"https:\/\/kibrisdakik.com\/#website","url":"https:\/\/kibrisdakik.com\/","name":"","description":"Tam vaktinde haber","potentialAction":[{"@type":"SearchAction","target":{"@type":"EntryPoint","urlTemplate":"https:\/\/kibrisdakik.com\/?s={search_term_string}"},"query-input":{"@type":"PropertyValueSpecification","valueRequired":true,"valueName":"search_term_string"}}],"inLanguage":"tr"},{"@type":"Person","@id":"https:\/\/kibrisdakik.com\/#\/schema\/person\/9cd9d437bbb44f72b73ba127e06d8e79","name":"admin","image":{"@type":"ImageObject","inLanguage":"tr","@id":"https:\/\/secure.gravatar.com\/avatar\/ccc17943b9d660506c869530f897617f7cb1c21a4bf30023f252596d83e1f007?s=96&d=mm&r=g","url":"https:\/\/secure.gravatar.com\/avatar\/ccc17943b9d660506c869530f897617f7cb1c21a4bf30023f252596d83e1f007?s=96&d=mm&r=g","contentUrl":"https:\/\/secure.gravatar.com\/avatar\/ccc17943b9d660506c869530f897617f7cb1c21a4bf30023f252596d83e1f007?s=96&d=mm&r=g","caption":"admin"},"sameAs":["https:\/\/kibrisdakik.com"],"url":"https:\/\/kibrisdakik.com\/?author=1"}]}},"_links":{"self":[{"href":"https:\/\/kibrisdakik.com\/index.php?rest_route=\/wp\/v2\/posts\/104976","targetHints":{"allow":["GET"]}}],"collection":[{"href":"https:\/\/kibrisdakik.com\/index.php?rest_route=\/wp\/v2\/posts"}],"about":[{"href":"https:\/\/kibrisdakik.com\/index.php?rest_route=\/wp\/v2\/types\/post"}],"author":[{"embeddable":true,"href":"https:\/\/kibrisdakik.com\/index.php?rest_route=\/wp\/v2\/users\/1"}],"replies":[{"embeddable":true,"href":"https:\/\/kibrisdakik.com\/index.php?rest_route=%2Fwp%2Fv2%2Fcomments&post=104976"}],"version-history":[{"count":0,"href":"https:\/\/kibrisdakik.com\/index.php?rest_route=\/wp\/v2\/posts\/104976\/revisions"}],"wp:featuredmedia":[{"embeddable":true,"href":"https:\/\/kibrisdakik.com\/index.php?rest_route=\/wp\/v2\/media\/104977"}],"wp:attachment":[{"href":"https:\/\/kibrisdakik.com\/index.php?rest_route=%2Fwp%2Fv2%2Fmedia&parent=104976"}],"wp:term":[{"taxonomy":"category","embeddable":true,"href":"https:\/\/kibrisdakik.com\/index.php?rest_route=%2Fwp%2Fv2%2Fcategories&post=104976"},{"taxonomy":"post_tag","embeddable":true,"href":"https:\/\/kibrisdakik.com\/index.php?rest_route=%2Fwp%2Fv2%2Ftags&post=104976"}],"curies":[{"name":"wp","href":"https:\/\/api.w.org\/{rel}","templated":true}]}}