{"id":105022,"date":"2026-01-28T12:07:05","date_gmt":"2026-01-28T10:07:05","guid":{"rendered":"https:\/\/kibrisdakik.com\/index.php\/2026\/01\/28\/nilden-bektas-erhurman-cevre-ve-iklim-konusunda-toplanti-gerceklestirdi\/"},"modified":"2026-01-28T12:07:05","modified_gmt":"2026-01-28T10:07:05","slug":"nilden-bektas-erhurman-cevre-ve-iklim-konusunda-toplanti-gerceklestirdi","status":"publish","type":"post","link":"https:\/\/kibrisdakik.com\/?p=105022","title":{"rendered":"N\u0130LDEN BEKTA\u015e ERH\u00dcRMAN, \u00c7EVRE VE \u0130KL\u0130M KONUSUNDA TOPLANTI GER\u00c7EKLE\u015eT\u0130RD\u0130"},"content":{"rendered":"<p><\/p>\n<div data-text-id=\"194950\" property=\"articleBody\">\n<p>Cumhurba\u015fkan\u0131 Tufan Erh\u00fcrman\u2019\u0131n e\u015fi, \u00e7evre m\u00fchendisi Nilden Bekta\u015f Erh\u00fcrman, Cumhurba\u015fkanl\u0131\u011f\u0131\u2019nda \u00e7evre ve iklim alan\u0131nda toplant\u0131 d\u00fczenledi.<\/p>\n<p>Cumhurba\u015fkanl\u0131\u011f\u0131\u2019ndan verilen bilgiye g\u00f6re, toplant\u0131ya, \u00e7evre konular\u0131nda \u00e7al\u0131\u015fmalar\u0131n\u0131 s\u00fcrd\u00fcren sivil toplum \u00f6rg\u00fctleri, ilgili odalar ve \u00fcniversite yetkilileri kat\u0131ld\u0131.<\/p>\n<p>Cumhurba\u015fkanl\u0131\u011f\u0131 \u00c7evre Dan\u0131\u015fman\u0131 \u0130brahim Alkan\u2019\u0131n da haz\u0131r bulundu\u011fu toplant\u0131da, Nilden Bekta\u015f Erh\u00fcrman, kat\u0131l\u0131m g\u00f6steren t\u00fcm davetlilere te\u015fekk\u00fcr ederek, \u00e7evre alan\u0131nda uzman ki\u015filer ile bir araya gelmekten duydu\u011fu memnuniyeti dile getirdi.<\/p>\n<p>\u00dclkede, \u00e7evre alan\u0131nda bir\u00e7ok sorunla kar\u015f\u0131 kar\u015f\u0131ya kal\u0131nd\u0131\u011f\u0131n\u0131 s\u00f6yleyen Nilden Bekta\u015f Erh\u00fcrman, \u201cDolayl\u0131 ve dolays\u0131z olarak \u00e7evre sorunlar\u0131yla ilgilenen herkes ile bu sorunlar\u0131 a\u015fabilmek ad\u0131na i\u015fbirli\u011fi i\u00e7erisinde \u00e7al\u0131\u015fmak istiyoruz. Bu ba\u011flamda, sivil toplum \u00f6rg\u00fctlerinin g\u00fcc\u00fcne inan\u0131yorum\u201d dedi.<\/p>\n<p>Cumhurba\u015fkanl\u0131\u011f\u0131 b\u00fcnyesinde, \u00e7evre ve iklim alanlar\u0131nda de\u011ferlendirme ve y\u00f6nlendirme amac\u0131yla olu\u015fturulan Cumhurba\u015fkanl\u0131\u011f\u0131 \u00c7evre ve \u0130klim Masas\u0131\u2019na i\u015faret eden Nilden Bekta\u015f Erh\u00fcrman, bug\u00fcn burada bir \u00e7at\u0131 alt\u0131nda fikir al\u0131\u015fveri\u015finde bulunman\u0131n \u00f6nemli oldu\u011funu, d\u00fczenli, \u015feffaf ve s\u00fcrd\u00fcr\u00fclebilir bir isti\u015fare zemini olu\u015fturmay\u0131 hedefledi\u011fini belirtti.<\/p>\n<p>Nilden Bekta\u015f Erh\u00fcrman, Cumhurba\u015fkanl\u0131\u011f\u0131 olarak esas hedefin ortak bir ak\u0131m yaratmak, \u00e7evre konular\u0131na y\u00f6n vermek ve fark\u0131ndal\u0131\u011f\u0131 art\u0131rmak oldu\u011funu vurgulayarak, \u00e7evre konular\u0131nda \u00e7al\u0131\u015fmalar\u0131n\u0131 s\u00fcrd\u00fcren sivil toplum \u00f6rg\u00fctleri, ilgili odalar ve \u00fcniversite yetkililerinden \u00e7evre ile ilgili son d\u00f6nemde y\u00fcr\u00fct\u00fclen \u00e7al\u0131\u015fmalar hakk\u0131nda bilgi ald\u0131.<\/p>\n<\/p><\/div>\n","protected":false},"excerpt":{"rendered":"<p>Cumhurba\u015fkan\u0131 Tufan Erh\u00fcrman\u2019\u0131n e\u015fi, \u00e7evre m\u00fchendisi Nilden Bekta\u015f Erh\u00fcrman, Cumhurba\u015fkanl\u0131\u011f\u0131\u2019nda \u00e7evre ve iklim alan\u0131nda toplant\u0131 d\u00fczenledi. Cumhurba\u015fkanl\u0131\u011f\u0131\u2019ndan verilen bilgiye g\u00f6re, toplant\u0131ya, \u00e7evre konular\u0131nda \u00e7al\u0131\u015fmalar\u0131n\u0131 s\u00fcrd\u00fcren sivil toplum \u00f6rg\u00fctleri, ilgili odalar ve \u00fcniversite yetkilileri kat\u0131ld\u0131. Cumhurba\u015fkanl\u0131\u011f\u0131 \u00c7evre Dan\u0131\u015fman\u0131 \u0130brahim Alkan\u2019\u0131n da haz\u0131r bulundu\u011fu toplant\u0131da, Nilden Bekta\u015f Erh\u00fcrman, kat\u0131l\u0131m g\u00f6steren t\u00fcm davetlilere te\u015fekk\u00fcr ederek, \u00e7evre alan\u0131nda uzman<\/p>\n","protected":false},"author":1,"featured_media":105023,"comment_status":"open","ping_status":"open","sticky":false,"template":"","format":"standard","meta":{"footnotes":""},"categories":[81],"tags":[],"class_list":["post-105022","post","type-post","status-publish","format-standard","has-post-thumbnail","hentry","category-kibris"],"yoast_head":"<!-- This site is optimized with the Yoast SEO plugin v27.4 - https:\/\/yoast.com\/product\/yoast-seo-wordpress\/ -->\n<title>N\u0130LDEN BEKTA\u015e ERH\u00dcRMAN, \u00c7EVRE VE \u0130KL\u0130M KONUSUNDA TOPLANTI GER\u00c7EKLE\u015eT\u0130RD\u0130 -<\/title>\n<meta name=\"robots\" content=\"index, follow, max-snippet:-1, max-image-preview:large, max-video-preview:-1\" \/>\n<link rel=\"canonical\" href=\"https:\/\/kibrisdakik.com\/?p=105022\" \/>\n<meta property=\"og:locale\" content=\"tr_TR\" \/>\n<meta property=\"og:type\" content=\"article\" \/>\n<meta property=\"og:title\" content=\"N\u0130LDEN BEKTA\u015e ERH\u00dcRMAN, \u00c7EVRE VE \u0130KL\u0130M KONUSUNDA TOPLANTI GER\u00c7EKLE\u015eT\u0130RD\u0130 -\" \/>\n<meta property=\"og:description\" content=\"Cumhurba\u015fkan\u0131 Tufan Erh\u00fcrman\u2019\u0131n e\u015fi, \u00e7evre m\u00fchendisi Nilden Bekta\u015f Erh\u00fcrman, Cumhurba\u015fkanl\u0131\u011f\u0131\u2019nda \u00e7evre ve iklim alan\u0131nda toplant\u0131 d\u00fczenledi. Cumhurba\u015fkanl\u0131\u011f\u0131\u2019ndan verilen bilgiye g\u00f6re, toplant\u0131ya, \u00e7evre konular\u0131nda \u00e7al\u0131\u015fmalar\u0131n\u0131 s\u00fcrd\u00fcren sivil toplum \u00f6rg\u00fctleri, ilgili odalar ve \u00fcniversite yetkilileri kat\u0131ld\u0131. Cumhurba\u015fkanl\u0131\u011f\u0131 \u00c7evre Dan\u0131\u015fman\u0131 \u0130brahim Alkan\u2019\u0131n da haz\u0131r bulundu\u011fu toplant\u0131da, Nilden Bekta\u015f Erh\u00fcrman, kat\u0131l\u0131m g\u00f6steren t\u00fcm davetlilere te\u015fekk\u00fcr ederek, \u00e7evre alan\u0131nda uzman\" \/>\n<meta property=\"og:url\" content=\"https:\/\/kibrisdakik.com\/?p=105022\" \/>\n<meta property=\"article:published_time\" content=\"2026-01-28T10:07:05+00:00\" \/>\n<meta property=\"og:image\" content=\"https:\/\/kibrisdakik.com\/wp-content\/uploads\/2026\/01\/mha-sari-beyaz-2719.png\" \/>\n\t<meta property=\"og:image:width\" content=\"1280\" \/>\n\t<meta property=\"og:image:height\" content=\"720\" \/>\n\t<meta property=\"og:image:type\" content=\"image\/png\" \/>\n<meta name=\"author\" content=\"admin\" \/>\n<meta name=\"twitter:card\" content=\"summary_large_image\" \/>\n<meta name=\"twitter:label1\" content=\"Yazan:\" \/>\n\t<meta name=\"twitter:data1\" content=\"admin\" \/>\n\t<meta name=\"twitter:label2\" content=\"Tahmini okuma s\u00fcresi\" \/>\n\t<meta name=\"twitter:data2\" content=\"1 dakika\" \/>\n<script type=\"application\/ld+json\" class=\"yoast-schema-graph\">{\"@context\":\"https:\\\/\\\/schema.org\",\"@graph\":[{\"@type\":\"Article\",\"@id\":\"https:\\\/\\\/kibrisdakik.com\\\/?p=105022#article\",\"isPartOf\":{\"@id\":\"https:\\\/\\\/kibrisdakik.com\\\/?p=105022\"},\"author\":{\"name\":\"admin\",\"@id\":\"https:\\\/\\\/kibrisdakik.com\\\/#\\\/schema\\\/person\\\/9cd9d437bbb44f72b73ba127e06d8e79\"},\"headline\":\"N\u0130LDEN BEKTA\u015e ERH\u00dcRMAN, \u00c7EVRE VE \u0130KL\u0130M KONUSUNDA TOPLANTI GER\u00c7EKLE\u015eT\u0130RD\u0130\",\"datePublished\":\"2026-01-28T10:07:05+00:00\",\"mainEntityOfPage\":{\"@id\":\"https:\\\/\\\/kibrisdakik.com\\\/?p=105022\"},\"wordCount\":300,\"commentCount\":0,\"image\":{\"@id\":\"https:\\\/\\\/kibrisdakik.com\\\/?p=105022#primaryimage\"},\"thumbnailUrl\":\"https:\\\/\\\/kibrisdakik.com\\\/wp-content\\\/uploads\\\/2026\\\/01\\\/mha-sari-beyaz-2719.png\",\"articleSection\":[\"K\u0131br\u0131s\"],\"inLanguage\":\"tr\",\"potentialAction\":[{\"@type\":\"CommentAction\",\"name\":\"Comment\",\"target\":[\"https:\\\/\\\/kibrisdakik.com\\\/?p=105022#respond\"]}]},{\"@type\":\"WebPage\",\"@id\":\"https:\\\/\\\/kibrisdakik.com\\\/?p=105022\",\"url\":\"https:\\\/\\\/kibrisdakik.com\\\/?p=105022\",\"name\":\"N\u0130LDEN BEKTA\u015e ERH\u00dcRMAN, \u00c7EVRE VE \u0130KL\u0130M KONUSUNDA TOPLANTI GER\u00c7EKLE\u015eT\u0130RD\u0130 -\",\"isPartOf\":{\"@id\":\"https:\\\/\\\/kibrisdakik.com\\\/#website\"},\"primaryImageOfPage\":{\"@id\":\"https:\\\/\\\/kibrisdakik.com\\\/?p=105022#primaryimage\"},\"image\":{\"@id\":\"https:\\\/\\\/kibrisdakik.com\\\/?p=105022#primaryimage\"},\"thumbnailUrl\":\"https:\\\/\\\/kibrisdakik.com\\\/wp-content\\\/uploads\\\/2026\\\/01\\\/mha-sari-beyaz-2719.png\",\"datePublished\":\"2026-01-28T10:07:05+00:00\",\"author\":{\"@id\":\"https:\\\/\\\/kibrisdakik.com\\\/#\\\/schema\\\/person\\\/9cd9d437bbb44f72b73ba127e06d8e79\"},\"breadcrumb\":{\"@id\":\"https:\\\/\\\/kibrisdakik.com\\\/?p=105022#breadcrumb\"},\"inLanguage\":\"tr\",\"potentialAction\":[{\"@type\":\"ReadAction\",\"target\":[\"https:\\\/\\\/kibrisdakik.com\\\/?p=105022\"]}]},{\"@type\":\"ImageObject\",\"inLanguage\":\"tr\",\"@id\":\"https:\\\/\\\/kibrisdakik.com\\\/?p=105022#primaryimage\",\"url\":\"https:\\\/\\\/kibrisdakik.com\\\/wp-content\\\/uploads\\\/2026\\\/01\\\/mha-sari-beyaz-2719.png\",\"contentUrl\":\"https:\\\/\\\/kibrisdakik.com\\\/wp-content\\\/uploads\\\/2026\\\/01\\\/mha-sari-beyaz-2719.png\",\"width\":1280,\"height\":720},{\"@type\":\"BreadcrumbList\",\"@id\":\"https:\\\/\\\/kibrisdakik.com\\\/?p=105022#breadcrumb\",\"itemListElement\":[{\"@type\":\"ListItem\",\"position\":1,\"name\":\"Home\",\"item\":\"https:\\\/\\\/kibrisdakik.com\\\/\"},{\"@type\":\"ListItem\",\"position\":2,\"name\":\"N\u0130LDEN BEKTA\u015e ERH\u00dcRMAN, \u00c7EVRE VE \u0130KL\u0130M KONUSUNDA TOPLANTI GER\u00c7EKLE\u015eT\u0130RD\u0130\"}]},{\"@type\":\"WebSite\",\"@id\":\"https:\\\/\\\/kibrisdakik.com\\\/#website\",\"url\":\"https:\\\/\\\/kibrisdakik.com\\\/\",\"name\":\"\",\"description\":\"Tam vaktinde haber\",\"potentialAction\":[{\"@type\":\"SearchAction\",\"target\":{\"@type\":\"EntryPoint\",\"urlTemplate\":\"https:\\\/\\\/kibrisdakik.com\\\/?s={search_term_string}\"},\"query-input\":{\"@type\":\"PropertyValueSpecification\",\"valueRequired\":true,\"valueName\":\"search_term_string\"}}],\"inLanguage\":\"tr\"},{\"@type\":\"Person\",\"@id\":\"https:\\\/\\\/kibrisdakik.com\\\/#\\\/schema\\\/person\\\/9cd9d437bbb44f72b73ba127e06d8e79\",\"name\":\"admin\",\"image\":{\"@type\":\"ImageObject\",\"inLanguage\":\"tr\",\"@id\":\"https:\\\/\\\/secure.gravatar.com\\\/avatar\\\/ccc17943b9d660506c869530f897617f7cb1c21a4bf30023f252596d83e1f007?s=96&d=mm&r=g\",\"url\":\"https:\\\/\\\/secure.gravatar.com\\\/avatar\\\/ccc17943b9d660506c869530f897617f7cb1c21a4bf30023f252596d83e1f007?s=96&d=mm&r=g\",\"contentUrl\":\"https:\\\/\\\/secure.gravatar.com\\\/avatar\\\/ccc17943b9d660506c869530f897617f7cb1c21a4bf30023f252596d83e1f007?s=96&d=mm&r=g\",\"caption\":\"admin\"},\"sameAs\":[\"https:\\\/\\\/kibrisdakik.com\"],\"url\":\"https:\\\/\\\/kibrisdakik.com\\\/?author=1\"}]}<\/script>\n<!-- \/ Yoast SEO plugin. -->","yoast_head_json":{"title":"N\u0130LDEN BEKTA\u015e ERH\u00dcRMAN, \u00c7EVRE VE \u0130KL\u0130M KONUSUNDA TOPLANTI GER\u00c7EKLE\u015eT\u0130RD\u0130 -","robots":{"index":"index","follow":"follow","max-snippet":"max-snippet:-1","max-image-preview":"max-image-preview:large","max-video-preview":"max-video-preview:-1"},"canonical":"https:\/\/kibrisdakik.com\/?p=105022","og_locale":"tr_TR","og_type":"article","og_title":"N\u0130LDEN BEKTA\u015e ERH\u00dcRMAN, \u00c7EVRE VE \u0130KL\u0130M KONUSUNDA TOPLANTI GER\u00c7EKLE\u015eT\u0130RD\u0130 -","og_description":"Cumhurba\u015fkan\u0131 Tufan Erh\u00fcrman\u2019\u0131n e\u015fi, \u00e7evre m\u00fchendisi Nilden Bekta\u015f Erh\u00fcrman, Cumhurba\u015fkanl\u0131\u011f\u0131\u2019nda \u00e7evre ve iklim alan\u0131nda toplant\u0131 d\u00fczenledi. Cumhurba\u015fkanl\u0131\u011f\u0131\u2019ndan verilen bilgiye g\u00f6re, toplant\u0131ya, \u00e7evre konular\u0131nda \u00e7al\u0131\u015fmalar\u0131n\u0131 s\u00fcrd\u00fcren sivil toplum \u00f6rg\u00fctleri, ilgili odalar ve \u00fcniversite yetkilileri kat\u0131ld\u0131. Cumhurba\u015fkanl\u0131\u011f\u0131 \u00c7evre Dan\u0131\u015fman\u0131 \u0130brahim Alkan\u2019\u0131n da haz\u0131r bulundu\u011fu toplant\u0131da, Nilden Bekta\u015f Erh\u00fcrman, kat\u0131l\u0131m g\u00f6steren t\u00fcm davetlilere te\u015fekk\u00fcr ederek, \u00e7evre alan\u0131nda uzman","og_url":"https:\/\/kibrisdakik.com\/?p=105022","article_published_time":"2026-01-28T10:07:05+00:00","og_image":[{"width":1280,"height":720,"url":"https:\/\/kibrisdakik.com\/wp-content\/uploads\/2026\/01\/mha-sari-beyaz-2719.png","type":"image\/png"}],"author":"admin","twitter_card":"summary_large_image","twitter_misc":{"Yazan:":"admin","Tahmini okuma s\u00fcresi":"1 dakika"},"schema":{"@context":"https:\/\/schema.org","@graph":[{"@type":"Article","@id":"https:\/\/kibrisdakik.com\/?p=105022#article","isPartOf":{"@id":"https:\/\/kibrisdakik.com\/?p=105022"},"author":{"name":"admin","@id":"https:\/\/kibrisdakik.com\/#\/schema\/person\/9cd9d437bbb44f72b73ba127e06d8e79"},"headline":"N\u0130LDEN BEKTA\u015e ERH\u00dcRMAN, \u00c7EVRE VE \u0130KL\u0130M KONUSUNDA TOPLANTI GER\u00c7EKLE\u015eT\u0130RD\u0130","datePublished":"2026-01-28T10:07:05+00:00","mainEntityOfPage":{"@id":"https:\/\/kibrisdakik.com\/?p=105022"},"wordCount":300,"commentCount":0,"image":{"@id":"https:\/\/kibrisdakik.com\/?p=105022#primaryimage"},"thumbnailUrl":"https:\/\/kibrisdakik.com\/wp-content\/uploads\/2026\/01\/mha-sari-beyaz-2719.png","articleSection":["K\u0131br\u0131s"],"inLanguage":"tr","potentialAction":[{"@type":"CommentAction","name":"Comment","target":["https:\/\/kibrisdakik.com\/?p=105022#respond"]}]},{"@type":"WebPage","@id":"https:\/\/kibrisdakik.com\/?p=105022","url":"https:\/\/kibrisdakik.com\/?p=105022","name":"N\u0130LDEN BEKTA\u015e ERH\u00dcRMAN, \u00c7EVRE VE \u0130KL\u0130M KONUSUNDA TOPLANTI GER\u00c7EKLE\u015eT\u0130RD\u0130 -","isPartOf":{"@id":"https:\/\/kibrisdakik.com\/#website"},"primaryImageOfPage":{"@id":"https:\/\/kibrisdakik.com\/?p=105022#primaryimage"},"image":{"@id":"https:\/\/kibrisdakik.com\/?p=105022#primaryimage"},"thumbnailUrl":"https:\/\/kibrisdakik.com\/wp-content\/uploads\/2026\/01\/mha-sari-beyaz-2719.png","datePublished":"2026-01-28T10:07:05+00:00","author":{"@id":"https:\/\/kibrisdakik.com\/#\/schema\/person\/9cd9d437bbb44f72b73ba127e06d8e79"},"breadcrumb":{"@id":"https:\/\/kibrisdakik.com\/?p=105022#breadcrumb"},"inLanguage":"tr","potentialAction":[{"@type":"ReadAction","target":["https:\/\/kibrisdakik.com\/?p=105022"]}]},{"@type":"ImageObject","inLanguage":"tr","@id":"https:\/\/kibrisdakik.com\/?p=105022#primaryimage","url":"https:\/\/kibrisdakik.com\/wp-content\/uploads\/2026\/01\/mha-sari-beyaz-2719.png","contentUrl":"https:\/\/kibrisdakik.com\/wp-content\/uploads\/2026\/01\/mha-sari-beyaz-2719.png","width":1280,"height":720},{"@type":"BreadcrumbList","@id":"https:\/\/kibrisdakik.com\/?p=105022#breadcrumb","itemListElement":[{"@type":"ListItem","position":1,"name":"Home","item":"https:\/\/kibrisdakik.com\/"},{"@type":"ListItem","position":2,"name":"N\u0130LDEN BEKTA\u015e ERH\u00dcRMAN, \u00c7EVRE VE \u0130KL\u0130M KONUSUNDA TOPLANTI GER\u00c7EKLE\u015eT\u0130RD\u0130"}]},{"@type":"WebSite","@id":"https:\/\/kibrisdakik.com\/#website","url":"https:\/\/kibrisdakik.com\/","name":"","description":"Tam vaktinde haber","potentialAction":[{"@type":"SearchAction","target":{"@type":"EntryPoint","urlTemplate":"https:\/\/kibrisdakik.com\/?s={search_term_string}"},"query-input":{"@type":"PropertyValueSpecification","valueRequired":true,"valueName":"search_term_string"}}],"inLanguage":"tr"},{"@type":"Person","@id":"https:\/\/kibrisdakik.com\/#\/schema\/person\/9cd9d437bbb44f72b73ba127e06d8e79","name":"admin","image":{"@type":"ImageObject","inLanguage":"tr","@id":"https:\/\/secure.gravatar.com\/avatar\/ccc17943b9d660506c869530f897617f7cb1c21a4bf30023f252596d83e1f007?s=96&d=mm&r=g","url":"https:\/\/secure.gravatar.com\/avatar\/ccc17943b9d660506c869530f897617f7cb1c21a4bf30023f252596d83e1f007?s=96&d=mm&r=g","contentUrl":"https:\/\/secure.gravatar.com\/avatar\/ccc17943b9d660506c869530f897617f7cb1c21a4bf30023f252596d83e1f007?s=96&d=mm&r=g","caption":"admin"},"sameAs":["https:\/\/kibrisdakik.com"],"url":"https:\/\/kibrisdakik.com\/?author=1"}]}},"_links":{"self":[{"href":"https:\/\/kibrisdakik.com\/index.php?rest_route=\/wp\/v2\/posts\/105022","targetHints":{"allow":["GET"]}}],"collection":[{"href":"https:\/\/kibrisdakik.com\/index.php?rest_route=\/wp\/v2\/posts"}],"about":[{"href":"https:\/\/kibrisdakik.com\/index.php?rest_route=\/wp\/v2\/types\/post"}],"author":[{"embeddable":true,"href":"https:\/\/kibrisdakik.com\/index.php?rest_route=\/wp\/v2\/users\/1"}],"replies":[{"embeddable":true,"href":"https:\/\/kibrisdakik.com\/index.php?rest_route=%2Fwp%2Fv2%2Fcomments&post=105022"}],"version-history":[{"count":0,"href":"https:\/\/kibrisdakik.com\/index.php?rest_route=\/wp\/v2\/posts\/105022\/revisions"}],"wp:featuredmedia":[{"embeddable":true,"href":"https:\/\/kibrisdakik.com\/index.php?rest_route=\/wp\/v2\/media\/105023"}],"wp:attachment":[{"href":"https:\/\/kibrisdakik.com\/index.php?rest_route=%2Fwp%2Fv2%2Fmedia&parent=105022"}],"wp:term":[{"taxonomy":"category","embeddable":true,"href":"https:\/\/kibrisdakik.com\/index.php?rest_route=%2Fwp%2Fv2%2Fcategories&post=105022"},{"taxonomy":"post_tag","embeddable":true,"href":"https:\/\/kibrisdakik.com\/index.php?rest_route=%2Fwp%2Fv2%2Ftags&post=105022"}],"curies":[{"name":"wp","href":"https:\/\/api.w.org\/{rel}","templated":true}]}}