{"id":105121,"date":"2026-01-29T14:44:19","date_gmt":"2026-01-29T12:44:19","guid":{"rendered":"https:\/\/kibrisdakik.com\/index.php\/2026\/01\/29\/kamuda-yetkili-bes-sendikadan-meclis-onunde-eylem\/"},"modified":"2026-01-29T14:44:19","modified_gmt":"2026-01-29T12:44:19","slug":"kamuda-yetkili-bes-sendikadan-meclis-onunde-eylem","status":"publish","type":"post","link":"https:\/\/kibrisdakik.com\/?p=105121","title":{"rendered":"KAMUDA YETK\u0130L\u0130 BE\u015e SEND\u0130KADAN MECL\u0130S \u00d6N\u00dcNDE EYLEM"},"content":{"rendered":"<p><\/p>\n<div data-text-id=\"195037\" property=\"articleBody\">\n<p>Kamuda yetkili be\u015f sendika Meclis \u00f6n\u00fcnde eylem yaparak, Cumhuriyet Meclisi Ba\u015fkan\u0131 Ziya \u00d6zt\u00fcrkler\u2019i protesto etti.<\/p>\n<p>K\u0131br\u0131s T\u00fcrk Amme Memurlar\u0131 Sendikas\u0131 (KTAMS), K\u0131br\u0131s T\u00fcrk Kamu G\u00f6revlileri Sendikas\u0131 (KAMUSEN), Kamu \u0130\u015f\u00e7ileri Sendikas\u0131 (KAMU-\u0130\u015e), K\u0131br\u0131s T\u00fcrk \u00d6\u011fretmenler Sendikas\u0131 (KT\u00d6S) ve K\u0131br\u0131s T\u00fcrk Orta E\u011fitim \u00d6\u011fretmenler Sendikas\u0131 yetkililerinin kat\u0131ld\u0131\u011f\u0131 eyleme, Kooperatif G\u00f6revlileri Sendikas\u0131 (KOOP-SEN) da destek verdi.<\/p>\n<p>Eylemde, Meclis Ba\u015fkan\u0131 i\u00e7in haz\u0131rlanan mesaj i\u00e7erikli sembolik \u201cdiploma\u201d, \u00d6zt\u00fcrkler\u2019e iletilmek \u00fczere g\u00f6revli polise verildi.<\/p>\n<p>-Bengihan<\/p>\n<p>KTAMS Ba\u015fkan\u0131 G\u00fcven Bengihan eylemde yapt\u0131\u011f\u0131 konu\u015fmada, Meclis Ba\u015fkan\u0131 ile ilgili iddialara dikkat \u00e7ekerek, bu iddialar\u0131n oda\u011f\u0131ndaki \u00fcniversitede sahte diplomalarla mezun olan ki\u015filer oldu\u011funu belirtti.<\/p>\n<p>H\u00fck\u00fcmetteki UBP, DP ve YDP\u2019yi \u201csaadet zinciri partileri\u201d olarak niteleyen Bengihan, \u201cMeclis Ba\u015fkan\u0131n\u0131n yurtta\u015fl\u0131k verdi\u011fi rekt\u00f6r yard\u0131mc\u0131lar\u0131, bir\u00e7ok insan\u0131 bir g\u00fcnde mezun ettiler. Hatta kimisi doktoral\u0131, masterl\u0131 lisans mezunu oldu\u201d iddias\u0131nda bulundu.<\/p>\n<p>\u201cA\u011flanacak halimizle dalga ge\u00e7iyoruz\u201d diyen Bengihan, Meclis Ba\u015fkan\u0131&#8217;n\u0131n hem ilgili rekt\u00f6r yard\u0131mc\u0131s\u0131n\u0131 hem de ailesini yurtta\u015f yapt\u0131\u011f\u0131n\u0131 ileri s\u00fcrd\u00fc.<\/p>\n<p>\u00d6zt\u00fcrkler\u2019e \u201cdiploma\u201d takdim etmek i\u00e7in geldiklerini belirten Bengihan, \u201cAnlayan anlar, mesaj\u0131 yerinde vermeye geldik\u201d dedi.<\/p>\n<p>\u201cBu iddialar normal bir vatanda\u015f hakk\u0131nda olsayd\u0131, soru\u015fturma a\u00e7\u0131l\u0131rd\u0131 ve dava g\u00f6r\u00fc\u015f\u00fclmeye ba\u015flan\u0131rd\u0131\u201d diyen Bengihan, bu d\u00fczenden rahats\u0131z olduklar\u0131n\u0131 kaydetti.<\/p>\n<p>Bengihan, \u201cNe bu toplum, ne bu \u00fclke, ne de \u00e7ocuklar\u0131m\u0131z bu \u015fekilde y\u00f6netilmeyi hak etmiyor ve hak etmedi\u011fimiz bu d\u00fczene kar\u015f\u0131 m\u00fccadele veriyoruz. Bu d\u00fczen de\u011fi\u015fene kadar m\u00fccadele etmeye devam edece\u011fiz\u201d \u015feklinde konu\u015ftu.<\/p>\n<p>-Eylem<\/p>\n<p>KTOE\u00d6S Ba\u015fkan\u0131 Selma Eylem de, \u201csaadet zincirinin\u201d \u00f6nemli bir ayr\u0131nt\u0131 ve mesaj oldu\u011funu ifade ederek, \u201cBurada kurulan \u00fcniversitelerin uzant\u0131lar\u0131n\u0131n nerede oldu\u011fu bellidir\u201d dedi.<\/p>\n<p>Eylem, \u00fcniversitelere, kurs yerlerine izin verilmesinden direkt olarak Milli E\u011fitim Bakanl\u0131\u011f\u0131\u2019n\u0131n sorumlu oldu\u011funa dikkat \u00e7ekti.<\/p>\n<p>Meclis\u2019e girip, diplomay\u0131 Meclis Ba\u015fkan\u0131na takdim etmek isteyen sendika ba\u015fkanlar\u0131, bir s\u00fcre bekledikten sonra \u201cdiplomay\u0131\u201d kendisine iletilmek \u00fczere g\u00f6revli polise verdi.<\/p>\n<\/p><\/div>\n","protected":false},"excerpt":{"rendered":"<p>Kamuda yetkili be\u015f sendika Meclis \u00f6n\u00fcnde eylem yaparak, Cumhuriyet Meclisi Ba\u015fkan\u0131 Ziya \u00d6zt\u00fcrkler\u2019i protesto etti. K\u0131br\u0131s T\u00fcrk Amme Memurlar\u0131 Sendikas\u0131 (KTAMS), K\u0131br\u0131s T\u00fcrk Kamu G\u00f6revlileri Sendikas\u0131 (KAMUSEN), Kamu \u0130\u015f\u00e7ileri Sendikas\u0131 (KAMU-\u0130\u015e), K\u0131br\u0131s T\u00fcrk \u00d6\u011fretmenler Sendikas\u0131 (KT\u00d6S) ve K\u0131br\u0131s T\u00fcrk Orta E\u011fitim \u00d6\u011fretmenler Sendikas\u0131 yetkililerinin kat\u0131ld\u0131\u011f\u0131 eyleme, Kooperatif G\u00f6revlileri Sendikas\u0131 (KOOP-SEN) da destek verdi. Eylemde, Meclis<\/p>\n","protected":false},"author":1,"featured_media":105122,"comment_status":"open","ping_status":"open","sticky":false,"template":"","format":"standard","meta":{"footnotes":""},"categories":[81],"tags":[],"class_list":["post-105121","post","type-post","status-publish","format-standard","has-post-thumbnail","hentry","category-kibris"],"yoast_head":"<!-- This site is optimized with the Yoast SEO plugin v27.5 - https:\/\/yoast.com\/product\/yoast-seo-wordpress\/ -->\n<title>KAMUDA YETK\u0130L\u0130 BE\u015e SEND\u0130KADAN MECL\u0130S \u00d6N\u00dcNDE EYLEM -<\/title>\n<meta name=\"robots\" content=\"index, follow, max-snippet:-1, max-image-preview:large, max-video-preview:-1\" \/>\n<link rel=\"canonical\" href=\"https:\/\/kibrisdakik.com\/?p=105121\" \/>\n<meta property=\"og:locale\" content=\"tr_TR\" \/>\n<meta property=\"og:type\" content=\"article\" \/>\n<meta property=\"og:title\" content=\"KAMUDA YETK\u0130L\u0130 BE\u015e SEND\u0130KADAN MECL\u0130S \u00d6N\u00dcNDE EYLEM -\" \/>\n<meta property=\"og:description\" content=\"Kamuda yetkili be\u015f sendika Meclis \u00f6n\u00fcnde eylem yaparak, Cumhuriyet Meclisi Ba\u015fkan\u0131 Ziya \u00d6zt\u00fcrkler\u2019i protesto etti. K\u0131br\u0131s T\u00fcrk Amme Memurlar\u0131 Sendikas\u0131 (KTAMS), K\u0131br\u0131s T\u00fcrk Kamu G\u00f6revlileri Sendikas\u0131 (KAMUSEN), Kamu \u0130\u015f\u00e7ileri Sendikas\u0131 (KAMU-\u0130\u015e), K\u0131br\u0131s T\u00fcrk \u00d6\u011fretmenler Sendikas\u0131 (KT\u00d6S) ve K\u0131br\u0131s T\u00fcrk Orta E\u011fitim \u00d6\u011fretmenler Sendikas\u0131 yetkililerinin kat\u0131ld\u0131\u011f\u0131 eyleme, Kooperatif G\u00f6revlileri Sendikas\u0131 (KOOP-SEN) da destek verdi. Eylemde, Meclis\" \/>\n<meta property=\"og:url\" content=\"https:\/\/kibrisdakik.com\/?p=105121\" \/>\n<meta property=\"article:published_time\" content=\"2026-01-29T12:44:19+00:00\" \/>\n<meta property=\"og:image\" content=\"https:\/\/kibrisdakik.com\/wp-content\/uploads\/2026\/01\/mha-sari-beyaz-2756.png\" \/>\n\t<meta property=\"og:image:width\" content=\"1280\" \/>\n\t<meta property=\"og:image:height\" content=\"720\" \/>\n\t<meta property=\"og:image:type\" content=\"image\/png\" \/>\n<meta name=\"author\" content=\"admin\" \/>\n<meta name=\"twitter:card\" content=\"summary_large_image\" \/>\n<meta name=\"twitter:label1\" content=\"Yazan:\" \/>\n\t<meta name=\"twitter:data1\" content=\"admin\" \/>\n\t<meta name=\"twitter:label2\" content=\"Tahmini okuma s\u00fcresi\" \/>\n\t<meta name=\"twitter:data2\" content=\"2 dakika\" \/>\n<script type=\"application\/ld+json\" class=\"yoast-schema-graph\">{\"@context\":\"https:\\\/\\\/schema.org\",\"@graph\":[{\"@type\":\"Article\",\"@id\":\"https:\\\/\\\/kibrisdakik.com\\\/?p=105121#article\",\"isPartOf\":{\"@id\":\"https:\\\/\\\/kibrisdakik.com\\\/?p=105121\"},\"author\":{\"name\":\"admin\",\"@id\":\"https:\\\/\\\/kibrisdakik.com\\\/#\\\/schema\\\/person\\\/9cd9d437bbb44f72b73ba127e06d8e79\"},\"headline\":\"KAMUDA YETK\u0130L\u0130 BE\u015e SEND\u0130KADAN MECL\u0130S \u00d6N\u00dcNDE EYLEM\",\"datePublished\":\"2026-01-29T12:44:19+00:00\",\"mainEntityOfPage\":{\"@id\":\"https:\\\/\\\/kibrisdakik.com\\\/?p=105121\"},\"wordCount\":390,\"commentCount\":0,\"image\":{\"@id\":\"https:\\\/\\\/kibrisdakik.com\\\/?p=105121#primaryimage\"},\"thumbnailUrl\":\"https:\\\/\\\/kibrisdakik.com\\\/wp-content\\\/uploads\\\/2026\\\/01\\\/mha-sari-beyaz-2756.png\",\"articleSection\":[\"K\u0131br\u0131s\"],\"inLanguage\":\"tr\",\"potentialAction\":[{\"@type\":\"CommentAction\",\"name\":\"Comment\",\"target\":[\"https:\\\/\\\/kibrisdakik.com\\\/?p=105121#respond\"]}]},{\"@type\":\"WebPage\",\"@id\":\"https:\\\/\\\/kibrisdakik.com\\\/?p=105121\",\"url\":\"https:\\\/\\\/kibrisdakik.com\\\/?p=105121\",\"name\":\"KAMUDA YETK\u0130L\u0130 BE\u015e SEND\u0130KADAN MECL\u0130S \u00d6N\u00dcNDE EYLEM -\",\"isPartOf\":{\"@id\":\"https:\\\/\\\/kibrisdakik.com\\\/#website\"},\"primaryImageOfPage\":{\"@id\":\"https:\\\/\\\/kibrisdakik.com\\\/?p=105121#primaryimage\"},\"image\":{\"@id\":\"https:\\\/\\\/kibrisdakik.com\\\/?p=105121#primaryimage\"},\"thumbnailUrl\":\"https:\\\/\\\/kibrisdakik.com\\\/wp-content\\\/uploads\\\/2026\\\/01\\\/mha-sari-beyaz-2756.png\",\"datePublished\":\"2026-01-29T12:44:19+00:00\",\"author\":{\"@id\":\"https:\\\/\\\/kibrisdakik.com\\\/#\\\/schema\\\/person\\\/9cd9d437bbb44f72b73ba127e06d8e79\"},\"breadcrumb\":{\"@id\":\"https:\\\/\\\/kibrisdakik.com\\\/?p=105121#breadcrumb\"},\"inLanguage\":\"tr\",\"potentialAction\":[{\"@type\":\"ReadAction\",\"target\":[\"https:\\\/\\\/kibrisdakik.com\\\/?p=105121\"]}]},{\"@type\":\"ImageObject\",\"inLanguage\":\"tr\",\"@id\":\"https:\\\/\\\/kibrisdakik.com\\\/?p=105121#primaryimage\",\"url\":\"https:\\\/\\\/kibrisdakik.com\\\/wp-content\\\/uploads\\\/2026\\\/01\\\/mha-sari-beyaz-2756.png\",\"contentUrl\":\"https:\\\/\\\/kibrisdakik.com\\\/wp-content\\\/uploads\\\/2026\\\/01\\\/mha-sari-beyaz-2756.png\",\"width\":1280,\"height\":720},{\"@type\":\"BreadcrumbList\",\"@id\":\"https:\\\/\\\/kibrisdakik.com\\\/?p=105121#breadcrumb\",\"itemListElement\":[{\"@type\":\"ListItem\",\"position\":1,\"name\":\"Home\",\"item\":\"https:\\\/\\\/kibrisdakik.com\\\/\"},{\"@type\":\"ListItem\",\"position\":2,\"name\":\"KAMUDA YETK\u0130L\u0130 BE\u015e SEND\u0130KADAN MECL\u0130S \u00d6N\u00dcNDE EYLEM\"}]},{\"@type\":\"WebSite\",\"@id\":\"https:\\\/\\\/kibrisdakik.com\\\/#website\",\"url\":\"https:\\\/\\\/kibrisdakik.com\\\/\",\"name\":\"\",\"description\":\"Tam vaktinde haber\",\"potentialAction\":[{\"@type\":\"SearchAction\",\"target\":{\"@type\":\"EntryPoint\",\"urlTemplate\":\"https:\\\/\\\/kibrisdakik.com\\\/?s={search_term_string}\"},\"query-input\":{\"@type\":\"PropertyValueSpecification\",\"valueRequired\":true,\"valueName\":\"search_term_string\"}}],\"inLanguage\":\"tr\"},{\"@type\":\"Person\",\"@id\":\"https:\\\/\\\/kibrisdakik.com\\\/#\\\/schema\\\/person\\\/9cd9d437bbb44f72b73ba127e06d8e79\",\"name\":\"admin\",\"image\":{\"@type\":\"ImageObject\",\"inLanguage\":\"tr\",\"@id\":\"https:\\\/\\\/secure.gravatar.com\\\/avatar\\\/ccc17943b9d660506c869530f897617f7cb1c21a4bf30023f252596d83e1f007?s=96&d=mm&r=g\",\"url\":\"https:\\\/\\\/secure.gravatar.com\\\/avatar\\\/ccc17943b9d660506c869530f897617f7cb1c21a4bf30023f252596d83e1f007?s=96&d=mm&r=g\",\"contentUrl\":\"https:\\\/\\\/secure.gravatar.com\\\/avatar\\\/ccc17943b9d660506c869530f897617f7cb1c21a4bf30023f252596d83e1f007?s=96&d=mm&r=g\",\"caption\":\"admin\"},\"sameAs\":[\"https:\\\/\\\/kibrisdakik.com\"],\"url\":\"https:\\\/\\\/kibrisdakik.com\\\/?author=1\"}]}<\/script>\n<!-- \/ Yoast SEO plugin. -->","yoast_head_json":{"title":"KAMUDA YETK\u0130L\u0130 BE\u015e SEND\u0130KADAN MECL\u0130S \u00d6N\u00dcNDE EYLEM -","robots":{"index":"index","follow":"follow","max-snippet":"max-snippet:-1","max-image-preview":"max-image-preview:large","max-video-preview":"max-video-preview:-1"},"canonical":"https:\/\/kibrisdakik.com\/?p=105121","og_locale":"tr_TR","og_type":"article","og_title":"KAMUDA YETK\u0130L\u0130 BE\u015e SEND\u0130KADAN MECL\u0130S \u00d6N\u00dcNDE EYLEM -","og_description":"Kamuda yetkili be\u015f sendika Meclis \u00f6n\u00fcnde eylem yaparak, Cumhuriyet Meclisi Ba\u015fkan\u0131 Ziya \u00d6zt\u00fcrkler\u2019i protesto etti. K\u0131br\u0131s T\u00fcrk Amme Memurlar\u0131 Sendikas\u0131 (KTAMS), K\u0131br\u0131s T\u00fcrk Kamu G\u00f6revlileri Sendikas\u0131 (KAMUSEN), Kamu \u0130\u015f\u00e7ileri Sendikas\u0131 (KAMU-\u0130\u015e), K\u0131br\u0131s T\u00fcrk \u00d6\u011fretmenler Sendikas\u0131 (KT\u00d6S) ve K\u0131br\u0131s T\u00fcrk Orta E\u011fitim \u00d6\u011fretmenler Sendikas\u0131 yetkililerinin kat\u0131ld\u0131\u011f\u0131 eyleme, Kooperatif G\u00f6revlileri Sendikas\u0131 (KOOP-SEN) da destek verdi. Eylemde, Meclis","og_url":"https:\/\/kibrisdakik.com\/?p=105121","article_published_time":"2026-01-29T12:44:19+00:00","og_image":[{"width":1280,"height":720,"url":"https:\/\/kibrisdakik.com\/wp-content\/uploads\/2026\/01\/mha-sari-beyaz-2756.png","type":"image\/png"}],"author":"admin","twitter_card":"summary_large_image","twitter_misc":{"Yazan:":"admin","Tahmini okuma s\u00fcresi":"2 dakika"},"schema":{"@context":"https:\/\/schema.org","@graph":[{"@type":"Article","@id":"https:\/\/kibrisdakik.com\/?p=105121#article","isPartOf":{"@id":"https:\/\/kibrisdakik.com\/?p=105121"},"author":{"name":"admin","@id":"https:\/\/kibrisdakik.com\/#\/schema\/person\/9cd9d437bbb44f72b73ba127e06d8e79"},"headline":"KAMUDA YETK\u0130L\u0130 BE\u015e SEND\u0130KADAN MECL\u0130S \u00d6N\u00dcNDE EYLEM","datePublished":"2026-01-29T12:44:19+00:00","mainEntityOfPage":{"@id":"https:\/\/kibrisdakik.com\/?p=105121"},"wordCount":390,"commentCount":0,"image":{"@id":"https:\/\/kibrisdakik.com\/?p=105121#primaryimage"},"thumbnailUrl":"https:\/\/kibrisdakik.com\/wp-content\/uploads\/2026\/01\/mha-sari-beyaz-2756.png","articleSection":["K\u0131br\u0131s"],"inLanguage":"tr","potentialAction":[{"@type":"CommentAction","name":"Comment","target":["https:\/\/kibrisdakik.com\/?p=105121#respond"]}]},{"@type":"WebPage","@id":"https:\/\/kibrisdakik.com\/?p=105121","url":"https:\/\/kibrisdakik.com\/?p=105121","name":"KAMUDA YETK\u0130L\u0130 BE\u015e SEND\u0130KADAN MECL\u0130S \u00d6N\u00dcNDE EYLEM -","isPartOf":{"@id":"https:\/\/kibrisdakik.com\/#website"},"primaryImageOfPage":{"@id":"https:\/\/kibrisdakik.com\/?p=105121#primaryimage"},"image":{"@id":"https:\/\/kibrisdakik.com\/?p=105121#primaryimage"},"thumbnailUrl":"https:\/\/kibrisdakik.com\/wp-content\/uploads\/2026\/01\/mha-sari-beyaz-2756.png","datePublished":"2026-01-29T12:44:19+00:00","author":{"@id":"https:\/\/kibrisdakik.com\/#\/schema\/person\/9cd9d437bbb44f72b73ba127e06d8e79"},"breadcrumb":{"@id":"https:\/\/kibrisdakik.com\/?p=105121#breadcrumb"},"inLanguage":"tr","potentialAction":[{"@type":"ReadAction","target":["https:\/\/kibrisdakik.com\/?p=105121"]}]},{"@type":"ImageObject","inLanguage":"tr","@id":"https:\/\/kibrisdakik.com\/?p=105121#primaryimage","url":"https:\/\/kibrisdakik.com\/wp-content\/uploads\/2026\/01\/mha-sari-beyaz-2756.png","contentUrl":"https:\/\/kibrisdakik.com\/wp-content\/uploads\/2026\/01\/mha-sari-beyaz-2756.png","width":1280,"height":720},{"@type":"BreadcrumbList","@id":"https:\/\/kibrisdakik.com\/?p=105121#breadcrumb","itemListElement":[{"@type":"ListItem","position":1,"name":"Home","item":"https:\/\/kibrisdakik.com\/"},{"@type":"ListItem","position":2,"name":"KAMUDA YETK\u0130L\u0130 BE\u015e SEND\u0130KADAN MECL\u0130S \u00d6N\u00dcNDE EYLEM"}]},{"@type":"WebSite","@id":"https:\/\/kibrisdakik.com\/#website","url":"https:\/\/kibrisdakik.com\/","name":"","description":"Tam vaktinde haber","potentialAction":[{"@type":"SearchAction","target":{"@type":"EntryPoint","urlTemplate":"https:\/\/kibrisdakik.com\/?s={search_term_string}"},"query-input":{"@type":"PropertyValueSpecification","valueRequired":true,"valueName":"search_term_string"}}],"inLanguage":"tr"},{"@type":"Person","@id":"https:\/\/kibrisdakik.com\/#\/schema\/person\/9cd9d437bbb44f72b73ba127e06d8e79","name":"admin","image":{"@type":"ImageObject","inLanguage":"tr","@id":"https:\/\/secure.gravatar.com\/avatar\/ccc17943b9d660506c869530f897617f7cb1c21a4bf30023f252596d83e1f007?s=96&d=mm&r=g","url":"https:\/\/secure.gravatar.com\/avatar\/ccc17943b9d660506c869530f897617f7cb1c21a4bf30023f252596d83e1f007?s=96&d=mm&r=g","contentUrl":"https:\/\/secure.gravatar.com\/avatar\/ccc17943b9d660506c869530f897617f7cb1c21a4bf30023f252596d83e1f007?s=96&d=mm&r=g","caption":"admin"},"sameAs":["https:\/\/kibrisdakik.com"],"url":"https:\/\/kibrisdakik.com\/?author=1"}]}},"_links":{"self":[{"href":"https:\/\/kibrisdakik.com\/index.php?rest_route=\/wp\/v2\/posts\/105121","targetHints":{"allow":["GET"]}}],"collection":[{"href":"https:\/\/kibrisdakik.com\/index.php?rest_route=\/wp\/v2\/posts"}],"about":[{"href":"https:\/\/kibrisdakik.com\/index.php?rest_route=\/wp\/v2\/types\/post"}],"author":[{"embeddable":true,"href":"https:\/\/kibrisdakik.com\/index.php?rest_route=\/wp\/v2\/users\/1"}],"replies":[{"embeddable":true,"href":"https:\/\/kibrisdakik.com\/index.php?rest_route=%2Fwp%2Fv2%2Fcomments&post=105121"}],"version-history":[{"count":0,"href":"https:\/\/kibrisdakik.com\/index.php?rest_route=\/wp\/v2\/posts\/105121\/revisions"}],"wp:featuredmedia":[{"embeddable":true,"href":"https:\/\/kibrisdakik.com\/index.php?rest_route=\/wp\/v2\/media\/105122"}],"wp:attachment":[{"href":"https:\/\/kibrisdakik.com\/index.php?rest_route=%2Fwp%2Fv2%2Fmedia&parent=105121"}],"wp:term":[{"taxonomy":"category","embeddable":true,"href":"https:\/\/kibrisdakik.com\/index.php?rest_route=%2Fwp%2Fv2%2Fcategories&post=105121"},{"taxonomy":"post_tag","embeddable":true,"href":"https:\/\/kibrisdakik.com\/index.php?rest_route=%2Fwp%2Fv2%2Ftags&post=105121"}],"curies":[{"name":"wp","href":"https:\/\/api.w.org\/{rel}","templated":true}]}}