{"id":105149,"date":"2026-01-29T17:57:01","date_gmt":"2026-01-29T15:57:01","guid":{"rendered":"https:\/\/kibrisdakik.com\/index.php\/2026\/01\/29\/tatlisudaki-olumlu-kazada-saniga-2-yil-6-ay-hapis-cezasi-verildi\/"},"modified":"2026-01-29T17:57:01","modified_gmt":"2026-01-29T15:57:01","slug":"tatlisudaki-olumlu-kazada-saniga-2-yil-6-ay-hapis-cezasi-verildi","status":"publish","type":"post","link":"https:\/\/kibrisdakik.com\/?p=105149","title":{"rendered":"TATLISU\u2019DAK\u0130 \u00d6L\u00dcML\u00dc KAZADA SANI\u011eA 2 YIL 6 AY HAP\u0130S CEZASI VER\u0130LD\u0130"},"content":{"rendered":"<p><\/p>\n<div data-text-id=\"195067\" property=\"articleBody\">\n<p>Tatl\u0131su yolunda 2024 y\u0131l\u0131nda Cemre Y\u00f6net\u2019in hayat\u0131n\u0131 kaybetti\u011fi kazada <strong>M.A.<\/strong> 2 y\u0131l 6 ay hapis cezas\u0131na mahkum edildi<\/p>\n<p>A\u0130LELER \u201cADALET\u0130N\u0130Z BATSIN\u201d D\u0130YE HAYKIRDI<\/p>\n<p>Girne Tatl\u0131su Anayolunda 2024 y\u0131l\u0131nda meydana gelen trafik kazas\u0131nda Cemre Y\u00f6net\u2019in \u00f6l\u00fcm\u00fc ile sonu\u00e7lanan trafik kazas\u0131nda yarg\u0131lanan <strong>M.A.<\/strong> yarg\u0131land\u0131\u011f\u0131 6 davadan su\u00e7lu bulundu. Ba\u015fkanl\u0131\u011f\u0131n\u0131 Melek Esenda\u011fl\u0131\u2019n\u0131n yapt\u0131\u011f\u0131 K\u0131demli Yarg\u0131\u00e7 Alev U.H\u00fcdaverdi ve Yarg\u0131\u00e7 Temay Sa\u011fer\u2019in oy birli\u011fi ile ald\u0131\u011f\u0131 karar\u0131 Yarg\u0131\u00e7 Temay Sa\u011fer a\u00e7\u0131klad\u0131.<\/p>\n<p>SALONDA VE MAHKEME AVLUSUNDA GEN\u0130\u015e G\u00dcVENL\u0130K \u00d6NLEM\u0130<br \/>&#13;<br \/>\n<strong>M.A.<\/strong>\u2019n\u0131n yarg\u0131land\u0131\u011f\u0131 davada polis Girne Kaza Mahkemesi avlusunda ve A\u011f\u0131r Ceza salonunda geni\u015f g\u00fcvenlik \u00f6nlemi ald\u0131. Farkl\u0131 trafik kazalar\u0131nda yak\u0131nlar\u0131n\u0131, evlatlar\u0131n\u0131 kaybeden aileler \u201cadalet istiyoruz\u201d diye hayk\u0131rd\u0131.<\/p>\n<p>124 PROM\u0130L ALKOLL\u00dc D\u0130KKATS\u0130ZD\u0130<br \/>&#13;<br \/>\nYarg\u0131\u00e7 Temay Sa\u011fer, kaza ak\u015fam\u0131 san\u0131k <strong>M.A.<\/strong>\u2019n\u0131n 124 promil alkoll\u00fc direksiyon ba\u015f\u0131na ge\u00e7ti\u011fini, kav\u015fa\u011fa geldi\u011fi zaman dikkatsiz bir \u015fekilde yola \u00e7\u0131karak Y\u00f6net\u2019in y\u00f6netimindeki motosikletin \u00f6n\u00fcn\u00fc t\u0131kayarak kazaya sebebiyet verdi\u011fini s\u00f6yledi. Sa\u011fer ayr\u0131ca hayat\u0131n\u0131 kaybeden Y\u00f6net\u2019in 65 kilometre gitmesi yolda 100 kilometre gitti\u011fini \u201cyorgunum\u201d mesaj\u0131 atmas\u0131na ra\u011fmen yola \u00e7\u0131kt\u0131\u011f\u0131n\u0131 bu durumlar\u0131n katk\u0131sal kusur olarak de\u011ferlendirildi\u011fini ifade etti. Kusurun b\u00fcy\u00fck k\u0131sm\u0131n\u0131n san\u0131kta oldu\u011funa da dikkati \u00e7eken Sa\u011fer, kaza s\u0131ras\u0131nda g\u00f6r\u00fc\u015f mesafesinin a\u00e7\u0131k oldu\u011funu tespit ettiklerini kaydetti.<\/p>\n<p>Y\u00dcKSEK MAHKEME KARARLARI D\u0130KKATE ALINDI<br \/>&#13;<br \/>\nOy birli\u011fi ile al\u0131nan kararda t\u00fcm olgular\u0131n dikkatli de\u011ferlendirildi\u011fini Y\u00fcksek Mahkeme kararlar\u0131n\u0131n da incelendi\u011fini kaydeden Sa\u011fer, san\u0131\u011f\u0131n kaza sonras\u0131 depresyon ve ruhsal sorunlar ya\u015fad\u0131\u011f\u0131n\u0131 ifade etti. Sa\u011fer t\u00fcm olgular \u0131\u015f\u0131\u011f\u0131nda san\u0131k <strong>M.A.<\/strong>\u2019y\u0131 2 y\u0131l 6 ay hapis cezas\u0131na mahkum ettiklerini a\u00e7\u0131klad\u0131.<\/p>\n<\/p><\/div>\n","protected":false},"excerpt":{"rendered":"<p>Tatl\u0131su yolunda 2024 y\u0131l\u0131nda Cemre Y\u00f6net\u2019in hayat\u0131n\u0131 kaybetti\u011fi kazada M.A. 2 y\u0131l 6 ay hapis cezas\u0131na mahkum edildi A\u0130LELER \u201cADALET\u0130N\u0130Z BATSIN\u201d D\u0130YE HAYKIRDI Girne Tatl\u0131su Anayolunda 2024 y\u0131l\u0131nda meydana gelen trafik kazas\u0131nda Cemre Y\u00f6net\u2019in \u00f6l\u00fcm\u00fc ile sonu\u00e7lanan trafik kazas\u0131nda yarg\u0131lanan M.A. yarg\u0131land\u0131\u011f\u0131 6 davadan su\u00e7lu bulundu. Ba\u015fkanl\u0131\u011f\u0131n\u0131 Melek Esenda\u011fl\u0131\u2019n\u0131n yapt\u0131\u011f\u0131 K\u0131demli Yarg\u0131\u00e7 Alev U.H\u00fcdaverdi ve<\/p>\n","protected":false},"author":1,"featured_media":105150,"comment_status":"open","ping_status":"open","sticky":false,"template":"","format":"standard","meta":{"footnotes":""},"categories":[81],"tags":[],"class_list":["post-105149","post","type-post","status-publish","format-standard","has-post-thumbnail","hentry","category-kibris"],"yoast_head":"<!-- This site is optimized with the Yoast SEO plugin v27.5 - https:\/\/yoast.com\/product\/yoast-seo-wordpress\/ -->\n<title>TATLISU\u2019DAK\u0130 \u00d6L\u00dcML\u00dc KAZADA SANI\u011eA 2 YIL 6 AY HAP\u0130S CEZASI VER\u0130LD\u0130 -<\/title>\n<meta name=\"robots\" content=\"index, follow, max-snippet:-1, max-image-preview:large, max-video-preview:-1\" \/>\n<link rel=\"canonical\" href=\"https:\/\/kibrisdakik.com\/?p=105149\" \/>\n<meta property=\"og:locale\" content=\"tr_TR\" \/>\n<meta property=\"og:type\" content=\"article\" \/>\n<meta property=\"og:title\" content=\"TATLISU\u2019DAK\u0130 \u00d6L\u00dcML\u00dc KAZADA SANI\u011eA 2 YIL 6 AY HAP\u0130S CEZASI VER\u0130LD\u0130 -\" \/>\n<meta property=\"og:description\" content=\"Tatl\u0131su yolunda 2024 y\u0131l\u0131nda Cemre Y\u00f6net\u2019in hayat\u0131n\u0131 kaybetti\u011fi kazada M.A. 2 y\u0131l 6 ay hapis cezas\u0131na mahkum edildi A\u0130LELER \u201cADALET\u0130N\u0130Z BATSIN\u201d D\u0130YE HAYKIRDI Girne Tatl\u0131su Anayolunda 2024 y\u0131l\u0131nda meydana gelen trafik kazas\u0131nda Cemre Y\u00f6net\u2019in \u00f6l\u00fcm\u00fc ile sonu\u00e7lanan trafik kazas\u0131nda yarg\u0131lanan M.A. yarg\u0131land\u0131\u011f\u0131 6 davadan su\u00e7lu bulundu. Ba\u015fkanl\u0131\u011f\u0131n\u0131 Melek Esenda\u011fl\u0131\u2019n\u0131n yapt\u0131\u011f\u0131 K\u0131demli Yarg\u0131\u00e7 Alev U.H\u00fcdaverdi ve\" \/>\n<meta property=\"og:url\" content=\"https:\/\/kibrisdakik.com\/?p=105149\" \/>\n<meta property=\"article:published_time\" content=\"2026-01-29T15:57:01+00:00\" \/>\n<meta property=\"og:image\" content=\"https:\/\/kibrisdakik.com\/wp-content\/uploads\/2026\/01\/mha-sari-beyaz-2769.png\" \/>\n\t<meta property=\"og:image:width\" content=\"1280\" \/>\n\t<meta property=\"og:image:height\" content=\"720\" \/>\n\t<meta property=\"og:image:type\" content=\"image\/png\" \/>\n<meta name=\"author\" content=\"admin\" \/>\n<meta name=\"twitter:card\" content=\"summary_large_image\" \/>\n<meta name=\"twitter:label1\" content=\"Yazan:\" \/>\n\t<meta name=\"twitter:data1\" content=\"admin\" \/>\n\t<meta name=\"twitter:label2\" content=\"Tahmini okuma s\u00fcresi\" \/>\n\t<meta name=\"twitter:data2\" content=\"2 dakika\" \/>\n<script type=\"application\/ld+json\" class=\"yoast-schema-graph\">{\"@context\":\"https:\\\/\\\/schema.org\",\"@graph\":[{\"@type\":\"Article\",\"@id\":\"https:\\\/\\\/kibrisdakik.com\\\/?p=105149#article\",\"isPartOf\":{\"@id\":\"https:\\\/\\\/kibrisdakik.com\\\/?p=105149\"},\"author\":{\"name\":\"admin\",\"@id\":\"https:\\\/\\\/kibrisdakik.com\\\/#\\\/schema\\\/person\\\/9cd9d437bbb44f72b73ba127e06d8e79\"},\"headline\":\"TATLISU\u2019DAK\u0130 \u00d6L\u00dcML\u00dc KAZADA SANI\u011eA 2 YIL 6 AY HAP\u0130S CEZASI VER\u0130LD\u0130\",\"datePublished\":\"2026-01-29T15:57:01+00:00\",\"mainEntityOfPage\":{\"@id\":\"https:\\\/\\\/kibrisdakik.com\\\/?p=105149\"},\"wordCount\":353,\"commentCount\":0,\"image\":{\"@id\":\"https:\\\/\\\/kibrisdakik.com\\\/?p=105149#primaryimage\"},\"thumbnailUrl\":\"https:\\\/\\\/kibrisdakik.com\\\/wp-content\\\/uploads\\\/2026\\\/01\\\/mha-sari-beyaz-2769.png\",\"articleSection\":[\"K\u0131br\u0131s\"],\"inLanguage\":\"tr\",\"potentialAction\":[{\"@type\":\"CommentAction\",\"name\":\"Comment\",\"target\":[\"https:\\\/\\\/kibrisdakik.com\\\/?p=105149#respond\"]}]},{\"@type\":\"WebPage\",\"@id\":\"https:\\\/\\\/kibrisdakik.com\\\/?p=105149\",\"url\":\"https:\\\/\\\/kibrisdakik.com\\\/?p=105149\",\"name\":\"TATLISU\u2019DAK\u0130 \u00d6L\u00dcML\u00dc KAZADA SANI\u011eA 2 YIL 6 AY HAP\u0130S CEZASI VER\u0130LD\u0130 -\",\"isPartOf\":{\"@id\":\"https:\\\/\\\/kibrisdakik.com\\\/#website\"},\"primaryImageOfPage\":{\"@id\":\"https:\\\/\\\/kibrisdakik.com\\\/?p=105149#primaryimage\"},\"image\":{\"@id\":\"https:\\\/\\\/kibrisdakik.com\\\/?p=105149#primaryimage\"},\"thumbnailUrl\":\"https:\\\/\\\/kibrisdakik.com\\\/wp-content\\\/uploads\\\/2026\\\/01\\\/mha-sari-beyaz-2769.png\",\"datePublished\":\"2026-01-29T15:57:01+00:00\",\"author\":{\"@id\":\"https:\\\/\\\/kibrisdakik.com\\\/#\\\/schema\\\/person\\\/9cd9d437bbb44f72b73ba127e06d8e79\"},\"breadcrumb\":{\"@id\":\"https:\\\/\\\/kibrisdakik.com\\\/?p=105149#breadcrumb\"},\"inLanguage\":\"tr\",\"potentialAction\":[{\"@type\":\"ReadAction\",\"target\":[\"https:\\\/\\\/kibrisdakik.com\\\/?p=105149\"]}]},{\"@type\":\"ImageObject\",\"inLanguage\":\"tr\",\"@id\":\"https:\\\/\\\/kibrisdakik.com\\\/?p=105149#primaryimage\",\"url\":\"https:\\\/\\\/kibrisdakik.com\\\/wp-content\\\/uploads\\\/2026\\\/01\\\/mha-sari-beyaz-2769.png\",\"contentUrl\":\"https:\\\/\\\/kibrisdakik.com\\\/wp-content\\\/uploads\\\/2026\\\/01\\\/mha-sari-beyaz-2769.png\",\"width\":1280,\"height\":720},{\"@type\":\"BreadcrumbList\",\"@id\":\"https:\\\/\\\/kibrisdakik.com\\\/?p=105149#breadcrumb\",\"itemListElement\":[{\"@type\":\"ListItem\",\"position\":1,\"name\":\"Home\",\"item\":\"https:\\\/\\\/kibrisdakik.com\\\/\"},{\"@type\":\"ListItem\",\"position\":2,\"name\":\"TATLISU\u2019DAK\u0130 \u00d6L\u00dcML\u00dc KAZADA SANI\u011eA 2 YIL 6 AY HAP\u0130S CEZASI VER\u0130LD\u0130\"}]},{\"@type\":\"WebSite\",\"@id\":\"https:\\\/\\\/kibrisdakik.com\\\/#website\",\"url\":\"https:\\\/\\\/kibrisdakik.com\\\/\",\"name\":\"\",\"description\":\"Tam vaktinde haber\",\"potentialAction\":[{\"@type\":\"SearchAction\",\"target\":{\"@type\":\"EntryPoint\",\"urlTemplate\":\"https:\\\/\\\/kibrisdakik.com\\\/?s={search_term_string}\"},\"query-input\":{\"@type\":\"PropertyValueSpecification\",\"valueRequired\":true,\"valueName\":\"search_term_string\"}}],\"inLanguage\":\"tr\"},{\"@type\":\"Person\",\"@id\":\"https:\\\/\\\/kibrisdakik.com\\\/#\\\/schema\\\/person\\\/9cd9d437bbb44f72b73ba127e06d8e79\",\"name\":\"admin\",\"image\":{\"@type\":\"ImageObject\",\"inLanguage\":\"tr\",\"@id\":\"https:\\\/\\\/secure.gravatar.com\\\/avatar\\\/ccc17943b9d660506c869530f897617f7cb1c21a4bf30023f252596d83e1f007?s=96&d=mm&r=g\",\"url\":\"https:\\\/\\\/secure.gravatar.com\\\/avatar\\\/ccc17943b9d660506c869530f897617f7cb1c21a4bf30023f252596d83e1f007?s=96&d=mm&r=g\",\"contentUrl\":\"https:\\\/\\\/secure.gravatar.com\\\/avatar\\\/ccc17943b9d660506c869530f897617f7cb1c21a4bf30023f252596d83e1f007?s=96&d=mm&r=g\",\"caption\":\"admin\"},\"sameAs\":[\"https:\\\/\\\/kibrisdakik.com\"],\"url\":\"https:\\\/\\\/kibrisdakik.com\\\/?author=1\"}]}<\/script>\n<!-- \/ Yoast SEO plugin. -->","yoast_head_json":{"title":"TATLISU\u2019DAK\u0130 \u00d6L\u00dcML\u00dc KAZADA SANI\u011eA 2 YIL 6 AY HAP\u0130S CEZASI VER\u0130LD\u0130 -","robots":{"index":"index","follow":"follow","max-snippet":"max-snippet:-1","max-image-preview":"max-image-preview:large","max-video-preview":"max-video-preview:-1"},"canonical":"https:\/\/kibrisdakik.com\/?p=105149","og_locale":"tr_TR","og_type":"article","og_title":"TATLISU\u2019DAK\u0130 \u00d6L\u00dcML\u00dc KAZADA SANI\u011eA 2 YIL 6 AY HAP\u0130S CEZASI VER\u0130LD\u0130 -","og_description":"Tatl\u0131su yolunda 2024 y\u0131l\u0131nda Cemre Y\u00f6net\u2019in hayat\u0131n\u0131 kaybetti\u011fi kazada M.A. 2 y\u0131l 6 ay hapis cezas\u0131na mahkum edildi A\u0130LELER \u201cADALET\u0130N\u0130Z BATSIN\u201d D\u0130YE HAYKIRDI Girne Tatl\u0131su Anayolunda 2024 y\u0131l\u0131nda meydana gelen trafik kazas\u0131nda Cemre Y\u00f6net\u2019in \u00f6l\u00fcm\u00fc ile sonu\u00e7lanan trafik kazas\u0131nda yarg\u0131lanan M.A. yarg\u0131land\u0131\u011f\u0131 6 davadan su\u00e7lu bulundu. Ba\u015fkanl\u0131\u011f\u0131n\u0131 Melek Esenda\u011fl\u0131\u2019n\u0131n yapt\u0131\u011f\u0131 K\u0131demli Yarg\u0131\u00e7 Alev U.H\u00fcdaverdi ve","og_url":"https:\/\/kibrisdakik.com\/?p=105149","article_published_time":"2026-01-29T15:57:01+00:00","og_image":[{"width":1280,"height":720,"url":"https:\/\/kibrisdakik.com\/wp-content\/uploads\/2026\/01\/mha-sari-beyaz-2769.png","type":"image\/png"}],"author":"admin","twitter_card":"summary_large_image","twitter_misc":{"Yazan:":"admin","Tahmini okuma s\u00fcresi":"2 dakika"},"schema":{"@context":"https:\/\/schema.org","@graph":[{"@type":"Article","@id":"https:\/\/kibrisdakik.com\/?p=105149#article","isPartOf":{"@id":"https:\/\/kibrisdakik.com\/?p=105149"},"author":{"name":"admin","@id":"https:\/\/kibrisdakik.com\/#\/schema\/person\/9cd9d437bbb44f72b73ba127e06d8e79"},"headline":"TATLISU\u2019DAK\u0130 \u00d6L\u00dcML\u00dc KAZADA SANI\u011eA 2 YIL 6 AY HAP\u0130S CEZASI VER\u0130LD\u0130","datePublished":"2026-01-29T15:57:01+00:00","mainEntityOfPage":{"@id":"https:\/\/kibrisdakik.com\/?p=105149"},"wordCount":353,"commentCount":0,"image":{"@id":"https:\/\/kibrisdakik.com\/?p=105149#primaryimage"},"thumbnailUrl":"https:\/\/kibrisdakik.com\/wp-content\/uploads\/2026\/01\/mha-sari-beyaz-2769.png","articleSection":["K\u0131br\u0131s"],"inLanguage":"tr","potentialAction":[{"@type":"CommentAction","name":"Comment","target":["https:\/\/kibrisdakik.com\/?p=105149#respond"]}]},{"@type":"WebPage","@id":"https:\/\/kibrisdakik.com\/?p=105149","url":"https:\/\/kibrisdakik.com\/?p=105149","name":"TATLISU\u2019DAK\u0130 \u00d6L\u00dcML\u00dc KAZADA SANI\u011eA 2 YIL 6 AY HAP\u0130S CEZASI VER\u0130LD\u0130 -","isPartOf":{"@id":"https:\/\/kibrisdakik.com\/#website"},"primaryImageOfPage":{"@id":"https:\/\/kibrisdakik.com\/?p=105149#primaryimage"},"image":{"@id":"https:\/\/kibrisdakik.com\/?p=105149#primaryimage"},"thumbnailUrl":"https:\/\/kibrisdakik.com\/wp-content\/uploads\/2026\/01\/mha-sari-beyaz-2769.png","datePublished":"2026-01-29T15:57:01+00:00","author":{"@id":"https:\/\/kibrisdakik.com\/#\/schema\/person\/9cd9d437bbb44f72b73ba127e06d8e79"},"breadcrumb":{"@id":"https:\/\/kibrisdakik.com\/?p=105149#breadcrumb"},"inLanguage":"tr","potentialAction":[{"@type":"ReadAction","target":["https:\/\/kibrisdakik.com\/?p=105149"]}]},{"@type":"ImageObject","inLanguage":"tr","@id":"https:\/\/kibrisdakik.com\/?p=105149#primaryimage","url":"https:\/\/kibrisdakik.com\/wp-content\/uploads\/2026\/01\/mha-sari-beyaz-2769.png","contentUrl":"https:\/\/kibrisdakik.com\/wp-content\/uploads\/2026\/01\/mha-sari-beyaz-2769.png","width":1280,"height":720},{"@type":"BreadcrumbList","@id":"https:\/\/kibrisdakik.com\/?p=105149#breadcrumb","itemListElement":[{"@type":"ListItem","position":1,"name":"Home","item":"https:\/\/kibrisdakik.com\/"},{"@type":"ListItem","position":2,"name":"TATLISU\u2019DAK\u0130 \u00d6L\u00dcML\u00dc KAZADA SANI\u011eA 2 YIL 6 AY HAP\u0130S CEZASI VER\u0130LD\u0130"}]},{"@type":"WebSite","@id":"https:\/\/kibrisdakik.com\/#website","url":"https:\/\/kibrisdakik.com\/","name":"","description":"Tam vaktinde haber","potentialAction":[{"@type":"SearchAction","target":{"@type":"EntryPoint","urlTemplate":"https:\/\/kibrisdakik.com\/?s={search_term_string}"},"query-input":{"@type":"PropertyValueSpecification","valueRequired":true,"valueName":"search_term_string"}}],"inLanguage":"tr"},{"@type":"Person","@id":"https:\/\/kibrisdakik.com\/#\/schema\/person\/9cd9d437bbb44f72b73ba127e06d8e79","name":"admin","image":{"@type":"ImageObject","inLanguage":"tr","@id":"https:\/\/secure.gravatar.com\/avatar\/ccc17943b9d660506c869530f897617f7cb1c21a4bf30023f252596d83e1f007?s=96&d=mm&r=g","url":"https:\/\/secure.gravatar.com\/avatar\/ccc17943b9d660506c869530f897617f7cb1c21a4bf30023f252596d83e1f007?s=96&d=mm&r=g","contentUrl":"https:\/\/secure.gravatar.com\/avatar\/ccc17943b9d660506c869530f897617f7cb1c21a4bf30023f252596d83e1f007?s=96&d=mm&r=g","caption":"admin"},"sameAs":["https:\/\/kibrisdakik.com"],"url":"https:\/\/kibrisdakik.com\/?author=1"}]}},"_links":{"self":[{"href":"https:\/\/kibrisdakik.com\/index.php?rest_route=\/wp\/v2\/posts\/105149","targetHints":{"allow":["GET"]}}],"collection":[{"href":"https:\/\/kibrisdakik.com\/index.php?rest_route=\/wp\/v2\/posts"}],"about":[{"href":"https:\/\/kibrisdakik.com\/index.php?rest_route=\/wp\/v2\/types\/post"}],"author":[{"embeddable":true,"href":"https:\/\/kibrisdakik.com\/index.php?rest_route=\/wp\/v2\/users\/1"}],"replies":[{"embeddable":true,"href":"https:\/\/kibrisdakik.com\/index.php?rest_route=%2Fwp%2Fv2%2Fcomments&post=105149"}],"version-history":[{"count":0,"href":"https:\/\/kibrisdakik.com\/index.php?rest_route=\/wp\/v2\/posts\/105149\/revisions"}],"wp:featuredmedia":[{"embeddable":true,"href":"https:\/\/kibrisdakik.com\/index.php?rest_route=\/wp\/v2\/media\/105150"}],"wp:attachment":[{"href":"https:\/\/kibrisdakik.com\/index.php?rest_route=%2Fwp%2Fv2%2Fmedia&parent=105149"}],"wp:term":[{"taxonomy":"category","embeddable":true,"href":"https:\/\/kibrisdakik.com\/index.php?rest_route=%2Fwp%2Fv2%2Fcategories&post=105149"},{"taxonomy":"post_tag","embeddable":true,"href":"https:\/\/kibrisdakik.com\/index.php?rest_route=%2Fwp%2Fv2%2Ftags&post=105149"}],"curies":[{"name":"wp","href":"https:\/\/api.w.org\/{rel}","templated":true}]}}