{"id":105179,"date":"2026-01-30T10:58:05","date_gmt":"2026-01-30T08:58:05","guid":{"rendered":"https:\/\/kibrisdakik.com\/index.php\/2026\/01\/30\/yer-yer-saganak-ve-gok-gurultulu-yagmur-bekleniyor\/"},"modified":"2026-01-30T10:58:05","modified_gmt":"2026-01-30T08:58:05","slug":"yer-yer-saganak-ve-gok-gurultulu-yagmur-bekleniyor","status":"publish","type":"post","link":"https:\/\/kibrisdakik.com\/?p=105179","title":{"rendered":"YER YER SA\u011eANAK VE G\u00d6K G\u00dcR\u00dcLT\u00dcL\u00dc YA\u011eMUR BEKLEN\u0130YOR"},"content":{"rendered":"<p><\/p>\n<div data-text-id=\"195095\" property=\"articleBody\">\n<p>Meteoroloji Dairesi M\u00fcd\u00fcrl\u00fc\u011f\u00fc, 29 Ocak \u2013 04 \u015eubat 2026 tarihleri aras\u0131nda b\u00f6lgemizin al\u00e7ak bas\u0131n\u00e7 sistemi ile \u00fcst atmosferdeki so\u011fuk ve nemli hava k\u00fctlesinin etkisi alt\u0131nda kalmas\u0131n\u0131n beklendi\u011fini duyurdu.<\/p>\n<p>A\u00e7\u0131klamaya g\u00f6re, 30 Ocak Cuma g\u00fcn\u00fc hava par\u00e7al\u0131 ve \u00e7ok bulutlu olacak, yer yer sa\u011fanak veya g\u00f6k g\u00fcr\u00fclt\u00fcl\u00fc sa\u011fanak ya\u011fmur g\u00f6r\u00fclecek.<\/p>\n<p>En y\u00fcksek hava s\u0131cakl\u0131\u011f\u0131n\u0131n genellikle i\u00e7 kesimlerde ve sahillerde 18 \u2013 21 \u00b0C dolaylar\u0131nda seyretmesi beklenirken, r\u00fczg\u00e2r\u0131n genellikle g\u00fcney ve bat\u0131 y\u00f6nlerden orta kuvvette, zaman zaman kuvvetli esmesi \u00f6ng\u00f6r\u00fcl\u00fcyor.<\/p>\n<\/p><\/div>\n","protected":false},"excerpt":{"rendered":"<p>Meteoroloji Dairesi M\u00fcd\u00fcrl\u00fc\u011f\u00fc, 29 Ocak \u2013 04 \u015eubat 2026 tarihleri aras\u0131nda b\u00f6lgemizin al\u00e7ak bas\u0131n\u00e7 sistemi ile \u00fcst atmosferdeki so\u011fuk ve nemli hava k\u00fctlesinin etkisi alt\u0131nda kalmas\u0131n\u0131n beklendi\u011fini duyurdu. A\u00e7\u0131klamaya g\u00f6re, 30 Ocak Cuma g\u00fcn\u00fc hava par\u00e7al\u0131 ve \u00e7ok bulutlu olacak, yer yer sa\u011fanak veya g\u00f6k g\u00fcr\u00fclt\u00fcl\u00fc sa\u011fanak ya\u011fmur g\u00f6r\u00fclecek. En y\u00fcksek hava s\u0131cakl\u0131\u011f\u0131n\u0131n genellikle i\u00e7<\/p>\n","protected":false},"author":1,"featured_media":105180,"comment_status":"open","ping_status":"open","sticky":false,"template":"","format":"standard","meta":{"footnotes":""},"categories":[81],"tags":[],"class_list":["post-105179","post","type-post","status-publish","format-standard","has-post-thumbnail","hentry","category-kibris"],"yoast_head":"<!-- This site is optimized with the Yoast SEO plugin v27.4 - https:\/\/yoast.com\/product\/yoast-seo-wordpress\/ -->\n<title>YER YER SA\u011eANAK VE G\u00d6K G\u00dcR\u00dcLT\u00dcL\u00dc YA\u011eMUR BEKLEN\u0130YOR -<\/title>\n<meta name=\"robots\" content=\"index, follow, max-snippet:-1, max-image-preview:large, max-video-preview:-1\" \/>\n<link rel=\"canonical\" href=\"https:\/\/kibrisdakik.com\/?p=105179\" \/>\n<meta property=\"og:locale\" content=\"tr_TR\" \/>\n<meta property=\"og:type\" content=\"article\" \/>\n<meta property=\"og:title\" content=\"YER YER SA\u011eANAK VE G\u00d6K G\u00dcR\u00dcLT\u00dcL\u00dc YA\u011eMUR BEKLEN\u0130YOR -\" \/>\n<meta property=\"og:description\" content=\"Meteoroloji Dairesi M\u00fcd\u00fcrl\u00fc\u011f\u00fc, 29 Ocak \u2013 04 \u015eubat 2026 tarihleri aras\u0131nda b\u00f6lgemizin al\u00e7ak bas\u0131n\u00e7 sistemi ile \u00fcst atmosferdeki so\u011fuk ve nemli hava k\u00fctlesinin etkisi alt\u0131nda kalmas\u0131n\u0131n beklendi\u011fini duyurdu. A\u00e7\u0131klamaya g\u00f6re, 30 Ocak Cuma g\u00fcn\u00fc hava par\u00e7al\u0131 ve \u00e7ok bulutlu olacak, yer yer sa\u011fanak veya g\u00f6k g\u00fcr\u00fclt\u00fcl\u00fc sa\u011fanak ya\u011fmur g\u00f6r\u00fclecek. En y\u00fcksek hava s\u0131cakl\u0131\u011f\u0131n\u0131n genellikle i\u00e7\" \/>\n<meta property=\"og:url\" content=\"https:\/\/kibrisdakik.com\/?p=105179\" \/>\n<meta property=\"article:published_time\" content=\"2026-01-30T08:58:05+00:00\" \/>\n<meta property=\"og:image\" content=\"https:\/\/kibrisdakik.com\/wp-content\/uploads\/2026\/01\/130-4.png\" \/>\n\t<meta property=\"og:image:width\" content=\"1280\" \/>\n\t<meta property=\"og:image:height\" content=\"720\" \/>\n\t<meta property=\"og:image:type\" content=\"image\/png\" \/>\n<meta name=\"author\" content=\"admin\" \/>\n<meta name=\"twitter:card\" content=\"summary_large_image\" \/>\n<meta name=\"twitter:label1\" content=\"Yazan:\" \/>\n\t<meta name=\"twitter:data1\" content=\"admin\" \/>\n\t<meta name=\"twitter:label2\" content=\"Tahmini okuma s\u00fcresi\" \/>\n\t<meta name=\"twitter:data2\" content=\"1 dakika\" \/>\n<script type=\"application\/ld+json\" class=\"yoast-schema-graph\">{\"@context\":\"https:\\\/\\\/schema.org\",\"@graph\":[{\"@type\":\"Article\",\"@id\":\"https:\\\/\\\/kibrisdakik.com\\\/?p=105179#article\",\"isPartOf\":{\"@id\":\"https:\\\/\\\/kibrisdakik.com\\\/?p=105179\"},\"author\":{\"name\":\"admin\",\"@id\":\"https:\\\/\\\/kibrisdakik.com\\\/#\\\/schema\\\/person\\\/9cd9d437bbb44f72b73ba127e06d8e79\"},\"headline\":\"YER YER SA\u011eANAK VE G\u00d6K G\u00dcR\u00dcLT\u00dcL\u00dc YA\u011eMUR BEKLEN\u0130YOR\",\"datePublished\":\"2026-01-30T08:58:05+00:00\",\"mainEntityOfPage\":{\"@id\":\"https:\\\/\\\/kibrisdakik.com\\\/?p=105179\"},\"wordCount\":123,\"commentCount\":0,\"image\":{\"@id\":\"https:\\\/\\\/kibrisdakik.com\\\/?p=105179#primaryimage\"},\"thumbnailUrl\":\"https:\\\/\\\/kibrisdakik.com\\\/wp-content\\\/uploads\\\/2026\\\/01\\\/130-4.png\",\"articleSection\":[\"K\u0131br\u0131s\"],\"inLanguage\":\"tr\",\"potentialAction\":[{\"@type\":\"CommentAction\",\"name\":\"Comment\",\"target\":[\"https:\\\/\\\/kibrisdakik.com\\\/?p=105179#respond\"]}]},{\"@type\":\"WebPage\",\"@id\":\"https:\\\/\\\/kibrisdakik.com\\\/?p=105179\",\"url\":\"https:\\\/\\\/kibrisdakik.com\\\/?p=105179\",\"name\":\"YER YER SA\u011eANAK VE G\u00d6K G\u00dcR\u00dcLT\u00dcL\u00dc YA\u011eMUR BEKLEN\u0130YOR -\",\"isPartOf\":{\"@id\":\"https:\\\/\\\/kibrisdakik.com\\\/#website\"},\"primaryImageOfPage\":{\"@id\":\"https:\\\/\\\/kibrisdakik.com\\\/?p=105179#primaryimage\"},\"image\":{\"@id\":\"https:\\\/\\\/kibrisdakik.com\\\/?p=105179#primaryimage\"},\"thumbnailUrl\":\"https:\\\/\\\/kibrisdakik.com\\\/wp-content\\\/uploads\\\/2026\\\/01\\\/130-4.png\",\"datePublished\":\"2026-01-30T08:58:05+00:00\",\"author\":{\"@id\":\"https:\\\/\\\/kibrisdakik.com\\\/#\\\/schema\\\/person\\\/9cd9d437bbb44f72b73ba127e06d8e79\"},\"breadcrumb\":{\"@id\":\"https:\\\/\\\/kibrisdakik.com\\\/?p=105179#breadcrumb\"},\"inLanguage\":\"tr\",\"potentialAction\":[{\"@type\":\"ReadAction\",\"target\":[\"https:\\\/\\\/kibrisdakik.com\\\/?p=105179\"]}]},{\"@type\":\"ImageObject\",\"inLanguage\":\"tr\",\"@id\":\"https:\\\/\\\/kibrisdakik.com\\\/?p=105179#primaryimage\",\"url\":\"https:\\\/\\\/kibrisdakik.com\\\/wp-content\\\/uploads\\\/2026\\\/01\\\/130-4.png\",\"contentUrl\":\"https:\\\/\\\/kibrisdakik.com\\\/wp-content\\\/uploads\\\/2026\\\/01\\\/130-4.png\",\"width\":1280,\"height\":720},{\"@type\":\"BreadcrumbList\",\"@id\":\"https:\\\/\\\/kibrisdakik.com\\\/?p=105179#breadcrumb\",\"itemListElement\":[{\"@type\":\"ListItem\",\"position\":1,\"name\":\"Home\",\"item\":\"https:\\\/\\\/kibrisdakik.com\\\/\"},{\"@type\":\"ListItem\",\"position\":2,\"name\":\"YER YER SA\u011eANAK VE G\u00d6K G\u00dcR\u00dcLT\u00dcL\u00dc YA\u011eMUR BEKLEN\u0130YOR\"}]},{\"@type\":\"WebSite\",\"@id\":\"https:\\\/\\\/kibrisdakik.com\\\/#website\",\"url\":\"https:\\\/\\\/kibrisdakik.com\\\/\",\"name\":\"\",\"description\":\"Tam vaktinde haber\",\"potentialAction\":[{\"@type\":\"SearchAction\",\"target\":{\"@type\":\"EntryPoint\",\"urlTemplate\":\"https:\\\/\\\/kibrisdakik.com\\\/?s={search_term_string}\"},\"query-input\":{\"@type\":\"PropertyValueSpecification\",\"valueRequired\":true,\"valueName\":\"search_term_string\"}}],\"inLanguage\":\"tr\"},{\"@type\":\"Person\",\"@id\":\"https:\\\/\\\/kibrisdakik.com\\\/#\\\/schema\\\/person\\\/9cd9d437bbb44f72b73ba127e06d8e79\",\"name\":\"admin\",\"image\":{\"@type\":\"ImageObject\",\"inLanguage\":\"tr\",\"@id\":\"https:\\\/\\\/secure.gravatar.com\\\/avatar\\\/ccc17943b9d660506c869530f897617f7cb1c21a4bf30023f252596d83e1f007?s=96&d=mm&r=g\",\"url\":\"https:\\\/\\\/secure.gravatar.com\\\/avatar\\\/ccc17943b9d660506c869530f897617f7cb1c21a4bf30023f252596d83e1f007?s=96&d=mm&r=g\",\"contentUrl\":\"https:\\\/\\\/secure.gravatar.com\\\/avatar\\\/ccc17943b9d660506c869530f897617f7cb1c21a4bf30023f252596d83e1f007?s=96&d=mm&r=g\",\"caption\":\"admin\"},\"sameAs\":[\"https:\\\/\\\/kibrisdakik.com\"],\"url\":\"https:\\\/\\\/kibrisdakik.com\\\/?author=1\"}]}<\/script>\n<!-- \/ Yoast SEO plugin. -->","yoast_head_json":{"title":"YER YER SA\u011eANAK VE G\u00d6K G\u00dcR\u00dcLT\u00dcL\u00dc YA\u011eMUR BEKLEN\u0130YOR -","robots":{"index":"index","follow":"follow","max-snippet":"max-snippet:-1","max-image-preview":"max-image-preview:large","max-video-preview":"max-video-preview:-1"},"canonical":"https:\/\/kibrisdakik.com\/?p=105179","og_locale":"tr_TR","og_type":"article","og_title":"YER YER SA\u011eANAK VE G\u00d6K G\u00dcR\u00dcLT\u00dcL\u00dc YA\u011eMUR BEKLEN\u0130YOR -","og_description":"Meteoroloji Dairesi M\u00fcd\u00fcrl\u00fc\u011f\u00fc, 29 Ocak \u2013 04 \u015eubat 2026 tarihleri aras\u0131nda b\u00f6lgemizin al\u00e7ak bas\u0131n\u00e7 sistemi ile \u00fcst atmosferdeki so\u011fuk ve nemli hava k\u00fctlesinin etkisi alt\u0131nda kalmas\u0131n\u0131n beklendi\u011fini duyurdu. A\u00e7\u0131klamaya g\u00f6re, 30 Ocak Cuma g\u00fcn\u00fc hava par\u00e7al\u0131 ve \u00e7ok bulutlu olacak, yer yer sa\u011fanak veya g\u00f6k g\u00fcr\u00fclt\u00fcl\u00fc sa\u011fanak ya\u011fmur g\u00f6r\u00fclecek. En y\u00fcksek hava s\u0131cakl\u0131\u011f\u0131n\u0131n genellikle i\u00e7","og_url":"https:\/\/kibrisdakik.com\/?p=105179","article_published_time":"2026-01-30T08:58:05+00:00","og_image":[{"width":1280,"height":720,"url":"https:\/\/kibrisdakik.com\/wp-content\/uploads\/2026\/01\/130-4.png","type":"image\/png"}],"author":"admin","twitter_card":"summary_large_image","twitter_misc":{"Yazan:":"admin","Tahmini okuma s\u00fcresi":"1 dakika"},"schema":{"@context":"https:\/\/schema.org","@graph":[{"@type":"Article","@id":"https:\/\/kibrisdakik.com\/?p=105179#article","isPartOf":{"@id":"https:\/\/kibrisdakik.com\/?p=105179"},"author":{"name":"admin","@id":"https:\/\/kibrisdakik.com\/#\/schema\/person\/9cd9d437bbb44f72b73ba127e06d8e79"},"headline":"YER YER SA\u011eANAK VE G\u00d6K G\u00dcR\u00dcLT\u00dcL\u00dc YA\u011eMUR BEKLEN\u0130YOR","datePublished":"2026-01-30T08:58:05+00:00","mainEntityOfPage":{"@id":"https:\/\/kibrisdakik.com\/?p=105179"},"wordCount":123,"commentCount":0,"image":{"@id":"https:\/\/kibrisdakik.com\/?p=105179#primaryimage"},"thumbnailUrl":"https:\/\/kibrisdakik.com\/wp-content\/uploads\/2026\/01\/130-4.png","articleSection":["K\u0131br\u0131s"],"inLanguage":"tr","potentialAction":[{"@type":"CommentAction","name":"Comment","target":["https:\/\/kibrisdakik.com\/?p=105179#respond"]}]},{"@type":"WebPage","@id":"https:\/\/kibrisdakik.com\/?p=105179","url":"https:\/\/kibrisdakik.com\/?p=105179","name":"YER YER SA\u011eANAK VE G\u00d6K G\u00dcR\u00dcLT\u00dcL\u00dc YA\u011eMUR BEKLEN\u0130YOR -","isPartOf":{"@id":"https:\/\/kibrisdakik.com\/#website"},"primaryImageOfPage":{"@id":"https:\/\/kibrisdakik.com\/?p=105179#primaryimage"},"image":{"@id":"https:\/\/kibrisdakik.com\/?p=105179#primaryimage"},"thumbnailUrl":"https:\/\/kibrisdakik.com\/wp-content\/uploads\/2026\/01\/130-4.png","datePublished":"2026-01-30T08:58:05+00:00","author":{"@id":"https:\/\/kibrisdakik.com\/#\/schema\/person\/9cd9d437bbb44f72b73ba127e06d8e79"},"breadcrumb":{"@id":"https:\/\/kibrisdakik.com\/?p=105179#breadcrumb"},"inLanguage":"tr","potentialAction":[{"@type":"ReadAction","target":["https:\/\/kibrisdakik.com\/?p=105179"]}]},{"@type":"ImageObject","inLanguage":"tr","@id":"https:\/\/kibrisdakik.com\/?p=105179#primaryimage","url":"https:\/\/kibrisdakik.com\/wp-content\/uploads\/2026\/01\/130-4.png","contentUrl":"https:\/\/kibrisdakik.com\/wp-content\/uploads\/2026\/01\/130-4.png","width":1280,"height":720},{"@type":"BreadcrumbList","@id":"https:\/\/kibrisdakik.com\/?p=105179#breadcrumb","itemListElement":[{"@type":"ListItem","position":1,"name":"Home","item":"https:\/\/kibrisdakik.com\/"},{"@type":"ListItem","position":2,"name":"YER YER SA\u011eANAK VE G\u00d6K G\u00dcR\u00dcLT\u00dcL\u00dc YA\u011eMUR BEKLEN\u0130YOR"}]},{"@type":"WebSite","@id":"https:\/\/kibrisdakik.com\/#website","url":"https:\/\/kibrisdakik.com\/","name":"","description":"Tam vaktinde haber","potentialAction":[{"@type":"SearchAction","target":{"@type":"EntryPoint","urlTemplate":"https:\/\/kibrisdakik.com\/?s={search_term_string}"},"query-input":{"@type":"PropertyValueSpecification","valueRequired":true,"valueName":"search_term_string"}}],"inLanguage":"tr"},{"@type":"Person","@id":"https:\/\/kibrisdakik.com\/#\/schema\/person\/9cd9d437bbb44f72b73ba127e06d8e79","name":"admin","image":{"@type":"ImageObject","inLanguage":"tr","@id":"https:\/\/secure.gravatar.com\/avatar\/ccc17943b9d660506c869530f897617f7cb1c21a4bf30023f252596d83e1f007?s=96&d=mm&r=g","url":"https:\/\/secure.gravatar.com\/avatar\/ccc17943b9d660506c869530f897617f7cb1c21a4bf30023f252596d83e1f007?s=96&d=mm&r=g","contentUrl":"https:\/\/secure.gravatar.com\/avatar\/ccc17943b9d660506c869530f897617f7cb1c21a4bf30023f252596d83e1f007?s=96&d=mm&r=g","caption":"admin"},"sameAs":["https:\/\/kibrisdakik.com"],"url":"https:\/\/kibrisdakik.com\/?author=1"}]}},"_links":{"self":[{"href":"https:\/\/kibrisdakik.com\/index.php?rest_route=\/wp\/v2\/posts\/105179","targetHints":{"allow":["GET"]}}],"collection":[{"href":"https:\/\/kibrisdakik.com\/index.php?rest_route=\/wp\/v2\/posts"}],"about":[{"href":"https:\/\/kibrisdakik.com\/index.php?rest_route=\/wp\/v2\/types\/post"}],"author":[{"embeddable":true,"href":"https:\/\/kibrisdakik.com\/index.php?rest_route=\/wp\/v2\/users\/1"}],"replies":[{"embeddable":true,"href":"https:\/\/kibrisdakik.com\/index.php?rest_route=%2Fwp%2Fv2%2Fcomments&post=105179"}],"version-history":[{"count":0,"href":"https:\/\/kibrisdakik.com\/index.php?rest_route=\/wp\/v2\/posts\/105179\/revisions"}],"wp:featuredmedia":[{"embeddable":true,"href":"https:\/\/kibrisdakik.com\/index.php?rest_route=\/wp\/v2\/media\/105180"}],"wp:attachment":[{"href":"https:\/\/kibrisdakik.com\/index.php?rest_route=%2Fwp%2Fv2%2Fmedia&parent=105179"}],"wp:term":[{"taxonomy":"category","embeddable":true,"href":"https:\/\/kibrisdakik.com\/index.php?rest_route=%2Fwp%2Fv2%2Fcategories&post=105179"},{"taxonomy":"post_tag","embeddable":true,"href":"https:\/\/kibrisdakik.com\/index.php?rest_route=%2Fwp%2Fv2%2Ftags&post=105179"}],"curies":[{"name":"wp","href":"https:\/\/api.w.org\/{rel}","templated":true}]}}