{"id":105195,"date":"2026-01-30T12:31:05","date_gmt":"2026-01-30T10:31:05","guid":{"rendered":"https:\/\/kibrisdakik.com\/index.php\/2026\/01\/30\/ktos-cavusoglunu-elestirdi\/"},"modified":"2026-01-30T12:31:05","modified_gmt":"2026-01-30T10:31:05","slug":"ktos-cavusoglunu-elestirdi","status":"publish","type":"post","link":"https:\/\/kibrisdakik.com\/?p=105195","title":{"rendered":"KT\u00d6S \u00c7AVU\u015eO\u011eLU&#039;NU ELE\u015eT\u0130RD\u0130&#8230;"},"content":{"rendered":"<p><\/p>\n<div data-text-id=\"195115\" property=\"articleBody\">\n<p>K\u0131br\u0131s T\u00fcrk \u00d6\u011fretmenler Sendikas\u0131 (KT\u00d6S), Milli E\u011fitim Bakan\u0131 Naz\u0131m \u00c7avu\u015fo\u011flu\u2019nun yar\u0131y\u0131l tatili mesaj\u0131yla ilgili ele\u015ftirilerde bulunarak, e\u011fitimin \u201cdilek ve temennilerle de\u011fil; plan, program, b\u00fct\u00e7e, denetim, liyakat ve hukukla\u201d y\u00f6netildi\u011fini belirtti.<\/p>\n<p>KT\u00d6S E\u011fitim Sekreteri S\u00fcleyman Gelener, yaz\u0131l\u0131 a\u00e7\u0131klamas\u0131nda, E\u011fitim Bakanl\u0131\u011f\u0131n\u0131n \u201csorun \u00e7\u00f6zen bir idareden \u00e7ok kriz \u00fcreten, dayatan ve yarg\u0131 \u00f6n\u00fcnde kaybeden bir tablo\u201d ortaya koydu\u011funu savundu.<\/p>\n<p>Gelener, \u201csahte diploma meselesi\u201dne de\u011finerek, bunun kurumsal denetim kapasitesi ve kamu y\u00f6netimi sorunu oldu\u011funu, y\u00fcksek\u00f6\u011frenimde \u201cg\u00fcven erozyonu\u201d ya\u015fand\u0131\u011f\u0131n\u0131 ileri s\u00fcrd\u00fc.<\/p>\n<p>Konteyner s\u0131n\u0131flar\u0131n k\u0131sa s\u00fcreli tedbir olmas\u0131na ra\u011fmen \u00f6\u011frencilerin y\u0131llard\u0131r konteynerlerde e\u011fitim g\u00f6rd\u00fc\u011f\u00fcn\u00fc \u00f6ne s\u00fcren Gelener, konteyner s\u0131n\u0131f say\u0131s\u0131n\u0131n 250\u2019nin \u00fczerinde oldu\u011funu kaydetti.<\/p>\n<p>E\u011fitimde al\u0131nan kritik idari kararlar\u0131n isti\u015fare-usul-yetki zemini yerine \u201cson dakika dayatma\u201d ile y\u00fcr\u00fct\u00fcld\u00fc\u011f\u00fcn\u00fc ve sonucunda \u00e7ok say\u0131da konunun yarg\u0131ya ta\u015f\u0131nd\u0131\u011f\u0131n\u0131 savunan Gelener, Disiplin T\u00fcz\u00fc\u011f\u00fc de\u011fi\u015fikli\u011finin ve \u00d6\u011fretmenler (De\u011fi\u015fiklik) Yasas\u0131 kapsam\u0131ndaki d\u00fczenlemelerin Anayasa Mahkemesi taraf\u0131ndan iptal edildi\u011fini hat\u0131rlatt\u0131.<\/p>\n<p>&#8211; Haz\u0131rl\u0131k \u00f6dene\u011fi ve sendikal grev hakk\u0131&#8230;<\/p>\n<p>\u201c\u00d6\u011fretmenlerin haz\u0131rl\u0131k \u00f6dene\u011fi gasp\u0131 ve sendikal grev hakk\u0131 kullan\u0131 hususunda \u00f6l\u00e7\u00fcs\u00fcz\/haks\u0131z kesinti uyguland\u0131\u011f\u0131n\u0131n mahkemeler \u00f6n\u00fcnde kan\u0131tland\u0131\u011f\u0131n\u0131&#8221; s\u00f6yleyen Gelener, \u00f6\u011fretmenin yasal alaca\u011f\u0131 ve sendikal haklar\u0131n kullan\u0131m\u0131 idarenin takdirine g\u00f6re de\u011fil, hukuka g\u00f6re de\u011ferlendirildi\u011fini vurgulad\u0131. Gelener bakanl\u0131\u011f\u0131n \u00f6\u011fretmeni ve sendikalar\u0131 \u201cdava a\u00e7maya zorlayan\u201d bir anlay\u0131\u015fa sapland\u0131\u011f\u0131n\u0131 savundu.<\/p>\n<p>Gelener, 24 Kas\u0131m 2023\u2019te 22 \u00f6\u011fretmen hakk\u0131nda dava a\u00e7\u0131ld\u0131\u011f\u0131, s\u00fcrecin 14 duru\u015fma s\u00fcrd\u00fc\u011f\u00fc ve dosyan\u0131n savc\u0131l\u0131k taraf\u0131ndan geri \u00e7ekilerek kapand\u0131\u011f\u0131n\u0131 hat\u0131rlatarak, \u201cbask\u0131 siyaseti\u201d s\u00fcrd\u00fcr\u00fcld\u00fc\u011f\u00fcn\u00fc savundu.<\/p>\n<p>Bunun yan\u0131nda, ilkokul T\u00fcrk\u00e7e ve Hayat Bilgisi kitaplar\u0131n\u0131n \u201cgizli bi\u00e7imde g\u00fcncellendi\u011finin\u201d kamuoyuna yans\u0131d\u0131\u011f\u0131n\u0131, KT\u00d6S\u2019\u00fcn \u201ck\u00fclt\u00fcrel m\u00fcdahale\u201d olarak de\u011ferlendirdi\u011fi bu d\u00fczenlemeye ili\u015fkin hukuki s\u00fcre\u00e7 ba\u015flat\u0131ld\u0131\u011f\u0131n\u0131 belirten Gelener; de\u011fi\u015fikliklerin yazarlar\u0131n bilgisi ve onay\u0131 d\u0131\u015f\u0131nda ger\u00e7ekle\u015fti\u011fini de belirtti.<\/p>\n<p>&#8211; \u201cYanl\u0131\u015f t\u00fcz\u00fck d\u00fczenlemeleri ve uygulamalar nedeniyle rehber \u00f6\u011fretmen adaylar\u0131 ma\u011fdur\u201d<\/p>\n<p>Rehber \u00f6\u011fretmen adaylar\u0131n\u0131n t\u00fcz\u00fck d\u00fczenlemeleri ve uygulamalar nedeniyle ma\u011fdur oldu\u011funu savunan Gelener, ilkokullarda rehberli\u011fin zorunlu kamusal hizmet oldu\u011funu s\u00f6yledi. Gelener, \u201cAtama s\u00fcre\u00e7lerini t\u00fcz\u00fck hatalar\u0131 ve idari s\u00fcr\u00fcncemelerle kilitlemek, bedeli \u00e7ocuklar\u0131n omzuna y\u00fcklenen bir y\u00f6netim zaaf\u0131 de\u011fil midir?\u201d diye sordu.<\/p>\n<p>Gelener, son olarak, 2024-2025 e\u011fitim-\u00f6\u011fretim y\u0131l\u0131n\u0131n ba\u015flamas\u0131na bir g\u00fcn kala bir hafta ertelendi\u011fini an\u0131msatarak, bunun \u201cidari kapasite ve planlama zaaf\u0131\u201d olarak de\u011ferlendirdi. \u201cSorunun okullarda de\u011fil y\u00f6netimde\u201d oldu\u011fu g\u00f6r\u00fc\u015f\u00fcn\u00fc dile getiren Gelener, \u201cE\u011fitim, siyasi \u015fov alan\u0131 de\u011fildir. \u00c7ocuklar\u0131n hakk\u0131, \u00f6\u011fretmenin eme\u011fi ve kamusal e\u011fitimin gelece\u011fi i\u00e7in dayatmalara da denetimsizli\u011fe de hukuksuzlu\u011fa da ge\u00e7it vermeyece\u011fiz.\u201d ifadelerini kulland\u0131.<\/p>\n<\/p><\/div>\n","protected":false},"excerpt":{"rendered":"<p>K\u0131br\u0131s T\u00fcrk \u00d6\u011fretmenler Sendikas\u0131 (KT\u00d6S), Milli E\u011fitim Bakan\u0131 Naz\u0131m \u00c7avu\u015fo\u011flu\u2019nun yar\u0131y\u0131l tatili mesaj\u0131yla ilgili ele\u015ftirilerde bulunarak, e\u011fitimin \u201cdilek ve temennilerle de\u011fil; plan, program, b\u00fct\u00e7e, denetim, liyakat ve hukukla\u201d y\u00f6netildi\u011fini belirtti. KT\u00d6S E\u011fitim Sekreteri S\u00fcleyman Gelener, yaz\u0131l\u0131 a\u00e7\u0131klamas\u0131nda, E\u011fitim Bakanl\u0131\u011f\u0131n\u0131n \u201csorun \u00e7\u00f6zen bir idareden \u00e7ok kriz \u00fcreten, dayatan ve yarg\u0131 \u00f6n\u00fcnde kaybeden bir tablo\u201d ortaya koydu\u011funu<\/p>\n","protected":false},"author":1,"featured_media":105196,"comment_status":"open","ping_status":"open","sticky":false,"template":"","format":"standard","meta":{"footnotes":""},"categories":[81],"tags":[],"class_list":["post-105195","post","type-post","status-publish","format-standard","has-post-thumbnail","hentry","category-kibris"],"yoast_head":"<!-- This site is optimized with the Yoast SEO plugin v27.4 - https:\/\/yoast.com\/product\/yoast-seo-wordpress\/ -->\n<title>KT\u00d6S \u00c7AVU\u015eO\u011eLU&#039;NU ELE\u015eT\u0130RD\u0130... -<\/title>\n<meta name=\"robots\" content=\"index, follow, max-snippet:-1, max-image-preview:large, max-video-preview:-1\" \/>\n<link rel=\"canonical\" href=\"https:\/\/kibrisdakik.com\/?p=105195\" \/>\n<meta property=\"og:locale\" content=\"tr_TR\" \/>\n<meta property=\"og:type\" content=\"article\" \/>\n<meta property=\"og:title\" content=\"KT\u00d6S \u00c7AVU\u015eO\u011eLU&#039;NU ELE\u015eT\u0130RD\u0130... -\" \/>\n<meta property=\"og:description\" content=\"K\u0131br\u0131s T\u00fcrk \u00d6\u011fretmenler Sendikas\u0131 (KT\u00d6S), Milli E\u011fitim Bakan\u0131 Naz\u0131m \u00c7avu\u015fo\u011flu\u2019nun yar\u0131y\u0131l tatili mesaj\u0131yla ilgili ele\u015ftirilerde bulunarak, e\u011fitimin \u201cdilek ve temennilerle de\u011fil; plan, program, b\u00fct\u00e7e, denetim, liyakat ve hukukla\u201d y\u00f6netildi\u011fini belirtti. KT\u00d6S E\u011fitim Sekreteri S\u00fcleyman Gelener, yaz\u0131l\u0131 a\u00e7\u0131klamas\u0131nda, E\u011fitim Bakanl\u0131\u011f\u0131n\u0131n \u201csorun \u00e7\u00f6zen bir idareden \u00e7ok kriz \u00fcreten, dayatan ve yarg\u0131 \u00f6n\u00fcnde kaybeden bir tablo\u201d ortaya koydu\u011funu\" \/>\n<meta property=\"og:url\" content=\"https:\/\/kibrisdakik.com\/?p=105195\" \/>\n<meta property=\"article:published_time\" content=\"2026-01-30T10:31:05+00:00\" \/>\n<meta property=\"og:image\" content=\"https:\/\/kibrisdakik.com\/wp-content\/uploads\/2026\/01\/mha-sari-beyaz-2787.png\" \/>\n\t<meta property=\"og:image:width\" content=\"1280\" \/>\n\t<meta property=\"og:image:height\" content=\"720\" \/>\n\t<meta property=\"og:image:type\" content=\"image\/png\" \/>\n<meta name=\"author\" content=\"admin\" \/>\n<meta name=\"twitter:card\" content=\"summary_large_image\" \/>\n<meta name=\"twitter:label1\" content=\"Yazan:\" \/>\n\t<meta name=\"twitter:data1\" content=\"admin\" \/>\n\t<meta name=\"twitter:label2\" content=\"Tahmini okuma s\u00fcresi\" \/>\n\t<meta name=\"twitter:data2\" content=\"3 dakika\" \/>\n<script type=\"application\/ld+json\" class=\"yoast-schema-graph\">{\"@context\":\"https:\\\/\\\/schema.org\",\"@graph\":[{\"@type\":\"Article\",\"@id\":\"https:\\\/\\\/kibrisdakik.com\\\/?p=105195#article\",\"isPartOf\":{\"@id\":\"https:\\\/\\\/kibrisdakik.com\\\/?p=105195\"},\"author\":{\"name\":\"admin\",\"@id\":\"https:\\\/\\\/kibrisdakik.com\\\/#\\\/schema\\\/person\\\/9cd9d437bbb44f72b73ba127e06d8e79\"},\"headline\":\"KT\u00d6S \u00c7AVU\u015eO\u011eLU&#039;NU ELE\u015eT\u0130RD\u0130&#8230;\",\"datePublished\":\"2026-01-30T10:31:05+00:00\",\"mainEntityOfPage\":{\"@id\":\"https:\\\/\\\/kibrisdakik.com\\\/?p=105195\"},\"wordCount\":564,\"commentCount\":0,\"image\":{\"@id\":\"https:\\\/\\\/kibrisdakik.com\\\/?p=105195#primaryimage\"},\"thumbnailUrl\":\"https:\\\/\\\/kibrisdakik.com\\\/wp-content\\\/uploads\\\/2026\\\/01\\\/mha-sari-beyaz-2787.png\",\"articleSection\":[\"K\u0131br\u0131s\"],\"inLanguage\":\"tr\",\"potentialAction\":[{\"@type\":\"CommentAction\",\"name\":\"Comment\",\"target\":[\"https:\\\/\\\/kibrisdakik.com\\\/?p=105195#respond\"]}]},{\"@type\":\"WebPage\",\"@id\":\"https:\\\/\\\/kibrisdakik.com\\\/?p=105195\",\"url\":\"https:\\\/\\\/kibrisdakik.com\\\/?p=105195\",\"name\":\"KT\u00d6S \u00c7AVU\u015eO\u011eLU&#039;NU ELE\u015eT\u0130RD\u0130... -\",\"isPartOf\":{\"@id\":\"https:\\\/\\\/kibrisdakik.com\\\/#website\"},\"primaryImageOfPage\":{\"@id\":\"https:\\\/\\\/kibrisdakik.com\\\/?p=105195#primaryimage\"},\"image\":{\"@id\":\"https:\\\/\\\/kibrisdakik.com\\\/?p=105195#primaryimage\"},\"thumbnailUrl\":\"https:\\\/\\\/kibrisdakik.com\\\/wp-content\\\/uploads\\\/2026\\\/01\\\/mha-sari-beyaz-2787.png\",\"datePublished\":\"2026-01-30T10:31:05+00:00\",\"author\":{\"@id\":\"https:\\\/\\\/kibrisdakik.com\\\/#\\\/schema\\\/person\\\/9cd9d437bbb44f72b73ba127e06d8e79\"},\"breadcrumb\":{\"@id\":\"https:\\\/\\\/kibrisdakik.com\\\/?p=105195#breadcrumb\"},\"inLanguage\":\"tr\",\"potentialAction\":[{\"@type\":\"ReadAction\",\"target\":[\"https:\\\/\\\/kibrisdakik.com\\\/?p=105195\"]}]},{\"@type\":\"ImageObject\",\"inLanguage\":\"tr\",\"@id\":\"https:\\\/\\\/kibrisdakik.com\\\/?p=105195#primaryimage\",\"url\":\"https:\\\/\\\/kibrisdakik.com\\\/wp-content\\\/uploads\\\/2026\\\/01\\\/mha-sari-beyaz-2787.png\",\"contentUrl\":\"https:\\\/\\\/kibrisdakik.com\\\/wp-content\\\/uploads\\\/2026\\\/01\\\/mha-sari-beyaz-2787.png\",\"width\":1280,\"height\":720},{\"@type\":\"BreadcrumbList\",\"@id\":\"https:\\\/\\\/kibrisdakik.com\\\/?p=105195#breadcrumb\",\"itemListElement\":[{\"@type\":\"ListItem\",\"position\":1,\"name\":\"Home\",\"item\":\"https:\\\/\\\/kibrisdakik.com\\\/\"},{\"@type\":\"ListItem\",\"position\":2,\"name\":\"KT\u00d6S \u00c7AVU\u015eO\u011eLU&#039;NU ELE\u015eT\u0130RD\u0130&#8230;\"}]},{\"@type\":\"WebSite\",\"@id\":\"https:\\\/\\\/kibrisdakik.com\\\/#website\",\"url\":\"https:\\\/\\\/kibrisdakik.com\\\/\",\"name\":\"\",\"description\":\"Tam vaktinde haber\",\"potentialAction\":[{\"@type\":\"SearchAction\",\"target\":{\"@type\":\"EntryPoint\",\"urlTemplate\":\"https:\\\/\\\/kibrisdakik.com\\\/?s={search_term_string}\"},\"query-input\":{\"@type\":\"PropertyValueSpecification\",\"valueRequired\":true,\"valueName\":\"search_term_string\"}}],\"inLanguage\":\"tr\"},{\"@type\":\"Person\",\"@id\":\"https:\\\/\\\/kibrisdakik.com\\\/#\\\/schema\\\/person\\\/9cd9d437bbb44f72b73ba127e06d8e79\",\"name\":\"admin\",\"image\":{\"@type\":\"ImageObject\",\"inLanguage\":\"tr\",\"@id\":\"https:\\\/\\\/secure.gravatar.com\\\/avatar\\\/ccc17943b9d660506c869530f897617f7cb1c21a4bf30023f252596d83e1f007?s=96&d=mm&r=g\",\"url\":\"https:\\\/\\\/secure.gravatar.com\\\/avatar\\\/ccc17943b9d660506c869530f897617f7cb1c21a4bf30023f252596d83e1f007?s=96&d=mm&r=g\",\"contentUrl\":\"https:\\\/\\\/secure.gravatar.com\\\/avatar\\\/ccc17943b9d660506c869530f897617f7cb1c21a4bf30023f252596d83e1f007?s=96&d=mm&r=g\",\"caption\":\"admin\"},\"sameAs\":[\"https:\\\/\\\/kibrisdakik.com\"],\"url\":\"https:\\\/\\\/kibrisdakik.com\\\/?author=1\"}]}<\/script>\n<!-- \/ Yoast SEO plugin. -->","yoast_head_json":{"title":"KT\u00d6S \u00c7AVU\u015eO\u011eLU&#039;NU ELE\u015eT\u0130RD\u0130... -","robots":{"index":"index","follow":"follow","max-snippet":"max-snippet:-1","max-image-preview":"max-image-preview:large","max-video-preview":"max-video-preview:-1"},"canonical":"https:\/\/kibrisdakik.com\/?p=105195","og_locale":"tr_TR","og_type":"article","og_title":"KT\u00d6S \u00c7AVU\u015eO\u011eLU&#039;NU ELE\u015eT\u0130RD\u0130... -","og_description":"K\u0131br\u0131s T\u00fcrk \u00d6\u011fretmenler Sendikas\u0131 (KT\u00d6S), Milli E\u011fitim Bakan\u0131 Naz\u0131m \u00c7avu\u015fo\u011flu\u2019nun yar\u0131y\u0131l tatili mesaj\u0131yla ilgili ele\u015ftirilerde bulunarak, e\u011fitimin \u201cdilek ve temennilerle de\u011fil; plan, program, b\u00fct\u00e7e, denetim, liyakat ve hukukla\u201d y\u00f6netildi\u011fini belirtti. KT\u00d6S E\u011fitim Sekreteri S\u00fcleyman Gelener, yaz\u0131l\u0131 a\u00e7\u0131klamas\u0131nda, E\u011fitim Bakanl\u0131\u011f\u0131n\u0131n \u201csorun \u00e7\u00f6zen bir idareden \u00e7ok kriz \u00fcreten, dayatan ve yarg\u0131 \u00f6n\u00fcnde kaybeden bir tablo\u201d ortaya koydu\u011funu","og_url":"https:\/\/kibrisdakik.com\/?p=105195","article_published_time":"2026-01-30T10:31:05+00:00","og_image":[{"width":1280,"height":720,"url":"https:\/\/kibrisdakik.com\/wp-content\/uploads\/2026\/01\/mha-sari-beyaz-2787.png","type":"image\/png"}],"author":"admin","twitter_card":"summary_large_image","twitter_misc":{"Yazan:":"admin","Tahmini okuma s\u00fcresi":"3 dakika"},"schema":{"@context":"https:\/\/schema.org","@graph":[{"@type":"Article","@id":"https:\/\/kibrisdakik.com\/?p=105195#article","isPartOf":{"@id":"https:\/\/kibrisdakik.com\/?p=105195"},"author":{"name":"admin","@id":"https:\/\/kibrisdakik.com\/#\/schema\/person\/9cd9d437bbb44f72b73ba127e06d8e79"},"headline":"KT\u00d6S \u00c7AVU\u015eO\u011eLU&#039;NU ELE\u015eT\u0130RD\u0130&#8230;","datePublished":"2026-01-30T10:31:05+00:00","mainEntityOfPage":{"@id":"https:\/\/kibrisdakik.com\/?p=105195"},"wordCount":564,"commentCount":0,"image":{"@id":"https:\/\/kibrisdakik.com\/?p=105195#primaryimage"},"thumbnailUrl":"https:\/\/kibrisdakik.com\/wp-content\/uploads\/2026\/01\/mha-sari-beyaz-2787.png","articleSection":["K\u0131br\u0131s"],"inLanguage":"tr","potentialAction":[{"@type":"CommentAction","name":"Comment","target":["https:\/\/kibrisdakik.com\/?p=105195#respond"]}]},{"@type":"WebPage","@id":"https:\/\/kibrisdakik.com\/?p=105195","url":"https:\/\/kibrisdakik.com\/?p=105195","name":"KT\u00d6S \u00c7AVU\u015eO\u011eLU&#039;NU ELE\u015eT\u0130RD\u0130... -","isPartOf":{"@id":"https:\/\/kibrisdakik.com\/#website"},"primaryImageOfPage":{"@id":"https:\/\/kibrisdakik.com\/?p=105195#primaryimage"},"image":{"@id":"https:\/\/kibrisdakik.com\/?p=105195#primaryimage"},"thumbnailUrl":"https:\/\/kibrisdakik.com\/wp-content\/uploads\/2026\/01\/mha-sari-beyaz-2787.png","datePublished":"2026-01-30T10:31:05+00:00","author":{"@id":"https:\/\/kibrisdakik.com\/#\/schema\/person\/9cd9d437bbb44f72b73ba127e06d8e79"},"breadcrumb":{"@id":"https:\/\/kibrisdakik.com\/?p=105195#breadcrumb"},"inLanguage":"tr","potentialAction":[{"@type":"ReadAction","target":["https:\/\/kibrisdakik.com\/?p=105195"]}]},{"@type":"ImageObject","inLanguage":"tr","@id":"https:\/\/kibrisdakik.com\/?p=105195#primaryimage","url":"https:\/\/kibrisdakik.com\/wp-content\/uploads\/2026\/01\/mha-sari-beyaz-2787.png","contentUrl":"https:\/\/kibrisdakik.com\/wp-content\/uploads\/2026\/01\/mha-sari-beyaz-2787.png","width":1280,"height":720},{"@type":"BreadcrumbList","@id":"https:\/\/kibrisdakik.com\/?p=105195#breadcrumb","itemListElement":[{"@type":"ListItem","position":1,"name":"Home","item":"https:\/\/kibrisdakik.com\/"},{"@type":"ListItem","position":2,"name":"KT\u00d6S \u00c7AVU\u015eO\u011eLU&#039;NU ELE\u015eT\u0130RD\u0130&#8230;"}]},{"@type":"WebSite","@id":"https:\/\/kibrisdakik.com\/#website","url":"https:\/\/kibrisdakik.com\/","name":"","description":"Tam vaktinde haber","potentialAction":[{"@type":"SearchAction","target":{"@type":"EntryPoint","urlTemplate":"https:\/\/kibrisdakik.com\/?s={search_term_string}"},"query-input":{"@type":"PropertyValueSpecification","valueRequired":true,"valueName":"search_term_string"}}],"inLanguage":"tr"},{"@type":"Person","@id":"https:\/\/kibrisdakik.com\/#\/schema\/person\/9cd9d437bbb44f72b73ba127e06d8e79","name":"admin","image":{"@type":"ImageObject","inLanguage":"tr","@id":"https:\/\/secure.gravatar.com\/avatar\/ccc17943b9d660506c869530f897617f7cb1c21a4bf30023f252596d83e1f007?s=96&d=mm&r=g","url":"https:\/\/secure.gravatar.com\/avatar\/ccc17943b9d660506c869530f897617f7cb1c21a4bf30023f252596d83e1f007?s=96&d=mm&r=g","contentUrl":"https:\/\/secure.gravatar.com\/avatar\/ccc17943b9d660506c869530f897617f7cb1c21a4bf30023f252596d83e1f007?s=96&d=mm&r=g","caption":"admin"},"sameAs":["https:\/\/kibrisdakik.com"],"url":"https:\/\/kibrisdakik.com\/?author=1"}]}},"_links":{"self":[{"href":"https:\/\/kibrisdakik.com\/index.php?rest_route=\/wp\/v2\/posts\/105195","targetHints":{"allow":["GET"]}}],"collection":[{"href":"https:\/\/kibrisdakik.com\/index.php?rest_route=\/wp\/v2\/posts"}],"about":[{"href":"https:\/\/kibrisdakik.com\/index.php?rest_route=\/wp\/v2\/types\/post"}],"author":[{"embeddable":true,"href":"https:\/\/kibrisdakik.com\/index.php?rest_route=\/wp\/v2\/users\/1"}],"replies":[{"embeddable":true,"href":"https:\/\/kibrisdakik.com\/index.php?rest_route=%2Fwp%2Fv2%2Fcomments&post=105195"}],"version-history":[{"count":0,"href":"https:\/\/kibrisdakik.com\/index.php?rest_route=\/wp\/v2\/posts\/105195\/revisions"}],"wp:featuredmedia":[{"embeddable":true,"href":"https:\/\/kibrisdakik.com\/index.php?rest_route=\/wp\/v2\/media\/105196"}],"wp:attachment":[{"href":"https:\/\/kibrisdakik.com\/index.php?rest_route=%2Fwp%2Fv2%2Fmedia&parent=105195"}],"wp:term":[{"taxonomy":"category","embeddable":true,"href":"https:\/\/kibrisdakik.com\/index.php?rest_route=%2Fwp%2Fv2%2Fcategories&post=105195"},{"taxonomy":"post_tag","embeddable":true,"href":"https:\/\/kibrisdakik.com\/index.php?rest_route=%2Fwp%2Fv2%2Ftags&post=105195"}],"curies":[{"name":"wp","href":"https:\/\/api.w.org\/{rel}","templated":true}]}}