{"id":105234,"date":"2026-01-30T17:36:00","date_gmt":"2026-01-30T15:36:00","guid":{"rendered":"https:\/\/kibrisdakik.com\/index.php\/2026\/01\/30\/ataoglu-beypazarinda-kibris-gazileriyle-bir-araya-geldi\/"},"modified":"2026-01-30T17:36:00","modified_gmt":"2026-01-30T15:36:00","slug":"ataoglu-beypazarinda-kibris-gazileriyle-bir-araya-geldi","status":"publish","type":"post","link":"https:\/\/kibrisdakik.com\/?p=105234","title":{"rendered":"ATAO\u011eLU, BEYPAZARI&#039;NDA KIBRIS GAZ\u0130LER\u0130YLE B\u0130R ARAYA GELD\u0130"},"content":{"rendered":"<p><\/p>\n<div data-text-id=\"195161\" property=\"articleBody\">\n<p>Ba\u015fbakan Yard\u0131mc\u0131s\u0131, Turizm, K\u00fclt\u00fcr, Gen\u00e7lik ve \u00c7evre Bakan\u0131 Fikri Atao\u011flu, Ankara&#8217;n\u0131n Beypazar\u0131 il\u00e7esinde \u00e7e\u015fitli ziyaretlerde bulundu.<\/p>\n<p>Atao\u011flu ile KKTC&#8217;nin Ankara B\u00fcy\u00fckel\u00e7isi \u0130smet Koruko\u011flu&#8217;nun da yer ald\u0131\u011f\u0131 heyet, K\u0131br\u0131s gazileri ile Belediye Ba\u015fkan\u0131 \u00d6zer Kasap&#8217;\u0131n makam\u0131nda bir araya geldi.<\/p>\n<p>Gazilerle sohbet eden Atao\u011flu, &#8220;Gazilerimize can\u0131g\u00f6n\u00fclden te\u015fekk\u00fcrlerimi sunuyorum. Sizlerin, T\u00fcrk askerinin ba\u015far\u0131s\u0131 unutulmaz. Hepinizden Allah raz\u0131 olsun.&#8221; dedi.<\/p>\n<p>Belediye Ba\u015fkan\u0131 Kasap, il\u00e7enin tarihi ve k\u00fclt\u00fcr\u00fc hakk\u0131nda bilgi sundu\u011fu Atao\u011flu&#8217;na ziyaret an\u0131s\u0131na Beypazar\u0131 Kona\u011f\u0131 maketi hediye etti.<\/p>\n<p>Heyet, daha sonra Beypazar\u0131 Belediyesince K\u0131br\u0131s kona\u011f\u0131 olarak restore edilmesi planlanan tarihi konakta incelemelerde bulundu.<\/p>\n<p>Atao\u011flu, K\u0131br\u0131s k\u00fclt\u00fcr\u00fcn\u00fcn Beypazar\u0131&#8217;nda ya\u015fat\u0131lmas\u0131 amac\u0131yla emek veren Ba\u015fkan Kasap ve di\u011fer ilgililere te\u015fekk\u00fcr etti.<\/p>\n<p>Beypazar\u0131 Belediyesi ile yak\u0131n zamanda yap\u0131lacak protokol\u00fcn ard\u0131ndan kona\u011f\u0131n restorasyonuna ba\u015flanaca\u011f\u0131n\u0131 belirten Atao\u011flu, &#8220;Umar\u0131m k\u0131sa s\u00fcre i\u00e7inde kona\u011f\u0131m\u0131za yerle\u015fmi\u015f olaca\u011f\u0131z ve burada kar\u015f\u0131l\u0131kl\u0131 olarak K\u0131br\u0131s&#8217;\u0131n k\u00fclt\u00fcr\u00fcn\u00fc ya\u015fatmaya ba\u015flayaca\u011f\u0131z.&#8221; diye konu\u015ftu.<\/p>\n<p>Heyet, il\u00e7edeki baz\u0131 m\u00fczeleri de ziyaret etti.<\/p>\n<\/p><\/div>\n","protected":false},"excerpt":{"rendered":"<p>Ba\u015fbakan Yard\u0131mc\u0131s\u0131, Turizm, K\u00fclt\u00fcr, Gen\u00e7lik ve \u00c7evre Bakan\u0131 Fikri Atao\u011flu, Ankara&#8217;n\u0131n Beypazar\u0131 il\u00e7esinde \u00e7e\u015fitli ziyaretlerde bulundu. Atao\u011flu ile KKTC&#8217;nin Ankara B\u00fcy\u00fckel\u00e7isi \u0130smet Koruko\u011flu&#8217;nun da yer ald\u0131\u011f\u0131 heyet, K\u0131br\u0131s gazileri ile Belediye Ba\u015fkan\u0131 \u00d6zer Kasap&#8217;\u0131n makam\u0131nda bir araya geldi. Gazilerle sohbet eden Atao\u011flu, &#8220;Gazilerimize can\u0131g\u00f6n\u00fclden te\u015fekk\u00fcrlerimi sunuyorum. Sizlerin, T\u00fcrk askerinin ba\u015far\u0131s\u0131 unutulmaz. Hepinizden Allah raz\u0131 olsun.&#8221;<\/p>\n","protected":false},"author":1,"featured_media":105235,"comment_status":"open","ping_status":"open","sticky":false,"template":"","format":"standard","meta":{"footnotes":""},"categories":[81],"tags":[],"class_list":["post-105234","post","type-post","status-publish","format-standard","has-post-thumbnail","hentry","category-kibris"],"yoast_head":"<!-- This site is optimized with the Yoast SEO plugin v27.5 - https:\/\/yoast.com\/product\/yoast-seo-wordpress\/ -->\n<title>ATAO\u011eLU, BEYPAZARI&#039;NDA KIBRIS GAZ\u0130LER\u0130YLE B\u0130R ARAYA GELD\u0130 -<\/title>\n<meta name=\"robots\" content=\"index, follow, max-snippet:-1, max-image-preview:large, max-video-preview:-1\" \/>\n<link rel=\"canonical\" href=\"https:\/\/kibrisdakik.com\/?p=105234\" \/>\n<meta property=\"og:locale\" content=\"tr_TR\" \/>\n<meta property=\"og:type\" content=\"article\" \/>\n<meta property=\"og:title\" content=\"ATAO\u011eLU, BEYPAZARI&#039;NDA KIBRIS GAZ\u0130LER\u0130YLE B\u0130R ARAYA GELD\u0130 -\" \/>\n<meta property=\"og:description\" content=\"Ba\u015fbakan Yard\u0131mc\u0131s\u0131, Turizm, K\u00fclt\u00fcr, Gen\u00e7lik ve \u00c7evre Bakan\u0131 Fikri Atao\u011flu, Ankara&#8217;n\u0131n Beypazar\u0131 il\u00e7esinde \u00e7e\u015fitli ziyaretlerde bulundu. Atao\u011flu ile KKTC&#8217;nin Ankara B\u00fcy\u00fckel\u00e7isi \u0130smet Koruko\u011flu&#8217;nun da yer ald\u0131\u011f\u0131 heyet, K\u0131br\u0131s gazileri ile Belediye Ba\u015fkan\u0131 \u00d6zer Kasap&#8217;\u0131n makam\u0131nda bir araya geldi. Gazilerle sohbet eden Atao\u011flu, &#8220;Gazilerimize can\u0131g\u00f6n\u00fclden te\u015fekk\u00fcrlerimi sunuyorum. Sizlerin, T\u00fcrk askerinin ba\u015far\u0131s\u0131 unutulmaz. Hepinizden Allah raz\u0131 olsun.&#8221;\" \/>\n<meta property=\"og:url\" content=\"https:\/\/kibrisdakik.com\/?p=105234\" \/>\n<meta property=\"article:published_time\" content=\"2026-01-30T15:36:00+00:00\" \/>\n<meta property=\"og:image\" content=\"https:\/\/kibrisdakik.com\/wp-content\/uploads\/2026\/01\/mha-sari-beyaz-2807.png\" \/>\n\t<meta property=\"og:image:width\" content=\"1280\" \/>\n\t<meta property=\"og:image:height\" content=\"720\" \/>\n\t<meta property=\"og:image:type\" content=\"image\/png\" \/>\n<meta name=\"author\" content=\"admin\" \/>\n<meta name=\"twitter:card\" content=\"summary_large_image\" \/>\n<meta name=\"twitter:label1\" content=\"Yazan:\" \/>\n\t<meta name=\"twitter:data1\" content=\"admin\" \/>\n\t<meta name=\"twitter:label2\" content=\"Tahmini okuma s\u00fcresi\" \/>\n\t<meta name=\"twitter:data2\" content=\"1 dakika\" \/>\n<script type=\"application\/ld+json\" class=\"yoast-schema-graph\">{\"@context\":\"https:\\\/\\\/schema.org\",\"@graph\":[{\"@type\":\"Article\",\"@id\":\"https:\\\/\\\/kibrisdakik.com\\\/?p=105234#article\",\"isPartOf\":{\"@id\":\"https:\\\/\\\/kibrisdakik.com\\\/?p=105234\"},\"author\":{\"name\":\"admin\",\"@id\":\"https:\\\/\\\/kibrisdakik.com\\\/#\\\/schema\\\/person\\\/9cd9d437bbb44f72b73ba127e06d8e79\"},\"headline\":\"ATAO\u011eLU, BEYPAZARI&#039;NDA KIBRIS GAZ\u0130LER\u0130YLE B\u0130R ARAYA GELD\u0130\",\"datePublished\":\"2026-01-30T15:36:00+00:00\",\"mainEntityOfPage\":{\"@id\":\"https:\\\/\\\/kibrisdakik.com\\\/?p=105234\"},\"wordCount\":238,\"commentCount\":0,\"image\":{\"@id\":\"https:\\\/\\\/kibrisdakik.com\\\/?p=105234#primaryimage\"},\"thumbnailUrl\":\"https:\\\/\\\/kibrisdakik.com\\\/wp-content\\\/uploads\\\/2026\\\/01\\\/mha-sari-beyaz-2807.png\",\"articleSection\":[\"K\u0131br\u0131s\"],\"inLanguage\":\"tr\",\"potentialAction\":[{\"@type\":\"CommentAction\",\"name\":\"Comment\",\"target\":[\"https:\\\/\\\/kibrisdakik.com\\\/?p=105234#respond\"]}]},{\"@type\":\"WebPage\",\"@id\":\"https:\\\/\\\/kibrisdakik.com\\\/?p=105234\",\"url\":\"https:\\\/\\\/kibrisdakik.com\\\/?p=105234\",\"name\":\"ATAO\u011eLU, BEYPAZARI&#039;NDA KIBRIS GAZ\u0130LER\u0130YLE B\u0130R ARAYA GELD\u0130 -\",\"isPartOf\":{\"@id\":\"https:\\\/\\\/kibrisdakik.com\\\/#website\"},\"primaryImageOfPage\":{\"@id\":\"https:\\\/\\\/kibrisdakik.com\\\/?p=105234#primaryimage\"},\"image\":{\"@id\":\"https:\\\/\\\/kibrisdakik.com\\\/?p=105234#primaryimage\"},\"thumbnailUrl\":\"https:\\\/\\\/kibrisdakik.com\\\/wp-content\\\/uploads\\\/2026\\\/01\\\/mha-sari-beyaz-2807.png\",\"datePublished\":\"2026-01-30T15:36:00+00:00\",\"author\":{\"@id\":\"https:\\\/\\\/kibrisdakik.com\\\/#\\\/schema\\\/person\\\/9cd9d437bbb44f72b73ba127e06d8e79\"},\"breadcrumb\":{\"@id\":\"https:\\\/\\\/kibrisdakik.com\\\/?p=105234#breadcrumb\"},\"inLanguage\":\"tr\",\"potentialAction\":[{\"@type\":\"ReadAction\",\"target\":[\"https:\\\/\\\/kibrisdakik.com\\\/?p=105234\"]}]},{\"@type\":\"ImageObject\",\"inLanguage\":\"tr\",\"@id\":\"https:\\\/\\\/kibrisdakik.com\\\/?p=105234#primaryimage\",\"url\":\"https:\\\/\\\/kibrisdakik.com\\\/wp-content\\\/uploads\\\/2026\\\/01\\\/mha-sari-beyaz-2807.png\",\"contentUrl\":\"https:\\\/\\\/kibrisdakik.com\\\/wp-content\\\/uploads\\\/2026\\\/01\\\/mha-sari-beyaz-2807.png\",\"width\":1280,\"height\":720},{\"@type\":\"BreadcrumbList\",\"@id\":\"https:\\\/\\\/kibrisdakik.com\\\/?p=105234#breadcrumb\",\"itemListElement\":[{\"@type\":\"ListItem\",\"position\":1,\"name\":\"Home\",\"item\":\"https:\\\/\\\/kibrisdakik.com\\\/\"},{\"@type\":\"ListItem\",\"position\":2,\"name\":\"ATAO\u011eLU, BEYPAZARI&#039;NDA KIBRIS GAZ\u0130LER\u0130YLE B\u0130R ARAYA GELD\u0130\"}]},{\"@type\":\"WebSite\",\"@id\":\"https:\\\/\\\/kibrisdakik.com\\\/#website\",\"url\":\"https:\\\/\\\/kibrisdakik.com\\\/\",\"name\":\"\",\"description\":\"Tam vaktinde haber\",\"potentialAction\":[{\"@type\":\"SearchAction\",\"target\":{\"@type\":\"EntryPoint\",\"urlTemplate\":\"https:\\\/\\\/kibrisdakik.com\\\/?s={search_term_string}\"},\"query-input\":{\"@type\":\"PropertyValueSpecification\",\"valueRequired\":true,\"valueName\":\"search_term_string\"}}],\"inLanguage\":\"tr\"},{\"@type\":\"Person\",\"@id\":\"https:\\\/\\\/kibrisdakik.com\\\/#\\\/schema\\\/person\\\/9cd9d437bbb44f72b73ba127e06d8e79\",\"name\":\"admin\",\"image\":{\"@type\":\"ImageObject\",\"inLanguage\":\"tr\",\"@id\":\"https:\\\/\\\/secure.gravatar.com\\\/avatar\\\/ccc17943b9d660506c869530f897617f7cb1c21a4bf30023f252596d83e1f007?s=96&d=mm&r=g\",\"url\":\"https:\\\/\\\/secure.gravatar.com\\\/avatar\\\/ccc17943b9d660506c869530f897617f7cb1c21a4bf30023f252596d83e1f007?s=96&d=mm&r=g\",\"contentUrl\":\"https:\\\/\\\/secure.gravatar.com\\\/avatar\\\/ccc17943b9d660506c869530f897617f7cb1c21a4bf30023f252596d83e1f007?s=96&d=mm&r=g\",\"caption\":\"admin\"},\"sameAs\":[\"https:\\\/\\\/kibrisdakik.com\"],\"url\":\"https:\\\/\\\/kibrisdakik.com\\\/?author=1\"}]}<\/script>\n<!-- \/ Yoast SEO plugin. -->","yoast_head_json":{"title":"ATAO\u011eLU, BEYPAZARI&#039;NDA KIBRIS GAZ\u0130LER\u0130YLE B\u0130R ARAYA GELD\u0130 -","robots":{"index":"index","follow":"follow","max-snippet":"max-snippet:-1","max-image-preview":"max-image-preview:large","max-video-preview":"max-video-preview:-1"},"canonical":"https:\/\/kibrisdakik.com\/?p=105234","og_locale":"tr_TR","og_type":"article","og_title":"ATAO\u011eLU, BEYPAZARI&#039;NDA KIBRIS GAZ\u0130LER\u0130YLE B\u0130R ARAYA GELD\u0130 -","og_description":"Ba\u015fbakan Yard\u0131mc\u0131s\u0131, Turizm, K\u00fclt\u00fcr, Gen\u00e7lik ve \u00c7evre Bakan\u0131 Fikri Atao\u011flu, Ankara&#8217;n\u0131n Beypazar\u0131 il\u00e7esinde \u00e7e\u015fitli ziyaretlerde bulundu. Atao\u011flu ile KKTC&#8217;nin Ankara B\u00fcy\u00fckel\u00e7isi \u0130smet Koruko\u011flu&#8217;nun da yer ald\u0131\u011f\u0131 heyet, K\u0131br\u0131s gazileri ile Belediye Ba\u015fkan\u0131 \u00d6zer Kasap&#8217;\u0131n makam\u0131nda bir araya geldi. Gazilerle sohbet eden Atao\u011flu, &#8220;Gazilerimize can\u0131g\u00f6n\u00fclden te\u015fekk\u00fcrlerimi sunuyorum. Sizlerin, T\u00fcrk askerinin ba\u015far\u0131s\u0131 unutulmaz. Hepinizden Allah raz\u0131 olsun.&#8221;","og_url":"https:\/\/kibrisdakik.com\/?p=105234","article_published_time":"2026-01-30T15:36:00+00:00","og_image":[{"width":1280,"height":720,"url":"https:\/\/kibrisdakik.com\/wp-content\/uploads\/2026\/01\/mha-sari-beyaz-2807.png","type":"image\/png"}],"author":"admin","twitter_card":"summary_large_image","twitter_misc":{"Yazan:":"admin","Tahmini okuma s\u00fcresi":"1 dakika"},"schema":{"@context":"https:\/\/schema.org","@graph":[{"@type":"Article","@id":"https:\/\/kibrisdakik.com\/?p=105234#article","isPartOf":{"@id":"https:\/\/kibrisdakik.com\/?p=105234"},"author":{"name":"admin","@id":"https:\/\/kibrisdakik.com\/#\/schema\/person\/9cd9d437bbb44f72b73ba127e06d8e79"},"headline":"ATAO\u011eLU, BEYPAZARI&#039;NDA KIBRIS GAZ\u0130LER\u0130YLE B\u0130R ARAYA GELD\u0130","datePublished":"2026-01-30T15:36:00+00:00","mainEntityOfPage":{"@id":"https:\/\/kibrisdakik.com\/?p=105234"},"wordCount":238,"commentCount":0,"image":{"@id":"https:\/\/kibrisdakik.com\/?p=105234#primaryimage"},"thumbnailUrl":"https:\/\/kibrisdakik.com\/wp-content\/uploads\/2026\/01\/mha-sari-beyaz-2807.png","articleSection":["K\u0131br\u0131s"],"inLanguage":"tr","potentialAction":[{"@type":"CommentAction","name":"Comment","target":["https:\/\/kibrisdakik.com\/?p=105234#respond"]}]},{"@type":"WebPage","@id":"https:\/\/kibrisdakik.com\/?p=105234","url":"https:\/\/kibrisdakik.com\/?p=105234","name":"ATAO\u011eLU, BEYPAZARI&#039;NDA KIBRIS GAZ\u0130LER\u0130YLE B\u0130R ARAYA GELD\u0130 -","isPartOf":{"@id":"https:\/\/kibrisdakik.com\/#website"},"primaryImageOfPage":{"@id":"https:\/\/kibrisdakik.com\/?p=105234#primaryimage"},"image":{"@id":"https:\/\/kibrisdakik.com\/?p=105234#primaryimage"},"thumbnailUrl":"https:\/\/kibrisdakik.com\/wp-content\/uploads\/2026\/01\/mha-sari-beyaz-2807.png","datePublished":"2026-01-30T15:36:00+00:00","author":{"@id":"https:\/\/kibrisdakik.com\/#\/schema\/person\/9cd9d437bbb44f72b73ba127e06d8e79"},"breadcrumb":{"@id":"https:\/\/kibrisdakik.com\/?p=105234#breadcrumb"},"inLanguage":"tr","potentialAction":[{"@type":"ReadAction","target":["https:\/\/kibrisdakik.com\/?p=105234"]}]},{"@type":"ImageObject","inLanguage":"tr","@id":"https:\/\/kibrisdakik.com\/?p=105234#primaryimage","url":"https:\/\/kibrisdakik.com\/wp-content\/uploads\/2026\/01\/mha-sari-beyaz-2807.png","contentUrl":"https:\/\/kibrisdakik.com\/wp-content\/uploads\/2026\/01\/mha-sari-beyaz-2807.png","width":1280,"height":720},{"@type":"BreadcrumbList","@id":"https:\/\/kibrisdakik.com\/?p=105234#breadcrumb","itemListElement":[{"@type":"ListItem","position":1,"name":"Home","item":"https:\/\/kibrisdakik.com\/"},{"@type":"ListItem","position":2,"name":"ATAO\u011eLU, BEYPAZARI&#039;NDA KIBRIS GAZ\u0130LER\u0130YLE B\u0130R ARAYA GELD\u0130"}]},{"@type":"WebSite","@id":"https:\/\/kibrisdakik.com\/#website","url":"https:\/\/kibrisdakik.com\/","name":"","description":"Tam vaktinde haber","potentialAction":[{"@type":"SearchAction","target":{"@type":"EntryPoint","urlTemplate":"https:\/\/kibrisdakik.com\/?s={search_term_string}"},"query-input":{"@type":"PropertyValueSpecification","valueRequired":true,"valueName":"search_term_string"}}],"inLanguage":"tr"},{"@type":"Person","@id":"https:\/\/kibrisdakik.com\/#\/schema\/person\/9cd9d437bbb44f72b73ba127e06d8e79","name":"admin","image":{"@type":"ImageObject","inLanguage":"tr","@id":"https:\/\/secure.gravatar.com\/avatar\/ccc17943b9d660506c869530f897617f7cb1c21a4bf30023f252596d83e1f007?s=96&d=mm&r=g","url":"https:\/\/secure.gravatar.com\/avatar\/ccc17943b9d660506c869530f897617f7cb1c21a4bf30023f252596d83e1f007?s=96&d=mm&r=g","contentUrl":"https:\/\/secure.gravatar.com\/avatar\/ccc17943b9d660506c869530f897617f7cb1c21a4bf30023f252596d83e1f007?s=96&d=mm&r=g","caption":"admin"},"sameAs":["https:\/\/kibrisdakik.com"],"url":"https:\/\/kibrisdakik.com\/?author=1"}]}},"_links":{"self":[{"href":"https:\/\/kibrisdakik.com\/index.php?rest_route=\/wp\/v2\/posts\/105234","targetHints":{"allow":["GET"]}}],"collection":[{"href":"https:\/\/kibrisdakik.com\/index.php?rest_route=\/wp\/v2\/posts"}],"about":[{"href":"https:\/\/kibrisdakik.com\/index.php?rest_route=\/wp\/v2\/types\/post"}],"author":[{"embeddable":true,"href":"https:\/\/kibrisdakik.com\/index.php?rest_route=\/wp\/v2\/users\/1"}],"replies":[{"embeddable":true,"href":"https:\/\/kibrisdakik.com\/index.php?rest_route=%2Fwp%2Fv2%2Fcomments&post=105234"}],"version-history":[{"count":0,"href":"https:\/\/kibrisdakik.com\/index.php?rest_route=\/wp\/v2\/posts\/105234\/revisions"}],"wp:featuredmedia":[{"embeddable":true,"href":"https:\/\/kibrisdakik.com\/index.php?rest_route=\/wp\/v2\/media\/105235"}],"wp:attachment":[{"href":"https:\/\/kibrisdakik.com\/index.php?rest_route=%2Fwp%2Fv2%2Fmedia&parent=105234"}],"wp:term":[{"taxonomy":"category","embeddable":true,"href":"https:\/\/kibrisdakik.com\/index.php?rest_route=%2Fwp%2Fv2%2Fcategories&post=105234"},{"taxonomy":"post_tag","embeddable":true,"href":"https:\/\/kibrisdakik.com\/index.php?rest_route=%2Fwp%2Fv2%2Ftags&post=105234"}],"curies":[{"name":"wp","href":"https:\/\/api.w.org\/{rel}","templated":true}]}}