{"id":105238,"date":"2026-01-30T18:43:19","date_gmt":"2026-01-30T16:43:19","guid":{"rendered":"https:\/\/kibrisdakik.com\/index.php\/2026\/01\/30\/trumptan-kuba-hamlesi-yeni-tarife-kararnamesini-imzaladi\/"},"modified":"2026-01-30T18:43:19","modified_gmt":"2026-01-30T16:43:19","slug":"trumptan-kuba-hamlesi-yeni-tarife-kararnamesini-imzaladi","status":"publish","type":"post","link":"https:\/\/kibrisdakik.com\/?p=105238","title":{"rendered":"Trump\u2019tan K\u00fcba hamlesi: Yeni tarife kararnamesini imzalad\u0131"},"content":{"rendered":"<p><\/p>\n<p>Beyaz Saray&#8217;dan yap\u0131lan a\u00e7\u0131klamada, ABD Ba\u015fkan\u0131 Donald Trump&#8217;\u0131n K\u00fcba h\u00fck\u00fcmetinin ABD&#8217;ye y\u00f6nelik tehditlerini ele ald\u0131\u011f\u0131 aktar\u0131ld\u0131.<\/p>\n<p>A\u00e7\u0131klamada, kararnameyle ABD&#8217;nin K\u00fcba&#8217;ya do\u011frudan veya dolayl\u0131 olarak petrol sa\u011flayan \u00fclkelerden yap\u0131lan ithalata ek g\u00fcmr\u00fck vergisi uygulamas\u0131na olanak tan\u0131yan yeni bir tarife sistemi getirilece\u011fi belirtildi.<\/p>\n<p><\/p>\n<p>D\u0131\u015fi\u015fleri ve ticaret bakanlar\u0131na tarife sistemini ve ilgili tedbirleri uygulamak i\u00e7in kurallar ve y\u00f6netmelikler yay\u0131mlamak da dahil olmak \u00fczere gerekli t\u00fcm \u00f6nlemleri alma yetkisi verildi\u011fi aktar\u0131lan a\u00e7\u0131klamada, ABD&#8217;nin ulusal g\u00fcvenli\u011finin ve d\u0131\u015f politikas\u0131n\u0131n &#8220;K\u00fcba rejiminin k\u00f6t\u00fc niyetli eylem ve politikalar\u0131ndan&#8221; korunmas\u0131n\u0131n ama\u00e7land\u0131\u011f\u0131 ifade edildi.<\/p>\n<p>A\u00e7\u0131klamada, K\u00fcba veya etkilenen \u00fclkelerin tehdidi gidermek ya da ABD&#8217;nin ulusal g\u00fcvenlik ve d\u0131\u015f politika hedefleriyle uyum sa\u011flamak i\u00e7in \u00f6nemli ad\u0131mlar atmas\u0131 halinde Ba\u015fkan\u0131n kararnamede de\u011fi\u015fiklik yapabilece\u011fi kaydedildi.<\/p>\n<p>&nbsp;<\/p>\n","protected":false},"excerpt":{"rendered":"<p>Beyaz Saray&#8217;dan yap\u0131lan a\u00e7\u0131klamada, ABD Ba\u015fkan\u0131 Donald Trump&#8217;\u0131n K\u00fcba h\u00fck\u00fcmetinin ABD&#8217;ye y\u00f6nelik tehditlerini ele ald\u0131\u011f\u0131 aktar\u0131ld\u0131. A\u00e7\u0131klamada, kararnameyle ABD&#8217;nin K\u00fcba&#8217;ya do\u011frudan veya dolayl\u0131 olarak petrol sa\u011flayan \u00fclkelerden yap\u0131lan ithalata ek g\u00fcmr\u00fck vergisi uygulamas\u0131na olanak tan\u0131yan yeni bir tarife sistemi getirilece\u011fi belirtildi. D\u0131\u015fi\u015fleri ve ticaret bakanlar\u0131na tarife sistemini ve ilgili tedbirleri uygulamak i\u00e7in kurallar ve y\u00f6netmelikler<\/p>\n","protected":false},"author":1,"featured_media":105239,"comment_status":"open","ping_status":"open","sticky":false,"template":"","format":"standard","meta":{"footnotes":""},"categories":[85],"tags":[],"class_list":["post-105238","post","type-post","status-publish","format-standard","has-post-thumbnail","hentry","category-spor"],"yoast_head":"<!-- This site is optimized with the Yoast SEO plugin v27.5 - https:\/\/yoast.com\/product\/yoast-seo-wordpress\/ -->\n<title>Trump\u2019tan K\u00fcba hamlesi: Yeni tarife kararnamesini imzalad\u0131 -<\/title>\n<meta name=\"robots\" content=\"index, follow, max-snippet:-1, max-image-preview:large, max-video-preview:-1\" \/>\n<link rel=\"canonical\" href=\"https:\/\/kibrisdakik.com\/?p=105238\" \/>\n<meta property=\"og:locale\" content=\"tr_TR\" \/>\n<meta property=\"og:type\" content=\"article\" \/>\n<meta property=\"og:title\" content=\"Trump\u2019tan K\u00fcba hamlesi: Yeni tarife kararnamesini imzalad\u0131 -\" \/>\n<meta property=\"og:description\" content=\"Beyaz Saray&#8217;dan yap\u0131lan a\u00e7\u0131klamada, ABD Ba\u015fkan\u0131 Donald Trump&#8217;\u0131n K\u00fcba h\u00fck\u00fcmetinin ABD&#8217;ye y\u00f6nelik tehditlerini ele ald\u0131\u011f\u0131 aktar\u0131ld\u0131. A\u00e7\u0131klamada, kararnameyle ABD&#8217;nin K\u00fcba&#8217;ya do\u011frudan veya dolayl\u0131 olarak petrol sa\u011flayan \u00fclkelerden yap\u0131lan ithalata ek g\u00fcmr\u00fck vergisi uygulamas\u0131na olanak tan\u0131yan yeni bir tarife sistemi getirilece\u011fi belirtildi. D\u0131\u015fi\u015fleri ve ticaret bakanlar\u0131na tarife sistemini ve ilgili tedbirleri uygulamak i\u00e7in kurallar ve y\u00f6netmelikler\" \/>\n<meta property=\"og:url\" content=\"https:\/\/kibrisdakik.com\/?p=105238\" \/>\n<meta property=\"article:published_time\" content=\"2026-01-30T16:43:19+00:00\" \/>\n<meta property=\"og:image\" content=\"https:\/\/kibrisdakik.com\/wp-content\/uploads\/2026\/01\/Kuba-TRUMP.jpg\" \/>\n\t<meta property=\"og:image:width\" content=\"1280\" \/>\n\t<meta property=\"og:image:height\" content=\"720\" \/>\n\t<meta property=\"og:image:type\" content=\"image\/jpeg\" \/>\n<meta name=\"author\" content=\"admin\" \/>\n<meta name=\"twitter:card\" content=\"summary_large_image\" \/>\n<meta name=\"twitter:label1\" content=\"Yazan:\" \/>\n\t<meta name=\"twitter:data1\" content=\"admin\" \/>\n\t<meta name=\"twitter:label2\" content=\"Tahmini okuma s\u00fcresi\" \/>\n\t<meta name=\"twitter:data2\" content=\"1 dakika\" \/>\n<script type=\"application\/ld+json\" class=\"yoast-schema-graph\">{\"@context\":\"https:\\\/\\\/schema.org\",\"@graph\":[{\"@type\":\"Article\",\"@id\":\"https:\\\/\\\/kibrisdakik.com\\\/?p=105238#article\",\"isPartOf\":{\"@id\":\"https:\\\/\\\/kibrisdakik.com\\\/?p=105238\"},\"author\":{\"name\":\"admin\",\"@id\":\"https:\\\/\\\/kibrisdakik.com\\\/#\\\/schema\\\/person\\\/9cd9d437bbb44f72b73ba127e06d8e79\"},\"headline\":\"Trump\u2019tan K\u00fcba hamlesi: Yeni tarife kararnamesini imzalad\u0131\",\"datePublished\":\"2026-01-30T16:43:19+00:00\",\"mainEntityOfPage\":{\"@id\":\"https:\\\/\\\/kibrisdakik.com\\\/?p=105238\"},\"wordCount\":179,\"commentCount\":0,\"image\":{\"@id\":\"https:\\\/\\\/kibrisdakik.com\\\/?p=105238#primaryimage\"},\"thumbnailUrl\":\"https:\\\/\\\/kibrisdakik.com\\\/wp-content\\\/uploads\\\/2026\\\/01\\\/Kuba-TRUMP.jpg\",\"articleSection\":[\"Spor\"],\"inLanguage\":\"tr\",\"potentialAction\":[{\"@type\":\"CommentAction\",\"name\":\"Comment\",\"target\":[\"https:\\\/\\\/kibrisdakik.com\\\/?p=105238#respond\"]}]},{\"@type\":\"WebPage\",\"@id\":\"https:\\\/\\\/kibrisdakik.com\\\/?p=105238\",\"url\":\"https:\\\/\\\/kibrisdakik.com\\\/?p=105238\",\"name\":\"Trump\u2019tan K\u00fcba hamlesi: Yeni tarife kararnamesini imzalad\u0131 -\",\"isPartOf\":{\"@id\":\"https:\\\/\\\/kibrisdakik.com\\\/#website\"},\"primaryImageOfPage\":{\"@id\":\"https:\\\/\\\/kibrisdakik.com\\\/?p=105238#primaryimage\"},\"image\":{\"@id\":\"https:\\\/\\\/kibrisdakik.com\\\/?p=105238#primaryimage\"},\"thumbnailUrl\":\"https:\\\/\\\/kibrisdakik.com\\\/wp-content\\\/uploads\\\/2026\\\/01\\\/Kuba-TRUMP.jpg\",\"datePublished\":\"2026-01-30T16:43:19+00:00\",\"author\":{\"@id\":\"https:\\\/\\\/kibrisdakik.com\\\/#\\\/schema\\\/person\\\/9cd9d437bbb44f72b73ba127e06d8e79\"},\"breadcrumb\":{\"@id\":\"https:\\\/\\\/kibrisdakik.com\\\/?p=105238#breadcrumb\"},\"inLanguage\":\"tr\",\"potentialAction\":[{\"@type\":\"ReadAction\",\"target\":[\"https:\\\/\\\/kibrisdakik.com\\\/?p=105238\"]}]},{\"@type\":\"ImageObject\",\"inLanguage\":\"tr\",\"@id\":\"https:\\\/\\\/kibrisdakik.com\\\/?p=105238#primaryimage\",\"url\":\"https:\\\/\\\/kibrisdakik.com\\\/wp-content\\\/uploads\\\/2026\\\/01\\\/Kuba-TRUMP.jpg\",\"contentUrl\":\"https:\\\/\\\/kibrisdakik.com\\\/wp-content\\\/uploads\\\/2026\\\/01\\\/Kuba-TRUMP.jpg\",\"width\":1280,\"height\":720},{\"@type\":\"BreadcrumbList\",\"@id\":\"https:\\\/\\\/kibrisdakik.com\\\/?p=105238#breadcrumb\",\"itemListElement\":[{\"@type\":\"ListItem\",\"position\":1,\"name\":\"Home\",\"item\":\"https:\\\/\\\/kibrisdakik.com\\\/\"},{\"@type\":\"ListItem\",\"position\":2,\"name\":\"Trump\u2019tan K\u00fcba hamlesi: Yeni tarife kararnamesini imzalad\u0131\"}]},{\"@type\":\"WebSite\",\"@id\":\"https:\\\/\\\/kibrisdakik.com\\\/#website\",\"url\":\"https:\\\/\\\/kibrisdakik.com\\\/\",\"name\":\"\",\"description\":\"Tam vaktinde haber\",\"potentialAction\":[{\"@type\":\"SearchAction\",\"target\":{\"@type\":\"EntryPoint\",\"urlTemplate\":\"https:\\\/\\\/kibrisdakik.com\\\/?s={search_term_string}\"},\"query-input\":{\"@type\":\"PropertyValueSpecification\",\"valueRequired\":true,\"valueName\":\"search_term_string\"}}],\"inLanguage\":\"tr\"},{\"@type\":\"Person\",\"@id\":\"https:\\\/\\\/kibrisdakik.com\\\/#\\\/schema\\\/person\\\/9cd9d437bbb44f72b73ba127e06d8e79\",\"name\":\"admin\",\"image\":{\"@type\":\"ImageObject\",\"inLanguage\":\"tr\",\"@id\":\"https:\\\/\\\/secure.gravatar.com\\\/avatar\\\/ccc17943b9d660506c869530f897617f7cb1c21a4bf30023f252596d83e1f007?s=96&d=mm&r=g\",\"url\":\"https:\\\/\\\/secure.gravatar.com\\\/avatar\\\/ccc17943b9d660506c869530f897617f7cb1c21a4bf30023f252596d83e1f007?s=96&d=mm&r=g\",\"contentUrl\":\"https:\\\/\\\/secure.gravatar.com\\\/avatar\\\/ccc17943b9d660506c869530f897617f7cb1c21a4bf30023f252596d83e1f007?s=96&d=mm&r=g\",\"caption\":\"admin\"},\"sameAs\":[\"https:\\\/\\\/kibrisdakik.com\"],\"url\":\"https:\\\/\\\/kibrisdakik.com\\\/?author=1\"}]}<\/script>\n<!-- \/ Yoast SEO plugin. -->","yoast_head_json":{"title":"Trump\u2019tan K\u00fcba hamlesi: Yeni tarife kararnamesini imzalad\u0131 -","robots":{"index":"index","follow":"follow","max-snippet":"max-snippet:-1","max-image-preview":"max-image-preview:large","max-video-preview":"max-video-preview:-1"},"canonical":"https:\/\/kibrisdakik.com\/?p=105238","og_locale":"tr_TR","og_type":"article","og_title":"Trump\u2019tan K\u00fcba hamlesi: Yeni tarife kararnamesini imzalad\u0131 -","og_description":"Beyaz Saray&#8217;dan yap\u0131lan a\u00e7\u0131klamada, ABD Ba\u015fkan\u0131 Donald Trump&#8217;\u0131n K\u00fcba h\u00fck\u00fcmetinin ABD&#8217;ye y\u00f6nelik tehditlerini ele ald\u0131\u011f\u0131 aktar\u0131ld\u0131. A\u00e7\u0131klamada, kararnameyle ABD&#8217;nin K\u00fcba&#8217;ya do\u011frudan veya dolayl\u0131 olarak petrol sa\u011flayan \u00fclkelerden yap\u0131lan ithalata ek g\u00fcmr\u00fck vergisi uygulamas\u0131na olanak tan\u0131yan yeni bir tarife sistemi getirilece\u011fi belirtildi. D\u0131\u015fi\u015fleri ve ticaret bakanlar\u0131na tarife sistemini ve ilgili tedbirleri uygulamak i\u00e7in kurallar ve y\u00f6netmelikler","og_url":"https:\/\/kibrisdakik.com\/?p=105238","article_published_time":"2026-01-30T16:43:19+00:00","og_image":[{"width":1280,"height":720,"url":"https:\/\/kibrisdakik.com\/wp-content\/uploads\/2026\/01\/Kuba-TRUMP.jpg","type":"image\/jpeg"}],"author":"admin","twitter_card":"summary_large_image","twitter_misc":{"Yazan:":"admin","Tahmini okuma s\u00fcresi":"1 dakika"},"schema":{"@context":"https:\/\/schema.org","@graph":[{"@type":"Article","@id":"https:\/\/kibrisdakik.com\/?p=105238#article","isPartOf":{"@id":"https:\/\/kibrisdakik.com\/?p=105238"},"author":{"name":"admin","@id":"https:\/\/kibrisdakik.com\/#\/schema\/person\/9cd9d437bbb44f72b73ba127e06d8e79"},"headline":"Trump\u2019tan K\u00fcba hamlesi: Yeni tarife kararnamesini imzalad\u0131","datePublished":"2026-01-30T16:43:19+00:00","mainEntityOfPage":{"@id":"https:\/\/kibrisdakik.com\/?p=105238"},"wordCount":179,"commentCount":0,"image":{"@id":"https:\/\/kibrisdakik.com\/?p=105238#primaryimage"},"thumbnailUrl":"https:\/\/kibrisdakik.com\/wp-content\/uploads\/2026\/01\/Kuba-TRUMP.jpg","articleSection":["Spor"],"inLanguage":"tr","potentialAction":[{"@type":"CommentAction","name":"Comment","target":["https:\/\/kibrisdakik.com\/?p=105238#respond"]}]},{"@type":"WebPage","@id":"https:\/\/kibrisdakik.com\/?p=105238","url":"https:\/\/kibrisdakik.com\/?p=105238","name":"Trump\u2019tan K\u00fcba hamlesi: Yeni tarife kararnamesini imzalad\u0131 -","isPartOf":{"@id":"https:\/\/kibrisdakik.com\/#website"},"primaryImageOfPage":{"@id":"https:\/\/kibrisdakik.com\/?p=105238#primaryimage"},"image":{"@id":"https:\/\/kibrisdakik.com\/?p=105238#primaryimage"},"thumbnailUrl":"https:\/\/kibrisdakik.com\/wp-content\/uploads\/2026\/01\/Kuba-TRUMP.jpg","datePublished":"2026-01-30T16:43:19+00:00","author":{"@id":"https:\/\/kibrisdakik.com\/#\/schema\/person\/9cd9d437bbb44f72b73ba127e06d8e79"},"breadcrumb":{"@id":"https:\/\/kibrisdakik.com\/?p=105238#breadcrumb"},"inLanguage":"tr","potentialAction":[{"@type":"ReadAction","target":["https:\/\/kibrisdakik.com\/?p=105238"]}]},{"@type":"ImageObject","inLanguage":"tr","@id":"https:\/\/kibrisdakik.com\/?p=105238#primaryimage","url":"https:\/\/kibrisdakik.com\/wp-content\/uploads\/2026\/01\/Kuba-TRUMP.jpg","contentUrl":"https:\/\/kibrisdakik.com\/wp-content\/uploads\/2026\/01\/Kuba-TRUMP.jpg","width":1280,"height":720},{"@type":"BreadcrumbList","@id":"https:\/\/kibrisdakik.com\/?p=105238#breadcrumb","itemListElement":[{"@type":"ListItem","position":1,"name":"Home","item":"https:\/\/kibrisdakik.com\/"},{"@type":"ListItem","position":2,"name":"Trump\u2019tan K\u00fcba hamlesi: Yeni tarife kararnamesini imzalad\u0131"}]},{"@type":"WebSite","@id":"https:\/\/kibrisdakik.com\/#website","url":"https:\/\/kibrisdakik.com\/","name":"","description":"Tam vaktinde haber","potentialAction":[{"@type":"SearchAction","target":{"@type":"EntryPoint","urlTemplate":"https:\/\/kibrisdakik.com\/?s={search_term_string}"},"query-input":{"@type":"PropertyValueSpecification","valueRequired":true,"valueName":"search_term_string"}}],"inLanguage":"tr"},{"@type":"Person","@id":"https:\/\/kibrisdakik.com\/#\/schema\/person\/9cd9d437bbb44f72b73ba127e06d8e79","name":"admin","image":{"@type":"ImageObject","inLanguage":"tr","@id":"https:\/\/secure.gravatar.com\/avatar\/ccc17943b9d660506c869530f897617f7cb1c21a4bf30023f252596d83e1f007?s=96&d=mm&r=g","url":"https:\/\/secure.gravatar.com\/avatar\/ccc17943b9d660506c869530f897617f7cb1c21a4bf30023f252596d83e1f007?s=96&d=mm&r=g","contentUrl":"https:\/\/secure.gravatar.com\/avatar\/ccc17943b9d660506c869530f897617f7cb1c21a4bf30023f252596d83e1f007?s=96&d=mm&r=g","caption":"admin"},"sameAs":["https:\/\/kibrisdakik.com"],"url":"https:\/\/kibrisdakik.com\/?author=1"}]}},"_links":{"self":[{"href":"https:\/\/kibrisdakik.com\/index.php?rest_route=\/wp\/v2\/posts\/105238","targetHints":{"allow":["GET"]}}],"collection":[{"href":"https:\/\/kibrisdakik.com\/index.php?rest_route=\/wp\/v2\/posts"}],"about":[{"href":"https:\/\/kibrisdakik.com\/index.php?rest_route=\/wp\/v2\/types\/post"}],"author":[{"embeddable":true,"href":"https:\/\/kibrisdakik.com\/index.php?rest_route=\/wp\/v2\/users\/1"}],"replies":[{"embeddable":true,"href":"https:\/\/kibrisdakik.com\/index.php?rest_route=%2Fwp%2Fv2%2Fcomments&post=105238"}],"version-history":[{"count":0,"href":"https:\/\/kibrisdakik.com\/index.php?rest_route=\/wp\/v2\/posts\/105238\/revisions"}],"wp:featuredmedia":[{"embeddable":true,"href":"https:\/\/kibrisdakik.com\/index.php?rest_route=\/wp\/v2\/media\/105239"}],"wp:attachment":[{"href":"https:\/\/kibrisdakik.com\/index.php?rest_route=%2Fwp%2Fv2%2Fmedia&parent=105238"}],"wp:term":[{"taxonomy":"category","embeddable":true,"href":"https:\/\/kibrisdakik.com\/index.php?rest_route=%2Fwp%2Fv2%2Fcategories&post=105238"},{"taxonomy":"post_tag","embeddable":true,"href":"https:\/\/kibrisdakik.com\/index.php?rest_route=%2Fwp%2Fv2%2Ftags&post=105238"}],"curies":[{"name":"wp","href":"https:\/\/api.w.org\/{rel}","templated":true}]}}