{"id":105355,"date":"2026-02-02T14:04:06","date_gmt":"2026-02-02T12:04:06","guid":{"rendered":"https:\/\/kibrisdakik.com\/index.php\/2026\/02\/02\/kamu-emekcileri-sendikasi-tipta-merkezi-sinav-ve-etkin-denetim-sart\/"},"modified":"2026-02-02T14:04:06","modified_gmt":"2026-02-02T12:04:06","slug":"kamu-emekcileri-sendikasi-tipta-merkezi-sinav-ve-etkin-denetim-sart","status":"publish","type":"post","link":"https:\/\/kibrisdakik.com\/?p=105355","title":{"rendered":"KAMU EMEK\u00c7\u0130LER\u0130 SEND\u0130KASI: \u201cTIPTA MERKEZ\u0130 SINAV VE ETK\u0130N DENET\u0130M \u015eART\u201d"},"content":{"rendered":"<p><\/p>\n<div data-text-id=\"195271\" property=\"articleBody\">\n<p>K\u0131br\u0131s T\u00fcrk Kamu Emek\u00e7ileri Sendikas\u0131 (KES), t\u0131p ve uzmanl\u0131k s\u00fcre\u00e7lerinde merkezi s\u0131nav ve etkin denetimin \u015fart oldu\u011funu belirtti.<\/p>\n<p>KES Ba\u015fkan\u0131 Buran Atakan, yaz\u0131l\u0131 a\u00e7\u0131klamas\u0131nda, t\u0131p ve di\u015f hekimli\u011fi e\u011fitimi ile uzmanl\u0131k s\u00fcre\u00e7lerini \u201cbilimden, liyakattan ve kamu yarar\u0131ndan koparan\u201d yakla\u015f\u0131m\u0131n bir \u201cy\u00f6netim zafiyet\u201d de\u011fil, &#8220;bilin\u00e7li bir halk sa\u011fl\u0131\u011f\u0131 tehdidi\u201d oldu\u011funu ileri s\u00fcrd\u00fc.<\/p>\n<p>Atakan, Milletvekili Filiz Besim\u2019in a\u00e7\u0131klamalar\u0131n\u0131n gelinen noktan\u0131n \u201cvahametini\u201d ortaya koydu\u011funu s\u00f6yleyerek, t\u0131p altyap\u0131s\u0131 ve akademik yeterlili\u011fi bulunmayan \u00f6\u011frencilerin denetimsiz bi\u00e7imde t\u0131p fak\u00fcltelerine kabul edilmesinin, ard\u0131ndan merkezi s\u0131nav ve etkin denetim olmaks\u0131z\u0131n mezun edilmesinin kabul edilemez oldu\u011funu kaydetti; bu s\u00fcrecin uzmanl\u0131k, cerrahi ve hayati bran\u015flara geni\u015fletilme iste\u011fine tepki g\u00f6sterdi.<\/p>\n<p>K\u0131br\u0131s T\u00fcrk Tabipleri Birli\u011fi\u2019nin \u201cSiyah Bayrak\u201d \u00e7ekerek yapt\u0131\u011f\u0131 a\u00e7\u0131klaman\u0131n, s\u00fcrecin meslek \u00f6rg\u00fctleri a\u00e7\u0131s\u0131ndan \u201cgeri d\u00f6n\u00fclemez bir k\u0131r\u0131lma noktas\u0131\u201d oldu\u011funu g\u00f6sterdi\u011fini savunan Atakan, Birli\u011fin bu ko\u015fullarda verilecek uzmanl\u0131klar\u0131 tan\u0131mayaca\u011f\u0131n\u0131 ilan etmesini \u201cyerinde ve ge\u00e7 kal\u0131nm\u0131\u015f bir uyar\u0131\u201d olarak de\u011ferlendirdi.<\/p>\n<p>Mezun olan hekimlerin yetersizli\u011finin tart\u0131\u015f\u0131ld\u0131\u011f\u0131n\u0131 belirten Atakan, yap\u0131lmas\u0131 gerekenin t\u0131p fak\u00fcltelerine giri\u015fi merkezi s\u0131nava ba\u011flamak, fak\u00fclteleri ve e\u011fitim s\u00fcre\u00e7lerini ba\u011f\u0131ms\u0131z, \u015feffaf ve etkin bi\u00e7imde denetlemek oldu\u011funu s\u00f6yledi; buna ra\u011fmen \u201cuzmanl\u0131k da\u011f\u0131t\u0131lmas\u0131n\u0131n konu\u015fuldu\u011funu\u201d ileri s\u00fcrd\u00fc; \u201cBu bir cesaret de\u011fil, kamuya kar\u015f\u0131 i\u015flenmi\u015f a\u011f\u0131r bir ihmaldir.\u201d dedi.<\/p>\n<p>&#8211; Cumhurba\u015fkan\u0131, Sa\u011fl\u0131k Bakan\u0131 ve milletvekillerine \u00e7a\u011fr\u0131<\/p>\n<p>Atakan, Sa\u011fl\u0131k Bakan\u0131 Hakan Din\u00e7y\u00fcrek\u2019i konuyu halk sa\u011fl\u0131\u011f\u0131n\u0131 g\u00f6zeterek yeniden de\u011ferlendirmeye davet etti. Milletvekillerine de \u00e7a\u011fr\u0131 yapan Atakan, \u201cmesleki bilginizi, yeminlerinizi ve topluma kar\u015f\u0131 sorumlulu\u011funuzu hat\u0131rlay\u0131n.\u201d ifadelerini kulland\u0131.<\/p>\n<p>Cumhurba\u015fkan\u0131 Tufan Erh\u00fcrman\u2019\u0131 da anayasal sorumlulu\u011fu \u00e7er\u00e7evesinde gere\u011fini yapmaya ve s\u00fcrece m\u00fcdahil olmaya \u00e7a\u011f\u0131ran Atakan, halk\u0131n Cumhurba\u015fkan\u0131\u2019ndan bunu bekledi\u011fini savundu.<\/p>\n<p>KES olarak halk sa\u011fl\u0131\u011f\u0131n\u0131 tehdit eden bu anlay\u0131\u015fa kar\u015f\u0131 verilecek her t\u00fcrl\u00fc m\u00fccadelenin i\u00e7inde olacaklar\u0131n\u0131 belirten Atakan, \u201cBilinmelidir ki; topluma bunu ya\u015fatmaya \u00e7al\u0131\u015fanlar, bilimi yok sayanlar, \u00e7ocuklar\u0131m\u0131z\u0131n gelece\u011fini riske atanlar en a\u011f\u0131r cevab\u0131 sand\u0131kta alacakt\u0131r.\u201d dedi.<\/p>\n<\/p><\/div>\n","protected":false},"excerpt":{"rendered":"<p>K\u0131br\u0131s T\u00fcrk Kamu Emek\u00e7ileri Sendikas\u0131 (KES), t\u0131p ve uzmanl\u0131k s\u00fcre\u00e7lerinde merkezi s\u0131nav ve etkin denetimin \u015fart oldu\u011funu belirtti. KES Ba\u015fkan\u0131 Buran Atakan, yaz\u0131l\u0131 a\u00e7\u0131klamas\u0131nda, t\u0131p ve di\u015f hekimli\u011fi e\u011fitimi ile uzmanl\u0131k s\u00fcre\u00e7lerini \u201cbilimden, liyakattan ve kamu yarar\u0131ndan koparan\u201d yakla\u015f\u0131m\u0131n bir \u201cy\u00f6netim zafiyet\u201d de\u011fil, &#8220;bilin\u00e7li bir halk sa\u011fl\u0131\u011f\u0131 tehdidi\u201d oldu\u011funu ileri s\u00fcrd\u00fc. Atakan, Milletvekili Filiz Besim\u2019in<\/p>\n","protected":false},"author":1,"featured_media":105356,"comment_status":"open","ping_status":"open","sticky":false,"template":"","format":"standard","meta":{"footnotes":""},"categories":[81],"tags":[],"class_list":["post-105355","post","type-post","status-publish","format-standard","has-post-thumbnail","hentry","category-kibris"],"yoast_head":"<!-- This site is optimized with the Yoast SEO plugin v27.5 - https:\/\/yoast.com\/product\/yoast-seo-wordpress\/ -->\n<title>KAMU EMEK\u00c7\u0130LER\u0130 SEND\u0130KASI: \u201cTIPTA MERKEZ\u0130 SINAV VE ETK\u0130N DENET\u0130M \u015eART\u201d -<\/title>\n<meta name=\"robots\" content=\"index, follow, max-snippet:-1, max-image-preview:large, max-video-preview:-1\" \/>\n<link rel=\"canonical\" href=\"https:\/\/kibrisdakik.com\/?p=105355\" \/>\n<meta property=\"og:locale\" content=\"tr_TR\" \/>\n<meta property=\"og:type\" content=\"article\" \/>\n<meta property=\"og:title\" content=\"KAMU EMEK\u00c7\u0130LER\u0130 SEND\u0130KASI: \u201cTIPTA MERKEZ\u0130 SINAV VE ETK\u0130N DENET\u0130M \u015eART\u201d -\" \/>\n<meta property=\"og:description\" content=\"K\u0131br\u0131s T\u00fcrk Kamu Emek\u00e7ileri Sendikas\u0131 (KES), t\u0131p ve uzmanl\u0131k s\u00fcre\u00e7lerinde merkezi s\u0131nav ve etkin denetimin \u015fart oldu\u011funu belirtti. KES Ba\u015fkan\u0131 Buran Atakan, yaz\u0131l\u0131 a\u00e7\u0131klamas\u0131nda, t\u0131p ve di\u015f hekimli\u011fi e\u011fitimi ile uzmanl\u0131k s\u00fcre\u00e7lerini \u201cbilimden, liyakattan ve kamu yarar\u0131ndan koparan\u201d yakla\u015f\u0131m\u0131n bir \u201cy\u00f6netim zafiyet\u201d de\u011fil, &#8220;bilin\u00e7li bir halk sa\u011fl\u0131\u011f\u0131 tehdidi\u201d oldu\u011funu ileri s\u00fcrd\u00fc. Atakan, Milletvekili Filiz Besim\u2019in\" \/>\n<meta property=\"og:url\" content=\"https:\/\/kibrisdakik.com\/?p=105355\" \/>\n<meta property=\"article:published_time\" content=\"2026-02-02T12:04:06+00:00\" \/>\n<meta property=\"og:image\" content=\"https:\/\/kibrisdakik.com\/wp-content\/uploads\/2026\/02\/mha-sari-beyaz-2848.png\" \/>\n\t<meta property=\"og:image:width\" content=\"1280\" \/>\n\t<meta property=\"og:image:height\" content=\"720\" \/>\n\t<meta property=\"og:image:type\" content=\"image\/png\" \/>\n<meta name=\"author\" content=\"admin\" \/>\n<meta name=\"twitter:card\" content=\"summary_large_image\" \/>\n<meta name=\"twitter:label1\" content=\"Yazan:\" \/>\n\t<meta name=\"twitter:data1\" content=\"admin\" \/>\n\t<meta name=\"twitter:label2\" content=\"Tahmini okuma s\u00fcresi\" \/>\n\t<meta name=\"twitter:data2\" content=\"2 dakika\" \/>\n<script type=\"application\/ld+json\" class=\"yoast-schema-graph\">{\"@context\":\"https:\\\/\\\/schema.org\",\"@graph\":[{\"@type\":\"Article\",\"@id\":\"https:\\\/\\\/kibrisdakik.com\\\/?p=105355#article\",\"isPartOf\":{\"@id\":\"https:\\\/\\\/kibrisdakik.com\\\/?p=105355\"},\"author\":{\"name\":\"admin\",\"@id\":\"https:\\\/\\\/kibrisdakik.com\\\/#\\\/schema\\\/person\\\/9cd9d437bbb44f72b73ba127e06d8e79\"},\"headline\":\"KAMU EMEK\u00c7\u0130LER\u0130 SEND\u0130KASI: \u201cTIPTA MERKEZ\u0130 SINAV VE ETK\u0130N DENET\u0130M \u015eART\u201d\",\"datePublished\":\"2026-02-02T12:04:06+00:00\",\"mainEntityOfPage\":{\"@id\":\"https:\\\/\\\/kibrisdakik.com\\\/?p=105355\"},\"wordCount\":440,\"commentCount\":0,\"image\":{\"@id\":\"https:\\\/\\\/kibrisdakik.com\\\/?p=105355#primaryimage\"},\"thumbnailUrl\":\"https:\\\/\\\/kibrisdakik.com\\\/wp-content\\\/uploads\\\/2026\\\/02\\\/mha-sari-beyaz-2848.png\",\"articleSection\":[\"K\u0131br\u0131s\"],\"inLanguage\":\"tr\",\"potentialAction\":[{\"@type\":\"CommentAction\",\"name\":\"Comment\",\"target\":[\"https:\\\/\\\/kibrisdakik.com\\\/?p=105355#respond\"]}]},{\"@type\":\"WebPage\",\"@id\":\"https:\\\/\\\/kibrisdakik.com\\\/?p=105355\",\"url\":\"https:\\\/\\\/kibrisdakik.com\\\/?p=105355\",\"name\":\"KAMU EMEK\u00c7\u0130LER\u0130 SEND\u0130KASI: \u201cTIPTA MERKEZ\u0130 SINAV VE ETK\u0130N DENET\u0130M \u015eART\u201d -\",\"isPartOf\":{\"@id\":\"https:\\\/\\\/kibrisdakik.com\\\/#website\"},\"primaryImageOfPage\":{\"@id\":\"https:\\\/\\\/kibrisdakik.com\\\/?p=105355#primaryimage\"},\"image\":{\"@id\":\"https:\\\/\\\/kibrisdakik.com\\\/?p=105355#primaryimage\"},\"thumbnailUrl\":\"https:\\\/\\\/kibrisdakik.com\\\/wp-content\\\/uploads\\\/2026\\\/02\\\/mha-sari-beyaz-2848.png\",\"datePublished\":\"2026-02-02T12:04:06+00:00\",\"author\":{\"@id\":\"https:\\\/\\\/kibrisdakik.com\\\/#\\\/schema\\\/person\\\/9cd9d437bbb44f72b73ba127e06d8e79\"},\"breadcrumb\":{\"@id\":\"https:\\\/\\\/kibrisdakik.com\\\/?p=105355#breadcrumb\"},\"inLanguage\":\"tr\",\"potentialAction\":[{\"@type\":\"ReadAction\",\"target\":[\"https:\\\/\\\/kibrisdakik.com\\\/?p=105355\"]}]},{\"@type\":\"ImageObject\",\"inLanguage\":\"tr\",\"@id\":\"https:\\\/\\\/kibrisdakik.com\\\/?p=105355#primaryimage\",\"url\":\"https:\\\/\\\/kibrisdakik.com\\\/wp-content\\\/uploads\\\/2026\\\/02\\\/mha-sari-beyaz-2848.png\",\"contentUrl\":\"https:\\\/\\\/kibrisdakik.com\\\/wp-content\\\/uploads\\\/2026\\\/02\\\/mha-sari-beyaz-2848.png\",\"width\":1280,\"height\":720},{\"@type\":\"BreadcrumbList\",\"@id\":\"https:\\\/\\\/kibrisdakik.com\\\/?p=105355#breadcrumb\",\"itemListElement\":[{\"@type\":\"ListItem\",\"position\":1,\"name\":\"Home\",\"item\":\"https:\\\/\\\/kibrisdakik.com\\\/\"},{\"@type\":\"ListItem\",\"position\":2,\"name\":\"KAMU EMEK\u00c7\u0130LER\u0130 SEND\u0130KASI: \u201cTIPTA MERKEZ\u0130 SINAV VE ETK\u0130N DENET\u0130M \u015eART\u201d\"}]},{\"@type\":\"WebSite\",\"@id\":\"https:\\\/\\\/kibrisdakik.com\\\/#website\",\"url\":\"https:\\\/\\\/kibrisdakik.com\\\/\",\"name\":\"\",\"description\":\"Tam vaktinde haber\",\"potentialAction\":[{\"@type\":\"SearchAction\",\"target\":{\"@type\":\"EntryPoint\",\"urlTemplate\":\"https:\\\/\\\/kibrisdakik.com\\\/?s={search_term_string}\"},\"query-input\":{\"@type\":\"PropertyValueSpecification\",\"valueRequired\":true,\"valueName\":\"search_term_string\"}}],\"inLanguage\":\"tr\"},{\"@type\":\"Person\",\"@id\":\"https:\\\/\\\/kibrisdakik.com\\\/#\\\/schema\\\/person\\\/9cd9d437bbb44f72b73ba127e06d8e79\",\"name\":\"admin\",\"image\":{\"@type\":\"ImageObject\",\"inLanguage\":\"tr\",\"@id\":\"https:\\\/\\\/secure.gravatar.com\\\/avatar\\\/ccc17943b9d660506c869530f897617f7cb1c21a4bf30023f252596d83e1f007?s=96&d=mm&r=g\",\"url\":\"https:\\\/\\\/secure.gravatar.com\\\/avatar\\\/ccc17943b9d660506c869530f897617f7cb1c21a4bf30023f252596d83e1f007?s=96&d=mm&r=g\",\"contentUrl\":\"https:\\\/\\\/secure.gravatar.com\\\/avatar\\\/ccc17943b9d660506c869530f897617f7cb1c21a4bf30023f252596d83e1f007?s=96&d=mm&r=g\",\"caption\":\"admin\"},\"sameAs\":[\"https:\\\/\\\/kibrisdakik.com\"],\"url\":\"https:\\\/\\\/kibrisdakik.com\\\/?author=1\"}]}<\/script>\n<!-- \/ Yoast SEO plugin. -->","yoast_head_json":{"title":"KAMU EMEK\u00c7\u0130LER\u0130 SEND\u0130KASI: \u201cTIPTA MERKEZ\u0130 SINAV VE ETK\u0130N DENET\u0130M \u015eART\u201d -","robots":{"index":"index","follow":"follow","max-snippet":"max-snippet:-1","max-image-preview":"max-image-preview:large","max-video-preview":"max-video-preview:-1"},"canonical":"https:\/\/kibrisdakik.com\/?p=105355","og_locale":"tr_TR","og_type":"article","og_title":"KAMU EMEK\u00c7\u0130LER\u0130 SEND\u0130KASI: \u201cTIPTA MERKEZ\u0130 SINAV VE ETK\u0130N DENET\u0130M \u015eART\u201d -","og_description":"K\u0131br\u0131s T\u00fcrk Kamu Emek\u00e7ileri Sendikas\u0131 (KES), t\u0131p ve uzmanl\u0131k s\u00fcre\u00e7lerinde merkezi s\u0131nav ve etkin denetimin \u015fart oldu\u011funu belirtti. KES Ba\u015fkan\u0131 Buran Atakan, yaz\u0131l\u0131 a\u00e7\u0131klamas\u0131nda, t\u0131p ve di\u015f hekimli\u011fi e\u011fitimi ile uzmanl\u0131k s\u00fcre\u00e7lerini \u201cbilimden, liyakattan ve kamu yarar\u0131ndan koparan\u201d yakla\u015f\u0131m\u0131n bir \u201cy\u00f6netim zafiyet\u201d de\u011fil, &#8220;bilin\u00e7li bir halk sa\u011fl\u0131\u011f\u0131 tehdidi\u201d oldu\u011funu ileri s\u00fcrd\u00fc. Atakan, Milletvekili Filiz Besim\u2019in","og_url":"https:\/\/kibrisdakik.com\/?p=105355","article_published_time":"2026-02-02T12:04:06+00:00","og_image":[{"width":1280,"height":720,"url":"https:\/\/kibrisdakik.com\/wp-content\/uploads\/2026\/02\/mha-sari-beyaz-2848.png","type":"image\/png"}],"author":"admin","twitter_card":"summary_large_image","twitter_misc":{"Yazan:":"admin","Tahmini okuma s\u00fcresi":"2 dakika"},"schema":{"@context":"https:\/\/schema.org","@graph":[{"@type":"Article","@id":"https:\/\/kibrisdakik.com\/?p=105355#article","isPartOf":{"@id":"https:\/\/kibrisdakik.com\/?p=105355"},"author":{"name":"admin","@id":"https:\/\/kibrisdakik.com\/#\/schema\/person\/9cd9d437bbb44f72b73ba127e06d8e79"},"headline":"KAMU EMEK\u00c7\u0130LER\u0130 SEND\u0130KASI: \u201cTIPTA MERKEZ\u0130 SINAV VE ETK\u0130N DENET\u0130M \u015eART\u201d","datePublished":"2026-02-02T12:04:06+00:00","mainEntityOfPage":{"@id":"https:\/\/kibrisdakik.com\/?p=105355"},"wordCount":440,"commentCount":0,"image":{"@id":"https:\/\/kibrisdakik.com\/?p=105355#primaryimage"},"thumbnailUrl":"https:\/\/kibrisdakik.com\/wp-content\/uploads\/2026\/02\/mha-sari-beyaz-2848.png","articleSection":["K\u0131br\u0131s"],"inLanguage":"tr","potentialAction":[{"@type":"CommentAction","name":"Comment","target":["https:\/\/kibrisdakik.com\/?p=105355#respond"]}]},{"@type":"WebPage","@id":"https:\/\/kibrisdakik.com\/?p=105355","url":"https:\/\/kibrisdakik.com\/?p=105355","name":"KAMU EMEK\u00c7\u0130LER\u0130 SEND\u0130KASI: \u201cTIPTA MERKEZ\u0130 SINAV VE ETK\u0130N DENET\u0130M \u015eART\u201d -","isPartOf":{"@id":"https:\/\/kibrisdakik.com\/#website"},"primaryImageOfPage":{"@id":"https:\/\/kibrisdakik.com\/?p=105355#primaryimage"},"image":{"@id":"https:\/\/kibrisdakik.com\/?p=105355#primaryimage"},"thumbnailUrl":"https:\/\/kibrisdakik.com\/wp-content\/uploads\/2026\/02\/mha-sari-beyaz-2848.png","datePublished":"2026-02-02T12:04:06+00:00","author":{"@id":"https:\/\/kibrisdakik.com\/#\/schema\/person\/9cd9d437bbb44f72b73ba127e06d8e79"},"breadcrumb":{"@id":"https:\/\/kibrisdakik.com\/?p=105355#breadcrumb"},"inLanguage":"tr","potentialAction":[{"@type":"ReadAction","target":["https:\/\/kibrisdakik.com\/?p=105355"]}]},{"@type":"ImageObject","inLanguage":"tr","@id":"https:\/\/kibrisdakik.com\/?p=105355#primaryimage","url":"https:\/\/kibrisdakik.com\/wp-content\/uploads\/2026\/02\/mha-sari-beyaz-2848.png","contentUrl":"https:\/\/kibrisdakik.com\/wp-content\/uploads\/2026\/02\/mha-sari-beyaz-2848.png","width":1280,"height":720},{"@type":"BreadcrumbList","@id":"https:\/\/kibrisdakik.com\/?p=105355#breadcrumb","itemListElement":[{"@type":"ListItem","position":1,"name":"Home","item":"https:\/\/kibrisdakik.com\/"},{"@type":"ListItem","position":2,"name":"KAMU EMEK\u00c7\u0130LER\u0130 SEND\u0130KASI: \u201cTIPTA MERKEZ\u0130 SINAV VE ETK\u0130N DENET\u0130M \u015eART\u201d"}]},{"@type":"WebSite","@id":"https:\/\/kibrisdakik.com\/#website","url":"https:\/\/kibrisdakik.com\/","name":"","description":"Tam vaktinde haber","potentialAction":[{"@type":"SearchAction","target":{"@type":"EntryPoint","urlTemplate":"https:\/\/kibrisdakik.com\/?s={search_term_string}"},"query-input":{"@type":"PropertyValueSpecification","valueRequired":true,"valueName":"search_term_string"}}],"inLanguage":"tr"},{"@type":"Person","@id":"https:\/\/kibrisdakik.com\/#\/schema\/person\/9cd9d437bbb44f72b73ba127e06d8e79","name":"admin","image":{"@type":"ImageObject","inLanguage":"tr","@id":"https:\/\/secure.gravatar.com\/avatar\/ccc17943b9d660506c869530f897617f7cb1c21a4bf30023f252596d83e1f007?s=96&d=mm&r=g","url":"https:\/\/secure.gravatar.com\/avatar\/ccc17943b9d660506c869530f897617f7cb1c21a4bf30023f252596d83e1f007?s=96&d=mm&r=g","contentUrl":"https:\/\/secure.gravatar.com\/avatar\/ccc17943b9d660506c869530f897617f7cb1c21a4bf30023f252596d83e1f007?s=96&d=mm&r=g","caption":"admin"},"sameAs":["https:\/\/kibrisdakik.com"],"url":"https:\/\/kibrisdakik.com\/?author=1"}]}},"_links":{"self":[{"href":"https:\/\/kibrisdakik.com\/index.php?rest_route=\/wp\/v2\/posts\/105355","targetHints":{"allow":["GET"]}}],"collection":[{"href":"https:\/\/kibrisdakik.com\/index.php?rest_route=\/wp\/v2\/posts"}],"about":[{"href":"https:\/\/kibrisdakik.com\/index.php?rest_route=\/wp\/v2\/types\/post"}],"author":[{"embeddable":true,"href":"https:\/\/kibrisdakik.com\/index.php?rest_route=\/wp\/v2\/users\/1"}],"replies":[{"embeddable":true,"href":"https:\/\/kibrisdakik.com\/index.php?rest_route=%2Fwp%2Fv2%2Fcomments&post=105355"}],"version-history":[{"count":0,"href":"https:\/\/kibrisdakik.com\/index.php?rest_route=\/wp\/v2\/posts\/105355\/revisions"}],"wp:featuredmedia":[{"embeddable":true,"href":"https:\/\/kibrisdakik.com\/index.php?rest_route=\/wp\/v2\/media\/105356"}],"wp:attachment":[{"href":"https:\/\/kibrisdakik.com\/index.php?rest_route=%2Fwp%2Fv2%2Fmedia&parent=105355"}],"wp:term":[{"taxonomy":"category","embeddable":true,"href":"https:\/\/kibrisdakik.com\/index.php?rest_route=%2Fwp%2Fv2%2Fcategories&post=105355"},{"taxonomy":"post_tag","embeddable":true,"href":"https:\/\/kibrisdakik.com\/index.php?rest_route=%2Fwp%2Fv2%2Ftags&post=105355"}],"curies":[{"name":"wp","href":"https:\/\/api.w.org\/{rel}","templated":true}]}}