{"id":105363,"date":"2026-02-02T15:10:00","date_gmt":"2026-02-02T13:10:00","guid":{"rendered":"https:\/\/kibrisdakik.com\/index.php\/2026\/02\/02\/ustel-hukumet-programindaki-tum-vaatler-hayata-gecirildi\/"},"modified":"2026-02-02T15:10:00","modified_gmt":"2026-02-02T13:10:00","slug":"ustel-hukumet-programindaki-tum-vaatler-hayata-gecirildi","status":"publish","type":"post","link":"https:\/\/kibrisdakik.com\/?p=105363","title":{"rendered":"\u00dcSTEL: H\u00dcK\u00dcMET PROGRAMINDAK\u0130 T\u00dcM VAATLER HAYATA GE\u00c7\u0130R\u0130LD\u0130"},"content":{"rendered":"<p><\/p>\n<div data-text-id=\"195281\" property=\"articleBody\">\n<p>Cumhuriyet Meclisi Genel Kurulu\u2019nda konu\u015fan Ba\u015fbakan \u00dcnal \u00dcstel, h\u00fck\u00fcmetin icraatlar\u0131, sa\u011fl\u0131k alan\u0131ndaki d\u00fczenlemeler, yarg\u0131 reformu s\u00fcreci ve erken se\u00e7im tart\u0131\u015fmalar\u0131na ili\u015fkin de\u011ferlendirmelerde bulundu. \u00dcstel, h\u00fck\u00fcmet program\u0131nda yer alan t\u00fcm vaatlerin eksiksiz \u015fekilde yerine getirildi\u011fini s\u00f6yledi.<\/p>\n<p>Uzun y\u0131llard\u0131r Meclis\u2019te g\u00f6rev yapt\u0131\u011f\u0131n\u0131 hat\u0131rlatan \u00dcstel, hi\u00e7bir zaman s\u00f6ylemlerinin arkas\u0131na saklanmad\u0131\u011f\u0131n\u0131 belirterek, koalisyon ortaklar\u0131yla birlikte h\u00fck\u00fcmeti kurduklar\u0131 g\u00fcnden bu yana programda yer alan t\u00fcm s\u00f6zleri hayata ge\u00e7irdiklerini ifade etti. \u00dcstel, istikrar sayesinde ge\u00e7mi\u015f y\u0131llarda yar\u0131m kalan projelerin tamamland\u0131\u011f\u0131n\u0131, ara\u015ft\u0131r\u0131lan hi\u00e7bir konunun da \u00fczerinin \u00f6rt\u00fclmedi\u011fini vurgulad\u0131.<\/p>\n<p><strong>Sa\u011fl\u0131kta yeni d\u00f6nem<\/strong><\/p>\n<p>Sa\u011fl\u0131k alan\u0131nda \u00f6nemli ad\u0131mlar att\u0131klar\u0131n\u0131 belirten \u00dcstel, 2024, 2025 ve 2026 y\u0131llar\u0131n\u0131n \u201csa\u011fl\u0131k y\u0131l\u0131\u201d ilan edildi\u011fini hat\u0131rlatt\u0131. Daha \u00f6nce sa\u011fl\u0131k oca\u011f\u0131 bulunmayan b\u00f6lgelere yeni merkezler kazand\u0131r\u0131ld\u0131\u011f\u0131n\u0131 s\u00f6yleyen \u00dcstel, Pamuklu Hastanesi\u2019nin tamamland\u0131\u011f\u0131n\u0131, Lefko\u015fa Devlet Hastanesi\u2019nin temelinin at\u0131ld\u0131\u011f\u0131n\u0131 aktard\u0131. Nalbanto\u011flu Hastanesi\u2019nin sa\u011fl\u0131k merkezi haline getirildi\u011fini, Girne Hastanesi\u2019nin ise k\u0131sa s\u00fcre i\u00e7inde hizmete a\u00e7\u0131laca\u011f\u0131n\u0131 kaydetti.<\/p>\n<p>Ba\u015fbakan \u00dcstel, sa\u011fl\u0131kta tam g\u00fcn mesai uygulamas\u0131n\u0131n bug\u00fcn itibar\u0131yla hayata ge\u00e7irildi\u011fini belirterek, yeni dijital sistemle birlikte t\u00fcm hastane ve sa\u011fl\u0131k merkezlerinde tam mesainin ba\u015flad\u0131\u011f\u0131n\u0131 ifade etti. Sa\u011fl\u0131kta baz\u0131 eksikliklerin olabilece\u011fini kabul eden \u00dcstel, mevcut durumun ge\u00e7mi\u015fe k\u0131yasla \u00e7ok daha iyi bir noktada oldu\u011funu s\u00f6yledi.<\/p>\n<p><strong>\u00c7al\u0131\u015fanlar korunuyor<\/strong><\/p>\n<p>H\u00fck\u00fcmetin \u00e7al\u0131\u015fanlar\u0131 koruyan politikalar izledi\u011fini belirten \u00dcstel, hi\u00e7bir \u00e7al\u0131\u015fan\u0131n hayat pahal\u0131l\u0131\u011f\u0131 alt\u0131nda ezdirilmedi\u011fini vurgulad\u0131. Asgari \u00fccretin Avrupa s\u0131ralamas\u0131nda \u00fcst seviyelere ta\u015f\u0131nd\u0131\u011f\u0131n\u0131 ifade eden \u00dcstel, \u00f6zel sekt\u00f6re y\u00f6nelik te\u015fviklerin de s\u00fcrece\u011fini dile getirdi.<\/p>\n<p><strong>Yarg\u0131 reformu ve referandum<\/strong><\/p>\n<p>Konu\u015fmas\u0131nda yarg\u0131 reformuna da de\u011finen \u00dcstel, y\u00fcksek mahkeme binas\u0131n\u0131n yap\u0131m\u0131n\u0131n tamamlanmak \u00fczere oldu\u011funu ve mahkemelerdeki fiziki s\u0131k\u0131\u015f\u0131kl\u0131\u011f\u0131n giderilece\u011fini s\u00f6yledi. Yarg\u0131 alan\u0131nda \u00e7ok eski yasalar\u0131n bulundu\u011funu belirten \u00dcstel, Y\u00fcksek Mahkeme ve Barolar Birli\u011fi ile kapsaml\u0131 bir reform \u00e7al\u0131\u015fmas\u0131 y\u00fcr\u00fct\u00fcld\u00fc\u011f\u00fcn\u00fc kaydetti.<\/p>\n<p>Gerekli yasa de\u011fi\u015fikliklerinin Meclis\u2019ten ge\u00e7irilece\u011fini a\u00e7\u0131klayan \u00dcstel, May\u0131s ay\u0131n\u0131n ilk haftas\u0131nda yarg\u0131 reformu i\u00e7in referanduma gidilece\u011fini s\u00f6yledi. Bu nedenle erken se\u00e7ime kar\u015f\u0131 olduklar\u0131n\u0131 belirten \u00dcstel, \u00f6nceli\u011fin yarg\u0131 reformunun tamamlanmas\u0131 oldu\u011funu ifade etti.<\/p>\n<p>Ba\u015fbakan \u00dcstel, erken se\u00e7im tart\u0131\u015fmalar\u0131n\u0131n sona erdi\u011fini ve s\u00fcrecin Meclis\u2019teki \u00e7o\u011funluk do\u011frultusunda \u015fekillenece\u011fini s\u00f6zlerine ekledi.<\/p>\n<\/p><\/div>\n","protected":false},"excerpt":{"rendered":"<p>Cumhuriyet Meclisi Genel Kurulu\u2019nda konu\u015fan Ba\u015fbakan \u00dcnal \u00dcstel, h\u00fck\u00fcmetin icraatlar\u0131, sa\u011fl\u0131k alan\u0131ndaki d\u00fczenlemeler, yarg\u0131 reformu s\u00fcreci ve erken se\u00e7im tart\u0131\u015fmalar\u0131na ili\u015fkin de\u011ferlendirmelerde bulundu. \u00dcstel, h\u00fck\u00fcmet program\u0131nda yer alan t\u00fcm vaatlerin eksiksiz \u015fekilde yerine getirildi\u011fini s\u00f6yledi. Uzun y\u0131llard\u0131r Meclis\u2019te g\u00f6rev yapt\u0131\u011f\u0131n\u0131 hat\u0131rlatan \u00dcstel, hi\u00e7bir zaman s\u00f6ylemlerinin arkas\u0131na saklanmad\u0131\u011f\u0131n\u0131 belirterek, koalisyon ortaklar\u0131yla birlikte h\u00fck\u00fcmeti kurduklar\u0131 g\u00fcnden bu<\/p>\n","protected":false},"author":1,"featured_media":105364,"comment_status":"open","ping_status":"open","sticky":false,"template":"","format":"standard","meta":{"footnotes":""},"categories":[81],"tags":[],"class_list":["post-105363","post","type-post","status-publish","format-standard","has-post-thumbnail","hentry","category-kibris"],"yoast_head":"<!-- This site is optimized with the Yoast SEO plugin v27.5 - https:\/\/yoast.com\/product\/yoast-seo-wordpress\/ -->\n<title>\u00dcSTEL: H\u00dcK\u00dcMET PROGRAMINDAK\u0130 T\u00dcM VAATLER HAYATA GE\u00c7\u0130R\u0130LD\u0130 -<\/title>\n<meta name=\"robots\" content=\"index, follow, max-snippet:-1, max-image-preview:large, max-video-preview:-1\" \/>\n<link rel=\"canonical\" href=\"https:\/\/kibrisdakik.com\/?p=105363\" \/>\n<meta property=\"og:locale\" content=\"tr_TR\" \/>\n<meta property=\"og:type\" content=\"article\" \/>\n<meta property=\"og:title\" content=\"\u00dcSTEL: H\u00dcK\u00dcMET PROGRAMINDAK\u0130 T\u00dcM VAATLER HAYATA GE\u00c7\u0130R\u0130LD\u0130 -\" \/>\n<meta property=\"og:description\" content=\"Cumhuriyet Meclisi Genel Kurulu\u2019nda konu\u015fan Ba\u015fbakan \u00dcnal \u00dcstel, h\u00fck\u00fcmetin icraatlar\u0131, sa\u011fl\u0131k alan\u0131ndaki d\u00fczenlemeler, yarg\u0131 reformu s\u00fcreci ve erken se\u00e7im tart\u0131\u015fmalar\u0131na ili\u015fkin de\u011ferlendirmelerde bulundu. \u00dcstel, h\u00fck\u00fcmet program\u0131nda yer alan t\u00fcm vaatlerin eksiksiz \u015fekilde yerine getirildi\u011fini s\u00f6yledi. Uzun y\u0131llard\u0131r Meclis\u2019te g\u00f6rev yapt\u0131\u011f\u0131n\u0131 hat\u0131rlatan \u00dcstel, hi\u00e7bir zaman s\u00f6ylemlerinin arkas\u0131na saklanmad\u0131\u011f\u0131n\u0131 belirterek, koalisyon ortaklar\u0131yla birlikte h\u00fck\u00fcmeti kurduklar\u0131 g\u00fcnden bu\" \/>\n<meta property=\"og:url\" content=\"https:\/\/kibrisdakik.com\/?p=105363\" \/>\n<meta property=\"article:published_time\" content=\"2026-02-02T13:10:00+00:00\" \/>\n<meta property=\"og:image\" content=\"https:\/\/kibrisdakik.com\/wp-content\/uploads\/2026\/02\/mha-sari-beyaz-2852.png\" \/>\n\t<meta property=\"og:image:width\" content=\"1280\" \/>\n\t<meta property=\"og:image:height\" content=\"720\" \/>\n\t<meta property=\"og:image:type\" content=\"image\/png\" \/>\n<meta name=\"author\" content=\"admin\" \/>\n<meta name=\"twitter:card\" content=\"summary_large_image\" \/>\n<meta name=\"twitter:label1\" content=\"Yazan:\" \/>\n\t<meta name=\"twitter:data1\" content=\"admin\" \/>\n\t<meta name=\"twitter:label2\" content=\"Tahmini okuma s\u00fcresi\" \/>\n\t<meta name=\"twitter:data2\" content=\"2 dakika\" \/>\n<script type=\"application\/ld+json\" class=\"yoast-schema-graph\">{\"@context\":\"https:\\\/\\\/schema.org\",\"@graph\":[{\"@type\":\"Article\",\"@id\":\"https:\\\/\\\/kibrisdakik.com\\\/?p=105363#article\",\"isPartOf\":{\"@id\":\"https:\\\/\\\/kibrisdakik.com\\\/?p=105363\"},\"author\":{\"name\":\"admin\",\"@id\":\"https:\\\/\\\/kibrisdakik.com\\\/#\\\/schema\\\/person\\\/9cd9d437bbb44f72b73ba127e06d8e79\"},\"headline\":\"\u00dcSTEL: H\u00dcK\u00dcMET PROGRAMINDAK\u0130 T\u00dcM VAATLER HAYATA GE\u00c7\u0130R\u0130LD\u0130\",\"datePublished\":\"2026-02-02T13:10:00+00:00\",\"mainEntityOfPage\":{\"@id\":\"https:\\\/\\\/kibrisdakik.com\\\/?p=105363\"},\"wordCount\":499,\"commentCount\":0,\"image\":{\"@id\":\"https:\\\/\\\/kibrisdakik.com\\\/?p=105363#primaryimage\"},\"thumbnailUrl\":\"https:\\\/\\\/kibrisdakik.com\\\/wp-content\\\/uploads\\\/2026\\\/02\\\/mha-sari-beyaz-2852.png\",\"articleSection\":[\"K\u0131br\u0131s\"],\"inLanguage\":\"tr\",\"potentialAction\":[{\"@type\":\"CommentAction\",\"name\":\"Comment\",\"target\":[\"https:\\\/\\\/kibrisdakik.com\\\/?p=105363#respond\"]}]},{\"@type\":\"WebPage\",\"@id\":\"https:\\\/\\\/kibrisdakik.com\\\/?p=105363\",\"url\":\"https:\\\/\\\/kibrisdakik.com\\\/?p=105363\",\"name\":\"\u00dcSTEL: H\u00dcK\u00dcMET PROGRAMINDAK\u0130 T\u00dcM VAATLER HAYATA GE\u00c7\u0130R\u0130LD\u0130 -\",\"isPartOf\":{\"@id\":\"https:\\\/\\\/kibrisdakik.com\\\/#website\"},\"primaryImageOfPage\":{\"@id\":\"https:\\\/\\\/kibrisdakik.com\\\/?p=105363#primaryimage\"},\"image\":{\"@id\":\"https:\\\/\\\/kibrisdakik.com\\\/?p=105363#primaryimage\"},\"thumbnailUrl\":\"https:\\\/\\\/kibrisdakik.com\\\/wp-content\\\/uploads\\\/2026\\\/02\\\/mha-sari-beyaz-2852.png\",\"datePublished\":\"2026-02-02T13:10:00+00:00\",\"author\":{\"@id\":\"https:\\\/\\\/kibrisdakik.com\\\/#\\\/schema\\\/person\\\/9cd9d437bbb44f72b73ba127e06d8e79\"},\"breadcrumb\":{\"@id\":\"https:\\\/\\\/kibrisdakik.com\\\/?p=105363#breadcrumb\"},\"inLanguage\":\"tr\",\"potentialAction\":[{\"@type\":\"ReadAction\",\"target\":[\"https:\\\/\\\/kibrisdakik.com\\\/?p=105363\"]}]},{\"@type\":\"ImageObject\",\"inLanguage\":\"tr\",\"@id\":\"https:\\\/\\\/kibrisdakik.com\\\/?p=105363#primaryimage\",\"url\":\"https:\\\/\\\/kibrisdakik.com\\\/wp-content\\\/uploads\\\/2026\\\/02\\\/mha-sari-beyaz-2852.png\",\"contentUrl\":\"https:\\\/\\\/kibrisdakik.com\\\/wp-content\\\/uploads\\\/2026\\\/02\\\/mha-sari-beyaz-2852.png\",\"width\":1280,\"height\":720},{\"@type\":\"BreadcrumbList\",\"@id\":\"https:\\\/\\\/kibrisdakik.com\\\/?p=105363#breadcrumb\",\"itemListElement\":[{\"@type\":\"ListItem\",\"position\":1,\"name\":\"Home\",\"item\":\"https:\\\/\\\/kibrisdakik.com\\\/\"},{\"@type\":\"ListItem\",\"position\":2,\"name\":\"\u00dcSTEL: H\u00dcK\u00dcMET PROGRAMINDAK\u0130 T\u00dcM VAATLER HAYATA GE\u00c7\u0130R\u0130LD\u0130\"}]},{\"@type\":\"WebSite\",\"@id\":\"https:\\\/\\\/kibrisdakik.com\\\/#website\",\"url\":\"https:\\\/\\\/kibrisdakik.com\\\/\",\"name\":\"\",\"description\":\"Tam vaktinde haber\",\"potentialAction\":[{\"@type\":\"SearchAction\",\"target\":{\"@type\":\"EntryPoint\",\"urlTemplate\":\"https:\\\/\\\/kibrisdakik.com\\\/?s={search_term_string}\"},\"query-input\":{\"@type\":\"PropertyValueSpecification\",\"valueRequired\":true,\"valueName\":\"search_term_string\"}}],\"inLanguage\":\"tr\"},{\"@type\":\"Person\",\"@id\":\"https:\\\/\\\/kibrisdakik.com\\\/#\\\/schema\\\/person\\\/9cd9d437bbb44f72b73ba127e06d8e79\",\"name\":\"admin\",\"image\":{\"@type\":\"ImageObject\",\"inLanguage\":\"tr\",\"@id\":\"https:\\\/\\\/secure.gravatar.com\\\/avatar\\\/ccc17943b9d660506c869530f897617f7cb1c21a4bf30023f252596d83e1f007?s=96&d=mm&r=g\",\"url\":\"https:\\\/\\\/secure.gravatar.com\\\/avatar\\\/ccc17943b9d660506c869530f897617f7cb1c21a4bf30023f252596d83e1f007?s=96&d=mm&r=g\",\"contentUrl\":\"https:\\\/\\\/secure.gravatar.com\\\/avatar\\\/ccc17943b9d660506c869530f897617f7cb1c21a4bf30023f252596d83e1f007?s=96&d=mm&r=g\",\"caption\":\"admin\"},\"sameAs\":[\"https:\\\/\\\/kibrisdakik.com\"],\"url\":\"https:\\\/\\\/kibrisdakik.com\\\/?author=1\"}]}<\/script>\n<!-- \/ Yoast SEO plugin. -->","yoast_head_json":{"title":"\u00dcSTEL: H\u00dcK\u00dcMET PROGRAMINDAK\u0130 T\u00dcM VAATLER HAYATA GE\u00c7\u0130R\u0130LD\u0130 -","robots":{"index":"index","follow":"follow","max-snippet":"max-snippet:-1","max-image-preview":"max-image-preview:large","max-video-preview":"max-video-preview:-1"},"canonical":"https:\/\/kibrisdakik.com\/?p=105363","og_locale":"tr_TR","og_type":"article","og_title":"\u00dcSTEL: H\u00dcK\u00dcMET PROGRAMINDAK\u0130 T\u00dcM VAATLER HAYATA GE\u00c7\u0130R\u0130LD\u0130 -","og_description":"Cumhuriyet Meclisi Genel Kurulu\u2019nda konu\u015fan Ba\u015fbakan \u00dcnal \u00dcstel, h\u00fck\u00fcmetin icraatlar\u0131, sa\u011fl\u0131k alan\u0131ndaki d\u00fczenlemeler, yarg\u0131 reformu s\u00fcreci ve erken se\u00e7im tart\u0131\u015fmalar\u0131na ili\u015fkin de\u011ferlendirmelerde bulundu. \u00dcstel, h\u00fck\u00fcmet program\u0131nda yer alan t\u00fcm vaatlerin eksiksiz \u015fekilde yerine getirildi\u011fini s\u00f6yledi. Uzun y\u0131llard\u0131r Meclis\u2019te g\u00f6rev yapt\u0131\u011f\u0131n\u0131 hat\u0131rlatan \u00dcstel, hi\u00e7bir zaman s\u00f6ylemlerinin arkas\u0131na saklanmad\u0131\u011f\u0131n\u0131 belirterek, koalisyon ortaklar\u0131yla birlikte h\u00fck\u00fcmeti kurduklar\u0131 g\u00fcnden bu","og_url":"https:\/\/kibrisdakik.com\/?p=105363","article_published_time":"2026-02-02T13:10:00+00:00","og_image":[{"width":1280,"height":720,"url":"https:\/\/kibrisdakik.com\/wp-content\/uploads\/2026\/02\/mha-sari-beyaz-2852.png","type":"image\/png"}],"author":"admin","twitter_card":"summary_large_image","twitter_misc":{"Yazan:":"admin","Tahmini okuma s\u00fcresi":"2 dakika"},"schema":{"@context":"https:\/\/schema.org","@graph":[{"@type":"Article","@id":"https:\/\/kibrisdakik.com\/?p=105363#article","isPartOf":{"@id":"https:\/\/kibrisdakik.com\/?p=105363"},"author":{"name":"admin","@id":"https:\/\/kibrisdakik.com\/#\/schema\/person\/9cd9d437bbb44f72b73ba127e06d8e79"},"headline":"\u00dcSTEL: H\u00dcK\u00dcMET PROGRAMINDAK\u0130 T\u00dcM VAATLER HAYATA GE\u00c7\u0130R\u0130LD\u0130","datePublished":"2026-02-02T13:10:00+00:00","mainEntityOfPage":{"@id":"https:\/\/kibrisdakik.com\/?p=105363"},"wordCount":499,"commentCount":0,"image":{"@id":"https:\/\/kibrisdakik.com\/?p=105363#primaryimage"},"thumbnailUrl":"https:\/\/kibrisdakik.com\/wp-content\/uploads\/2026\/02\/mha-sari-beyaz-2852.png","articleSection":["K\u0131br\u0131s"],"inLanguage":"tr","potentialAction":[{"@type":"CommentAction","name":"Comment","target":["https:\/\/kibrisdakik.com\/?p=105363#respond"]}]},{"@type":"WebPage","@id":"https:\/\/kibrisdakik.com\/?p=105363","url":"https:\/\/kibrisdakik.com\/?p=105363","name":"\u00dcSTEL: H\u00dcK\u00dcMET PROGRAMINDAK\u0130 T\u00dcM VAATLER HAYATA GE\u00c7\u0130R\u0130LD\u0130 -","isPartOf":{"@id":"https:\/\/kibrisdakik.com\/#website"},"primaryImageOfPage":{"@id":"https:\/\/kibrisdakik.com\/?p=105363#primaryimage"},"image":{"@id":"https:\/\/kibrisdakik.com\/?p=105363#primaryimage"},"thumbnailUrl":"https:\/\/kibrisdakik.com\/wp-content\/uploads\/2026\/02\/mha-sari-beyaz-2852.png","datePublished":"2026-02-02T13:10:00+00:00","author":{"@id":"https:\/\/kibrisdakik.com\/#\/schema\/person\/9cd9d437bbb44f72b73ba127e06d8e79"},"breadcrumb":{"@id":"https:\/\/kibrisdakik.com\/?p=105363#breadcrumb"},"inLanguage":"tr","potentialAction":[{"@type":"ReadAction","target":["https:\/\/kibrisdakik.com\/?p=105363"]}]},{"@type":"ImageObject","inLanguage":"tr","@id":"https:\/\/kibrisdakik.com\/?p=105363#primaryimage","url":"https:\/\/kibrisdakik.com\/wp-content\/uploads\/2026\/02\/mha-sari-beyaz-2852.png","contentUrl":"https:\/\/kibrisdakik.com\/wp-content\/uploads\/2026\/02\/mha-sari-beyaz-2852.png","width":1280,"height":720},{"@type":"BreadcrumbList","@id":"https:\/\/kibrisdakik.com\/?p=105363#breadcrumb","itemListElement":[{"@type":"ListItem","position":1,"name":"Home","item":"https:\/\/kibrisdakik.com\/"},{"@type":"ListItem","position":2,"name":"\u00dcSTEL: H\u00dcK\u00dcMET PROGRAMINDAK\u0130 T\u00dcM VAATLER HAYATA GE\u00c7\u0130R\u0130LD\u0130"}]},{"@type":"WebSite","@id":"https:\/\/kibrisdakik.com\/#website","url":"https:\/\/kibrisdakik.com\/","name":"","description":"Tam vaktinde haber","potentialAction":[{"@type":"SearchAction","target":{"@type":"EntryPoint","urlTemplate":"https:\/\/kibrisdakik.com\/?s={search_term_string}"},"query-input":{"@type":"PropertyValueSpecification","valueRequired":true,"valueName":"search_term_string"}}],"inLanguage":"tr"},{"@type":"Person","@id":"https:\/\/kibrisdakik.com\/#\/schema\/person\/9cd9d437bbb44f72b73ba127e06d8e79","name":"admin","image":{"@type":"ImageObject","inLanguage":"tr","@id":"https:\/\/secure.gravatar.com\/avatar\/ccc17943b9d660506c869530f897617f7cb1c21a4bf30023f252596d83e1f007?s=96&d=mm&r=g","url":"https:\/\/secure.gravatar.com\/avatar\/ccc17943b9d660506c869530f897617f7cb1c21a4bf30023f252596d83e1f007?s=96&d=mm&r=g","contentUrl":"https:\/\/secure.gravatar.com\/avatar\/ccc17943b9d660506c869530f897617f7cb1c21a4bf30023f252596d83e1f007?s=96&d=mm&r=g","caption":"admin"},"sameAs":["https:\/\/kibrisdakik.com"],"url":"https:\/\/kibrisdakik.com\/?author=1"}]}},"_links":{"self":[{"href":"https:\/\/kibrisdakik.com\/index.php?rest_route=\/wp\/v2\/posts\/105363","targetHints":{"allow":["GET"]}}],"collection":[{"href":"https:\/\/kibrisdakik.com\/index.php?rest_route=\/wp\/v2\/posts"}],"about":[{"href":"https:\/\/kibrisdakik.com\/index.php?rest_route=\/wp\/v2\/types\/post"}],"author":[{"embeddable":true,"href":"https:\/\/kibrisdakik.com\/index.php?rest_route=\/wp\/v2\/users\/1"}],"replies":[{"embeddable":true,"href":"https:\/\/kibrisdakik.com\/index.php?rest_route=%2Fwp%2Fv2%2Fcomments&post=105363"}],"version-history":[{"count":0,"href":"https:\/\/kibrisdakik.com\/index.php?rest_route=\/wp\/v2\/posts\/105363\/revisions"}],"wp:featuredmedia":[{"embeddable":true,"href":"https:\/\/kibrisdakik.com\/index.php?rest_route=\/wp\/v2\/media\/105364"}],"wp:attachment":[{"href":"https:\/\/kibrisdakik.com\/index.php?rest_route=%2Fwp%2Fv2%2Fmedia&parent=105363"}],"wp:term":[{"taxonomy":"category","embeddable":true,"href":"https:\/\/kibrisdakik.com\/index.php?rest_route=%2Fwp%2Fv2%2Fcategories&post=105363"},{"taxonomy":"post_tag","embeddable":true,"href":"https:\/\/kibrisdakik.com\/index.php?rest_route=%2Fwp%2Fv2%2Ftags&post=105363"}],"curies":[{"name":"wp","href":"https:\/\/api.w.org\/{rel}","templated":true}]}}