{"id":10548,"date":"2023-07-17T07:54:07","date_gmt":"2023-07-17T07:54:07","guid":{"rendered":"https:\/\/kibrisdakik.com\/index.php\/2023\/07\/17\/tc-cumhurbaskani-erdogan-20-temmuzda-kktcye-resmi-ziyarette-bulunacak\/"},"modified":"2023-07-17T07:54:07","modified_gmt":"2023-07-17T07:54:07","slug":"tc-cumhurbaskani-erdogan-20-temmuzda-kktcye-resmi-ziyarette-bulunacak","status":"publish","type":"post","link":"https:\/\/kibrisdakik.com\/?p=10548","title":{"rendered":"TC Cumhurba\u015fkan\u0131 Erdo\u011fan 20 Temmuz\u2019da KKTC\u2019ye resmi ziyarette bulunacak"},"content":{"rendered":"<p><\/p>\n<div>\n<div class=\"mariselle-image-container center\">\n                <img width=\"864\" height=\"486\" class=\"lazy-image\" alt=\"\" decoding=\"async\" loading=\"lazy\" sizes=\"auto, (max-width: 864px) 100vw, 864px\" src=\"https:\/\/brtk.net\/wp-content\/uploads\/2023\/07\/17\/thumbs_b_c_0f3239518985c455ef320951293e739a.jpg?ver=620dc2c6cfad057266d8e6f1773f89c5\" srcset=\"https:\/\/brtk.net\/wp-content\/uploads\/2023\/07\/17\/thumbs_b_c_0f3239518985c455ef320951293e739a.jpg?ver=620dc2c6cfad057266d8e6f1773f89c5 864w, https:\/\/brtk.net\/wp-content\/uploads\/2023\/07\/17\/thumbs_b_c_0f3239518985c455ef320951293e739a-300x169.jpg?ver=620dc2c6cfad057266d8e6f1773f89c5 300w, https:\/\/brtk.net\/wp-content\/uploads\/2023\/07\/17\/thumbs_b_c_0f3239518985c455ef320951293e739a-768x432.jpg?ver=620dc2c6cfad057266d8e6f1773f89c5 768w\"\/>                            <\/div>\n<p>T\u00fcrkiye Cumhurba\u015fkan\u0131 Recep Tayyip Erdo\u011fan, K\u00f6rfez \u00fclkelerine ger\u00e7ekle\u015ftirece\u011fi 3 g\u00fcnl\u00fck ziyaretin ard\u0131ndan 20 Temmuz\u2019da <a href=\"https:\/\/brtk.net\/\"\/><a href=\"https:\/\/brtk.net\/\">KKTC<\/a>\u2019ye resmi ziyarette bulunacak.<\/p>\n<p>T\u00fcrkiye Cumhurba\u015fkan\u0131 Erdo\u011fan, 17-20 Temmuz\u2019da, Suudi Arabistan, Katar, Birle\u015fik Arap Emirlikleri ve Kuzey K\u0131br\u0131s T\u00fcrk Cumhuriyeti\u2019ne resmi ziyarette bulunacak.<\/p>\n<p>Cumhurba\u015fkanl\u0131\u011f\u0131 \u0130leti\u015fim Ba\u015fkanl\u0131\u011f\u0131\u2019ndan yap\u0131lan a\u00e7\u0131klamaya g\u00f6re, Suudi Arabistan, Katar ve Birle\u015fik Arap Emirlikleri\u2019nde g\u00f6r\u00fc\u015fmeler ger\u00e7ekle\u015ftirecek olan Erdo\u011fan, bu temaslar\u0131n\u0131n ard\u0131ndan 20 Temmuz\u2019da, Bar\u0131\u015f ve \u00d6zg\u00fcrl\u00fck Bayram\u0131 dolay\u0131s\u0131yla <a href=\"https:\/\/brtk.net\/\"\/><a href=\"https:\/\/brtk.net\/\">KKTC<\/a>\u2019yi ziyaret edecek.<\/p>\n<p><a href=\"https:\/\/brtk.net\/\"\/><a href=\"https:\/\/brtk.net\/\">KKTC<\/a>\u2019de d\u00fczenlenecek resmi t\u00f6rene kat\u0131lacak olan Erdo\u011fan, Cumhurba\u015fkan\u0131 <a href=\"https:\/\/brtk.net\/\" target=\"_blank\" rel=\"noopener\">Ersin Tatar<\/a> ile ikili ili\u015fkilerin yan\u0131 s\u0131ra K\u0131br\u0131s meselesi ba\u011flam\u0131nda ya\u015fanan son geli\u015fmeler hakk\u0131nda g\u00f6r\u00fc\u015f teatisinde bulunacak, Ercan Havaliman\u0131\u2019n\u0131n yeni terminal binas\u0131n\u0131n ve pistinin a\u00e7\u0131l\u0131\u015f\u0131n\u0131 yapacak.<\/p>\n<\/p><\/div>\n<p><script async\n                    defer\n                    crossorigin=\"anonymous\"\n                    src=\"https:\/\/connect.facebook.net\/tr_TR\/sdk.js#xfbml=1&#038;version=v3.3\"\n            ><\/script><\/p>\n","protected":false},"excerpt":{"rendered":"<p>T\u00fcrkiye Cumhurba\u015fkan\u0131 Recep Tayyip Erdo\u011fan, K\u00f6rfez \u00fclkelerine ger\u00e7ekle\u015ftirece\u011fi 3 g\u00fcnl\u00fck ziyaretin ard\u0131ndan 20 Temmuz\u2019da KKTC\u2019ye resmi ziyarette bulunacak. T\u00fcrkiye Cumhurba\u015fkan\u0131 Erdo\u011fan, 17-20 Temmuz\u2019da, Suudi Arabistan, Katar, Birle\u015fik Arap Emirlikleri ve Kuzey K\u0131br\u0131s T\u00fcrk Cumhuriyeti\u2019ne resmi ziyarette bulunacak. Cumhurba\u015fkanl\u0131\u011f\u0131 \u0130leti\u015fim Ba\u015fkanl\u0131\u011f\u0131\u2019ndan yap\u0131lan a\u00e7\u0131klamaya g\u00f6re, Suudi Arabistan, Katar ve Birle\u015fik Arap Emirlikleri\u2019nde g\u00f6r\u00fc\u015fmeler ger\u00e7ekle\u015ftirecek olan Erdo\u011fan, bu<\/p>\n","protected":false},"author":1,"featured_media":10549,"comment_status":"open","ping_status":"open","sticky":false,"template":"","format":"standard","meta":{"footnotes":""},"categories":[1],"tags":[],"class_list":["post-10548","post","type-post","status-publish","format-standard","has-post-thumbnail","hentry","category-gundem"],"yoast_head":"<!-- This site is optimized with the Yoast SEO plugin v27.4 - https:\/\/yoast.com\/product\/yoast-seo-wordpress\/ -->\n<title>TC Cumhurba\u015fkan\u0131 Erdo\u011fan 20 Temmuz\u2019da KKTC\u2019ye resmi ziyarette bulunacak -<\/title>\n<meta name=\"robots\" content=\"index, follow, max-snippet:-1, max-image-preview:large, max-video-preview:-1\" \/>\n<link rel=\"canonical\" href=\"https:\/\/kibrisdakik.com\/?p=10548\" \/>\n<meta property=\"og:locale\" content=\"tr_TR\" \/>\n<meta property=\"og:type\" content=\"article\" \/>\n<meta property=\"og:title\" content=\"TC Cumhurba\u015fkan\u0131 Erdo\u011fan 20 Temmuz\u2019da KKTC\u2019ye resmi ziyarette bulunacak -\" \/>\n<meta property=\"og:description\" content=\"T\u00fcrkiye Cumhurba\u015fkan\u0131 Recep Tayyip Erdo\u011fan, K\u00f6rfez \u00fclkelerine ger\u00e7ekle\u015ftirece\u011fi 3 g\u00fcnl\u00fck ziyaretin ard\u0131ndan 20 Temmuz\u2019da KKTC\u2019ye resmi ziyarette bulunacak. T\u00fcrkiye Cumhurba\u015fkan\u0131 Erdo\u011fan, 17-20 Temmuz\u2019da, Suudi Arabistan, Katar, Birle\u015fik Arap Emirlikleri ve Kuzey K\u0131br\u0131s T\u00fcrk Cumhuriyeti\u2019ne resmi ziyarette bulunacak. Cumhurba\u015fkanl\u0131\u011f\u0131 \u0130leti\u015fim Ba\u015fkanl\u0131\u011f\u0131\u2019ndan yap\u0131lan a\u00e7\u0131klamaya g\u00f6re, Suudi Arabistan, Katar ve Birle\u015fik Arap Emirlikleri\u2019nde g\u00f6r\u00fc\u015fmeler ger\u00e7ekle\u015ftirecek olan Erdo\u011fan, bu\" \/>\n<meta property=\"og:url\" content=\"https:\/\/kibrisdakik.com\/?p=10548\" \/>\n<meta property=\"article:published_time\" content=\"2023-07-17T07:54:07+00:00\" \/>\n<meta property=\"og:image\" content=\"https:\/\/kibrisdakik.com\/wp-content\/uploads\/2023\/07\/thumbs_b_c_0f3239518985c455ef320951293e739a-740x420.jpg\" \/>\n\t<meta property=\"og:image:width\" content=\"864\" \/>\n\t<meta property=\"og:image:height\" content=\"486\" \/>\n\t<meta property=\"og:image:type\" content=\"image\/jpeg\" \/>\n<meta name=\"author\" content=\"admin\" \/>\n<meta name=\"twitter:card\" content=\"summary_large_image\" \/>\n<meta name=\"twitter:label1\" content=\"Yazan:\" \/>\n\t<meta name=\"twitter:data1\" content=\"admin\" \/>\n\t<meta name=\"twitter:label2\" content=\"Tahmini okuma s\u00fcresi\" \/>\n\t<meta name=\"twitter:data2\" content=\"1 dakika\" \/>\n<script type=\"application\/ld+json\" class=\"yoast-schema-graph\">{\"@context\":\"https:\\\/\\\/schema.org\",\"@graph\":[{\"@type\":\"Article\",\"@id\":\"https:\\\/\\\/kibrisdakik.com\\\/?p=10548#article\",\"isPartOf\":{\"@id\":\"https:\\\/\\\/kibrisdakik.com\\\/?p=10548\"},\"author\":{\"name\":\"admin\",\"@id\":\"https:\\\/\\\/kibrisdakik.com\\\/#\\\/schema\\\/person\\\/9cd9d437bbb44f72b73ba127e06d8e79\"},\"headline\":\"TC Cumhurba\u015fkan\u0131 Erdo\u011fan 20 Temmuz\u2019da KKTC\u2019ye resmi ziyarette bulunacak\",\"datePublished\":\"2023-07-17T07:54:07+00:00\",\"mainEntityOfPage\":{\"@id\":\"https:\\\/\\\/kibrisdakik.com\\\/?p=10548\"},\"wordCount\":176,\"commentCount\":0,\"image\":{\"@id\":\"https:\\\/\\\/kibrisdakik.com\\\/?p=10548#primaryimage\"},\"thumbnailUrl\":\"https:\\\/\\\/kibrisdakik.com\\\/wp-content\\\/uploads\\\/2023\\\/07\\\/thumbs_b_c_0f3239518985c455ef320951293e739a-740x420.jpg\",\"articleSection\":[\"G\u00fcndem\"],\"inLanguage\":\"tr\",\"potentialAction\":[{\"@type\":\"CommentAction\",\"name\":\"Comment\",\"target\":[\"https:\\\/\\\/kibrisdakik.com\\\/?p=10548#respond\"]}]},{\"@type\":\"WebPage\",\"@id\":\"https:\\\/\\\/kibrisdakik.com\\\/?p=10548\",\"url\":\"https:\\\/\\\/kibrisdakik.com\\\/?p=10548\",\"name\":\"TC Cumhurba\u015fkan\u0131 Erdo\u011fan 20 Temmuz\u2019da KKTC\u2019ye resmi ziyarette bulunacak -\",\"isPartOf\":{\"@id\":\"https:\\\/\\\/kibrisdakik.com\\\/#website\"},\"primaryImageOfPage\":{\"@id\":\"https:\\\/\\\/kibrisdakik.com\\\/?p=10548#primaryimage\"},\"image\":{\"@id\":\"https:\\\/\\\/kibrisdakik.com\\\/?p=10548#primaryimage\"},\"thumbnailUrl\":\"https:\\\/\\\/kibrisdakik.com\\\/wp-content\\\/uploads\\\/2023\\\/07\\\/thumbs_b_c_0f3239518985c455ef320951293e739a-740x420.jpg\",\"datePublished\":\"2023-07-17T07:54:07+00:00\",\"author\":{\"@id\":\"https:\\\/\\\/kibrisdakik.com\\\/#\\\/schema\\\/person\\\/9cd9d437bbb44f72b73ba127e06d8e79\"},\"breadcrumb\":{\"@id\":\"https:\\\/\\\/kibrisdakik.com\\\/?p=10548#breadcrumb\"},\"inLanguage\":\"tr\",\"potentialAction\":[{\"@type\":\"ReadAction\",\"target\":[\"https:\\\/\\\/kibrisdakik.com\\\/?p=10548\"]}]},{\"@type\":\"ImageObject\",\"inLanguage\":\"tr\",\"@id\":\"https:\\\/\\\/kibrisdakik.com\\\/?p=10548#primaryimage\",\"url\":\"https:\\\/\\\/kibrisdakik.com\\\/wp-content\\\/uploads\\\/2023\\\/07\\\/thumbs_b_c_0f3239518985c455ef320951293e739a-740x420.jpg\",\"contentUrl\":\"https:\\\/\\\/kibrisdakik.com\\\/wp-content\\\/uploads\\\/2023\\\/07\\\/thumbs_b_c_0f3239518985c455ef320951293e739a-740x420.jpg\",\"width\":864,\"height\":486},{\"@type\":\"BreadcrumbList\",\"@id\":\"https:\\\/\\\/kibrisdakik.com\\\/?p=10548#breadcrumb\",\"itemListElement\":[{\"@type\":\"ListItem\",\"position\":1,\"name\":\"Home\",\"item\":\"https:\\\/\\\/kibrisdakik.com\\\/\"},{\"@type\":\"ListItem\",\"position\":2,\"name\":\"TC Cumhurba\u015fkan\u0131 Erdo\u011fan 20 Temmuz\u2019da KKTC\u2019ye resmi ziyarette bulunacak\"}]},{\"@type\":\"WebSite\",\"@id\":\"https:\\\/\\\/kibrisdakik.com\\\/#website\",\"url\":\"https:\\\/\\\/kibrisdakik.com\\\/\",\"name\":\"\",\"description\":\"Tam vaktinde haber\",\"potentialAction\":[{\"@type\":\"SearchAction\",\"target\":{\"@type\":\"EntryPoint\",\"urlTemplate\":\"https:\\\/\\\/kibrisdakik.com\\\/?s={search_term_string}\"},\"query-input\":{\"@type\":\"PropertyValueSpecification\",\"valueRequired\":true,\"valueName\":\"search_term_string\"}}],\"inLanguage\":\"tr\"},{\"@type\":\"Person\",\"@id\":\"https:\\\/\\\/kibrisdakik.com\\\/#\\\/schema\\\/person\\\/9cd9d437bbb44f72b73ba127e06d8e79\",\"name\":\"admin\",\"image\":{\"@type\":\"ImageObject\",\"inLanguage\":\"tr\",\"@id\":\"https:\\\/\\\/secure.gravatar.com\\\/avatar\\\/ccc17943b9d660506c869530f897617f7cb1c21a4bf30023f252596d83e1f007?s=96&d=mm&r=g\",\"url\":\"https:\\\/\\\/secure.gravatar.com\\\/avatar\\\/ccc17943b9d660506c869530f897617f7cb1c21a4bf30023f252596d83e1f007?s=96&d=mm&r=g\",\"contentUrl\":\"https:\\\/\\\/secure.gravatar.com\\\/avatar\\\/ccc17943b9d660506c869530f897617f7cb1c21a4bf30023f252596d83e1f007?s=96&d=mm&r=g\",\"caption\":\"admin\"},\"sameAs\":[\"https:\\\/\\\/kibrisdakik.com\"],\"url\":\"https:\\\/\\\/kibrisdakik.com\\\/?author=1\"}]}<\/script>\n<!-- \/ Yoast SEO plugin. -->","yoast_head_json":{"title":"TC Cumhurba\u015fkan\u0131 Erdo\u011fan 20 Temmuz\u2019da KKTC\u2019ye resmi ziyarette bulunacak -","robots":{"index":"index","follow":"follow","max-snippet":"max-snippet:-1","max-image-preview":"max-image-preview:large","max-video-preview":"max-video-preview:-1"},"canonical":"https:\/\/kibrisdakik.com\/?p=10548","og_locale":"tr_TR","og_type":"article","og_title":"TC Cumhurba\u015fkan\u0131 Erdo\u011fan 20 Temmuz\u2019da KKTC\u2019ye resmi ziyarette bulunacak -","og_description":"T\u00fcrkiye Cumhurba\u015fkan\u0131 Recep Tayyip Erdo\u011fan, K\u00f6rfez \u00fclkelerine ger\u00e7ekle\u015ftirece\u011fi 3 g\u00fcnl\u00fck ziyaretin ard\u0131ndan 20 Temmuz\u2019da KKTC\u2019ye resmi ziyarette bulunacak. T\u00fcrkiye Cumhurba\u015fkan\u0131 Erdo\u011fan, 17-20 Temmuz\u2019da, Suudi Arabistan, Katar, Birle\u015fik Arap Emirlikleri ve Kuzey K\u0131br\u0131s T\u00fcrk Cumhuriyeti\u2019ne resmi ziyarette bulunacak. Cumhurba\u015fkanl\u0131\u011f\u0131 \u0130leti\u015fim Ba\u015fkanl\u0131\u011f\u0131\u2019ndan yap\u0131lan a\u00e7\u0131klamaya g\u00f6re, Suudi Arabistan, Katar ve Birle\u015fik Arap Emirlikleri\u2019nde g\u00f6r\u00fc\u015fmeler ger\u00e7ekle\u015ftirecek olan Erdo\u011fan, bu","og_url":"https:\/\/kibrisdakik.com\/?p=10548","article_published_time":"2023-07-17T07:54:07+00:00","og_image":[{"width":864,"height":486,"url":"https:\/\/kibrisdakik.com\/wp-content\/uploads\/2023\/07\/thumbs_b_c_0f3239518985c455ef320951293e739a-740x420.jpg","type":"image\/jpeg"}],"author":"admin","twitter_card":"summary_large_image","twitter_misc":{"Yazan:":"admin","Tahmini okuma s\u00fcresi":"1 dakika"},"schema":{"@context":"https:\/\/schema.org","@graph":[{"@type":"Article","@id":"https:\/\/kibrisdakik.com\/?p=10548#article","isPartOf":{"@id":"https:\/\/kibrisdakik.com\/?p=10548"},"author":{"name":"admin","@id":"https:\/\/kibrisdakik.com\/#\/schema\/person\/9cd9d437bbb44f72b73ba127e06d8e79"},"headline":"TC Cumhurba\u015fkan\u0131 Erdo\u011fan 20 Temmuz\u2019da KKTC\u2019ye resmi ziyarette bulunacak","datePublished":"2023-07-17T07:54:07+00:00","mainEntityOfPage":{"@id":"https:\/\/kibrisdakik.com\/?p=10548"},"wordCount":176,"commentCount":0,"image":{"@id":"https:\/\/kibrisdakik.com\/?p=10548#primaryimage"},"thumbnailUrl":"https:\/\/kibrisdakik.com\/wp-content\/uploads\/2023\/07\/thumbs_b_c_0f3239518985c455ef320951293e739a-740x420.jpg","articleSection":["G\u00fcndem"],"inLanguage":"tr","potentialAction":[{"@type":"CommentAction","name":"Comment","target":["https:\/\/kibrisdakik.com\/?p=10548#respond"]}]},{"@type":"WebPage","@id":"https:\/\/kibrisdakik.com\/?p=10548","url":"https:\/\/kibrisdakik.com\/?p=10548","name":"TC Cumhurba\u015fkan\u0131 Erdo\u011fan 20 Temmuz\u2019da KKTC\u2019ye resmi ziyarette bulunacak -","isPartOf":{"@id":"https:\/\/kibrisdakik.com\/#website"},"primaryImageOfPage":{"@id":"https:\/\/kibrisdakik.com\/?p=10548#primaryimage"},"image":{"@id":"https:\/\/kibrisdakik.com\/?p=10548#primaryimage"},"thumbnailUrl":"https:\/\/kibrisdakik.com\/wp-content\/uploads\/2023\/07\/thumbs_b_c_0f3239518985c455ef320951293e739a-740x420.jpg","datePublished":"2023-07-17T07:54:07+00:00","author":{"@id":"https:\/\/kibrisdakik.com\/#\/schema\/person\/9cd9d437bbb44f72b73ba127e06d8e79"},"breadcrumb":{"@id":"https:\/\/kibrisdakik.com\/?p=10548#breadcrumb"},"inLanguage":"tr","potentialAction":[{"@type":"ReadAction","target":["https:\/\/kibrisdakik.com\/?p=10548"]}]},{"@type":"ImageObject","inLanguage":"tr","@id":"https:\/\/kibrisdakik.com\/?p=10548#primaryimage","url":"https:\/\/kibrisdakik.com\/wp-content\/uploads\/2023\/07\/thumbs_b_c_0f3239518985c455ef320951293e739a-740x420.jpg","contentUrl":"https:\/\/kibrisdakik.com\/wp-content\/uploads\/2023\/07\/thumbs_b_c_0f3239518985c455ef320951293e739a-740x420.jpg","width":864,"height":486},{"@type":"BreadcrumbList","@id":"https:\/\/kibrisdakik.com\/?p=10548#breadcrumb","itemListElement":[{"@type":"ListItem","position":1,"name":"Home","item":"https:\/\/kibrisdakik.com\/"},{"@type":"ListItem","position":2,"name":"TC Cumhurba\u015fkan\u0131 Erdo\u011fan 20 Temmuz\u2019da KKTC\u2019ye resmi ziyarette bulunacak"}]},{"@type":"WebSite","@id":"https:\/\/kibrisdakik.com\/#website","url":"https:\/\/kibrisdakik.com\/","name":"","description":"Tam vaktinde haber","potentialAction":[{"@type":"SearchAction","target":{"@type":"EntryPoint","urlTemplate":"https:\/\/kibrisdakik.com\/?s={search_term_string}"},"query-input":{"@type":"PropertyValueSpecification","valueRequired":true,"valueName":"search_term_string"}}],"inLanguage":"tr"},{"@type":"Person","@id":"https:\/\/kibrisdakik.com\/#\/schema\/person\/9cd9d437bbb44f72b73ba127e06d8e79","name":"admin","image":{"@type":"ImageObject","inLanguage":"tr","@id":"https:\/\/secure.gravatar.com\/avatar\/ccc17943b9d660506c869530f897617f7cb1c21a4bf30023f252596d83e1f007?s=96&d=mm&r=g","url":"https:\/\/secure.gravatar.com\/avatar\/ccc17943b9d660506c869530f897617f7cb1c21a4bf30023f252596d83e1f007?s=96&d=mm&r=g","contentUrl":"https:\/\/secure.gravatar.com\/avatar\/ccc17943b9d660506c869530f897617f7cb1c21a4bf30023f252596d83e1f007?s=96&d=mm&r=g","caption":"admin"},"sameAs":["https:\/\/kibrisdakik.com"],"url":"https:\/\/kibrisdakik.com\/?author=1"}]}},"_links":{"self":[{"href":"https:\/\/kibrisdakik.com\/index.php?rest_route=\/wp\/v2\/posts\/10548","targetHints":{"allow":["GET"]}}],"collection":[{"href":"https:\/\/kibrisdakik.com\/index.php?rest_route=\/wp\/v2\/posts"}],"about":[{"href":"https:\/\/kibrisdakik.com\/index.php?rest_route=\/wp\/v2\/types\/post"}],"author":[{"embeddable":true,"href":"https:\/\/kibrisdakik.com\/index.php?rest_route=\/wp\/v2\/users\/1"}],"replies":[{"embeddable":true,"href":"https:\/\/kibrisdakik.com\/index.php?rest_route=%2Fwp%2Fv2%2Fcomments&post=10548"}],"version-history":[{"count":0,"href":"https:\/\/kibrisdakik.com\/index.php?rest_route=\/wp\/v2\/posts\/10548\/revisions"}],"wp:featuredmedia":[{"embeddable":true,"href":"https:\/\/kibrisdakik.com\/index.php?rest_route=\/wp\/v2\/media\/10549"}],"wp:attachment":[{"href":"https:\/\/kibrisdakik.com\/index.php?rest_route=%2Fwp%2Fv2%2Fmedia&parent=10548"}],"wp:term":[{"taxonomy":"category","embeddable":true,"href":"https:\/\/kibrisdakik.com\/index.php?rest_route=%2Fwp%2Fv2%2Fcategories&post=10548"},{"taxonomy":"post_tag","embeddable":true,"href":"https:\/\/kibrisdakik.com\/index.php?rest_route=%2Fwp%2Fv2%2Ftags&post=10548"}],"curies":[{"name":"wp","href":"https:\/\/api.w.org\/{rel}","templated":true}]}}