{"id":10554,"date":"2023-07-17T09:56:51","date_gmt":"2023-07-17T09:56:51","guid":{"rendered":"https:\/\/kibrisdakik.com\/index.php\/2023\/07\/17\/bu-aciyi-unutmamiz-mumkun-degildir-yasamimiz-boyunca-bu-aciyi-her-zaman-yuregimizde-hissedecegiz\/"},"modified":"2023-07-17T09:56:51","modified_gmt":"2023-07-17T09:56:51","slug":"bu-aciyi-unutmamiz-mumkun-degildir-yasamimiz-boyunca-bu-aciyi-her-zaman-yuregimizde-hissedecegiz","status":"publish","type":"post","link":"https:\/\/kibrisdakik.com\/?p=10554","title":{"rendered":"\u201cBu ac\u0131y\u0131 unutmam\u0131z m\u00fcmk\u00fcn de\u011fildir. Ya\u015fam\u0131m\u0131z boyunca bu ac\u0131y\u0131 her zaman y\u00fcre\u011fimizde hissedece\u011fiz\u201d"},"content":{"rendered":"<p><\/p>\n<div>\n<div class=\"mariselle-image-container center\">\n                <img width=\"1600\" height=\"1066\" class=\"lazy-image\" alt=\"\" decoding=\"async\" loading=\"lazy\" sizes=\"auto, (max-width: 1600px) 100vw, 1600px\" src=\"https:\/\/brtk.net\/wp-content\/uploads\/2023\/07\/17\/98489544-8ec5-4c0c-a73a-8d364defde45.jpg?ver=3bd145f81137bde509d7ba2a6d45e564\" srcset=\"https:\/\/brtk.net\/wp-content\/uploads\/2023\/07\/17\/98489544-8ec5-4c0c-a73a-8d364defde45.jpg?ver=3bd145f81137bde509d7ba2a6d45e564 1600w, https:\/\/brtk.net\/wp-content\/uploads\/2023\/07\/17\/98489544-8ec5-4c0c-a73a-8d364defde45-300x200.jpg?ver=ea557ebdd57896b9c1cf94a811bed25e 300w, https:\/\/brtk.net\/wp-content\/uploads\/2023\/07\/17\/98489544-8ec5-4c0c-a73a-8d364defde45-1024x682.jpg?ver=ea557ebdd57896b9c1cf94a811bed25e 1024w, https:\/\/brtk.net\/wp-content\/uploads\/2023\/07\/17\/98489544-8ec5-4c0c-a73a-8d364defde45-768x512.jpg?ver=ea557ebdd57896b9c1cf94a811bed25e 768w, https:\/\/brtk.net\/wp-content\/uploads\/2023\/07\/17\/98489544-8ec5-4c0c-a73a-8d364defde45-1536x1023.jpg?ver=b179fdb8a99570dcd571c25217033d40 1536w\"\/>                            <\/div>\n<p>Cumhurba\u015fkan\u0131 <a href=\"https:\/\/brtk.net\/\" target=\"_blank\" rel=\"noopener\">Ersin <\/a><a href=\"https:\/\/brtk.net\/\"\/><a href=\"https:\/\/brtk.net\/\"\/><a href=\"https:\/\/brtk.net\/\"\/><a href=\"https:\/\/brtk.net\/\"\/><a href=\"https:\/\/brtk.net\/\"\/><a href=\"https:\/\/brtk.net\/\"\/><a href=\"https:\/\/brtk.net\/\">Tatar<\/a> d\u00fcn, Ad\u0131yamanl\u0131lar Dayan\u0131\u015fma Derne\u011fi taraf\u0131ndan T\u00fcrkiye\u2019de meydana gelen 6 \u015eubat depreminde ya\u015fam\u0131n\u0131 yitirenler ve \u015eampiyon Melekler Tak\u0131m\u0131 i\u00e7in Bo\u011fazk\u00f6y\u2019de okutulan Mevlid-i \u015eerif\u2019e kat\u0131ld\u0131. Cumhurba\u015fkan\u0131 <a href=\"https:\/\/brtk.net\/\"\/><a href=\"https:\/\/brtk.net\/\"\/><a href=\"https:\/\/brtk.net\/\"\/><a href=\"https:\/\/brtk.net\/\"\/><a href=\"https:\/\/brtk.net\/\"\/><a href=\"https:\/\/brtk.net\/\"\/><a href=\"https:\/\/brtk.net\/\">Tatar<\/a> burada yapt\u0131\u011f\u0131 konu\u015fmada, 6 \u015eubat tarihinde<br \/>T\u00fcrkiye\u2019de meydana gelen depremde ya\u015fam\u0131n\u0131 yitirenleri anman\u0131n ve ac\u0131s\u0131n\u0131 payla\u015fman\u0131n \u00f6nemli bir g\u00f6rev oldu\u011funu dile getirerek, \u201cBu ac\u0131y\u0131 unutmam\u0131z m\u00fcmk\u00fcn de\u011fildir. Ya\u015fam\u0131m\u0131z boyunca bu ac\u0131y\u0131 her zaman y\u00fcre\u011fimizde hissedece\u011fiz\u201d dedi. <\/p>\n<p>1974\u2019ten sonra adaya yerle\u015fen Kahramanmara\u015f ve Ad\u0131yaman\u2019dan pek \u00e7ok ki\u015finin \u00fclkemizin g\u00fc\u00e7lenmesine b\u00fcy\u00fck katk\u0131 yapt\u0131klar\u0131n\u0131 ve m\u00fccadele verdiklerini kaydeden Cumhurba\u015fkan\u0131 <a href=\"https:\/\/brtk.net\/\"\/><a href=\"https:\/\/brtk.net\/\"\/><a href=\"https:\/\/brtk.net\/\"\/><a href=\"https:\/\/brtk.net\/\"\/><a href=\"https:\/\/brtk.net\/\"\/><a href=\"https:\/\/brtk.net\/\"\/><a href=\"https:\/\/brtk.net\/\">Tatar<\/a>, k\u00fclt\u00fcrel ba\u011flar\u0131n geli\u015fmesi ve k\u00f6kle\u015fmesi i\u00e7in kar\u015f\u0131l\u0131kl\u0131 ziyaretlerin \u00e7ok anlaml\u0131 oldu\u011funa i\u015faret etti. <\/p>\n<p>Cumhurba\u015fkan\u0131 <a href=\"https:\/\/brtk.net\/\"\/><a href=\"https:\/\/brtk.net\/\"\/><a href=\"https:\/\/brtk.net\/\"\/><a href=\"https:\/\/brtk.net\/\"\/><a href=\"https:\/\/brtk.net\/\"\/><a href=\"https:\/\/brtk.net\/\"\/><a href=\"https:\/\/brtk.net\/\">Tatar<\/a>, bin y\u0131lda olan bir olayla iki depremin arka arkaya ger\u00e7ekle\u015fti\u011fini ve voleybol \u015fampiyonas\u0131 i\u00e7in Ad\u0131yaman\u2019da bulunan \u015eampiyon Melekler Tak\u0131m\u0131\u2019m\u0131z\u0131n kald\u0131klar\u0131 otelde ya\u015fam\u0131n\u0131 yitirmelerinin \u00fclkede b\u00fcy\u00fck bir ac\u0131ya neden oldu\u011funu s\u00f6yledi. Ya\u015fam\u0131n\u0131 yitirenlerin ailelerinin her zaman yan\u0131nda olacaklar\u0131n\u0131n alt\u0131n\u0131 \u00e7izen Cumhurba\u015fkan\u0131 <a href=\"https:\/\/brtk.net\/\"\/><a href=\"https:\/\/brtk.net\/\"\/><a href=\"https:\/\/brtk.net\/\"\/><a href=\"https:\/\/brtk.net\/\"\/><a href=\"https:\/\/brtk.net\/\"\/><a href=\"https:\/\/brtk.net\/\"\/><a href=\"https:\/\/brtk.net\/\">Tatar<\/a>, \u201cBu ac\u0131lar\u0131 birlikte ya\u015fayaca\u011f\u0131z\u201d dedi. <\/p>\n<p>\u201c<a href=\"https:\/\/brtk.net\/\"\/><a href=\"https:\/\/brtk.net\/\"\/><a href=\"https:\/\/brtk.net\/\"\/><a href=\"https:\/\/brtk.net\/\">KKTC<\/a>\u2019de daha refah ve m\u00fcreffeh yar\u0131nlar\u0131 yakalamam\u0131z i\u00e7in birlikte \u00e7al\u0131\u015farak m\u00fccadele etmeye devam edece\u011fiz\u201d<\/p>\n<p>Cumhurba\u015fkan\u0131 <a href=\"https:\/\/brtk.net\/\"\/><a href=\"https:\/\/brtk.net\/\"\/><a href=\"https:\/\/brtk.net\/\"\/><a href=\"https:\/\/brtk.net\/\"\/><a href=\"https:\/\/brtk.net\/\"\/><a href=\"https:\/\/brtk.net\/\"\/><a href=\"https:\/\/brtk.net\/\">Tatar<\/a> ayr\u0131ca, Ad\u0131yamanl\u0131lar Dayan\u0131\u015fma Derne\u011fi\u2019ne y\u00fcr\u00fct\u00fclen faaliyetler dolay\u0131s\u0131yla te\u015fekk\u00fcr ederek, <a href=\"https:\/\/brtk.net\/\"\/><a href=\"https:\/\/brtk.net\/\"\/><a href=\"https:\/\/brtk.net\/\"\/><a href=\"https:\/\/brtk.net\/\">KKTC<\/a>\u2019yi g\u00fc\u00e7lendirmek ve tek y\u00fcrek olarak sonuna kadar m\u00fccadele ederken T\u00fcrkiye Cumhuriyeti\u2019nin deste\u011finin \u00f6nemine vurgu yapt\u0131. T\u00fcrkiye Y\u00fczy\u0131l\u0131n\u0131n b\u00fcy\u00fck ba\u015far\u0131lar\u0131n\u0131n <a href=\"https:\/\/brtk.net\/\"\/><a href=\"https:\/\/brtk.net\/\"\/><a href=\"https:\/\/brtk.net\/\"\/><a href=\"https:\/\/brtk.net\/\">KKTC<\/a>\u2019ye olumlu yans\u0131malar yapaca\u011f\u0131na inan\u00e7 belirten Cumhurba\u015fkan\u0131 <a href=\"https:\/\/brtk.net\/\"\/><a href=\"https:\/\/brtk.net\/\"\/><a href=\"https:\/\/brtk.net\/\"\/><a href=\"https:\/\/brtk.net\/\"\/><a href=\"https:\/\/brtk.net\/\"\/><a href=\"https:\/\/brtk.net\/\"\/><a href=\"https:\/\/brtk.net\/\">Tatar<\/a>, 20 Temmuz Bar\u0131\u015f ve \u00d6zg\u00fcrl\u00fck Bayram\u0131\u2019nda T\u00fcrkiye Cumhuriyeti Cumhurba\u015fkan\u0131 Recep Tayyip Erdo\u011fan\u2019\u0131n adaya gelece\u011fini ve Ercan Havaliman\u0131\u2019n\u0131n yeni terminalinin hizmete a\u00e7\u0131laca\u011f\u0131n\u0131 belirterek yeni terminalin a\u00e7\u0131l\u0131\u015f\u0131yla <a href=\"https:\/\/brtk.net\/\"\/><a href=\"https:\/\/brtk.net\/\"\/><a href=\"https:\/\/brtk.net\/\"\/><a href=\"https:\/\/brtk.net\/\">KKTC<\/a>\u2019nin daha da g\u00fc\u00e7 kazanaca\u011f\u0131n\u0131, d\u0131\u015fa a\u00e7\u0131lan bir pencere olarak daha fazla ziyaret\u00e7i ak\u0131\u015f\u0131 ve ekonominin artarak geli\u015fmesini sa\u011flayaca\u011f\u0131n\u0131 kaydetti. <\/p>\n<p>Kablo ile elektrik getirilmesi projesine de de\u011finen Cumhurba\u015fkan\u0131 <a href=\"https:\/\/brtk.net\/\"\/><a href=\"https:\/\/brtk.net\/\"\/><a href=\"https:\/\/brtk.net\/\"\/><a href=\"https:\/\/brtk.net\/\"\/><a href=\"https:\/\/brtk.net\/\"\/><a href=\"https:\/\/brtk.net\/\"\/><a href=\"https:\/\/brtk.net\/\">Tatar<\/a>, \u201cB\u00f6yle projelerle <a href=\"https:\/\/brtk.net\/\"\/><a href=\"https:\/\/brtk.net\/\"\/><a href=\"https:\/\/brtk.net\/\"\/><a href=\"https:\/\/brtk.net\/\">KKTC<\/a>\u2019de daha refah ve m\u00fcreffeh yar\u0131nlar\u0131 yakalamam\u0131z i\u00e7in birlikte \u00e7al\u0131\u015farak m\u00fccadele etmeye devam edece\u011fiz\u201d dedi.<\/p>\n<\/p><\/div>\n<p><script async\n                    defer\n                    crossorigin=\"anonymous\"\n                    src=\"https:\/\/connect.facebook.net\/tr_TR\/sdk.js#xfbml=1&#038;version=v3.3\"\n            ><\/script><\/p>\n","protected":false},"excerpt":{"rendered":"<p>Cumhurba\u015fkan\u0131 Ersin Tatar d\u00fcn, Ad\u0131yamanl\u0131lar Dayan\u0131\u015fma Derne\u011fi taraf\u0131ndan T\u00fcrkiye\u2019de meydana gelen 6 \u015eubat depreminde ya\u015fam\u0131n\u0131 yitirenler ve \u015eampiyon Melekler Tak\u0131m\u0131 i\u00e7in Bo\u011fazk\u00f6y\u2019de okutulan Mevlid-i \u015eerif\u2019e kat\u0131ld\u0131. Cumhurba\u015fkan\u0131 Tatar burada yapt\u0131\u011f\u0131 konu\u015fmada, 6 \u015eubat tarihindeT\u00fcrkiye\u2019de meydana gelen depremde ya\u015fam\u0131n\u0131 yitirenleri anman\u0131n ve ac\u0131s\u0131n\u0131 payla\u015fman\u0131n \u00f6nemli bir g\u00f6rev oldu\u011funu dile getirerek, \u201cBu ac\u0131y\u0131 unutmam\u0131z m\u00fcmk\u00fcn de\u011fildir. Ya\u015fam\u0131m\u0131z<\/p>\n","protected":false},"author":1,"featured_media":10555,"comment_status":"open","ping_status":"open","sticky":false,"template":"","format":"standard","meta":{"footnotes":""},"categories":[1],"tags":[],"class_list":["post-10554","post","type-post","status-publish","format-standard","has-post-thumbnail","hentry","category-gundem"],"yoast_head":"<!-- This site is optimized with the Yoast SEO plugin v27.5 - https:\/\/yoast.com\/product\/yoast-seo-wordpress\/ -->\n<title>\u201cBu ac\u0131y\u0131 unutmam\u0131z m\u00fcmk\u00fcn de\u011fildir. Ya\u015fam\u0131m\u0131z boyunca bu ac\u0131y\u0131 her zaman y\u00fcre\u011fimizde hissedece\u011fiz\u201d -<\/title>\n<meta name=\"robots\" content=\"index, follow, max-snippet:-1, max-image-preview:large, max-video-preview:-1\" \/>\n<link rel=\"canonical\" href=\"https:\/\/kibrisdakik.com\/?p=10554\" \/>\n<meta property=\"og:locale\" content=\"tr_TR\" \/>\n<meta property=\"og:type\" content=\"article\" \/>\n<meta property=\"og:title\" content=\"\u201cBu ac\u0131y\u0131 unutmam\u0131z m\u00fcmk\u00fcn de\u011fildir. Ya\u015fam\u0131m\u0131z boyunca bu ac\u0131y\u0131 her zaman y\u00fcre\u011fimizde hissedece\u011fiz\u201d -\" \/>\n<meta property=\"og:description\" content=\"Cumhurba\u015fkan\u0131 Ersin Tatar d\u00fcn, Ad\u0131yamanl\u0131lar Dayan\u0131\u015fma Derne\u011fi taraf\u0131ndan T\u00fcrkiye\u2019de meydana gelen 6 \u015eubat depreminde ya\u015fam\u0131n\u0131 yitirenler ve \u015eampiyon Melekler Tak\u0131m\u0131 i\u00e7in Bo\u011fazk\u00f6y\u2019de okutulan Mevlid-i \u015eerif\u2019e kat\u0131ld\u0131. Cumhurba\u015fkan\u0131 Tatar burada yapt\u0131\u011f\u0131 konu\u015fmada, 6 \u015eubat tarihindeT\u00fcrkiye\u2019de meydana gelen depremde ya\u015fam\u0131n\u0131 yitirenleri anman\u0131n ve ac\u0131s\u0131n\u0131 payla\u015fman\u0131n \u00f6nemli bir g\u00f6rev oldu\u011funu dile getirerek, \u201cBu ac\u0131y\u0131 unutmam\u0131z m\u00fcmk\u00fcn de\u011fildir. Ya\u015fam\u0131m\u0131z\" \/>\n<meta property=\"og:url\" content=\"https:\/\/kibrisdakik.com\/?p=10554\" \/>\n<meta property=\"article:published_time\" content=\"2023-07-17T09:56:51+00:00\" \/>\n<meta property=\"og:image\" content=\"https:\/\/kibrisdakik.com\/wp-content\/uploads\/2023\/07\/98489544-8ec5-4c0c-a73a-8d364defde45-740x420.jpg\" \/>\n\t<meta property=\"og:image:width\" content=\"1600\" \/>\n\t<meta property=\"og:image:height\" content=\"1066\" \/>\n\t<meta property=\"og:image:type\" content=\"image\/jpeg\" \/>\n<meta name=\"author\" content=\"admin\" \/>\n<meta name=\"twitter:card\" content=\"summary_large_image\" \/>\n<meta name=\"twitter:label1\" content=\"Yazan:\" \/>\n\t<meta name=\"twitter:data1\" content=\"admin\" \/>\n\t<meta name=\"twitter:label2\" content=\"Tahmini okuma s\u00fcresi\" \/>\n\t<meta name=\"twitter:data2\" content=\"2 dakika\" \/>\n<script type=\"application\/ld+json\" class=\"yoast-schema-graph\">{\"@context\":\"https:\\\/\\\/schema.org\",\"@graph\":[{\"@type\":\"Article\",\"@id\":\"https:\\\/\\\/kibrisdakik.com\\\/?p=10554#article\",\"isPartOf\":{\"@id\":\"https:\\\/\\\/kibrisdakik.com\\\/?p=10554\"},\"author\":{\"name\":\"admin\",\"@id\":\"https:\\\/\\\/kibrisdakik.com\\\/#\\\/schema\\\/person\\\/9cd9d437bbb44f72b73ba127e06d8e79\"},\"headline\":\"\u201cBu ac\u0131y\u0131 unutmam\u0131z m\u00fcmk\u00fcn de\u011fildir. Ya\u015fam\u0131m\u0131z boyunca bu ac\u0131y\u0131 her zaman y\u00fcre\u011fimizde hissedece\u011fiz\u201d\",\"datePublished\":\"2023-07-17T09:56:51+00:00\",\"mainEntityOfPage\":{\"@id\":\"https:\\\/\\\/kibrisdakik.com\\\/?p=10554\"},\"wordCount\":464,\"commentCount\":0,\"image\":{\"@id\":\"https:\\\/\\\/kibrisdakik.com\\\/?p=10554#primaryimage\"},\"thumbnailUrl\":\"https:\\\/\\\/kibrisdakik.com\\\/wp-content\\\/uploads\\\/2023\\\/07\\\/98489544-8ec5-4c0c-a73a-8d364defde45-740x420.jpg\",\"articleSection\":[\"G\u00fcndem\"],\"inLanguage\":\"tr\",\"potentialAction\":[{\"@type\":\"CommentAction\",\"name\":\"Comment\",\"target\":[\"https:\\\/\\\/kibrisdakik.com\\\/?p=10554#respond\"]}]},{\"@type\":\"WebPage\",\"@id\":\"https:\\\/\\\/kibrisdakik.com\\\/?p=10554\",\"url\":\"https:\\\/\\\/kibrisdakik.com\\\/?p=10554\",\"name\":\"\u201cBu ac\u0131y\u0131 unutmam\u0131z m\u00fcmk\u00fcn de\u011fildir. Ya\u015fam\u0131m\u0131z boyunca bu ac\u0131y\u0131 her zaman y\u00fcre\u011fimizde hissedece\u011fiz\u201d -\",\"isPartOf\":{\"@id\":\"https:\\\/\\\/kibrisdakik.com\\\/#website\"},\"primaryImageOfPage\":{\"@id\":\"https:\\\/\\\/kibrisdakik.com\\\/?p=10554#primaryimage\"},\"image\":{\"@id\":\"https:\\\/\\\/kibrisdakik.com\\\/?p=10554#primaryimage\"},\"thumbnailUrl\":\"https:\\\/\\\/kibrisdakik.com\\\/wp-content\\\/uploads\\\/2023\\\/07\\\/98489544-8ec5-4c0c-a73a-8d364defde45-740x420.jpg\",\"datePublished\":\"2023-07-17T09:56:51+00:00\",\"author\":{\"@id\":\"https:\\\/\\\/kibrisdakik.com\\\/#\\\/schema\\\/person\\\/9cd9d437bbb44f72b73ba127e06d8e79\"},\"breadcrumb\":{\"@id\":\"https:\\\/\\\/kibrisdakik.com\\\/?p=10554#breadcrumb\"},\"inLanguage\":\"tr\",\"potentialAction\":[{\"@type\":\"ReadAction\",\"target\":[\"https:\\\/\\\/kibrisdakik.com\\\/?p=10554\"]}]},{\"@type\":\"ImageObject\",\"inLanguage\":\"tr\",\"@id\":\"https:\\\/\\\/kibrisdakik.com\\\/?p=10554#primaryimage\",\"url\":\"https:\\\/\\\/kibrisdakik.com\\\/wp-content\\\/uploads\\\/2023\\\/07\\\/98489544-8ec5-4c0c-a73a-8d364defde45-740x420.jpg\",\"contentUrl\":\"https:\\\/\\\/kibrisdakik.com\\\/wp-content\\\/uploads\\\/2023\\\/07\\\/98489544-8ec5-4c0c-a73a-8d364defde45-740x420.jpg\",\"width\":1600,\"height\":1066},{\"@type\":\"BreadcrumbList\",\"@id\":\"https:\\\/\\\/kibrisdakik.com\\\/?p=10554#breadcrumb\",\"itemListElement\":[{\"@type\":\"ListItem\",\"position\":1,\"name\":\"Home\",\"item\":\"https:\\\/\\\/kibrisdakik.com\\\/\"},{\"@type\":\"ListItem\",\"position\":2,\"name\":\"\u201cBu ac\u0131y\u0131 unutmam\u0131z m\u00fcmk\u00fcn de\u011fildir. Ya\u015fam\u0131m\u0131z boyunca bu ac\u0131y\u0131 her zaman y\u00fcre\u011fimizde hissedece\u011fiz\u201d\"}]},{\"@type\":\"WebSite\",\"@id\":\"https:\\\/\\\/kibrisdakik.com\\\/#website\",\"url\":\"https:\\\/\\\/kibrisdakik.com\\\/\",\"name\":\"\",\"description\":\"Tam vaktinde haber\",\"potentialAction\":[{\"@type\":\"SearchAction\",\"target\":{\"@type\":\"EntryPoint\",\"urlTemplate\":\"https:\\\/\\\/kibrisdakik.com\\\/?s={search_term_string}\"},\"query-input\":{\"@type\":\"PropertyValueSpecification\",\"valueRequired\":true,\"valueName\":\"search_term_string\"}}],\"inLanguage\":\"tr\"},{\"@type\":\"Person\",\"@id\":\"https:\\\/\\\/kibrisdakik.com\\\/#\\\/schema\\\/person\\\/9cd9d437bbb44f72b73ba127e06d8e79\",\"name\":\"admin\",\"image\":{\"@type\":\"ImageObject\",\"inLanguage\":\"tr\",\"@id\":\"https:\\\/\\\/secure.gravatar.com\\\/avatar\\\/ccc17943b9d660506c869530f897617f7cb1c21a4bf30023f252596d83e1f007?s=96&d=mm&r=g\",\"url\":\"https:\\\/\\\/secure.gravatar.com\\\/avatar\\\/ccc17943b9d660506c869530f897617f7cb1c21a4bf30023f252596d83e1f007?s=96&d=mm&r=g\",\"contentUrl\":\"https:\\\/\\\/secure.gravatar.com\\\/avatar\\\/ccc17943b9d660506c869530f897617f7cb1c21a4bf30023f252596d83e1f007?s=96&d=mm&r=g\",\"caption\":\"admin\"},\"sameAs\":[\"https:\\\/\\\/kibrisdakik.com\"],\"url\":\"https:\\\/\\\/kibrisdakik.com\\\/?author=1\"}]}<\/script>\n<!-- \/ Yoast SEO plugin. -->","yoast_head_json":{"title":"\u201cBu ac\u0131y\u0131 unutmam\u0131z m\u00fcmk\u00fcn de\u011fildir. Ya\u015fam\u0131m\u0131z boyunca bu ac\u0131y\u0131 her zaman y\u00fcre\u011fimizde hissedece\u011fiz\u201d -","robots":{"index":"index","follow":"follow","max-snippet":"max-snippet:-1","max-image-preview":"max-image-preview:large","max-video-preview":"max-video-preview:-1"},"canonical":"https:\/\/kibrisdakik.com\/?p=10554","og_locale":"tr_TR","og_type":"article","og_title":"\u201cBu ac\u0131y\u0131 unutmam\u0131z m\u00fcmk\u00fcn de\u011fildir. Ya\u015fam\u0131m\u0131z boyunca bu ac\u0131y\u0131 her zaman y\u00fcre\u011fimizde hissedece\u011fiz\u201d -","og_description":"Cumhurba\u015fkan\u0131 Ersin Tatar d\u00fcn, Ad\u0131yamanl\u0131lar Dayan\u0131\u015fma Derne\u011fi taraf\u0131ndan T\u00fcrkiye\u2019de meydana gelen 6 \u015eubat depreminde ya\u015fam\u0131n\u0131 yitirenler ve \u015eampiyon Melekler Tak\u0131m\u0131 i\u00e7in Bo\u011fazk\u00f6y\u2019de okutulan Mevlid-i \u015eerif\u2019e kat\u0131ld\u0131. Cumhurba\u015fkan\u0131 Tatar burada yapt\u0131\u011f\u0131 konu\u015fmada, 6 \u015eubat tarihindeT\u00fcrkiye\u2019de meydana gelen depremde ya\u015fam\u0131n\u0131 yitirenleri anman\u0131n ve ac\u0131s\u0131n\u0131 payla\u015fman\u0131n \u00f6nemli bir g\u00f6rev oldu\u011funu dile getirerek, \u201cBu ac\u0131y\u0131 unutmam\u0131z m\u00fcmk\u00fcn de\u011fildir. Ya\u015fam\u0131m\u0131z","og_url":"https:\/\/kibrisdakik.com\/?p=10554","article_published_time":"2023-07-17T09:56:51+00:00","og_image":[{"width":1600,"height":1066,"url":"https:\/\/kibrisdakik.com\/wp-content\/uploads\/2023\/07\/98489544-8ec5-4c0c-a73a-8d364defde45-740x420.jpg","type":"image\/jpeg"}],"author":"admin","twitter_card":"summary_large_image","twitter_misc":{"Yazan:":"admin","Tahmini okuma s\u00fcresi":"2 dakika"},"schema":{"@context":"https:\/\/schema.org","@graph":[{"@type":"Article","@id":"https:\/\/kibrisdakik.com\/?p=10554#article","isPartOf":{"@id":"https:\/\/kibrisdakik.com\/?p=10554"},"author":{"name":"admin","@id":"https:\/\/kibrisdakik.com\/#\/schema\/person\/9cd9d437bbb44f72b73ba127e06d8e79"},"headline":"\u201cBu ac\u0131y\u0131 unutmam\u0131z m\u00fcmk\u00fcn de\u011fildir. Ya\u015fam\u0131m\u0131z boyunca bu ac\u0131y\u0131 her zaman y\u00fcre\u011fimizde hissedece\u011fiz\u201d","datePublished":"2023-07-17T09:56:51+00:00","mainEntityOfPage":{"@id":"https:\/\/kibrisdakik.com\/?p=10554"},"wordCount":464,"commentCount":0,"image":{"@id":"https:\/\/kibrisdakik.com\/?p=10554#primaryimage"},"thumbnailUrl":"https:\/\/kibrisdakik.com\/wp-content\/uploads\/2023\/07\/98489544-8ec5-4c0c-a73a-8d364defde45-740x420.jpg","articleSection":["G\u00fcndem"],"inLanguage":"tr","potentialAction":[{"@type":"CommentAction","name":"Comment","target":["https:\/\/kibrisdakik.com\/?p=10554#respond"]}]},{"@type":"WebPage","@id":"https:\/\/kibrisdakik.com\/?p=10554","url":"https:\/\/kibrisdakik.com\/?p=10554","name":"\u201cBu ac\u0131y\u0131 unutmam\u0131z m\u00fcmk\u00fcn de\u011fildir. Ya\u015fam\u0131m\u0131z boyunca bu ac\u0131y\u0131 her zaman y\u00fcre\u011fimizde hissedece\u011fiz\u201d -","isPartOf":{"@id":"https:\/\/kibrisdakik.com\/#website"},"primaryImageOfPage":{"@id":"https:\/\/kibrisdakik.com\/?p=10554#primaryimage"},"image":{"@id":"https:\/\/kibrisdakik.com\/?p=10554#primaryimage"},"thumbnailUrl":"https:\/\/kibrisdakik.com\/wp-content\/uploads\/2023\/07\/98489544-8ec5-4c0c-a73a-8d364defde45-740x420.jpg","datePublished":"2023-07-17T09:56:51+00:00","author":{"@id":"https:\/\/kibrisdakik.com\/#\/schema\/person\/9cd9d437bbb44f72b73ba127e06d8e79"},"breadcrumb":{"@id":"https:\/\/kibrisdakik.com\/?p=10554#breadcrumb"},"inLanguage":"tr","potentialAction":[{"@type":"ReadAction","target":["https:\/\/kibrisdakik.com\/?p=10554"]}]},{"@type":"ImageObject","inLanguage":"tr","@id":"https:\/\/kibrisdakik.com\/?p=10554#primaryimage","url":"https:\/\/kibrisdakik.com\/wp-content\/uploads\/2023\/07\/98489544-8ec5-4c0c-a73a-8d364defde45-740x420.jpg","contentUrl":"https:\/\/kibrisdakik.com\/wp-content\/uploads\/2023\/07\/98489544-8ec5-4c0c-a73a-8d364defde45-740x420.jpg","width":1600,"height":1066},{"@type":"BreadcrumbList","@id":"https:\/\/kibrisdakik.com\/?p=10554#breadcrumb","itemListElement":[{"@type":"ListItem","position":1,"name":"Home","item":"https:\/\/kibrisdakik.com\/"},{"@type":"ListItem","position":2,"name":"\u201cBu ac\u0131y\u0131 unutmam\u0131z m\u00fcmk\u00fcn de\u011fildir. Ya\u015fam\u0131m\u0131z boyunca bu ac\u0131y\u0131 her zaman y\u00fcre\u011fimizde hissedece\u011fiz\u201d"}]},{"@type":"WebSite","@id":"https:\/\/kibrisdakik.com\/#website","url":"https:\/\/kibrisdakik.com\/","name":"","description":"Tam vaktinde haber","potentialAction":[{"@type":"SearchAction","target":{"@type":"EntryPoint","urlTemplate":"https:\/\/kibrisdakik.com\/?s={search_term_string}"},"query-input":{"@type":"PropertyValueSpecification","valueRequired":true,"valueName":"search_term_string"}}],"inLanguage":"tr"},{"@type":"Person","@id":"https:\/\/kibrisdakik.com\/#\/schema\/person\/9cd9d437bbb44f72b73ba127e06d8e79","name":"admin","image":{"@type":"ImageObject","inLanguage":"tr","@id":"https:\/\/secure.gravatar.com\/avatar\/ccc17943b9d660506c869530f897617f7cb1c21a4bf30023f252596d83e1f007?s=96&d=mm&r=g","url":"https:\/\/secure.gravatar.com\/avatar\/ccc17943b9d660506c869530f897617f7cb1c21a4bf30023f252596d83e1f007?s=96&d=mm&r=g","contentUrl":"https:\/\/secure.gravatar.com\/avatar\/ccc17943b9d660506c869530f897617f7cb1c21a4bf30023f252596d83e1f007?s=96&d=mm&r=g","caption":"admin"},"sameAs":["https:\/\/kibrisdakik.com"],"url":"https:\/\/kibrisdakik.com\/?author=1"}]}},"_links":{"self":[{"href":"https:\/\/kibrisdakik.com\/index.php?rest_route=\/wp\/v2\/posts\/10554","targetHints":{"allow":["GET"]}}],"collection":[{"href":"https:\/\/kibrisdakik.com\/index.php?rest_route=\/wp\/v2\/posts"}],"about":[{"href":"https:\/\/kibrisdakik.com\/index.php?rest_route=\/wp\/v2\/types\/post"}],"author":[{"embeddable":true,"href":"https:\/\/kibrisdakik.com\/index.php?rest_route=\/wp\/v2\/users\/1"}],"replies":[{"embeddable":true,"href":"https:\/\/kibrisdakik.com\/index.php?rest_route=%2Fwp%2Fv2%2Fcomments&post=10554"}],"version-history":[{"count":0,"href":"https:\/\/kibrisdakik.com\/index.php?rest_route=\/wp\/v2\/posts\/10554\/revisions"}],"wp:featuredmedia":[{"embeddable":true,"href":"https:\/\/kibrisdakik.com\/index.php?rest_route=\/wp\/v2\/media\/10555"}],"wp:attachment":[{"href":"https:\/\/kibrisdakik.com\/index.php?rest_route=%2Fwp%2Fv2%2Fmedia&parent=10554"}],"wp:term":[{"taxonomy":"category","embeddable":true,"href":"https:\/\/kibrisdakik.com\/index.php?rest_route=%2Fwp%2Fv2%2Fcategories&post=10554"},{"taxonomy":"post_tag","embeddable":true,"href":"https:\/\/kibrisdakik.com\/index.php?rest_route=%2Fwp%2Fv2%2Ftags&post=10554"}],"curies":[{"name":"wp","href":"https:\/\/api.w.org\/{rel}","templated":true}]}}