{"id":10560,"date":"2023-07-17T10:58:03","date_gmt":"2023-07-17T10:58:03","guid":{"rendered":"https:\/\/kibrisdakik.com\/index.php\/2023\/07\/17\/basbakan-usteltc-disisleri-bakan-yardimcisi-serim-ile-biraraya-geldi\/"},"modified":"2023-07-17T10:58:03","modified_gmt":"2023-07-17T10:58:03","slug":"basbakan-usteltc-disisleri-bakan-yardimcisi-serim-ile-biraraya-geldi","status":"publish","type":"post","link":"https:\/\/kibrisdakik.com\/?p=10560","title":{"rendered":"Ba\u015fbakan \u00dcstel,TC D\u0131\u015fi\u015fleri Bakan Yard\u0131mc\u0131s\u0131 Serim ile biraraya geldi"},"content":{"rendered":"<p><\/p>\n<div>\n<div class=\"mariselle-image-container center\">\n                <img width=\"1600\" height=\"723\" class=\"lazy-image\" alt=\"\" decoding=\"async\" loading=\"lazy\" sizes=\"auto, (max-width: 1600px) 100vw, 1600px\" src=\"https:\/\/brtk.net\/wp-content\/uploads\/2023\/07\/17\/8bcf7059-843e-4dc6-816c-cce74bb6a46f.jpg?ver=412e4ed0eb1913784d2e7e61f9aa3df5\" srcset=\"https:\/\/brtk.net\/wp-content\/uploads\/2023\/07\/17\/8bcf7059-843e-4dc6-816c-cce74bb6a46f.jpg?ver=412e4ed0eb1913784d2e7e61f9aa3df5 1600w, https:\/\/brtk.net\/wp-content\/uploads\/2023\/07\/17\/8bcf7059-843e-4dc6-816c-cce74bb6a46f-300x136.jpg?ver=6d3df799bd5bae89e47251f6179b2e8d 300w, https:\/\/brtk.net\/wp-content\/uploads\/2023\/07\/17\/8bcf7059-843e-4dc6-816c-cce74bb6a46f-1024x463.jpg?ver=6d3df799bd5bae89e47251f6179b2e8d 1024w, https:\/\/brtk.net\/wp-content\/uploads\/2023\/07\/17\/8bcf7059-843e-4dc6-816c-cce74bb6a46f-768x347.jpg?ver=6d3df799bd5bae89e47251f6179b2e8d 768w, https:\/\/brtk.net\/wp-content\/uploads\/2023\/07\/17\/8bcf7059-843e-4dc6-816c-cce74bb6a46f-1536x694.jpg?ver=32c0e43adcde281dfc7221b247ae96ed 1536w\"\/>                            <\/div>\n<p>Ba\u015fbakan \u00dcnal \u00dcstel bu sabah T\u00fcrkiye Cumhuriyeti ve Kuzey K\u0131br\u0131s T\u00fcrk Cumhuriyeti D\u00fczensiz G\u00f6\u00e7le M\u00fccadele isti\u015farelerini ger\u00e7ekle\u015ftirmek \u00fczere Kuzey K\u0131br\u0131s T\u00fcrk Cumhuriyeti\u2019ne (<a href=\"https:\/\/brtk.net\/\"\/><a href=\"https:\/\/brtk.net\/\">KKTC<\/a>) ziyaret ger\u00e7ekle\u015ftiren  TC D\u0131\u015fi\u015fleri Bakan Yard\u0131mc\u0131s\u0131 Yasin Ekrem Serim\u2019i  ba\u015fbakanl\u0131kta kabul etti. \u00dcstel\u2019e kabulde \u0130\u00e7i\u015fleri Bakan\u0131 Ziya \u00d6zt\u00fcrkler de e\u015flik etti. <\/p>\n<p>G\u00f6r\u00fc\u015fmede T\u00fcrkiye Cumhuriyeti ve <a href=\"https:\/\/brtk.net\/\"\/><a href=\"https:\/\/brtk.net\/\">KKTC<\/a> aras\u0131nda  d\u00fczensiz g\u00f6\u00e7le m\u00fccadele alan\u0131nda y\u00fcr\u00fct\u00fclen ortak \u00e7al\u0131\u015fmalar ele al\u0131nd\u0131, \u00fclke g\u00fcvenli\u011fi ad\u0131na hayata ge\u00e7irilmesi gereken  tedbirler konusunda fikir birli\u011fine var\u0131ld\u0131.<\/p>\n<p>Ba\u015fbakan \u00dcnal \u00dcstel, g\u00f6r\u00fc\u015fmede yapt\u0131\u011f\u0131 konu\u015fmada d\u00fczensiz g\u00f6\u00e7\u00fcn t\u00fcm d\u00fcnyan\u0131n m\u00fccadele etti\u011fi bir konu oldu\u011funa i\u015faret ederek, anavatan T\u00fcrkiye Cumhuriyeti ve <a href=\"https:\/\/brtk.net\/\"\/><a href=\"https:\/\/brtk.net\/\">KKTC<\/a>\u2018nin, birlik ve beraberlik i\u00e7inde adan\u0131n g\u00fcvenli\u011fi ad\u0131na y\u00fcr\u00fctt\u00fc\u011f\u00fc \u00e7al\u0131\u015fmalar\u0131n \u00f6nemini vurgulayarak,<br \/>\u201c\u00dclkelerimizin \u00e7\u0131karlar\u0131 do\u011frultusunda ele ele \u00e7al\u0131\u015fmaya ve gerekli t\u00fcm ad\u0131mlar\u0131 birlikte atmaya devam edece\u011fiz\u201d dedi.<br \/>Ba\u015fbakan \u00dcnal \u00dcstel ziyaretlerinden dolay\u0131, Say\u0131n Yasin Ekrem Serim\u2019e ve heyetine te\u015fekk\u00fcrlerini de sundu.<\/p>\n<\/p><\/div>\n<p><script async\n                    defer\n                    crossorigin=\"anonymous\"\n                    src=\"https:\/\/connect.facebook.net\/tr_TR\/sdk.js#xfbml=1&#038;version=v3.3\"\n            ><\/script><\/p>\n","protected":false},"excerpt":{"rendered":"<p>Ba\u015fbakan \u00dcnal \u00dcstel bu sabah T\u00fcrkiye Cumhuriyeti ve Kuzey K\u0131br\u0131s T\u00fcrk Cumhuriyeti D\u00fczensiz G\u00f6\u00e7le M\u00fccadele isti\u015farelerini ger\u00e7ekle\u015ftirmek \u00fczere Kuzey K\u0131br\u0131s T\u00fcrk Cumhuriyeti\u2019ne (KKTC) ziyaret ger\u00e7ekle\u015ftiren TC D\u0131\u015fi\u015fleri Bakan Yard\u0131mc\u0131s\u0131 Yasin Ekrem Serim\u2019i ba\u015fbakanl\u0131kta kabul etti. \u00dcstel\u2019e kabulde \u0130\u00e7i\u015fleri Bakan\u0131 Ziya \u00d6zt\u00fcrkler de e\u015flik etti. G\u00f6r\u00fc\u015fmede T\u00fcrkiye Cumhuriyeti ve KKTC aras\u0131nda d\u00fczensiz g\u00f6\u00e7le m\u00fccadele alan\u0131nda y\u00fcr\u00fct\u00fclen<\/p>\n","protected":false},"author":1,"featured_media":10561,"comment_status":"open","ping_status":"open","sticky":false,"template":"","format":"standard","meta":{"footnotes":""},"categories":[1],"tags":[],"class_list":["post-10560","post","type-post","status-publish","format-standard","has-post-thumbnail","hentry","category-gundem"],"yoast_head":"<!-- This site is optimized with the Yoast SEO plugin v27.5 - https:\/\/yoast.com\/product\/yoast-seo-wordpress\/ -->\n<title>Ba\u015fbakan \u00dcstel,TC D\u0131\u015fi\u015fleri Bakan Yard\u0131mc\u0131s\u0131 Serim ile biraraya geldi -<\/title>\n<meta name=\"robots\" content=\"index, follow, max-snippet:-1, max-image-preview:large, max-video-preview:-1\" \/>\n<link rel=\"canonical\" href=\"https:\/\/kibrisdakik.com\/?p=10560\" \/>\n<meta property=\"og:locale\" content=\"tr_TR\" \/>\n<meta property=\"og:type\" content=\"article\" \/>\n<meta property=\"og:title\" content=\"Ba\u015fbakan \u00dcstel,TC D\u0131\u015fi\u015fleri Bakan Yard\u0131mc\u0131s\u0131 Serim ile biraraya geldi -\" \/>\n<meta property=\"og:description\" content=\"Ba\u015fbakan \u00dcnal \u00dcstel bu sabah T\u00fcrkiye Cumhuriyeti ve Kuzey K\u0131br\u0131s T\u00fcrk Cumhuriyeti D\u00fczensiz G\u00f6\u00e7le M\u00fccadele isti\u015farelerini ger\u00e7ekle\u015ftirmek \u00fczere Kuzey K\u0131br\u0131s T\u00fcrk Cumhuriyeti\u2019ne (KKTC) ziyaret ger\u00e7ekle\u015ftiren TC D\u0131\u015fi\u015fleri Bakan Yard\u0131mc\u0131s\u0131 Yasin Ekrem Serim\u2019i ba\u015fbakanl\u0131kta kabul etti. \u00dcstel\u2019e kabulde \u0130\u00e7i\u015fleri Bakan\u0131 Ziya \u00d6zt\u00fcrkler de e\u015flik etti. G\u00f6r\u00fc\u015fmede T\u00fcrkiye Cumhuriyeti ve KKTC aras\u0131nda d\u00fczensiz g\u00f6\u00e7le m\u00fccadele alan\u0131nda y\u00fcr\u00fct\u00fclen\" \/>\n<meta property=\"og:url\" content=\"https:\/\/kibrisdakik.com\/?p=10560\" \/>\n<meta property=\"article:published_time\" content=\"2023-07-17T10:58:03+00:00\" \/>\n<meta property=\"og:image\" content=\"https:\/\/kibrisdakik.com\/wp-content\/uploads\/2023\/07\/8bcf7059-843e-4dc6-816c-cce74bb6a46f-740x420.jpg\" \/>\n\t<meta property=\"og:image:width\" content=\"1600\" \/>\n\t<meta property=\"og:image:height\" content=\"723\" \/>\n\t<meta property=\"og:image:type\" content=\"image\/jpeg\" \/>\n<meta name=\"author\" content=\"admin\" \/>\n<meta name=\"twitter:card\" content=\"summary_large_image\" \/>\n<meta name=\"twitter:label1\" content=\"Yazan:\" \/>\n\t<meta name=\"twitter:data1\" content=\"admin\" \/>\n\t<meta name=\"twitter:label2\" content=\"Tahmini okuma s\u00fcresi\" \/>\n\t<meta name=\"twitter:data2\" content=\"1 dakika\" \/>\n<script type=\"application\/ld+json\" class=\"yoast-schema-graph\">{\"@context\":\"https:\\\/\\\/schema.org\",\"@graph\":[{\"@type\":\"Article\",\"@id\":\"https:\\\/\\\/kibrisdakik.com\\\/?p=10560#article\",\"isPartOf\":{\"@id\":\"https:\\\/\\\/kibrisdakik.com\\\/?p=10560\"},\"author\":{\"name\":\"admin\",\"@id\":\"https:\\\/\\\/kibrisdakik.com\\\/#\\\/schema\\\/person\\\/9cd9d437bbb44f72b73ba127e06d8e79\"},\"headline\":\"Ba\u015fbakan \u00dcstel,TC D\u0131\u015fi\u015fleri Bakan Yard\u0131mc\u0131s\u0131 Serim ile biraraya geldi\",\"datePublished\":\"2023-07-17T10:58:03+00:00\",\"mainEntityOfPage\":{\"@id\":\"https:\\\/\\\/kibrisdakik.com\\\/?p=10560\"},\"wordCount\":228,\"commentCount\":0,\"image\":{\"@id\":\"https:\\\/\\\/kibrisdakik.com\\\/?p=10560#primaryimage\"},\"thumbnailUrl\":\"https:\\\/\\\/kibrisdakik.com\\\/wp-content\\\/uploads\\\/2023\\\/07\\\/8bcf7059-843e-4dc6-816c-cce74bb6a46f-740x420.jpg\",\"articleSection\":[\"G\u00fcndem\"],\"inLanguage\":\"tr\",\"potentialAction\":[{\"@type\":\"CommentAction\",\"name\":\"Comment\",\"target\":[\"https:\\\/\\\/kibrisdakik.com\\\/?p=10560#respond\"]}]},{\"@type\":\"WebPage\",\"@id\":\"https:\\\/\\\/kibrisdakik.com\\\/?p=10560\",\"url\":\"https:\\\/\\\/kibrisdakik.com\\\/?p=10560\",\"name\":\"Ba\u015fbakan \u00dcstel,TC D\u0131\u015fi\u015fleri Bakan Yard\u0131mc\u0131s\u0131 Serim ile biraraya geldi -\",\"isPartOf\":{\"@id\":\"https:\\\/\\\/kibrisdakik.com\\\/#website\"},\"primaryImageOfPage\":{\"@id\":\"https:\\\/\\\/kibrisdakik.com\\\/?p=10560#primaryimage\"},\"image\":{\"@id\":\"https:\\\/\\\/kibrisdakik.com\\\/?p=10560#primaryimage\"},\"thumbnailUrl\":\"https:\\\/\\\/kibrisdakik.com\\\/wp-content\\\/uploads\\\/2023\\\/07\\\/8bcf7059-843e-4dc6-816c-cce74bb6a46f-740x420.jpg\",\"datePublished\":\"2023-07-17T10:58:03+00:00\",\"author\":{\"@id\":\"https:\\\/\\\/kibrisdakik.com\\\/#\\\/schema\\\/person\\\/9cd9d437bbb44f72b73ba127e06d8e79\"},\"breadcrumb\":{\"@id\":\"https:\\\/\\\/kibrisdakik.com\\\/?p=10560#breadcrumb\"},\"inLanguage\":\"tr\",\"potentialAction\":[{\"@type\":\"ReadAction\",\"target\":[\"https:\\\/\\\/kibrisdakik.com\\\/?p=10560\"]}]},{\"@type\":\"ImageObject\",\"inLanguage\":\"tr\",\"@id\":\"https:\\\/\\\/kibrisdakik.com\\\/?p=10560#primaryimage\",\"url\":\"https:\\\/\\\/kibrisdakik.com\\\/wp-content\\\/uploads\\\/2023\\\/07\\\/8bcf7059-843e-4dc6-816c-cce74bb6a46f-740x420.jpg\",\"contentUrl\":\"https:\\\/\\\/kibrisdakik.com\\\/wp-content\\\/uploads\\\/2023\\\/07\\\/8bcf7059-843e-4dc6-816c-cce74bb6a46f-740x420.jpg\",\"width\":1600,\"height\":723},{\"@type\":\"BreadcrumbList\",\"@id\":\"https:\\\/\\\/kibrisdakik.com\\\/?p=10560#breadcrumb\",\"itemListElement\":[{\"@type\":\"ListItem\",\"position\":1,\"name\":\"Home\",\"item\":\"https:\\\/\\\/kibrisdakik.com\\\/\"},{\"@type\":\"ListItem\",\"position\":2,\"name\":\"Ba\u015fbakan \u00dcstel,TC D\u0131\u015fi\u015fleri Bakan Yard\u0131mc\u0131s\u0131 Serim ile biraraya geldi\"}]},{\"@type\":\"WebSite\",\"@id\":\"https:\\\/\\\/kibrisdakik.com\\\/#website\",\"url\":\"https:\\\/\\\/kibrisdakik.com\\\/\",\"name\":\"\",\"description\":\"Tam vaktinde haber\",\"potentialAction\":[{\"@type\":\"SearchAction\",\"target\":{\"@type\":\"EntryPoint\",\"urlTemplate\":\"https:\\\/\\\/kibrisdakik.com\\\/?s={search_term_string}\"},\"query-input\":{\"@type\":\"PropertyValueSpecification\",\"valueRequired\":true,\"valueName\":\"search_term_string\"}}],\"inLanguage\":\"tr\"},{\"@type\":\"Person\",\"@id\":\"https:\\\/\\\/kibrisdakik.com\\\/#\\\/schema\\\/person\\\/9cd9d437bbb44f72b73ba127e06d8e79\",\"name\":\"admin\",\"image\":{\"@type\":\"ImageObject\",\"inLanguage\":\"tr\",\"@id\":\"https:\\\/\\\/secure.gravatar.com\\\/avatar\\\/ccc17943b9d660506c869530f897617f7cb1c21a4bf30023f252596d83e1f007?s=96&d=mm&r=g\",\"url\":\"https:\\\/\\\/secure.gravatar.com\\\/avatar\\\/ccc17943b9d660506c869530f897617f7cb1c21a4bf30023f252596d83e1f007?s=96&d=mm&r=g\",\"contentUrl\":\"https:\\\/\\\/secure.gravatar.com\\\/avatar\\\/ccc17943b9d660506c869530f897617f7cb1c21a4bf30023f252596d83e1f007?s=96&d=mm&r=g\",\"caption\":\"admin\"},\"sameAs\":[\"https:\\\/\\\/kibrisdakik.com\"],\"url\":\"https:\\\/\\\/kibrisdakik.com\\\/?author=1\"}]}<\/script>\n<!-- \/ Yoast SEO plugin. -->","yoast_head_json":{"title":"Ba\u015fbakan \u00dcstel,TC D\u0131\u015fi\u015fleri Bakan Yard\u0131mc\u0131s\u0131 Serim ile biraraya geldi -","robots":{"index":"index","follow":"follow","max-snippet":"max-snippet:-1","max-image-preview":"max-image-preview:large","max-video-preview":"max-video-preview:-1"},"canonical":"https:\/\/kibrisdakik.com\/?p=10560","og_locale":"tr_TR","og_type":"article","og_title":"Ba\u015fbakan \u00dcstel,TC D\u0131\u015fi\u015fleri Bakan Yard\u0131mc\u0131s\u0131 Serim ile biraraya geldi -","og_description":"Ba\u015fbakan \u00dcnal \u00dcstel bu sabah T\u00fcrkiye Cumhuriyeti ve Kuzey K\u0131br\u0131s T\u00fcrk Cumhuriyeti D\u00fczensiz G\u00f6\u00e7le M\u00fccadele isti\u015farelerini ger\u00e7ekle\u015ftirmek \u00fczere Kuzey K\u0131br\u0131s T\u00fcrk Cumhuriyeti\u2019ne (KKTC) ziyaret ger\u00e7ekle\u015ftiren TC D\u0131\u015fi\u015fleri Bakan Yard\u0131mc\u0131s\u0131 Yasin Ekrem Serim\u2019i ba\u015fbakanl\u0131kta kabul etti. \u00dcstel\u2019e kabulde \u0130\u00e7i\u015fleri Bakan\u0131 Ziya \u00d6zt\u00fcrkler de e\u015flik etti. G\u00f6r\u00fc\u015fmede T\u00fcrkiye Cumhuriyeti ve KKTC aras\u0131nda d\u00fczensiz g\u00f6\u00e7le m\u00fccadele alan\u0131nda y\u00fcr\u00fct\u00fclen","og_url":"https:\/\/kibrisdakik.com\/?p=10560","article_published_time":"2023-07-17T10:58:03+00:00","og_image":[{"width":1600,"height":723,"url":"https:\/\/kibrisdakik.com\/wp-content\/uploads\/2023\/07\/8bcf7059-843e-4dc6-816c-cce74bb6a46f-740x420.jpg","type":"image\/jpeg"}],"author":"admin","twitter_card":"summary_large_image","twitter_misc":{"Yazan:":"admin","Tahmini okuma s\u00fcresi":"1 dakika"},"schema":{"@context":"https:\/\/schema.org","@graph":[{"@type":"Article","@id":"https:\/\/kibrisdakik.com\/?p=10560#article","isPartOf":{"@id":"https:\/\/kibrisdakik.com\/?p=10560"},"author":{"name":"admin","@id":"https:\/\/kibrisdakik.com\/#\/schema\/person\/9cd9d437bbb44f72b73ba127e06d8e79"},"headline":"Ba\u015fbakan \u00dcstel,TC D\u0131\u015fi\u015fleri Bakan Yard\u0131mc\u0131s\u0131 Serim ile biraraya geldi","datePublished":"2023-07-17T10:58:03+00:00","mainEntityOfPage":{"@id":"https:\/\/kibrisdakik.com\/?p=10560"},"wordCount":228,"commentCount":0,"image":{"@id":"https:\/\/kibrisdakik.com\/?p=10560#primaryimage"},"thumbnailUrl":"https:\/\/kibrisdakik.com\/wp-content\/uploads\/2023\/07\/8bcf7059-843e-4dc6-816c-cce74bb6a46f-740x420.jpg","articleSection":["G\u00fcndem"],"inLanguage":"tr","potentialAction":[{"@type":"CommentAction","name":"Comment","target":["https:\/\/kibrisdakik.com\/?p=10560#respond"]}]},{"@type":"WebPage","@id":"https:\/\/kibrisdakik.com\/?p=10560","url":"https:\/\/kibrisdakik.com\/?p=10560","name":"Ba\u015fbakan \u00dcstel,TC D\u0131\u015fi\u015fleri Bakan Yard\u0131mc\u0131s\u0131 Serim ile biraraya geldi -","isPartOf":{"@id":"https:\/\/kibrisdakik.com\/#website"},"primaryImageOfPage":{"@id":"https:\/\/kibrisdakik.com\/?p=10560#primaryimage"},"image":{"@id":"https:\/\/kibrisdakik.com\/?p=10560#primaryimage"},"thumbnailUrl":"https:\/\/kibrisdakik.com\/wp-content\/uploads\/2023\/07\/8bcf7059-843e-4dc6-816c-cce74bb6a46f-740x420.jpg","datePublished":"2023-07-17T10:58:03+00:00","author":{"@id":"https:\/\/kibrisdakik.com\/#\/schema\/person\/9cd9d437bbb44f72b73ba127e06d8e79"},"breadcrumb":{"@id":"https:\/\/kibrisdakik.com\/?p=10560#breadcrumb"},"inLanguage":"tr","potentialAction":[{"@type":"ReadAction","target":["https:\/\/kibrisdakik.com\/?p=10560"]}]},{"@type":"ImageObject","inLanguage":"tr","@id":"https:\/\/kibrisdakik.com\/?p=10560#primaryimage","url":"https:\/\/kibrisdakik.com\/wp-content\/uploads\/2023\/07\/8bcf7059-843e-4dc6-816c-cce74bb6a46f-740x420.jpg","contentUrl":"https:\/\/kibrisdakik.com\/wp-content\/uploads\/2023\/07\/8bcf7059-843e-4dc6-816c-cce74bb6a46f-740x420.jpg","width":1600,"height":723},{"@type":"BreadcrumbList","@id":"https:\/\/kibrisdakik.com\/?p=10560#breadcrumb","itemListElement":[{"@type":"ListItem","position":1,"name":"Home","item":"https:\/\/kibrisdakik.com\/"},{"@type":"ListItem","position":2,"name":"Ba\u015fbakan \u00dcstel,TC D\u0131\u015fi\u015fleri Bakan Yard\u0131mc\u0131s\u0131 Serim ile biraraya geldi"}]},{"@type":"WebSite","@id":"https:\/\/kibrisdakik.com\/#website","url":"https:\/\/kibrisdakik.com\/","name":"","description":"Tam vaktinde haber","potentialAction":[{"@type":"SearchAction","target":{"@type":"EntryPoint","urlTemplate":"https:\/\/kibrisdakik.com\/?s={search_term_string}"},"query-input":{"@type":"PropertyValueSpecification","valueRequired":true,"valueName":"search_term_string"}}],"inLanguage":"tr"},{"@type":"Person","@id":"https:\/\/kibrisdakik.com\/#\/schema\/person\/9cd9d437bbb44f72b73ba127e06d8e79","name":"admin","image":{"@type":"ImageObject","inLanguage":"tr","@id":"https:\/\/secure.gravatar.com\/avatar\/ccc17943b9d660506c869530f897617f7cb1c21a4bf30023f252596d83e1f007?s=96&d=mm&r=g","url":"https:\/\/secure.gravatar.com\/avatar\/ccc17943b9d660506c869530f897617f7cb1c21a4bf30023f252596d83e1f007?s=96&d=mm&r=g","contentUrl":"https:\/\/secure.gravatar.com\/avatar\/ccc17943b9d660506c869530f897617f7cb1c21a4bf30023f252596d83e1f007?s=96&d=mm&r=g","caption":"admin"},"sameAs":["https:\/\/kibrisdakik.com"],"url":"https:\/\/kibrisdakik.com\/?author=1"}]}},"_links":{"self":[{"href":"https:\/\/kibrisdakik.com\/index.php?rest_route=\/wp\/v2\/posts\/10560","targetHints":{"allow":["GET"]}}],"collection":[{"href":"https:\/\/kibrisdakik.com\/index.php?rest_route=\/wp\/v2\/posts"}],"about":[{"href":"https:\/\/kibrisdakik.com\/index.php?rest_route=\/wp\/v2\/types\/post"}],"author":[{"embeddable":true,"href":"https:\/\/kibrisdakik.com\/index.php?rest_route=\/wp\/v2\/users\/1"}],"replies":[{"embeddable":true,"href":"https:\/\/kibrisdakik.com\/index.php?rest_route=%2Fwp%2Fv2%2Fcomments&post=10560"}],"version-history":[{"count":0,"href":"https:\/\/kibrisdakik.com\/index.php?rest_route=\/wp\/v2\/posts\/10560\/revisions"}],"wp:featuredmedia":[{"embeddable":true,"href":"https:\/\/kibrisdakik.com\/index.php?rest_route=\/wp\/v2\/media\/10561"}],"wp:attachment":[{"href":"https:\/\/kibrisdakik.com\/index.php?rest_route=%2Fwp%2Fv2%2Fmedia&parent=10560"}],"wp:term":[{"taxonomy":"category","embeddable":true,"href":"https:\/\/kibrisdakik.com\/index.php?rest_route=%2Fwp%2Fv2%2Fcategories&post=10560"},{"taxonomy":"post_tag","embeddable":true,"href":"https:\/\/kibrisdakik.com\/index.php?rest_route=%2Fwp%2Fv2%2Ftags&post=10560"}],"curies":[{"name":"wp","href":"https:\/\/api.w.org\/{rel}","templated":true}]}}