{"id":105661,"date":"2026-02-06T10:23:07","date_gmt":"2026-02-06T08:23:07","guid":{"rendered":"https:\/\/kibrisdakik.com\/index.php\/2026\/02\/06\/ustel-sampiyon-melekler-daima-hafizalarimizda-yasayacak\/"},"modified":"2026-02-06T10:23:07","modified_gmt":"2026-02-06T08:23:07","slug":"ustel-sampiyon-melekler-daima-hafizalarimizda-yasayacak","status":"publish","type":"post","link":"https:\/\/kibrisdakik.com\/?p=105661","title":{"rendered":"\u00dcSTEL: \u015eAMP\u0130YON MELEKLER DA\u0130MA HAFIZALARIMIZDA YA\u015eAYACAK"},"content":{"rendered":"<p><\/p>\n<div data-text-id=\"195560\" property=\"articleBody\">\n<p>Ba\u015fbakan \u00dcnal \u00dcstel, 6 \u015eubat 2023\u2019te T\u00fcrkiye\u2019de meydana gelen depremde hayat\u0131n\u0131 kaybedenleri rahmetle anarak, ac\u0131n\u0131n h\u00e2l\u00e2 y\u00fcreklerde ilk g\u00fcnk\u00fc gibi derin oldu\u011funu vurgulad\u0131.<\/p>\n<p>\u00dcstel, a\u00e7\u0131klamas\u0131nda Ad\u0131yaman\u2019daki \u0130sias Otel enkaz\u0131 alt\u0131nda kalan \u015eampiyon Melekler, \u00f6\u011fretmenler, veliler ve t\u00fcm deprem \u015fehitlerinin yar\u0131m kalan hayallerin ve susturulan umutlar\u0131n sembol\u00fc oldu\u011funu belirtti. \u015eampiyon Melekler\u2019in K\u0131br\u0131s T\u00fcrk halk\u0131n\u0131n haf\u0131zas\u0131nda daima ya\u015fayaca\u011f\u0131n\u0131 kaydeden \u00dcstel, onlar\u0131 anman\u0131n gelece\u011fe kar\u015f\u0131 bir sorumluluk oldu\u011funu ifade etti.<\/p>\n<p>Depremin \u00fc\u00e7\u00fcnc\u00fc y\u0131l\u0131nda adalet s\u00fcrecine de de\u011finen \u00dcstel, \u0130sias davas\u0131n\u0131n kapanmad\u0131\u011f\u0131n\u0131, s\u00fcrecin sonuna kadar takip\u00e7isi olacaklar\u0131n\u0131 ve ailelerin yaln\u0131z b\u0131rak\u0131lmayaca\u011f\u0131n\u0131 s\u00f6yledi.<\/p>\n<p>Ba\u015fbakan \u00dcstel, a\u00e7\u0131klamas\u0131n\u0131 \u201c6 \u015eubat depreminde hayat\u0131n\u0131 kaybeden t\u00fcm vatanda\u015flar\u0131m\u0131za Allah\u2019tan rahmet, ailelerine ve halka sab\u0131r diliyorum. \u015eampiyon Melekler\u2019in hat\u0131ras\u0131 \u00f6n\u00fcnde sayg\u0131yla e\u011filiyor, onlar\u0131 kalpte, haf\u0131zada ve m\u00fccadelede ya\u015fatmaya devam edece\u011fiz\u201d s\u00f6zleriyle tamamlad\u0131.<\/p>\n<\/p><\/div>\n","protected":false},"excerpt":{"rendered":"<p>Ba\u015fbakan \u00dcnal \u00dcstel, 6 \u015eubat 2023\u2019te T\u00fcrkiye\u2019de meydana gelen depremde hayat\u0131n\u0131 kaybedenleri rahmetle anarak, ac\u0131n\u0131n h\u00e2l\u00e2 y\u00fcreklerde ilk g\u00fcnk\u00fc gibi derin oldu\u011funu vurgulad\u0131. \u00dcstel, a\u00e7\u0131klamas\u0131nda Ad\u0131yaman\u2019daki \u0130sias Otel enkaz\u0131 alt\u0131nda kalan \u015eampiyon Melekler, \u00f6\u011fretmenler, veliler ve t\u00fcm deprem \u015fehitlerinin yar\u0131m kalan hayallerin ve susturulan umutlar\u0131n sembol\u00fc oldu\u011funu belirtti. \u015eampiyon Melekler\u2019in K\u0131br\u0131s T\u00fcrk halk\u0131n\u0131n haf\u0131zas\u0131nda daima<\/p>\n","protected":false},"author":1,"featured_media":105662,"comment_status":"open","ping_status":"open","sticky":false,"template":"","format":"standard","meta":{"footnotes":""},"categories":[81],"tags":[],"class_list":["post-105661","post","type-post","status-publish","format-standard","has-post-thumbnail","hentry","category-kibris"],"yoast_head":"<!-- This site is optimized with the Yoast SEO plugin v27.4 - https:\/\/yoast.com\/product\/yoast-seo-wordpress\/ -->\n<title>\u00dcSTEL: \u015eAMP\u0130YON MELEKLER DA\u0130MA HAFIZALARIMIZDA YA\u015eAYACAK -<\/title>\n<meta name=\"robots\" content=\"index, follow, max-snippet:-1, max-image-preview:large, max-video-preview:-1\" \/>\n<link rel=\"canonical\" href=\"https:\/\/kibrisdakik.com\/?p=105661\" \/>\n<meta property=\"og:locale\" content=\"tr_TR\" \/>\n<meta property=\"og:type\" content=\"article\" \/>\n<meta property=\"og:title\" content=\"\u00dcSTEL: \u015eAMP\u0130YON MELEKLER DA\u0130MA HAFIZALARIMIZDA YA\u015eAYACAK -\" \/>\n<meta property=\"og:description\" content=\"Ba\u015fbakan \u00dcnal \u00dcstel, 6 \u015eubat 2023\u2019te T\u00fcrkiye\u2019de meydana gelen depremde hayat\u0131n\u0131 kaybedenleri rahmetle anarak, ac\u0131n\u0131n h\u00e2l\u00e2 y\u00fcreklerde ilk g\u00fcnk\u00fc gibi derin oldu\u011funu vurgulad\u0131. \u00dcstel, a\u00e7\u0131klamas\u0131nda Ad\u0131yaman\u2019daki \u0130sias Otel enkaz\u0131 alt\u0131nda kalan \u015eampiyon Melekler, \u00f6\u011fretmenler, veliler ve t\u00fcm deprem \u015fehitlerinin yar\u0131m kalan hayallerin ve susturulan umutlar\u0131n sembol\u00fc oldu\u011funu belirtti. \u015eampiyon Melekler\u2019in K\u0131br\u0131s T\u00fcrk halk\u0131n\u0131n haf\u0131zas\u0131nda daima\" \/>\n<meta property=\"og:url\" content=\"https:\/\/kibrisdakik.com\/?p=105661\" \/>\n<meta property=\"article:published_time\" content=\"2026-02-06T08:23:07+00:00\" \/>\n<meta property=\"og:image\" content=\"https:\/\/kibrisdakik.com\/wp-content\/uploads\/2026\/02\/mha-sari-beyaz-2963.png\" \/>\n\t<meta property=\"og:image:width\" content=\"1280\" \/>\n\t<meta property=\"og:image:height\" content=\"720\" \/>\n\t<meta property=\"og:image:type\" content=\"image\/png\" \/>\n<meta name=\"author\" content=\"admin\" \/>\n<meta name=\"twitter:card\" content=\"summary_large_image\" \/>\n<meta name=\"twitter:label1\" content=\"Yazan:\" \/>\n\t<meta name=\"twitter:data1\" content=\"admin\" \/>\n\t<meta name=\"twitter:label2\" content=\"Tahmini okuma s\u00fcresi\" \/>\n\t<meta name=\"twitter:data2\" content=\"1 dakika\" \/>\n<script type=\"application\/ld+json\" class=\"yoast-schema-graph\">{\"@context\":\"https:\\\/\\\/schema.org\",\"@graph\":[{\"@type\":\"Article\",\"@id\":\"https:\\\/\\\/kibrisdakik.com\\\/?p=105661#article\",\"isPartOf\":{\"@id\":\"https:\\\/\\\/kibrisdakik.com\\\/?p=105661\"},\"author\":{\"name\":\"admin\",\"@id\":\"https:\\\/\\\/kibrisdakik.com\\\/#\\\/schema\\\/person\\\/9cd9d437bbb44f72b73ba127e06d8e79\"},\"headline\":\"\u00dcSTEL: \u015eAMP\u0130YON MELEKLER DA\u0130MA HAFIZALARIMIZDA YA\u015eAYACAK\",\"datePublished\":\"2026-02-06T08:23:07+00:00\",\"mainEntityOfPage\":{\"@id\":\"https:\\\/\\\/kibrisdakik.com\\\/?p=105661\"},\"wordCount\":195,\"commentCount\":0,\"image\":{\"@id\":\"https:\\\/\\\/kibrisdakik.com\\\/?p=105661#primaryimage\"},\"thumbnailUrl\":\"https:\\\/\\\/kibrisdakik.com\\\/wp-content\\\/uploads\\\/2026\\\/02\\\/mha-sari-beyaz-2963.png\",\"articleSection\":[\"K\u0131br\u0131s\"],\"inLanguage\":\"tr\",\"potentialAction\":[{\"@type\":\"CommentAction\",\"name\":\"Comment\",\"target\":[\"https:\\\/\\\/kibrisdakik.com\\\/?p=105661#respond\"]}]},{\"@type\":\"WebPage\",\"@id\":\"https:\\\/\\\/kibrisdakik.com\\\/?p=105661\",\"url\":\"https:\\\/\\\/kibrisdakik.com\\\/?p=105661\",\"name\":\"\u00dcSTEL: \u015eAMP\u0130YON MELEKLER DA\u0130MA HAFIZALARIMIZDA YA\u015eAYACAK -\",\"isPartOf\":{\"@id\":\"https:\\\/\\\/kibrisdakik.com\\\/#website\"},\"primaryImageOfPage\":{\"@id\":\"https:\\\/\\\/kibrisdakik.com\\\/?p=105661#primaryimage\"},\"image\":{\"@id\":\"https:\\\/\\\/kibrisdakik.com\\\/?p=105661#primaryimage\"},\"thumbnailUrl\":\"https:\\\/\\\/kibrisdakik.com\\\/wp-content\\\/uploads\\\/2026\\\/02\\\/mha-sari-beyaz-2963.png\",\"datePublished\":\"2026-02-06T08:23:07+00:00\",\"author\":{\"@id\":\"https:\\\/\\\/kibrisdakik.com\\\/#\\\/schema\\\/person\\\/9cd9d437bbb44f72b73ba127e06d8e79\"},\"breadcrumb\":{\"@id\":\"https:\\\/\\\/kibrisdakik.com\\\/?p=105661#breadcrumb\"},\"inLanguage\":\"tr\",\"potentialAction\":[{\"@type\":\"ReadAction\",\"target\":[\"https:\\\/\\\/kibrisdakik.com\\\/?p=105661\"]}]},{\"@type\":\"ImageObject\",\"inLanguage\":\"tr\",\"@id\":\"https:\\\/\\\/kibrisdakik.com\\\/?p=105661#primaryimage\",\"url\":\"https:\\\/\\\/kibrisdakik.com\\\/wp-content\\\/uploads\\\/2026\\\/02\\\/mha-sari-beyaz-2963.png\",\"contentUrl\":\"https:\\\/\\\/kibrisdakik.com\\\/wp-content\\\/uploads\\\/2026\\\/02\\\/mha-sari-beyaz-2963.png\",\"width\":1280,\"height\":720},{\"@type\":\"BreadcrumbList\",\"@id\":\"https:\\\/\\\/kibrisdakik.com\\\/?p=105661#breadcrumb\",\"itemListElement\":[{\"@type\":\"ListItem\",\"position\":1,\"name\":\"Home\",\"item\":\"https:\\\/\\\/kibrisdakik.com\\\/\"},{\"@type\":\"ListItem\",\"position\":2,\"name\":\"\u00dcSTEL: \u015eAMP\u0130YON MELEKLER DA\u0130MA HAFIZALARIMIZDA YA\u015eAYACAK\"}]},{\"@type\":\"WebSite\",\"@id\":\"https:\\\/\\\/kibrisdakik.com\\\/#website\",\"url\":\"https:\\\/\\\/kibrisdakik.com\\\/\",\"name\":\"\",\"description\":\"Tam vaktinde haber\",\"potentialAction\":[{\"@type\":\"SearchAction\",\"target\":{\"@type\":\"EntryPoint\",\"urlTemplate\":\"https:\\\/\\\/kibrisdakik.com\\\/?s={search_term_string}\"},\"query-input\":{\"@type\":\"PropertyValueSpecification\",\"valueRequired\":true,\"valueName\":\"search_term_string\"}}],\"inLanguage\":\"tr\"},{\"@type\":\"Person\",\"@id\":\"https:\\\/\\\/kibrisdakik.com\\\/#\\\/schema\\\/person\\\/9cd9d437bbb44f72b73ba127e06d8e79\",\"name\":\"admin\",\"image\":{\"@type\":\"ImageObject\",\"inLanguage\":\"tr\",\"@id\":\"https:\\\/\\\/secure.gravatar.com\\\/avatar\\\/ccc17943b9d660506c869530f897617f7cb1c21a4bf30023f252596d83e1f007?s=96&d=mm&r=g\",\"url\":\"https:\\\/\\\/secure.gravatar.com\\\/avatar\\\/ccc17943b9d660506c869530f897617f7cb1c21a4bf30023f252596d83e1f007?s=96&d=mm&r=g\",\"contentUrl\":\"https:\\\/\\\/secure.gravatar.com\\\/avatar\\\/ccc17943b9d660506c869530f897617f7cb1c21a4bf30023f252596d83e1f007?s=96&d=mm&r=g\",\"caption\":\"admin\"},\"sameAs\":[\"https:\\\/\\\/kibrisdakik.com\"],\"url\":\"https:\\\/\\\/kibrisdakik.com\\\/?author=1\"}]}<\/script>\n<!-- \/ Yoast SEO plugin. -->","yoast_head_json":{"title":"\u00dcSTEL: \u015eAMP\u0130YON MELEKLER DA\u0130MA HAFIZALARIMIZDA YA\u015eAYACAK -","robots":{"index":"index","follow":"follow","max-snippet":"max-snippet:-1","max-image-preview":"max-image-preview:large","max-video-preview":"max-video-preview:-1"},"canonical":"https:\/\/kibrisdakik.com\/?p=105661","og_locale":"tr_TR","og_type":"article","og_title":"\u00dcSTEL: \u015eAMP\u0130YON MELEKLER DA\u0130MA HAFIZALARIMIZDA YA\u015eAYACAK -","og_description":"Ba\u015fbakan \u00dcnal \u00dcstel, 6 \u015eubat 2023\u2019te T\u00fcrkiye\u2019de meydana gelen depremde hayat\u0131n\u0131 kaybedenleri rahmetle anarak, ac\u0131n\u0131n h\u00e2l\u00e2 y\u00fcreklerde ilk g\u00fcnk\u00fc gibi derin oldu\u011funu vurgulad\u0131. \u00dcstel, a\u00e7\u0131klamas\u0131nda Ad\u0131yaman\u2019daki \u0130sias Otel enkaz\u0131 alt\u0131nda kalan \u015eampiyon Melekler, \u00f6\u011fretmenler, veliler ve t\u00fcm deprem \u015fehitlerinin yar\u0131m kalan hayallerin ve susturulan umutlar\u0131n sembol\u00fc oldu\u011funu belirtti. \u015eampiyon Melekler\u2019in K\u0131br\u0131s T\u00fcrk halk\u0131n\u0131n haf\u0131zas\u0131nda daima","og_url":"https:\/\/kibrisdakik.com\/?p=105661","article_published_time":"2026-02-06T08:23:07+00:00","og_image":[{"width":1280,"height":720,"url":"https:\/\/kibrisdakik.com\/wp-content\/uploads\/2026\/02\/mha-sari-beyaz-2963.png","type":"image\/png"}],"author":"admin","twitter_card":"summary_large_image","twitter_misc":{"Yazan:":"admin","Tahmini okuma s\u00fcresi":"1 dakika"},"schema":{"@context":"https:\/\/schema.org","@graph":[{"@type":"Article","@id":"https:\/\/kibrisdakik.com\/?p=105661#article","isPartOf":{"@id":"https:\/\/kibrisdakik.com\/?p=105661"},"author":{"name":"admin","@id":"https:\/\/kibrisdakik.com\/#\/schema\/person\/9cd9d437bbb44f72b73ba127e06d8e79"},"headline":"\u00dcSTEL: \u015eAMP\u0130YON MELEKLER DA\u0130MA HAFIZALARIMIZDA YA\u015eAYACAK","datePublished":"2026-02-06T08:23:07+00:00","mainEntityOfPage":{"@id":"https:\/\/kibrisdakik.com\/?p=105661"},"wordCount":195,"commentCount":0,"image":{"@id":"https:\/\/kibrisdakik.com\/?p=105661#primaryimage"},"thumbnailUrl":"https:\/\/kibrisdakik.com\/wp-content\/uploads\/2026\/02\/mha-sari-beyaz-2963.png","articleSection":["K\u0131br\u0131s"],"inLanguage":"tr","potentialAction":[{"@type":"CommentAction","name":"Comment","target":["https:\/\/kibrisdakik.com\/?p=105661#respond"]}]},{"@type":"WebPage","@id":"https:\/\/kibrisdakik.com\/?p=105661","url":"https:\/\/kibrisdakik.com\/?p=105661","name":"\u00dcSTEL: \u015eAMP\u0130YON MELEKLER DA\u0130MA HAFIZALARIMIZDA YA\u015eAYACAK -","isPartOf":{"@id":"https:\/\/kibrisdakik.com\/#website"},"primaryImageOfPage":{"@id":"https:\/\/kibrisdakik.com\/?p=105661#primaryimage"},"image":{"@id":"https:\/\/kibrisdakik.com\/?p=105661#primaryimage"},"thumbnailUrl":"https:\/\/kibrisdakik.com\/wp-content\/uploads\/2026\/02\/mha-sari-beyaz-2963.png","datePublished":"2026-02-06T08:23:07+00:00","author":{"@id":"https:\/\/kibrisdakik.com\/#\/schema\/person\/9cd9d437bbb44f72b73ba127e06d8e79"},"breadcrumb":{"@id":"https:\/\/kibrisdakik.com\/?p=105661#breadcrumb"},"inLanguage":"tr","potentialAction":[{"@type":"ReadAction","target":["https:\/\/kibrisdakik.com\/?p=105661"]}]},{"@type":"ImageObject","inLanguage":"tr","@id":"https:\/\/kibrisdakik.com\/?p=105661#primaryimage","url":"https:\/\/kibrisdakik.com\/wp-content\/uploads\/2026\/02\/mha-sari-beyaz-2963.png","contentUrl":"https:\/\/kibrisdakik.com\/wp-content\/uploads\/2026\/02\/mha-sari-beyaz-2963.png","width":1280,"height":720},{"@type":"BreadcrumbList","@id":"https:\/\/kibrisdakik.com\/?p=105661#breadcrumb","itemListElement":[{"@type":"ListItem","position":1,"name":"Home","item":"https:\/\/kibrisdakik.com\/"},{"@type":"ListItem","position":2,"name":"\u00dcSTEL: \u015eAMP\u0130YON MELEKLER DA\u0130MA HAFIZALARIMIZDA YA\u015eAYACAK"}]},{"@type":"WebSite","@id":"https:\/\/kibrisdakik.com\/#website","url":"https:\/\/kibrisdakik.com\/","name":"","description":"Tam vaktinde haber","potentialAction":[{"@type":"SearchAction","target":{"@type":"EntryPoint","urlTemplate":"https:\/\/kibrisdakik.com\/?s={search_term_string}"},"query-input":{"@type":"PropertyValueSpecification","valueRequired":true,"valueName":"search_term_string"}}],"inLanguage":"tr"},{"@type":"Person","@id":"https:\/\/kibrisdakik.com\/#\/schema\/person\/9cd9d437bbb44f72b73ba127e06d8e79","name":"admin","image":{"@type":"ImageObject","inLanguage":"tr","@id":"https:\/\/secure.gravatar.com\/avatar\/ccc17943b9d660506c869530f897617f7cb1c21a4bf30023f252596d83e1f007?s=96&d=mm&r=g","url":"https:\/\/secure.gravatar.com\/avatar\/ccc17943b9d660506c869530f897617f7cb1c21a4bf30023f252596d83e1f007?s=96&d=mm&r=g","contentUrl":"https:\/\/secure.gravatar.com\/avatar\/ccc17943b9d660506c869530f897617f7cb1c21a4bf30023f252596d83e1f007?s=96&d=mm&r=g","caption":"admin"},"sameAs":["https:\/\/kibrisdakik.com"],"url":"https:\/\/kibrisdakik.com\/?author=1"}]}},"_links":{"self":[{"href":"https:\/\/kibrisdakik.com\/index.php?rest_route=\/wp\/v2\/posts\/105661","targetHints":{"allow":["GET"]}}],"collection":[{"href":"https:\/\/kibrisdakik.com\/index.php?rest_route=\/wp\/v2\/posts"}],"about":[{"href":"https:\/\/kibrisdakik.com\/index.php?rest_route=\/wp\/v2\/types\/post"}],"author":[{"embeddable":true,"href":"https:\/\/kibrisdakik.com\/index.php?rest_route=\/wp\/v2\/users\/1"}],"replies":[{"embeddable":true,"href":"https:\/\/kibrisdakik.com\/index.php?rest_route=%2Fwp%2Fv2%2Fcomments&post=105661"}],"version-history":[{"count":0,"href":"https:\/\/kibrisdakik.com\/index.php?rest_route=\/wp\/v2\/posts\/105661\/revisions"}],"wp:featuredmedia":[{"embeddable":true,"href":"https:\/\/kibrisdakik.com\/index.php?rest_route=\/wp\/v2\/media\/105662"}],"wp:attachment":[{"href":"https:\/\/kibrisdakik.com\/index.php?rest_route=%2Fwp%2Fv2%2Fmedia&parent=105661"}],"wp:term":[{"taxonomy":"category","embeddable":true,"href":"https:\/\/kibrisdakik.com\/index.php?rest_route=%2Fwp%2Fv2%2Fcategories&post=105661"},{"taxonomy":"post_tag","embeddable":true,"href":"https:\/\/kibrisdakik.com\/index.php?rest_route=%2Fwp%2Fv2%2Ftags&post=105661"}],"curies":[{"name":"wp","href":"https:\/\/api.w.org\/{rel}","templated":true}]}}