{"id":105673,"date":"2026-02-06T11:31:03","date_gmt":"2026-02-06T09:31:03","guid":{"rendered":"https:\/\/kibrisdakik.com\/index.php\/2026\/02\/06\/hasipoglu-sampiyon-melekler-hafizalarda-yasayacak\/"},"modified":"2026-02-06T11:31:03","modified_gmt":"2026-02-06T09:31:03","slug":"hasipoglu-sampiyon-melekler-hafizalarda-yasayacak","status":"publish","type":"post","link":"https:\/\/kibrisdakik.com\/?p=105673","title":{"rendered":"HAS\u0130PO\u011eLU: \u015eAMP\u0130YON MELEKLER HAFIZALARDA YA\u015eAYACAK"},"content":{"rendered":"<p><\/p>\n<div data-text-id=\"195573\" property=\"articleBody\">\n<p>\u00c7al\u0131\u015fma ve Sosyal G\u00fcvenlik Bakan\u0131 O\u011fuzhan Hasipo\u011flu, Ad\u0131yaman\u2019da \u0130sias Otel\u2019in enkaz\u0131 alt\u0131nda kalan \u015eampiyon Melekler, \u00f6\u011fretmenler ve velilerin; yaln\u0131zca bir facian\u0131n de\u011fil, yar\u0131m b\u0131rak\u0131lan hayatlar\u0131n, ihmalin ve adalet aray\u0131\u015f\u0131n\u0131n sembol\u00fc haline geldi\u011fini belirterek, \u201cBu ac\u0131, K\u0131br\u0131s T\u00fcrk halk\u0131n\u0131n ortak vicdan\u0131nda silinmeyecek bir iz b\u0131rakm\u0131\u015ft\u0131r\u201d dedi.<\/p>\n<p>\u00c7al\u0131\u015fma ve Sosyal G\u00fcvenlik Bakan\u0131 O\u011fuzhan Hasipo\u011flu, , 6 \u015eubat depreminin \u00fc\u00e7\u00fcnc\u00fc y\u0131l d\u00f6n\u00fcm\u00fc dolay\u0131s\u0131yla mesaj yay\u0131mlad\u0131.<\/p>\n<p>&#8220;\u2018\u20186 \u015eubat 2023\u2019te T\u00fcrkiye\u2019de meydana gelen ve hepimizin y\u00fcre\u011finde derin yaralar a\u00e7an depremde kaybetti\u011fimiz Anavatan T\u00fcrkiyemizdeki t\u00fcm karde\u015flerimizin, \u015eampiyon Meleklerimizin ve vatanda\u015flar\u0131m\u0131z\u0131n ac\u0131s\u0131, aradan ge\u00e7en zamana ra\u011fmen ilk g\u00fcnk\u00fc a\u011f\u0131rl\u0131\u011f\u0131yla i\u00e7imizde durmaktad\u0131r.&#8221; ifadelerini kullanan Bakan Hasipo\u011flu mesaj\u0131nda \u015fu ifadelere yer verdi:<\/p>\n<p>&#8220;Ad\u0131yaman\u2019da \u0130sias Otel\u2019in enkaz\u0131 alt\u0131nda kalan \u015eampiyon Meleklerimiz, \u00f6\u011fretmenlerimiz ve velilerimiz; yaln\u0131zca bir facian\u0131n de\u011fil, yar\u0131m b\u0131rak\u0131lan hayatlar\u0131n, ihmalin ve adalet aray\u0131\u015f\u0131n\u0131n sembol\u00fc haline gelmi\u015ftir. Bu ac\u0131, K\u0131br\u0131s T\u00fcrk halk\u0131n\u0131n ortak vicdan\u0131nda silinmeyecek bir iz b\u0131rakm\u0131\u015ft\u0131r.<\/p>\n<p>\u015eampiyon Meleklerimiz, halk\u0131m\u0131z\u0131n haf\u0131zas\u0131nda daima ya\u015fayacakt\u0131r. Onlar\u0131 anmak yaln\u0131zca bir g\u00f6rev de\u011fil, ayn\u0131 zamanda gelece\u011fe kar\u015f\u0131 ta\u015f\u0131d\u0131\u011f\u0131m\u0131z b\u00fcy\u00fck bir sorumluluktur.<\/p>\n<p>Bu felaketin \u00fc\u00e7\u00fcnc\u00fc y\u0131l\u0131nda bir kez daha a\u00e7\u0131k ve net \u015fekilde bir kez daha ifade ediyorum:<\/p>\n<p>\u0130sias davas\u0131 bizim i\u00e7in kapanm\u0131\u015f de\u011fildir. Yarg\u0131lama s\u00fcrecinin her a\u015famas\u0131nda haz\u0131r olan biri olarak, adalet m\u00fccadelesinin her a\u015famas\u0131n\u0131n takip\u00e7isi olmay\u0131 s\u00fcrd\u00fcr\u00fcyorum. Yarg\u0131 s\u00fcreci devam etmektedir ve \u00f6n\u00fcm\u00fczdeki a\u015famalar da ayn\u0131 kararl\u0131l\u0131kla izlenecektir. Adaletin t\u00fcm y\u00f6nleriyle ve eksiksiz bi\u00e7imde tecelli etmesi i\u00e7in bu davan\u0131n sonuna kadar takip\u00e7isi olmaya devam edece\u011fiz.<\/p>\n<p>Ailelerimizin adalet aray\u0131\u015f\u0131nda yaln\u0131z olmad\u0131klar\u0131n\u0131, d\u00fcn oldu\u011fu gibi bug\u00fcn de yanlar\u0131nda oldu\u011fumuzu ve bundan sonra da asla yaln\u0131z b\u0131rak\u0131lmayacaklar\u0131n\u0131 bir kez daha g\u00fc\u00e7l\u00fc \u015fekilde vurgulamak isterim.<\/p>\n<p>Bu vesileyle, T\u00fcrkiye&#8217;nin yas\u0131n\u0131, T\u00fcrkiye&#8217;nin dayan\u0131\u015fmas\u0131na \u00e7eviren, depremin yaralar\u0131n\u0131 h\u0131zl\u0131ca satan T\u00fcrk milletinin her ferdine \u015f\u00fckranlar\u0131m\u0131 sunuyor, 6 \u015eubat depreminde hayat\u0131n\u0131 kaybeden t\u00fcm vatanda\u015flar\u0131m\u0131za Allah\u2019tan rahmet; ailelerine, yak\u0131nlar\u0131na ve Anavatan\u0131m\u0131z\u0131n her ferdine sab\u0131r ve metanet diliyorum.\u2019\u2019<\/p>\n<\/p><\/div>\n","protected":false},"excerpt":{"rendered":"<p>\u00c7al\u0131\u015fma ve Sosyal G\u00fcvenlik Bakan\u0131 O\u011fuzhan Hasipo\u011flu, Ad\u0131yaman\u2019da \u0130sias Otel\u2019in enkaz\u0131 alt\u0131nda kalan \u015eampiyon Melekler, \u00f6\u011fretmenler ve velilerin; yaln\u0131zca bir facian\u0131n de\u011fil, yar\u0131m b\u0131rak\u0131lan hayatlar\u0131n, ihmalin ve adalet aray\u0131\u015f\u0131n\u0131n sembol\u00fc haline geldi\u011fini belirterek, \u201cBu ac\u0131, K\u0131br\u0131s T\u00fcrk halk\u0131n\u0131n ortak vicdan\u0131nda silinmeyecek bir iz b\u0131rakm\u0131\u015ft\u0131r\u201d dedi. \u00c7al\u0131\u015fma ve Sosyal G\u00fcvenlik Bakan\u0131 O\u011fuzhan Hasipo\u011flu, , 6 \u015eubat<\/p>\n","protected":false},"author":1,"featured_media":105674,"comment_status":"open","ping_status":"open","sticky":false,"template":"","format":"standard","meta":{"footnotes":""},"categories":[81],"tags":[],"class_list":["post-105673","post","type-post","status-publish","format-standard","has-post-thumbnail","hentry","category-kibris"],"yoast_head":"<!-- This site is optimized with the Yoast SEO plugin v27.4 - https:\/\/yoast.com\/product\/yoast-seo-wordpress\/ -->\n<title>HAS\u0130PO\u011eLU: \u015eAMP\u0130YON MELEKLER HAFIZALARDA YA\u015eAYACAK -<\/title>\n<meta name=\"robots\" content=\"index, follow, max-snippet:-1, max-image-preview:large, max-video-preview:-1\" \/>\n<link rel=\"canonical\" href=\"https:\/\/kibrisdakik.com\/?p=105673\" \/>\n<meta property=\"og:locale\" content=\"tr_TR\" \/>\n<meta property=\"og:type\" content=\"article\" \/>\n<meta property=\"og:title\" content=\"HAS\u0130PO\u011eLU: \u015eAMP\u0130YON MELEKLER HAFIZALARDA YA\u015eAYACAK -\" \/>\n<meta property=\"og:description\" content=\"\u00c7al\u0131\u015fma ve Sosyal G\u00fcvenlik Bakan\u0131 O\u011fuzhan Hasipo\u011flu, Ad\u0131yaman\u2019da \u0130sias Otel\u2019in enkaz\u0131 alt\u0131nda kalan \u015eampiyon Melekler, \u00f6\u011fretmenler ve velilerin; yaln\u0131zca bir facian\u0131n de\u011fil, yar\u0131m b\u0131rak\u0131lan hayatlar\u0131n, ihmalin ve adalet aray\u0131\u015f\u0131n\u0131n sembol\u00fc haline geldi\u011fini belirterek, \u201cBu ac\u0131, K\u0131br\u0131s T\u00fcrk halk\u0131n\u0131n ortak vicdan\u0131nda silinmeyecek bir iz b\u0131rakm\u0131\u015ft\u0131r\u201d dedi. \u00c7al\u0131\u015fma ve Sosyal G\u00fcvenlik Bakan\u0131 O\u011fuzhan Hasipo\u011flu, , 6 \u015eubat\" \/>\n<meta property=\"og:url\" content=\"https:\/\/kibrisdakik.com\/?p=105673\" \/>\n<meta property=\"article:published_time\" content=\"2026-02-06T09:31:03+00:00\" \/>\n<meta property=\"og:image\" content=\"https:\/\/kibrisdakik.com\/wp-content\/uploads\/2026\/02\/mha-sari-beyaz-2966.png\" \/>\n\t<meta property=\"og:image:width\" content=\"1280\" \/>\n\t<meta property=\"og:image:height\" content=\"720\" \/>\n\t<meta property=\"og:image:type\" content=\"image\/png\" \/>\n<meta name=\"author\" content=\"admin\" \/>\n<meta name=\"twitter:card\" content=\"summary_large_image\" \/>\n<meta name=\"twitter:label1\" content=\"Yazan:\" \/>\n\t<meta name=\"twitter:data1\" content=\"admin\" \/>\n\t<meta name=\"twitter:label2\" content=\"Tahmini okuma s\u00fcresi\" \/>\n\t<meta name=\"twitter:data2\" content=\"2 dakika\" \/>\n<script type=\"application\/ld+json\" class=\"yoast-schema-graph\">{\"@context\":\"https:\\\/\\\/schema.org\",\"@graph\":[{\"@type\":\"Article\",\"@id\":\"https:\\\/\\\/kibrisdakik.com\\\/?p=105673#article\",\"isPartOf\":{\"@id\":\"https:\\\/\\\/kibrisdakik.com\\\/?p=105673\"},\"author\":{\"name\":\"admin\",\"@id\":\"https:\\\/\\\/kibrisdakik.com\\\/#\\\/schema\\\/person\\\/9cd9d437bbb44f72b73ba127e06d8e79\"},\"headline\":\"HAS\u0130PO\u011eLU: \u015eAMP\u0130YON MELEKLER HAFIZALARDA YA\u015eAYACAK\",\"datePublished\":\"2026-02-06T09:31:03+00:00\",\"mainEntityOfPage\":{\"@id\":\"https:\\\/\\\/kibrisdakik.com\\\/?p=105673\"},\"wordCount\":457,\"commentCount\":0,\"image\":{\"@id\":\"https:\\\/\\\/kibrisdakik.com\\\/?p=105673#primaryimage\"},\"thumbnailUrl\":\"https:\\\/\\\/kibrisdakik.com\\\/wp-content\\\/uploads\\\/2026\\\/02\\\/mha-sari-beyaz-2966.png\",\"articleSection\":[\"K\u0131br\u0131s\"],\"inLanguage\":\"tr\",\"potentialAction\":[{\"@type\":\"CommentAction\",\"name\":\"Comment\",\"target\":[\"https:\\\/\\\/kibrisdakik.com\\\/?p=105673#respond\"]}]},{\"@type\":\"WebPage\",\"@id\":\"https:\\\/\\\/kibrisdakik.com\\\/?p=105673\",\"url\":\"https:\\\/\\\/kibrisdakik.com\\\/?p=105673\",\"name\":\"HAS\u0130PO\u011eLU: \u015eAMP\u0130YON MELEKLER HAFIZALARDA YA\u015eAYACAK -\",\"isPartOf\":{\"@id\":\"https:\\\/\\\/kibrisdakik.com\\\/#website\"},\"primaryImageOfPage\":{\"@id\":\"https:\\\/\\\/kibrisdakik.com\\\/?p=105673#primaryimage\"},\"image\":{\"@id\":\"https:\\\/\\\/kibrisdakik.com\\\/?p=105673#primaryimage\"},\"thumbnailUrl\":\"https:\\\/\\\/kibrisdakik.com\\\/wp-content\\\/uploads\\\/2026\\\/02\\\/mha-sari-beyaz-2966.png\",\"datePublished\":\"2026-02-06T09:31:03+00:00\",\"author\":{\"@id\":\"https:\\\/\\\/kibrisdakik.com\\\/#\\\/schema\\\/person\\\/9cd9d437bbb44f72b73ba127e06d8e79\"},\"breadcrumb\":{\"@id\":\"https:\\\/\\\/kibrisdakik.com\\\/?p=105673#breadcrumb\"},\"inLanguage\":\"tr\",\"potentialAction\":[{\"@type\":\"ReadAction\",\"target\":[\"https:\\\/\\\/kibrisdakik.com\\\/?p=105673\"]}]},{\"@type\":\"ImageObject\",\"inLanguage\":\"tr\",\"@id\":\"https:\\\/\\\/kibrisdakik.com\\\/?p=105673#primaryimage\",\"url\":\"https:\\\/\\\/kibrisdakik.com\\\/wp-content\\\/uploads\\\/2026\\\/02\\\/mha-sari-beyaz-2966.png\",\"contentUrl\":\"https:\\\/\\\/kibrisdakik.com\\\/wp-content\\\/uploads\\\/2026\\\/02\\\/mha-sari-beyaz-2966.png\",\"width\":1280,\"height\":720},{\"@type\":\"BreadcrumbList\",\"@id\":\"https:\\\/\\\/kibrisdakik.com\\\/?p=105673#breadcrumb\",\"itemListElement\":[{\"@type\":\"ListItem\",\"position\":1,\"name\":\"Home\",\"item\":\"https:\\\/\\\/kibrisdakik.com\\\/\"},{\"@type\":\"ListItem\",\"position\":2,\"name\":\"HAS\u0130PO\u011eLU: \u015eAMP\u0130YON MELEKLER HAFIZALARDA YA\u015eAYACAK\"}]},{\"@type\":\"WebSite\",\"@id\":\"https:\\\/\\\/kibrisdakik.com\\\/#website\",\"url\":\"https:\\\/\\\/kibrisdakik.com\\\/\",\"name\":\"\",\"description\":\"Tam vaktinde haber\",\"potentialAction\":[{\"@type\":\"SearchAction\",\"target\":{\"@type\":\"EntryPoint\",\"urlTemplate\":\"https:\\\/\\\/kibrisdakik.com\\\/?s={search_term_string}\"},\"query-input\":{\"@type\":\"PropertyValueSpecification\",\"valueRequired\":true,\"valueName\":\"search_term_string\"}}],\"inLanguage\":\"tr\"},{\"@type\":\"Person\",\"@id\":\"https:\\\/\\\/kibrisdakik.com\\\/#\\\/schema\\\/person\\\/9cd9d437bbb44f72b73ba127e06d8e79\",\"name\":\"admin\",\"image\":{\"@type\":\"ImageObject\",\"inLanguage\":\"tr\",\"@id\":\"https:\\\/\\\/secure.gravatar.com\\\/avatar\\\/ccc17943b9d660506c869530f897617f7cb1c21a4bf30023f252596d83e1f007?s=96&d=mm&r=g\",\"url\":\"https:\\\/\\\/secure.gravatar.com\\\/avatar\\\/ccc17943b9d660506c869530f897617f7cb1c21a4bf30023f252596d83e1f007?s=96&d=mm&r=g\",\"contentUrl\":\"https:\\\/\\\/secure.gravatar.com\\\/avatar\\\/ccc17943b9d660506c869530f897617f7cb1c21a4bf30023f252596d83e1f007?s=96&d=mm&r=g\",\"caption\":\"admin\"},\"sameAs\":[\"https:\\\/\\\/kibrisdakik.com\"],\"url\":\"https:\\\/\\\/kibrisdakik.com\\\/?author=1\"}]}<\/script>\n<!-- \/ Yoast SEO plugin. -->","yoast_head_json":{"title":"HAS\u0130PO\u011eLU: \u015eAMP\u0130YON MELEKLER HAFIZALARDA YA\u015eAYACAK -","robots":{"index":"index","follow":"follow","max-snippet":"max-snippet:-1","max-image-preview":"max-image-preview:large","max-video-preview":"max-video-preview:-1"},"canonical":"https:\/\/kibrisdakik.com\/?p=105673","og_locale":"tr_TR","og_type":"article","og_title":"HAS\u0130PO\u011eLU: \u015eAMP\u0130YON MELEKLER HAFIZALARDA YA\u015eAYACAK -","og_description":"\u00c7al\u0131\u015fma ve Sosyal G\u00fcvenlik Bakan\u0131 O\u011fuzhan Hasipo\u011flu, Ad\u0131yaman\u2019da \u0130sias Otel\u2019in enkaz\u0131 alt\u0131nda kalan \u015eampiyon Melekler, \u00f6\u011fretmenler ve velilerin; yaln\u0131zca bir facian\u0131n de\u011fil, yar\u0131m b\u0131rak\u0131lan hayatlar\u0131n, ihmalin ve adalet aray\u0131\u015f\u0131n\u0131n sembol\u00fc haline geldi\u011fini belirterek, \u201cBu ac\u0131, K\u0131br\u0131s T\u00fcrk halk\u0131n\u0131n ortak vicdan\u0131nda silinmeyecek bir iz b\u0131rakm\u0131\u015ft\u0131r\u201d dedi. \u00c7al\u0131\u015fma ve Sosyal G\u00fcvenlik Bakan\u0131 O\u011fuzhan Hasipo\u011flu, , 6 \u015eubat","og_url":"https:\/\/kibrisdakik.com\/?p=105673","article_published_time":"2026-02-06T09:31:03+00:00","og_image":[{"width":1280,"height":720,"url":"https:\/\/kibrisdakik.com\/wp-content\/uploads\/2026\/02\/mha-sari-beyaz-2966.png","type":"image\/png"}],"author":"admin","twitter_card":"summary_large_image","twitter_misc":{"Yazan:":"admin","Tahmini okuma s\u00fcresi":"2 dakika"},"schema":{"@context":"https:\/\/schema.org","@graph":[{"@type":"Article","@id":"https:\/\/kibrisdakik.com\/?p=105673#article","isPartOf":{"@id":"https:\/\/kibrisdakik.com\/?p=105673"},"author":{"name":"admin","@id":"https:\/\/kibrisdakik.com\/#\/schema\/person\/9cd9d437bbb44f72b73ba127e06d8e79"},"headline":"HAS\u0130PO\u011eLU: \u015eAMP\u0130YON MELEKLER HAFIZALARDA YA\u015eAYACAK","datePublished":"2026-02-06T09:31:03+00:00","mainEntityOfPage":{"@id":"https:\/\/kibrisdakik.com\/?p=105673"},"wordCount":457,"commentCount":0,"image":{"@id":"https:\/\/kibrisdakik.com\/?p=105673#primaryimage"},"thumbnailUrl":"https:\/\/kibrisdakik.com\/wp-content\/uploads\/2026\/02\/mha-sari-beyaz-2966.png","articleSection":["K\u0131br\u0131s"],"inLanguage":"tr","potentialAction":[{"@type":"CommentAction","name":"Comment","target":["https:\/\/kibrisdakik.com\/?p=105673#respond"]}]},{"@type":"WebPage","@id":"https:\/\/kibrisdakik.com\/?p=105673","url":"https:\/\/kibrisdakik.com\/?p=105673","name":"HAS\u0130PO\u011eLU: \u015eAMP\u0130YON MELEKLER HAFIZALARDA YA\u015eAYACAK -","isPartOf":{"@id":"https:\/\/kibrisdakik.com\/#website"},"primaryImageOfPage":{"@id":"https:\/\/kibrisdakik.com\/?p=105673#primaryimage"},"image":{"@id":"https:\/\/kibrisdakik.com\/?p=105673#primaryimage"},"thumbnailUrl":"https:\/\/kibrisdakik.com\/wp-content\/uploads\/2026\/02\/mha-sari-beyaz-2966.png","datePublished":"2026-02-06T09:31:03+00:00","author":{"@id":"https:\/\/kibrisdakik.com\/#\/schema\/person\/9cd9d437bbb44f72b73ba127e06d8e79"},"breadcrumb":{"@id":"https:\/\/kibrisdakik.com\/?p=105673#breadcrumb"},"inLanguage":"tr","potentialAction":[{"@type":"ReadAction","target":["https:\/\/kibrisdakik.com\/?p=105673"]}]},{"@type":"ImageObject","inLanguage":"tr","@id":"https:\/\/kibrisdakik.com\/?p=105673#primaryimage","url":"https:\/\/kibrisdakik.com\/wp-content\/uploads\/2026\/02\/mha-sari-beyaz-2966.png","contentUrl":"https:\/\/kibrisdakik.com\/wp-content\/uploads\/2026\/02\/mha-sari-beyaz-2966.png","width":1280,"height":720},{"@type":"BreadcrumbList","@id":"https:\/\/kibrisdakik.com\/?p=105673#breadcrumb","itemListElement":[{"@type":"ListItem","position":1,"name":"Home","item":"https:\/\/kibrisdakik.com\/"},{"@type":"ListItem","position":2,"name":"HAS\u0130PO\u011eLU: \u015eAMP\u0130YON MELEKLER HAFIZALARDA YA\u015eAYACAK"}]},{"@type":"WebSite","@id":"https:\/\/kibrisdakik.com\/#website","url":"https:\/\/kibrisdakik.com\/","name":"","description":"Tam vaktinde haber","potentialAction":[{"@type":"SearchAction","target":{"@type":"EntryPoint","urlTemplate":"https:\/\/kibrisdakik.com\/?s={search_term_string}"},"query-input":{"@type":"PropertyValueSpecification","valueRequired":true,"valueName":"search_term_string"}}],"inLanguage":"tr"},{"@type":"Person","@id":"https:\/\/kibrisdakik.com\/#\/schema\/person\/9cd9d437bbb44f72b73ba127e06d8e79","name":"admin","image":{"@type":"ImageObject","inLanguage":"tr","@id":"https:\/\/secure.gravatar.com\/avatar\/ccc17943b9d660506c869530f897617f7cb1c21a4bf30023f252596d83e1f007?s=96&d=mm&r=g","url":"https:\/\/secure.gravatar.com\/avatar\/ccc17943b9d660506c869530f897617f7cb1c21a4bf30023f252596d83e1f007?s=96&d=mm&r=g","contentUrl":"https:\/\/secure.gravatar.com\/avatar\/ccc17943b9d660506c869530f897617f7cb1c21a4bf30023f252596d83e1f007?s=96&d=mm&r=g","caption":"admin"},"sameAs":["https:\/\/kibrisdakik.com"],"url":"https:\/\/kibrisdakik.com\/?author=1"}]}},"_links":{"self":[{"href":"https:\/\/kibrisdakik.com\/index.php?rest_route=\/wp\/v2\/posts\/105673","targetHints":{"allow":["GET"]}}],"collection":[{"href":"https:\/\/kibrisdakik.com\/index.php?rest_route=\/wp\/v2\/posts"}],"about":[{"href":"https:\/\/kibrisdakik.com\/index.php?rest_route=\/wp\/v2\/types\/post"}],"author":[{"embeddable":true,"href":"https:\/\/kibrisdakik.com\/index.php?rest_route=\/wp\/v2\/users\/1"}],"replies":[{"embeddable":true,"href":"https:\/\/kibrisdakik.com\/index.php?rest_route=%2Fwp%2Fv2%2Fcomments&post=105673"}],"version-history":[{"count":0,"href":"https:\/\/kibrisdakik.com\/index.php?rest_route=\/wp\/v2\/posts\/105673\/revisions"}],"wp:featuredmedia":[{"embeddable":true,"href":"https:\/\/kibrisdakik.com\/index.php?rest_route=\/wp\/v2\/media\/105674"}],"wp:attachment":[{"href":"https:\/\/kibrisdakik.com\/index.php?rest_route=%2Fwp%2Fv2%2Fmedia&parent=105673"}],"wp:term":[{"taxonomy":"category","embeddable":true,"href":"https:\/\/kibrisdakik.com\/index.php?rest_route=%2Fwp%2Fv2%2Fcategories&post=105673"},{"taxonomy":"post_tag","embeddable":true,"href":"https:\/\/kibrisdakik.com\/index.php?rest_route=%2Fwp%2Fv2%2Ftags&post=105673"}],"curies":[{"name":"wp","href":"https:\/\/api.w.org\/{rel}","templated":true}]}}