{"id":105701,"date":"2026-02-06T15:33:04","date_gmt":"2026-02-06T13:33:04","guid":{"rendered":"https:\/\/kibrisdakik.com\/index.php\/2026\/02\/06\/tip-is-bugun-tam-gun-grevde\/"},"modified":"2026-02-06T15:33:04","modified_gmt":"2026-02-06T13:33:04","slug":"tip-is-bugun-tam-gun-grevde","status":"publish","type":"post","link":"https:\/\/kibrisdakik.com\/?p=105701","title":{"rendered":"TIP-\u0130\u015e BUG\u00dcN TAM G\u00dcN GREVDE&#8230;"},"content":{"rendered":"<p><\/p>\n<div data-text-id=\"195595\" property=\"articleBody\">\n<p>K\u0131br\u0131s T\u00fcrk Hekimler Sendikas\u0131 (T\u0131p-\u0130\u015f), \u201csorunlara \u00e7\u00f6z\u00fcm \u00fcretilmek yerine diyalog yolunun kapat\u0131ld\u0131\u011f\u0131 ve hekimlerin tehdit edildi\u011fi\u201d gerek\u00e7esiyle bug\u00fcn t\u00fcm kamu sa\u011fl\u0131k birimlerinde acil, yo\u011fun bak\u0131m, hemodiyaliz ve kemoterapi hizmetleri hari\u00e7 tam g\u00fcn grev ve eyleme gitti.<\/p>\n<p>Lefko\u015fa Burhan Nalbanto\u011flu Devlet Hastanesi ana binas\u0131 \u00f6n\u00fcnde bas\u0131n a\u00e7\u0131klamas\u0131 ger\u00e7ekle\u015ftiren T\u0131p-\u0130\u015f\u2019e, K\u0131br\u0131s T\u00fcrk Tabipleri Birli\u011fi ile K\u0131br\u0131s \u0130\u015f\u00e7i ve Emek\u00e7i Sendikalar\u0131 Federasyonu\u2019nun (K\u0130EF) yan\u0131 s\u0131ra baz\u0131 siyasi parti, sendika ve \u00f6rg\u00fctler de destek verdi.<\/p>\n<p>Bas\u0131n a\u00e7\u0131klamas\u0131 s\u0131ras\u0131nda doktorlar, &#8220;\u00fcz\u00fcnt\u00fc, yas, protesto ve m\u00fccadele azminin g\u00f6stergesi&#8221; olarak siyah bayrak ve pankartlar ta\u015f\u0131d\u0131.<\/p>\n<p>-G\u00fcrkut: \u201cSa\u011fl\u0131k hizmetleri hasta say\u0131s\u0131 ve talebe cevap veremez hale getirildi\u201d<\/p>\n<p>T\u0131p-i\u015f Ba\u015fkan\u0131 \u00d6zlem G\u00fcrkut konu\u015fmas\u0131na, 6 \u015eubat\u2019a dikkat \u00e7ekerek ba\u015flad\u0131 ve \u015eampiyon Melekler\u2019in kayb\u0131n\u0131n, sistemsizli\u011fin ve denetimsizli\u011fin bir sonucu oldu\u011funu s\u00f6yleyerek, adalet aray\u0131\u015f\u0131n\u0131n s\u00fcrd\u00fc\u011f\u00fcn\u00fc hat\u0131rlatt\u0131.<\/p>\n<p>Bas\u0131n toplant\u0131s\u0131n\u0131n amac\u0131n\u0131n sadece hekim sorunlar\u0131n\u0131 de\u011fil, kamusal sa\u011fl\u0131k hizmetlerinin nas\u0131l \u201ci\u00e7inden \u00e7\u0131k\u0131lamaz sorunlarla s\u00fcrd\u00fcr\u00fclemez bir hale getirildi\u011fini\u201d payla\u015fmak oldu\u011funu s\u00f6yleyen G\u00fcrkut, Sa\u011fl\u0131k Bakanl\u0131\u011f\u0131\u2019n\u0131n planlama yapmad\u0131\u011f\u0131n\u0131, in\u015faat halindeki hastane binalar\u0131n\u0131 bitiremedi\u011fini, t\u0131bbi cihazlar\u0131 yenilemedi\u011fini ve eksiklikleri girmedi\u011fini savundu.<\/p>\n<p>G\u00fcrkut, sa\u011fl\u0131k b\u00fct\u00e7esinin kamusal sa\u011fl\u0131\u011fa yat\u0131r\u0131m yapmak yerine, \u00f6zel sekt\u00f6re hasta sevkine y\u00f6nlendirildi\u011fini iddia ederek, koruyucu sa\u011fl\u0131k hizmetlerinin etkin hale getirilememesi, \u201ck\u00f6t\u00fc n\u00fcfus politikalar\u0131\u201d ile \u00fclkedeki \u201cderin yoksulluk\u201d nedenleriyle artan \u201chasta say\u0131s\u0131 ve talebe cevap veremez hale getirilen sa\u011fl\u0131k hizmetlerinde\u201d performans art\u0131\u015f\u0131ndan s\u00f6z edildi\u011fini savundu.<\/p>\n<p>\u201cSa\u011fl\u0131kta performans bask\u0131yla, tehditle de\u011fil g\u00fc\u00e7l\u00fc altyap\u0131yla, planlamayla, adil \u00e7al\u0131\u015fma ko\u015fullar\u0131yla artar.\u201d diyen G\u00fcrkut, performans\u0131n, bilimsel sa\u011fl\u0131k politikalar\u0131yla, insan g\u00fcc\u00fcn\u00fcn planlanmas\u0131 ve tamamlanmas\u0131yla artaca\u011f\u0131n\u0131 belirtti.<\/p>\n<p>-\u201cKamu hekimlerinin y\u00fczde 53\u2019\u00fc kadrosuz \u00e7al\u0131\u015ft\u0131r\u0131l\u0131yor\u201d<\/p>\n<p>Kamu hekimlerinin y\u00fczde 53\u2019\u00fcn\u00fcn kadrosuz olarak \u201cge\u00e7ici stat\u00fclerde\u201d \u00e7al\u0131\u015ft\u0131r\u0131ld\u0131\u011f\u0131n\u0131 s\u00f6yleyen \u00d6zlem G\u00fcrkut, bu hekimlerin \u00e7o\u011funun \u201cmecburi hizmet\u201d verdi\u011fini ve kamusal sa\u011fl\u0131k hizmetinin yar\u0131s\u0131ndan fazlas\u0131n\u0131n \u201cg\u00fcvencesiz olan hekimlerin\u201d omuzlar\u0131na y\u00fcklendi\u011fini savundu.<\/p>\n<p>Bir\u00e7ok bran\u015fta uzman hekim olmad\u0131\u011f\u0131n\u0131 ve mevzuata g\u00f6re, bran\u015f\u0131nda tek olan hekimlerin y\u0131l\u0131n her g\u00fcn\u00fc on-call oldu\u011funu belirten G\u00fcrkut, \u201c\u0130stisna olmas\u0131 gereken bu uygulama sistem haline gelmi\u015ftir.\u201d dedi.<\/p>\n<p>G\u00fcrkut, hekimlerin, bir ayda ka\u00e7 saat mesai yap\u0131yorlarsa, o kadar saat da n\u00f6bet tuttuklar\u0131n\u0131, haftal\u0131k ortalama \u00e7al\u0131\u015fma saatinin, 60 saatin \u00fczerine \u00e7\u0131kt\u0131\u011f\u0131n\u0131 kaydetti. N\u00f6bet \u00fccretlerinin geciktirildi\u011fini ve hekimlerin n\u00f6betten sonra, ertesi g\u00fcn mesai sonuna kadar otuz saatten uzun aral\u0131ks\u0131z \u00e7al\u0131\u015ft\u0131r\u0131ld\u0131\u011f\u0131n\u0131 s\u00f6yleyen G\u00fcrkut, n\u00f6betler ve on-call olman\u0131n hekimlerin tercihi de\u011fil, eksik kadrolar\u0131n neticesi oldu\u011funu \u00f6ne s\u00fcrd\u00fc.<\/p>\n<p>\u201cSistem \u00e7al\u0131\u015fanlar\u0131n fedakarl\u0131klar\u0131yla s\u00fcrd\u00fcr\u00fclebilmektedir.\u201d diyen G\u00fcrkut, sistemin, hekimlerin y\u00fcksek t\u0131bbi ve hukuki risk alt\u0131nda, yo\u011fun duygusal y\u00fckle, d\u00fczensiz mesai ve gece \u00e7al\u0131\u015fmalar\u0131yla s\u00fcrd\u00fcr\u00fcld\u00fc\u011f\u00fcn\u00fc s\u00f6yledi.<\/p>\n<p>-\u201cAsistan hekimler angarya \u00e7al\u0131\u015ft\u0131r\u0131l\u0131yor\u201d<\/p>\n<p>Asistan hekimlerin Anayasaya ve yasalara ayk\u0131r\u0131 bi\u00e7imde angarya \u00e7al\u0131\u015ft\u0131r\u0131ld\u0131\u011f\u0131n\u0131 ve hizmet a\u00e7\u0131\u011f\u0131n\u0131 kapatmak i\u00e7in kullan\u0131ld\u0131klar\u0131n\u0131 iddia eden G\u00fcrkut, bunun \u201cemek s\u00f6m\u00fcr\u00fcs\u00fc\u201d oldu\u011funu s\u00f6yledi.<\/p>\n<p>Hastaneler ve sa\u011fl\u0131k birimlerinin fiziksel durumunu da de\u011ferlendiren G\u00fcrkut, \u201cHekimlerin her g\u00fcn bir ba\u015fka k\u00f6yde \u00e7al\u0131\u015ft\u0131r\u0131ld\u0131\u011f\u0131n\u0131, kadro yerlerinden s\u00fcrg\u00fcn edildi\u011fini, il\u00e7e hastanelerinin sa\u011fl\u0131k oca\u011f\u0131ndan bozma \u015fartlara sahip oldu\u011funu, \u00fclkenin en b\u00fcy\u00fck hastanesinin \u00e7at\u0131s\u0131n\u0131n ya\u011fmurda akt\u0131\u011f\u0131n\u0131 ve baz\u0131 ameliyatlar\u0131n hekimlerin kendi \u00f6zel cihazlar\u0131n\u0131 hastaneye getirmesi ile\u201d yap\u0131labildi\u011fini iddia ederek, ele\u015ftirdi.<\/p>\n<p>G\u00fcrkut, sa\u011fl\u0131kta planlama yap\u0131lmamas\u0131 sebebiyle, randevu ve bekleme listelerinin uzad\u0131\u011f\u0131n\u0131, hekimlerin poliklinik yapacak oda, hasta yat\u0131racak yatak bulamad\u0131klar\u0131n\u0131 \u00f6ne s\u00fcrd\u00fc.<\/p>\n<p>-\u201cKamu hekimleri yasas\u0131 talep ediyoruz\u201d<\/p>\n<p>Mesleki \u015fartlar ve \u00e7al\u0131\u015fma ko\u015fullar\u0131na uygun yasal d\u00fczenleme yap\u0131lmamas\u0131 sebebiyle, e\u011fitimin s\u00fcreklili\u011fine dair imkanlar tan\u0131nmad\u0131\u011f\u0131n\u0131, meslekta\u015flar\u0131n\u0131n kazand\u0131klar\u0131 burslu e\u011fitim programlar\u0131na kat\u0131lma \u015fanslar\u0131n\u0131n bakanl\u0131k taraf\u0131ndan, e\u011fitim izni verilmedi\u011fi i\u00e7in yitirildi\u011fini savundu.<\/p>\n<p>Yeni do\u011fum yapan bir hekim annenin emzirme ve do\u011fum izninin zorunlu n\u00f6bet tutan hekimlere g\u00f6re de\u011fil di\u011fer kamu g\u00f6revlilerine g\u00f6re yap\u0131ld\u0131\u011f\u0131n\u0131 dile getiren \u00d6zlem G\u00fcrkut, koruyucu sa\u011fl\u0131k hizmetlerinin ihmal edildi\u011fini ve \u00fclkede ciddi bir g\u00fcvenlik sorunu oldu\u011funu \u00f6ne s\u00fcrerek, \u201cyolsuzluk, usuls\u00fczl\u00fck ve r\u00fc\u015fvet\u201d iddialar\u0131na i\u015faret etti.<\/p>\n<p>\u201cH\u00fck\u00fcmet ya\u015fad\u0131\u011f\u0131 itibar kayb\u0131n\u0131 hekimler \u00fczerinden \u00f6rtmeye \u00e7al\u0131\u015fmaktad\u0131r.\u201d diyen G\u00fcrkut, e\u015fit, adil ve g\u00fcvence alt\u0131na al\u0131nm\u0131\u015f bir \u00e7al\u0131\u015fma rejimi, hekimleri kamu hastanelerinde tutabilecek maa\u015f ve \u00f6zl\u00fck haklar\u0131, sa\u011fl\u0131k hizmetinin s\u00fcrd\u00fcr\u00fclebilirli\u011fi ve kamu hekimleri yasas\u0131 talep ettiklerini s\u00f6yledi.<\/p>\n<p>Sa\u011fl\u0131k Bakan\u0131 Hakan Din\u00e7\u00fcrek\u2019i sa\u011fduyuya, uzla\u015fmaya, \u201ctehditten, \u015fantajdan ve ger\u00e7ekleri \u00e7arpt\u0131rmaktan vazge\u00e7meye\u201d \u00e7a\u011f\u0131ran G\u00fcrkut, sistemin \u00e7al\u0131\u015fanlara ra\u011fmen de\u011fil, i\u015f birli\u011fiyle ilerledi\u011fini kaydetti.<\/p>\n<p>G\u00fcrkut, haklar\u0131 ve \u00e7al\u0131\u015fma \u015fartlar\u0131 uygun hale getirilse, kamu hekimlerinin tam mesai \u00e7al\u0131\u015fmaya haz\u0131r oldu\u011funu vugulad\u0131.<\/p>\n<p>-Dalkan: \u201cTam mesai s\u00f6ylemi, alg\u0131 y\u00f6netimidir\u201d<\/p>\n<p>K\u0131br\u0131s T\u00fcrk Tabipleri Birli\u011fi Ba\u015fkan\u0131 Ceyhun Dalkan da K\u0131br\u0131s T\u00fcrk Hekimler Sendikas\u0131&#8217;n\u0131n grevine K\u0131br\u0131s T\u00fcrk Tabipler Birli\u011fi Y\u00f6netim Kurulu olarak tam ve ko\u015fulsuz destek verdiklerini s\u00f6yleyerek, bilimden, planlamadan ve kamusal faydadan uzak, g\u00fcn\u00fc kurtarmaya y\u00f6nelik pop\u00fclist uygulamalar yap\u0131ld\u0131\u011f\u0131n\u0131 savundu.<\/p>\n<p>Tam mesai d\u00fczenlemelerinin, sa\u011fl\u0131k sisteminin ger\u00e7ek sorunlar\u0131n\u0131 \u00e7\u00f6zmek yerine, hekim eme\u011fini de\u011fersizle\u015ftiren, \u00e7al\u0131\u015fma ko\u015fullar\u0131n\u0131 a\u011f\u0131rla\u015ft\u0131ran ve kamusal sa\u011fl\u0131\u011f\u0131n\u0131 k\u0131r\u0131lgan hale getiren bir dayatma oldu\u011funu iddia eden Dalkan, tam mesai s\u00f6yleminin, altyap\u0131s\u0131 g\u00fc\u00e7lendirilmemi\u015f, insan g\u00fcc\u00fc planlanmas\u0131 yap\u0131lmam\u0131\u015f, denetimi olmayan bir sistemde alg\u0131 y\u00f6netimi oldu\u011funu \u00f6ne s\u00fcrd\u00fc.<\/p>\n<p>Kapasitenin art\u0131r\u0131lmas\u0131, \u201cyolsuzluk iddialar\u0131yla an\u0131lan\u201d Girne ve G\u00fczelyurt Hastanelerinin bitirilmesi, sa\u011fl\u0131k \u00e7al\u0131\u015fan\u0131 al\u0131nmas\u0131, \u00e7al\u0131\u015ft\u0131r\u0131lmas\u0131 gerekti\u011fini s\u00f6yleyen Dalkan, \u201cHekimlerin g\u00f6r\u00fc\u015f\u00fc al\u0131nmadan, yalanlarla, iftiralarla, tehditlerle y\u00fcr\u00fct\u00fclen bu s\u00fcrecin ba\u015far\u0131 \u015fans\u0131 maalesef yoktur.\u201d dedi.<\/p>\n<p>&#8211; \u201cBu grev bir zorunluluktu\u201d<\/p>\n<p>Dalkan, Sa\u011fl\u0131k Bakan\u0131 Hakan Din\u00e7\u00fcrek\u2019i ele\u015ftirerek, bu d\u00f6nemin, sa\u011fl\u0131k sisteminde ba\u015far\u0131s\u0131zl\u0131k\u0131larla ve skandallarla dolu bir d\u00f6nem olarak an\u0131laca\u011f\u0131n\u0131 iddia etti.<\/p>\n<p>\u201cElinize kan bula\u015ft\u0131. Hi\u00e7bir ad\u0131m atmad\u0131n\u0131z.\u201d diyen Dalkan, birlik binas\u0131na \u00e7ekilen siyah bayra\u011fa dikkat \u00e7ekerek, Sa\u011fl\u0131k Hizmetleri Yasas\u0131 b\u00fcnyesinde kurulacak olan T\u0131pta Uzmanl\u0131k Kurulu konusundaki protestolar ve itirazlar\u0131n\u0131n devam etti\u011fini hat\u0131rlatt\u0131.<\/p>\n<p>M\u00fccadelenin sonuna kadar, her platformda devam edece\u011fini s\u00f6yleyen Dalkan, T\u0131p-\u0130\u015f\u2019in grevini bir zorunluluk olarak de\u011ferlendirdi.<\/p>\n<p>Din\u00e7y\u00fcrek\u2019e istifa \u00e7a\u011fr\u0131s\u0131 yapan Dalkan, bakan\u0131n hekimleri kar\u015f\u0131s\u0131na de\u011fil yan\u0131na almas\u0131 gerekti\u011fini belirtti.<\/p>\n<p>-Bengihan: &#8220;Sistemsizlik sistem oldu&#8221;<\/p>\n<p>K\u0131br\u0131s \u0130\u015f\u00e7i ve Emek\u00e7i Sendikalar\u0131 Federasyonu (K\u0130EF) ve K\u0131br\u0131s T\u00fcrk Amme Memurlar\u0131 Sendikas\u0131 (KTAMS) Ba\u015fkan\u0131 G\u00fcven Bengihan ise, h\u00fck\u00fcmete \u201cvefas\u0131z\u201d ele\u015ftirisinde bulundu.<\/p>\n<p>Pandemi d\u00f6neminde hekimler ve kamu sa\u011fl\u0131k \u00e7al\u0131\u015fanlar\u0131 i\u00e7in edilen te\u015fekk\u00fcrlere dikkat \u00e7eken ve \u015fu anki durumu ele\u015ftiren Bengihan, hekimler ve sa\u011fl\u0131k \u00e7al\u0131\u015fanlar\u0131n\u0131n mevcut durumdan rahats\u0131zl\u0131k duydu\u011funu vurgulad\u0131.<\/p>\n<p>Bengihan, h\u00fck\u00fcmetin, emek\u00e7i ve halk d\u00fc\u015fman\u0131 oldu\u011funu iddia ederek, hekimlerin tam g\u00fcn hizmet verilmesine kar\u015f\u0131 olmad\u0131\u011f\u0131n\u0131 i\u015faret etti. Bengihan, hekimlerin y\u00fczde 53\u2019\u00fcn\u00fcn as\u0131l ve s\u00fcrekli kadroda \u00e7al\u0131\u015ft\u0131r\u0131lmamas\u0131n\u0131n Anayasa\u2019ya uygun olmad\u0131\u011f\u0131n\u0131 ve as\u0131l ve s\u00fcrekli g\u00f6revlerin, as\u0131l ve s\u00fcrekli kadrolu hekimler taraf\u0131ndan yap\u0131lmas\u0131 gerekti\u011fini s\u00f6yledi.<\/p>\n<p>\u201cSistemsizlik sistem oldu\u201d diyen Bengihan, \u201csistemsizlik\u201d sonucunda hekimlerle halk\u0131n kar\u015f\u0131 kar\u015f\u0131ya getirildi\u011fini \u00f6ne s\u00fcrd\u00fc.<\/p>\n<p>\u00d6zel hastanelere yap\u0131lan sevkleri ele\u015ftiren Bengihan, y\u0131ll\u0131k \u00f6denen miktarla, yat\u0131r\u0131m yap\u0131labilece\u011fini s\u00f6yledi. Bengihan, m\u00fcste\u015farlar\u0131n &#8220;r\u00fc\u015fvet ve yolsuzluk&#8221; iddialar\u0131nda ad\u0131 ge\u00e7ti\u011fini s\u00f6yleyerek, Din\u00e7y\u00fcrek\u2019in doktorlara kar\u015f\u0131 kulland\u0131\u011f\u0131 s\u00f6ylemleri ele\u015ftirdi.<\/p>\n<p>\u201cBu h\u00fck\u00fcmet gitmeden ne hekime ne \u00f6\u011fretmene ne memura ne emek\u00e7iye g\u00fcler y\u00fcz yok. Bunlar ya gidecek ya birlikte g\u00f6t\u00fcrece\u011fiz.\u201d diyen Bengihan, demokratik yollar t\u00fcketirlerse, eylemlilik s\u00fcrecini kullanacaklar\u0131n\u0131, m\u00fccadeleye devam edeceklerini belirtti.<\/p>\n<\/p><\/div>\n","protected":false},"excerpt":{"rendered":"<p>K\u0131br\u0131s T\u00fcrk Hekimler Sendikas\u0131 (T\u0131p-\u0130\u015f), \u201csorunlara \u00e7\u00f6z\u00fcm \u00fcretilmek yerine diyalog yolunun kapat\u0131ld\u0131\u011f\u0131 ve hekimlerin tehdit edildi\u011fi\u201d gerek\u00e7esiyle bug\u00fcn t\u00fcm kamu sa\u011fl\u0131k birimlerinde acil, yo\u011fun bak\u0131m, hemodiyaliz ve kemoterapi hizmetleri hari\u00e7 tam g\u00fcn grev ve eyleme gitti. Lefko\u015fa Burhan Nalbanto\u011flu Devlet Hastanesi ana binas\u0131 \u00f6n\u00fcnde bas\u0131n a\u00e7\u0131klamas\u0131 ger\u00e7ekle\u015ftiren T\u0131p-\u0130\u015f\u2019e, K\u0131br\u0131s T\u00fcrk Tabipleri Birli\u011fi ile K\u0131br\u0131s \u0130\u015f\u00e7i<\/p>\n","protected":false},"author":1,"featured_media":105702,"comment_status":"open","ping_status":"open","sticky":false,"template":"","format":"standard","meta":{"footnotes":""},"categories":[81],"tags":[],"class_list":["post-105701","post","type-post","status-publish","format-standard","has-post-thumbnail","hentry","category-kibris"],"yoast_head":"<!-- This site is optimized with the Yoast SEO plugin v27.4 - https:\/\/yoast.com\/product\/yoast-seo-wordpress\/ -->\n<title>TIP-\u0130\u015e BUG\u00dcN TAM G\u00dcN GREVDE... -<\/title>\n<meta name=\"robots\" content=\"index, follow, max-snippet:-1, max-image-preview:large, max-video-preview:-1\" \/>\n<link rel=\"canonical\" href=\"https:\/\/kibrisdakik.com\/?p=105701\" \/>\n<meta property=\"og:locale\" content=\"tr_TR\" \/>\n<meta property=\"og:type\" content=\"article\" \/>\n<meta property=\"og:title\" content=\"TIP-\u0130\u015e BUG\u00dcN TAM G\u00dcN GREVDE... -\" \/>\n<meta property=\"og:description\" content=\"K\u0131br\u0131s T\u00fcrk Hekimler Sendikas\u0131 (T\u0131p-\u0130\u015f), \u201csorunlara \u00e7\u00f6z\u00fcm \u00fcretilmek yerine diyalog yolunun kapat\u0131ld\u0131\u011f\u0131 ve hekimlerin tehdit edildi\u011fi\u201d gerek\u00e7esiyle bug\u00fcn t\u00fcm kamu sa\u011fl\u0131k birimlerinde acil, yo\u011fun bak\u0131m, hemodiyaliz ve kemoterapi hizmetleri hari\u00e7 tam g\u00fcn grev ve eyleme gitti. Lefko\u015fa Burhan Nalbanto\u011flu Devlet Hastanesi ana binas\u0131 \u00f6n\u00fcnde bas\u0131n a\u00e7\u0131klamas\u0131 ger\u00e7ekle\u015ftiren T\u0131p-\u0130\u015f\u2019e, K\u0131br\u0131s T\u00fcrk Tabipleri Birli\u011fi ile K\u0131br\u0131s \u0130\u015f\u00e7i\" \/>\n<meta property=\"og:url\" content=\"https:\/\/kibrisdakik.com\/?p=105701\" \/>\n<meta property=\"article:published_time\" content=\"2026-02-06T13:33:04+00:00\" \/>\n<meta property=\"og:image\" content=\"https:\/\/kibrisdakik.com\/wp-content\/uploads\/2026\/02\/mha-sari-beyaz-2978.png\" \/>\n\t<meta property=\"og:image:width\" content=\"1280\" \/>\n\t<meta property=\"og:image:height\" content=\"720\" \/>\n\t<meta property=\"og:image:type\" content=\"image\/png\" \/>\n<meta name=\"author\" content=\"admin\" \/>\n<meta name=\"twitter:card\" content=\"summary_large_image\" \/>\n<meta name=\"twitter:label1\" content=\"Yazan:\" \/>\n\t<meta name=\"twitter:data1\" content=\"admin\" \/>\n\t<meta name=\"twitter:label2\" content=\"Tahmini okuma s\u00fcresi\" \/>\n\t<meta name=\"twitter:data2\" content=\"8 dakika\" \/>\n<script type=\"application\/ld+json\" class=\"yoast-schema-graph\">{\"@context\":\"https:\\\/\\\/schema.org\",\"@graph\":[{\"@type\":\"Article\",\"@id\":\"https:\\\/\\\/kibrisdakik.com\\\/?p=105701#article\",\"isPartOf\":{\"@id\":\"https:\\\/\\\/kibrisdakik.com\\\/?p=105701\"},\"author\":{\"name\":\"admin\",\"@id\":\"https:\\\/\\\/kibrisdakik.com\\\/#\\\/schema\\\/person\\\/9cd9d437bbb44f72b73ba127e06d8e79\"},\"headline\":\"TIP-\u0130\u015e BUG\u00dcN TAM G\u00dcN GREVDE&#8230;\",\"datePublished\":\"2026-02-06T13:33:04+00:00\",\"mainEntityOfPage\":{\"@id\":\"https:\\\/\\\/kibrisdakik.com\\\/?p=105701\"},\"wordCount\":1597,\"commentCount\":0,\"image\":{\"@id\":\"https:\\\/\\\/kibrisdakik.com\\\/?p=105701#primaryimage\"},\"thumbnailUrl\":\"https:\\\/\\\/kibrisdakik.com\\\/wp-content\\\/uploads\\\/2026\\\/02\\\/mha-sari-beyaz-2978.png\",\"articleSection\":[\"K\u0131br\u0131s\"],\"inLanguage\":\"tr\",\"potentialAction\":[{\"@type\":\"CommentAction\",\"name\":\"Comment\",\"target\":[\"https:\\\/\\\/kibrisdakik.com\\\/?p=105701#respond\"]}]},{\"@type\":\"WebPage\",\"@id\":\"https:\\\/\\\/kibrisdakik.com\\\/?p=105701\",\"url\":\"https:\\\/\\\/kibrisdakik.com\\\/?p=105701\",\"name\":\"TIP-\u0130\u015e BUG\u00dcN TAM G\u00dcN GREVDE... -\",\"isPartOf\":{\"@id\":\"https:\\\/\\\/kibrisdakik.com\\\/#website\"},\"primaryImageOfPage\":{\"@id\":\"https:\\\/\\\/kibrisdakik.com\\\/?p=105701#primaryimage\"},\"image\":{\"@id\":\"https:\\\/\\\/kibrisdakik.com\\\/?p=105701#primaryimage\"},\"thumbnailUrl\":\"https:\\\/\\\/kibrisdakik.com\\\/wp-content\\\/uploads\\\/2026\\\/02\\\/mha-sari-beyaz-2978.png\",\"datePublished\":\"2026-02-06T13:33:04+00:00\",\"author\":{\"@id\":\"https:\\\/\\\/kibrisdakik.com\\\/#\\\/schema\\\/person\\\/9cd9d437bbb44f72b73ba127e06d8e79\"},\"breadcrumb\":{\"@id\":\"https:\\\/\\\/kibrisdakik.com\\\/?p=105701#breadcrumb\"},\"inLanguage\":\"tr\",\"potentialAction\":[{\"@type\":\"ReadAction\",\"target\":[\"https:\\\/\\\/kibrisdakik.com\\\/?p=105701\"]}]},{\"@type\":\"ImageObject\",\"inLanguage\":\"tr\",\"@id\":\"https:\\\/\\\/kibrisdakik.com\\\/?p=105701#primaryimage\",\"url\":\"https:\\\/\\\/kibrisdakik.com\\\/wp-content\\\/uploads\\\/2026\\\/02\\\/mha-sari-beyaz-2978.png\",\"contentUrl\":\"https:\\\/\\\/kibrisdakik.com\\\/wp-content\\\/uploads\\\/2026\\\/02\\\/mha-sari-beyaz-2978.png\",\"width\":1280,\"height\":720},{\"@type\":\"BreadcrumbList\",\"@id\":\"https:\\\/\\\/kibrisdakik.com\\\/?p=105701#breadcrumb\",\"itemListElement\":[{\"@type\":\"ListItem\",\"position\":1,\"name\":\"Home\",\"item\":\"https:\\\/\\\/kibrisdakik.com\\\/\"},{\"@type\":\"ListItem\",\"position\":2,\"name\":\"TIP-\u0130\u015e BUG\u00dcN TAM G\u00dcN GREVDE&#8230;\"}]},{\"@type\":\"WebSite\",\"@id\":\"https:\\\/\\\/kibrisdakik.com\\\/#website\",\"url\":\"https:\\\/\\\/kibrisdakik.com\\\/\",\"name\":\"\",\"description\":\"Tam vaktinde haber\",\"potentialAction\":[{\"@type\":\"SearchAction\",\"target\":{\"@type\":\"EntryPoint\",\"urlTemplate\":\"https:\\\/\\\/kibrisdakik.com\\\/?s={search_term_string}\"},\"query-input\":{\"@type\":\"PropertyValueSpecification\",\"valueRequired\":true,\"valueName\":\"search_term_string\"}}],\"inLanguage\":\"tr\"},{\"@type\":\"Person\",\"@id\":\"https:\\\/\\\/kibrisdakik.com\\\/#\\\/schema\\\/person\\\/9cd9d437bbb44f72b73ba127e06d8e79\",\"name\":\"admin\",\"image\":{\"@type\":\"ImageObject\",\"inLanguage\":\"tr\",\"@id\":\"https:\\\/\\\/secure.gravatar.com\\\/avatar\\\/ccc17943b9d660506c869530f897617f7cb1c21a4bf30023f252596d83e1f007?s=96&d=mm&r=g\",\"url\":\"https:\\\/\\\/secure.gravatar.com\\\/avatar\\\/ccc17943b9d660506c869530f897617f7cb1c21a4bf30023f252596d83e1f007?s=96&d=mm&r=g\",\"contentUrl\":\"https:\\\/\\\/secure.gravatar.com\\\/avatar\\\/ccc17943b9d660506c869530f897617f7cb1c21a4bf30023f252596d83e1f007?s=96&d=mm&r=g\",\"caption\":\"admin\"},\"sameAs\":[\"https:\\\/\\\/kibrisdakik.com\"],\"url\":\"https:\\\/\\\/kibrisdakik.com\\\/?author=1\"}]}<\/script>\n<!-- \/ Yoast SEO plugin. -->","yoast_head_json":{"title":"TIP-\u0130\u015e BUG\u00dcN TAM G\u00dcN GREVDE... -","robots":{"index":"index","follow":"follow","max-snippet":"max-snippet:-1","max-image-preview":"max-image-preview:large","max-video-preview":"max-video-preview:-1"},"canonical":"https:\/\/kibrisdakik.com\/?p=105701","og_locale":"tr_TR","og_type":"article","og_title":"TIP-\u0130\u015e BUG\u00dcN TAM G\u00dcN GREVDE... -","og_description":"K\u0131br\u0131s T\u00fcrk Hekimler Sendikas\u0131 (T\u0131p-\u0130\u015f), \u201csorunlara \u00e7\u00f6z\u00fcm \u00fcretilmek yerine diyalog yolunun kapat\u0131ld\u0131\u011f\u0131 ve hekimlerin tehdit edildi\u011fi\u201d gerek\u00e7esiyle bug\u00fcn t\u00fcm kamu sa\u011fl\u0131k birimlerinde acil, yo\u011fun bak\u0131m, hemodiyaliz ve kemoterapi hizmetleri hari\u00e7 tam g\u00fcn grev ve eyleme gitti. Lefko\u015fa Burhan Nalbanto\u011flu Devlet Hastanesi ana binas\u0131 \u00f6n\u00fcnde bas\u0131n a\u00e7\u0131klamas\u0131 ger\u00e7ekle\u015ftiren T\u0131p-\u0130\u015f\u2019e, K\u0131br\u0131s T\u00fcrk Tabipleri Birli\u011fi ile K\u0131br\u0131s \u0130\u015f\u00e7i","og_url":"https:\/\/kibrisdakik.com\/?p=105701","article_published_time":"2026-02-06T13:33:04+00:00","og_image":[{"width":1280,"height":720,"url":"https:\/\/kibrisdakik.com\/wp-content\/uploads\/2026\/02\/mha-sari-beyaz-2978.png","type":"image\/png"}],"author":"admin","twitter_card":"summary_large_image","twitter_misc":{"Yazan:":"admin","Tahmini okuma s\u00fcresi":"8 dakika"},"schema":{"@context":"https:\/\/schema.org","@graph":[{"@type":"Article","@id":"https:\/\/kibrisdakik.com\/?p=105701#article","isPartOf":{"@id":"https:\/\/kibrisdakik.com\/?p=105701"},"author":{"name":"admin","@id":"https:\/\/kibrisdakik.com\/#\/schema\/person\/9cd9d437bbb44f72b73ba127e06d8e79"},"headline":"TIP-\u0130\u015e BUG\u00dcN TAM G\u00dcN GREVDE&#8230;","datePublished":"2026-02-06T13:33:04+00:00","mainEntityOfPage":{"@id":"https:\/\/kibrisdakik.com\/?p=105701"},"wordCount":1597,"commentCount":0,"image":{"@id":"https:\/\/kibrisdakik.com\/?p=105701#primaryimage"},"thumbnailUrl":"https:\/\/kibrisdakik.com\/wp-content\/uploads\/2026\/02\/mha-sari-beyaz-2978.png","articleSection":["K\u0131br\u0131s"],"inLanguage":"tr","potentialAction":[{"@type":"CommentAction","name":"Comment","target":["https:\/\/kibrisdakik.com\/?p=105701#respond"]}]},{"@type":"WebPage","@id":"https:\/\/kibrisdakik.com\/?p=105701","url":"https:\/\/kibrisdakik.com\/?p=105701","name":"TIP-\u0130\u015e BUG\u00dcN TAM G\u00dcN GREVDE... -","isPartOf":{"@id":"https:\/\/kibrisdakik.com\/#website"},"primaryImageOfPage":{"@id":"https:\/\/kibrisdakik.com\/?p=105701#primaryimage"},"image":{"@id":"https:\/\/kibrisdakik.com\/?p=105701#primaryimage"},"thumbnailUrl":"https:\/\/kibrisdakik.com\/wp-content\/uploads\/2026\/02\/mha-sari-beyaz-2978.png","datePublished":"2026-02-06T13:33:04+00:00","author":{"@id":"https:\/\/kibrisdakik.com\/#\/schema\/person\/9cd9d437bbb44f72b73ba127e06d8e79"},"breadcrumb":{"@id":"https:\/\/kibrisdakik.com\/?p=105701#breadcrumb"},"inLanguage":"tr","potentialAction":[{"@type":"ReadAction","target":["https:\/\/kibrisdakik.com\/?p=105701"]}]},{"@type":"ImageObject","inLanguage":"tr","@id":"https:\/\/kibrisdakik.com\/?p=105701#primaryimage","url":"https:\/\/kibrisdakik.com\/wp-content\/uploads\/2026\/02\/mha-sari-beyaz-2978.png","contentUrl":"https:\/\/kibrisdakik.com\/wp-content\/uploads\/2026\/02\/mha-sari-beyaz-2978.png","width":1280,"height":720},{"@type":"BreadcrumbList","@id":"https:\/\/kibrisdakik.com\/?p=105701#breadcrumb","itemListElement":[{"@type":"ListItem","position":1,"name":"Home","item":"https:\/\/kibrisdakik.com\/"},{"@type":"ListItem","position":2,"name":"TIP-\u0130\u015e BUG\u00dcN TAM G\u00dcN GREVDE&#8230;"}]},{"@type":"WebSite","@id":"https:\/\/kibrisdakik.com\/#website","url":"https:\/\/kibrisdakik.com\/","name":"","description":"Tam vaktinde haber","potentialAction":[{"@type":"SearchAction","target":{"@type":"EntryPoint","urlTemplate":"https:\/\/kibrisdakik.com\/?s={search_term_string}"},"query-input":{"@type":"PropertyValueSpecification","valueRequired":true,"valueName":"search_term_string"}}],"inLanguage":"tr"},{"@type":"Person","@id":"https:\/\/kibrisdakik.com\/#\/schema\/person\/9cd9d437bbb44f72b73ba127e06d8e79","name":"admin","image":{"@type":"ImageObject","inLanguage":"tr","@id":"https:\/\/secure.gravatar.com\/avatar\/ccc17943b9d660506c869530f897617f7cb1c21a4bf30023f252596d83e1f007?s=96&d=mm&r=g","url":"https:\/\/secure.gravatar.com\/avatar\/ccc17943b9d660506c869530f897617f7cb1c21a4bf30023f252596d83e1f007?s=96&d=mm&r=g","contentUrl":"https:\/\/secure.gravatar.com\/avatar\/ccc17943b9d660506c869530f897617f7cb1c21a4bf30023f252596d83e1f007?s=96&d=mm&r=g","caption":"admin"},"sameAs":["https:\/\/kibrisdakik.com"],"url":"https:\/\/kibrisdakik.com\/?author=1"}]}},"_links":{"self":[{"href":"https:\/\/kibrisdakik.com\/index.php?rest_route=\/wp\/v2\/posts\/105701","targetHints":{"allow":["GET"]}}],"collection":[{"href":"https:\/\/kibrisdakik.com\/index.php?rest_route=\/wp\/v2\/posts"}],"about":[{"href":"https:\/\/kibrisdakik.com\/index.php?rest_route=\/wp\/v2\/types\/post"}],"author":[{"embeddable":true,"href":"https:\/\/kibrisdakik.com\/index.php?rest_route=\/wp\/v2\/users\/1"}],"replies":[{"embeddable":true,"href":"https:\/\/kibrisdakik.com\/index.php?rest_route=%2Fwp%2Fv2%2Fcomments&post=105701"}],"version-history":[{"count":0,"href":"https:\/\/kibrisdakik.com\/index.php?rest_route=\/wp\/v2\/posts\/105701\/revisions"}],"wp:featuredmedia":[{"embeddable":true,"href":"https:\/\/kibrisdakik.com\/index.php?rest_route=\/wp\/v2\/media\/105702"}],"wp:attachment":[{"href":"https:\/\/kibrisdakik.com\/index.php?rest_route=%2Fwp%2Fv2%2Fmedia&parent=105701"}],"wp:term":[{"taxonomy":"category","embeddable":true,"href":"https:\/\/kibrisdakik.com\/index.php?rest_route=%2Fwp%2Fv2%2Fcategories&post=105701"},{"taxonomy":"post_tag","embeddable":true,"href":"https:\/\/kibrisdakik.com\/index.php?rest_route=%2Fwp%2Fv2%2Ftags&post=105701"}],"curies":[{"name":"wp","href":"https:\/\/api.w.org\/{rel}","templated":true}]}}