{"id":105703,"date":"2026-02-06T15:39:03","date_gmt":"2026-02-06T13:39:03","guid":{"rendered":"https:\/\/kibrisdakik.com\/index.php\/2026\/02\/06\/ctpnin-organize-ettigi-baska-kibris-yok-belgesel-gosterimi-yapildi\/"},"modified":"2026-02-06T15:39:03","modified_gmt":"2026-02-06T13:39:03","slug":"ctpnin-organize-ettigi-baska-kibris-yok-belgesel-gosterimi-yapildi","status":"publish","type":"post","link":"https:\/\/kibrisdakik.com\/?p=105703","title":{"rendered":"CTP&#039;N\u0130N ORGAN\u0130ZE ETT\u0130\u011e\u0130 \u201cBA\u015eKA KIBRIS YOK\u201d BELGESEL G\u00d6STER\u0130M\u0130 YAPILDI"},"content":{"rendered":"<p><\/p>\n<div data-text-id=\"195598\" property=\"articleBody\">\n<p>Cumhuriyet\u00e7i T\u00fcrk Partisi\u2019nin (CTP) organize etti\u011fi \u201cBa\u015fka K\u0131br\u0131s Yok\u201d belgesel g\u00f6sterimi Naci Talat Vakf\u0131\u2019nda yap\u0131ld\u0131. Yap\u0131mc\u0131l\u0131\u011f\u0131n\u0131 ara\u015ft\u0131rmac\u0131 yazar Mete Hatay\u2019\u0131n \u00fcstlendi\u011fi belgeselde ta\u015f ocaklar\u0131 ba\u015fta olmak \u00fczere K\u0131br\u0131s\u2019taki \u00e7evre sorunlar\u0131na dikkat \u00e7ekildi.<\/p>\n<p>CTP\u2019den verilen bilgiye g\u00f6re, a\u00e7\u0131l\u0131\u015f konu\u015fmas\u0131n\u0131 CTP MYK \u00fcyesi Feriha Tel\u2019in yapt\u0131\u011f\u0131 organizasyonda, belgesel g\u00f6steriminin ard\u0131ndan CTP Genel Ba\u015fkan\u0131 S\u0131la Usar \u0130ncirli konu\u015fma yaparak \u201cOrtada bir rant d\u00fczeni, \u00e7evre tahribat\u0131 var. CTP gerekli siyasi iradeyi ortaya koyacak ve iklim krizinin etkilerini en aza indirmek i\u00e7in m\u00fccadele edecek\u201d dedi.<\/p>\n<p>Konu\u015fmalar\u0131n sonunda etkinlik, soru-cevap ile tamamland\u0131. Belgesel g\u00f6sterimine, CTP\u2019li milletvekillerinin yan\u0131 s\u0131ra vatanda\u015flar da kat\u0131ld\u0131.<\/p>\n<p>-\u0130ncirli: &#8220;\u0130klim krizinin etkilerini en aza indirmek i\u00e7in m\u00fccadele edece\u011fiz&#8221;<\/p>\n<p>CTP Genel Ba\u015fkan\u0131 S\u0131la Usar \u0130ncirli, konu\u015fmas\u0131n\u0131n ba\u015f\u0131nda siyasi iradenin \u00f6nemine vurgu yaparak, belgeselin yap\u0131mc\u0131lar\u0131na te\u015fekk\u00fcr etti. \u00c7evreye bak\u0131ld\u0131\u011f\u0131 zaman tahribat\u0131n g\u00f6zle g\u00f6r\u00fcl\u00fcr oldu\u011funu ifade eden \u0130ncirli \u201cBu tahribat\u0131 g\u00f6rmezden gelmek yerine g\u00f6zlerimizi \u00e7evirip \u00fcst\u00fcm\u00fcze d\u00fc\u015fen sorumlulu\u011fu g\u00f6stermeliyiz\u201d dedi.<\/p>\n<p>\u00c7evre derneklerinin gerekli hassasiyeti g\u00f6stererek de\u011ferli \u00e7al\u0131\u015fmalar yapt\u0131klar\u0131n\u0131 fakat siyasi irade olmad\u0131\u011f\u0131n\u0131 savunan \u0130ncirli &#8220;raflara kald\u0131r\u0131lan imar planlar\u0131yla tar\u0131m arazilerinin, sahil \u015feritlerinin korunamad\u0131\u011f\u0131n\u0131&#8221; s\u00f6yledi.<\/p>\n<p>\u201cHer bir politikada karar verirken iklim krizi ve \u00e7evre sorunuyla ili\u015fkilendirerek yapmak zorunday\u0131z\u201d diyen \u0130ncirli, CTP iktidar\u0131nda iklim krizinin, su ta\u015fk\u0131nlar\u0131 gibi etkilerini en aza indirmek i\u00e7in m\u00fccadele edeceklerinin alt\u0131n\u0131 \u00e7izdi.<\/p>\n<p>\u0130ncirli, K\u0131br\u0131s\u2019taki \u00e7evre sorunlar\u0131n\u0131n her iki toplumu da ilgilendirdi\u011fini dile getirerek, K\u0131br\u0131sl\u0131 T\u00fcrklerin d\u0131\u015far\u0131da b\u0131rak\u0131ld\u0131\u011f\u0131 zaman b\u00fct\u00fcnl\u00fckl\u00fc bir \u015fekilde do\u011fan\u0131n korunamayaca\u011f\u0131n\u0131 s\u00f6yledi.<\/p>\n<p>A\u00e7\u0131klamaya g\u00f6re, ara\u015ft\u0131rmac\u0131 yazar Mete Hatay da, siyasetin \u00e7evreye daha fazla \u00f6nem vermesi gerekti\u011fini ifade ederek &#8221; \u2018vur-ka\u00e7\u2019 yapan bir h\u00fck\u00fcmet oldu\u011funu&#8221; s\u00f6yledi. K\u0131br\u0131s sorununu \u00e7\u00f6z\u00fcm s\u00fcrecindeyken de \u00e7evreyle ilgili eyleme ge\u00e7mek gerekti\u011fini belirten Hatay, kat\u0131l\u0131mc\u0131lara te\u015fekk\u00fcr etti.<\/p>\n<\/p><\/div>\n","protected":false},"excerpt":{"rendered":"<p>Cumhuriyet\u00e7i T\u00fcrk Partisi\u2019nin (CTP) organize etti\u011fi \u201cBa\u015fka K\u0131br\u0131s Yok\u201d belgesel g\u00f6sterimi Naci Talat Vakf\u0131\u2019nda yap\u0131ld\u0131. Yap\u0131mc\u0131l\u0131\u011f\u0131n\u0131 ara\u015ft\u0131rmac\u0131 yazar Mete Hatay\u2019\u0131n \u00fcstlendi\u011fi belgeselde ta\u015f ocaklar\u0131 ba\u015fta olmak \u00fczere K\u0131br\u0131s\u2019taki \u00e7evre sorunlar\u0131na dikkat \u00e7ekildi. CTP\u2019den verilen bilgiye g\u00f6re, a\u00e7\u0131l\u0131\u015f konu\u015fmas\u0131n\u0131 CTP MYK \u00fcyesi Feriha Tel\u2019in yapt\u0131\u011f\u0131 organizasyonda, belgesel g\u00f6steriminin ard\u0131ndan CTP Genel Ba\u015fkan\u0131 S\u0131la Usar \u0130ncirli konu\u015fma<\/p>\n","protected":false},"author":1,"featured_media":105704,"comment_status":"open","ping_status":"open","sticky":false,"template":"","format":"standard","meta":{"footnotes":""},"categories":[81],"tags":[],"class_list":["post-105703","post","type-post","status-publish","format-standard","has-post-thumbnail","hentry","category-kibris"],"yoast_head":"<!-- This site is optimized with the Yoast SEO plugin v27.5 - https:\/\/yoast.com\/product\/yoast-seo-wordpress\/ -->\n<title>CTP&#039;N\u0130N ORGAN\u0130ZE ETT\u0130\u011e\u0130 \u201cBA\u015eKA KIBRIS YOK\u201d BELGESEL G\u00d6STER\u0130M\u0130 YAPILDI -<\/title>\n<meta name=\"robots\" content=\"index, follow, max-snippet:-1, max-image-preview:large, max-video-preview:-1\" \/>\n<link rel=\"canonical\" href=\"https:\/\/kibrisdakik.com\/?p=105703\" \/>\n<meta property=\"og:locale\" content=\"tr_TR\" \/>\n<meta property=\"og:type\" content=\"article\" \/>\n<meta property=\"og:title\" content=\"CTP&#039;N\u0130N ORGAN\u0130ZE ETT\u0130\u011e\u0130 \u201cBA\u015eKA KIBRIS YOK\u201d BELGESEL G\u00d6STER\u0130M\u0130 YAPILDI -\" \/>\n<meta property=\"og:description\" content=\"Cumhuriyet\u00e7i T\u00fcrk Partisi\u2019nin (CTP) organize etti\u011fi \u201cBa\u015fka K\u0131br\u0131s Yok\u201d belgesel g\u00f6sterimi Naci Talat Vakf\u0131\u2019nda yap\u0131ld\u0131. Yap\u0131mc\u0131l\u0131\u011f\u0131n\u0131 ara\u015ft\u0131rmac\u0131 yazar Mete Hatay\u2019\u0131n \u00fcstlendi\u011fi belgeselde ta\u015f ocaklar\u0131 ba\u015fta olmak \u00fczere K\u0131br\u0131s\u2019taki \u00e7evre sorunlar\u0131na dikkat \u00e7ekildi. CTP\u2019den verilen bilgiye g\u00f6re, a\u00e7\u0131l\u0131\u015f konu\u015fmas\u0131n\u0131 CTP MYK \u00fcyesi Feriha Tel\u2019in yapt\u0131\u011f\u0131 organizasyonda, belgesel g\u00f6steriminin ard\u0131ndan CTP Genel Ba\u015fkan\u0131 S\u0131la Usar \u0130ncirli konu\u015fma\" \/>\n<meta property=\"og:url\" content=\"https:\/\/kibrisdakik.com\/?p=105703\" \/>\n<meta property=\"article:published_time\" content=\"2026-02-06T13:39:03+00:00\" \/>\n<meta property=\"og:image\" content=\"https:\/\/kibrisdakik.com\/wp-content\/uploads\/2026\/02\/mha-sari-beyaz-2979.png\" \/>\n\t<meta property=\"og:image:width\" content=\"1280\" \/>\n\t<meta property=\"og:image:height\" content=\"720\" \/>\n\t<meta property=\"og:image:type\" content=\"image\/png\" \/>\n<meta name=\"author\" content=\"admin\" \/>\n<meta name=\"twitter:card\" content=\"summary_large_image\" \/>\n<meta name=\"twitter:label1\" content=\"Yazan:\" \/>\n\t<meta name=\"twitter:data1\" content=\"admin\" \/>\n\t<meta name=\"twitter:label2\" content=\"Tahmini okuma s\u00fcresi\" \/>\n\t<meta name=\"twitter:data2\" content=\"2 dakika\" \/>\n<script type=\"application\/ld+json\" class=\"yoast-schema-graph\">{\"@context\":\"https:\\\/\\\/schema.org\",\"@graph\":[{\"@type\":\"Article\",\"@id\":\"https:\\\/\\\/kibrisdakik.com\\\/?p=105703#article\",\"isPartOf\":{\"@id\":\"https:\\\/\\\/kibrisdakik.com\\\/?p=105703\"},\"author\":{\"name\":\"admin\",\"@id\":\"https:\\\/\\\/kibrisdakik.com\\\/#\\\/schema\\\/person\\\/9cd9d437bbb44f72b73ba127e06d8e79\"},\"headline\":\"CTP&#039;N\u0130N ORGAN\u0130ZE ETT\u0130\u011e\u0130 \u201cBA\u015eKA KIBRIS YOK\u201d BELGESEL G\u00d6STER\u0130M\u0130 YAPILDI\",\"datePublished\":\"2026-02-06T13:39:03+00:00\",\"mainEntityOfPage\":{\"@id\":\"https:\\\/\\\/kibrisdakik.com\\\/?p=105703\"},\"wordCount\":405,\"commentCount\":0,\"image\":{\"@id\":\"https:\\\/\\\/kibrisdakik.com\\\/?p=105703#primaryimage\"},\"thumbnailUrl\":\"https:\\\/\\\/kibrisdakik.com\\\/wp-content\\\/uploads\\\/2026\\\/02\\\/mha-sari-beyaz-2979.png\",\"articleSection\":[\"K\u0131br\u0131s\"],\"inLanguage\":\"tr\",\"potentialAction\":[{\"@type\":\"CommentAction\",\"name\":\"Comment\",\"target\":[\"https:\\\/\\\/kibrisdakik.com\\\/?p=105703#respond\"]}]},{\"@type\":\"WebPage\",\"@id\":\"https:\\\/\\\/kibrisdakik.com\\\/?p=105703\",\"url\":\"https:\\\/\\\/kibrisdakik.com\\\/?p=105703\",\"name\":\"CTP&#039;N\u0130N ORGAN\u0130ZE ETT\u0130\u011e\u0130 \u201cBA\u015eKA KIBRIS YOK\u201d BELGESEL G\u00d6STER\u0130M\u0130 YAPILDI -\",\"isPartOf\":{\"@id\":\"https:\\\/\\\/kibrisdakik.com\\\/#website\"},\"primaryImageOfPage\":{\"@id\":\"https:\\\/\\\/kibrisdakik.com\\\/?p=105703#primaryimage\"},\"image\":{\"@id\":\"https:\\\/\\\/kibrisdakik.com\\\/?p=105703#primaryimage\"},\"thumbnailUrl\":\"https:\\\/\\\/kibrisdakik.com\\\/wp-content\\\/uploads\\\/2026\\\/02\\\/mha-sari-beyaz-2979.png\",\"datePublished\":\"2026-02-06T13:39:03+00:00\",\"author\":{\"@id\":\"https:\\\/\\\/kibrisdakik.com\\\/#\\\/schema\\\/person\\\/9cd9d437bbb44f72b73ba127e06d8e79\"},\"breadcrumb\":{\"@id\":\"https:\\\/\\\/kibrisdakik.com\\\/?p=105703#breadcrumb\"},\"inLanguage\":\"tr\",\"potentialAction\":[{\"@type\":\"ReadAction\",\"target\":[\"https:\\\/\\\/kibrisdakik.com\\\/?p=105703\"]}]},{\"@type\":\"ImageObject\",\"inLanguage\":\"tr\",\"@id\":\"https:\\\/\\\/kibrisdakik.com\\\/?p=105703#primaryimage\",\"url\":\"https:\\\/\\\/kibrisdakik.com\\\/wp-content\\\/uploads\\\/2026\\\/02\\\/mha-sari-beyaz-2979.png\",\"contentUrl\":\"https:\\\/\\\/kibrisdakik.com\\\/wp-content\\\/uploads\\\/2026\\\/02\\\/mha-sari-beyaz-2979.png\",\"width\":1280,\"height\":720},{\"@type\":\"BreadcrumbList\",\"@id\":\"https:\\\/\\\/kibrisdakik.com\\\/?p=105703#breadcrumb\",\"itemListElement\":[{\"@type\":\"ListItem\",\"position\":1,\"name\":\"Home\",\"item\":\"https:\\\/\\\/kibrisdakik.com\\\/\"},{\"@type\":\"ListItem\",\"position\":2,\"name\":\"CTP&#039;N\u0130N ORGAN\u0130ZE ETT\u0130\u011e\u0130 \u201cBA\u015eKA KIBRIS YOK\u201d BELGESEL G\u00d6STER\u0130M\u0130 YAPILDI\"}]},{\"@type\":\"WebSite\",\"@id\":\"https:\\\/\\\/kibrisdakik.com\\\/#website\",\"url\":\"https:\\\/\\\/kibrisdakik.com\\\/\",\"name\":\"\",\"description\":\"Tam vaktinde haber\",\"potentialAction\":[{\"@type\":\"SearchAction\",\"target\":{\"@type\":\"EntryPoint\",\"urlTemplate\":\"https:\\\/\\\/kibrisdakik.com\\\/?s={search_term_string}\"},\"query-input\":{\"@type\":\"PropertyValueSpecification\",\"valueRequired\":true,\"valueName\":\"search_term_string\"}}],\"inLanguage\":\"tr\"},{\"@type\":\"Person\",\"@id\":\"https:\\\/\\\/kibrisdakik.com\\\/#\\\/schema\\\/person\\\/9cd9d437bbb44f72b73ba127e06d8e79\",\"name\":\"admin\",\"image\":{\"@type\":\"ImageObject\",\"inLanguage\":\"tr\",\"@id\":\"https:\\\/\\\/secure.gravatar.com\\\/avatar\\\/ccc17943b9d660506c869530f897617f7cb1c21a4bf30023f252596d83e1f007?s=96&d=mm&r=g\",\"url\":\"https:\\\/\\\/secure.gravatar.com\\\/avatar\\\/ccc17943b9d660506c869530f897617f7cb1c21a4bf30023f252596d83e1f007?s=96&d=mm&r=g\",\"contentUrl\":\"https:\\\/\\\/secure.gravatar.com\\\/avatar\\\/ccc17943b9d660506c869530f897617f7cb1c21a4bf30023f252596d83e1f007?s=96&d=mm&r=g\",\"caption\":\"admin\"},\"sameAs\":[\"https:\\\/\\\/kibrisdakik.com\"],\"url\":\"https:\\\/\\\/kibrisdakik.com\\\/?author=1\"}]}<\/script>\n<!-- \/ Yoast SEO plugin. -->","yoast_head_json":{"title":"CTP&#039;N\u0130N ORGAN\u0130ZE ETT\u0130\u011e\u0130 \u201cBA\u015eKA KIBRIS YOK\u201d BELGESEL G\u00d6STER\u0130M\u0130 YAPILDI -","robots":{"index":"index","follow":"follow","max-snippet":"max-snippet:-1","max-image-preview":"max-image-preview:large","max-video-preview":"max-video-preview:-1"},"canonical":"https:\/\/kibrisdakik.com\/?p=105703","og_locale":"tr_TR","og_type":"article","og_title":"CTP&#039;N\u0130N ORGAN\u0130ZE ETT\u0130\u011e\u0130 \u201cBA\u015eKA KIBRIS YOK\u201d BELGESEL G\u00d6STER\u0130M\u0130 YAPILDI -","og_description":"Cumhuriyet\u00e7i T\u00fcrk Partisi\u2019nin (CTP) organize etti\u011fi \u201cBa\u015fka K\u0131br\u0131s Yok\u201d belgesel g\u00f6sterimi Naci Talat Vakf\u0131\u2019nda yap\u0131ld\u0131. Yap\u0131mc\u0131l\u0131\u011f\u0131n\u0131 ara\u015ft\u0131rmac\u0131 yazar Mete Hatay\u2019\u0131n \u00fcstlendi\u011fi belgeselde ta\u015f ocaklar\u0131 ba\u015fta olmak \u00fczere K\u0131br\u0131s\u2019taki \u00e7evre sorunlar\u0131na dikkat \u00e7ekildi. CTP\u2019den verilen bilgiye g\u00f6re, a\u00e7\u0131l\u0131\u015f konu\u015fmas\u0131n\u0131 CTP MYK \u00fcyesi Feriha Tel\u2019in yapt\u0131\u011f\u0131 organizasyonda, belgesel g\u00f6steriminin ard\u0131ndan CTP Genel Ba\u015fkan\u0131 S\u0131la Usar \u0130ncirli konu\u015fma","og_url":"https:\/\/kibrisdakik.com\/?p=105703","article_published_time":"2026-02-06T13:39:03+00:00","og_image":[{"width":1280,"height":720,"url":"https:\/\/kibrisdakik.com\/wp-content\/uploads\/2026\/02\/mha-sari-beyaz-2979.png","type":"image\/png"}],"author":"admin","twitter_card":"summary_large_image","twitter_misc":{"Yazan:":"admin","Tahmini okuma s\u00fcresi":"2 dakika"},"schema":{"@context":"https:\/\/schema.org","@graph":[{"@type":"Article","@id":"https:\/\/kibrisdakik.com\/?p=105703#article","isPartOf":{"@id":"https:\/\/kibrisdakik.com\/?p=105703"},"author":{"name":"admin","@id":"https:\/\/kibrisdakik.com\/#\/schema\/person\/9cd9d437bbb44f72b73ba127e06d8e79"},"headline":"CTP&#039;N\u0130N ORGAN\u0130ZE ETT\u0130\u011e\u0130 \u201cBA\u015eKA KIBRIS YOK\u201d BELGESEL G\u00d6STER\u0130M\u0130 YAPILDI","datePublished":"2026-02-06T13:39:03+00:00","mainEntityOfPage":{"@id":"https:\/\/kibrisdakik.com\/?p=105703"},"wordCount":405,"commentCount":0,"image":{"@id":"https:\/\/kibrisdakik.com\/?p=105703#primaryimage"},"thumbnailUrl":"https:\/\/kibrisdakik.com\/wp-content\/uploads\/2026\/02\/mha-sari-beyaz-2979.png","articleSection":["K\u0131br\u0131s"],"inLanguage":"tr","potentialAction":[{"@type":"CommentAction","name":"Comment","target":["https:\/\/kibrisdakik.com\/?p=105703#respond"]}]},{"@type":"WebPage","@id":"https:\/\/kibrisdakik.com\/?p=105703","url":"https:\/\/kibrisdakik.com\/?p=105703","name":"CTP&#039;N\u0130N ORGAN\u0130ZE ETT\u0130\u011e\u0130 \u201cBA\u015eKA KIBRIS YOK\u201d BELGESEL G\u00d6STER\u0130M\u0130 YAPILDI -","isPartOf":{"@id":"https:\/\/kibrisdakik.com\/#website"},"primaryImageOfPage":{"@id":"https:\/\/kibrisdakik.com\/?p=105703#primaryimage"},"image":{"@id":"https:\/\/kibrisdakik.com\/?p=105703#primaryimage"},"thumbnailUrl":"https:\/\/kibrisdakik.com\/wp-content\/uploads\/2026\/02\/mha-sari-beyaz-2979.png","datePublished":"2026-02-06T13:39:03+00:00","author":{"@id":"https:\/\/kibrisdakik.com\/#\/schema\/person\/9cd9d437bbb44f72b73ba127e06d8e79"},"breadcrumb":{"@id":"https:\/\/kibrisdakik.com\/?p=105703#breadcrumb"},"inLanguage":"tr","potentialAction":[{"@type":"ReadAction","target":["https:\/\/kibrisdakik.com\/?p=105703"]}]},{"@type":"ImageObject","inLanguage":"tr","@id":"https:\/\/kibrisdakik.com\/?p=105703#primaryimage","url":"https:\/\/kibrisdakik.com\/wp-content\/uploads\/2026\/02\/mha-sari-beyaz-2979.png","contentUrl":"https:\/\/kibrisdakik.com\/wp-content\/uploads\/2026\/02\/mha-sari-beyaz-2979.png","width":1280,"height":720},{"@type":"BreadcrumbList","@id":"https:\/\/kibrisdakik.com\/?p=105703#breadcrumb","itemListElement":[{"@type":"ListItem","position":1,"name":"Home","item":"https:\/\/kibrisdakik.com\/"},{"@type":"ListItem","position":2,"name":"CTP&#039;N\u0130N ORGAN\u0130ZE ETT\u0130\u011e\u0130 \u201cBA\u015eKA KIBRIS YOK\u201d BELGESEL G\u00d6STER\u0130M\u0130 YAPILDI"}]},{"@type":"WebSite","@id":"https:\/\/kibrisdakik.com\/#website","url":"https:\/\/kibrisdakik.com\/","name":"","description":"Tam vaktinde haber","potentialAction":[{"@type":"SearchAction","target":{"@type":"EntryPoint","urlTemplate":"https:\/\/kibrisdakik.com\/?s={search_term_string}"},"query-input":{"@type":"PropertyValueSpecification","valueRequired":true,"valueName":"search_term_string"}}],"inLanguage":"tr"},{"@type":"Person","@id":"https:\/\/kibrisdakik.com\/#\/schema\/person\/9cd9d437bbb44f72b73ba127e06d8e79","name":"admin","image":{"@type":"ImageObject","inLanguage":"tr","@id":"https:\/\/secure.gravatar.com\/avatar\/ccc17943b9d660506c869530f897617f7cb1c21a4bf30023f252596d83e1f007?s=96&d=mm&r=g","url":"https:\/\/secure.gravatar.com\/avatar\/ccc17943b9d660506c869530f897617f7cb1c21a4bf30023f252596d83e1f007?s=96&d=mm&r=g","contentUrl":"https:\/\/secure.gravatar.com\/avatar\/ccc17943b9d660506c869530f897617f7cb1c21a4bf30023f252596d83e1f007?s=96&d=mm&r=g","caption":"admin"},"sameAs":["https:\/\/kibrisdakik.com"],"url":"https:\/\/kibrisdakik.com\/?author=1"}]}},"_links":{"self":[{"href":"https:\/\/kibrisdakik.com\/index.php?rest_route=\/wp\/v2\/posts\/105703","targetHints":{"allow":["GET"]}}],"collection":[{"href":"https:\/\/kibrisdakik.com\/index.php?rest_route=\/wp\/v2\/posts"}],"about":[{"href":"https:\/\/kibrisdakik.com\/index.php?rest_route=\/wp\/v2\/types\/post"}],"author":[{"embeddable":true,"href":"https:\/\/kibrisdakik.com\/index.php?rest_route=\/wp\/v2\/users\/1"}],"replies":[{"embeddable":true,"href":"https:\/\/kibrisdakik.com\/index.php?rest_route=%2Fwp%2Fv2%2Fcomments&post=105703"}],"version-history":[{"count":0,"href":"https:\/\/kibrisdakik.com\/index.php?rest_route=\/wp\/v2\/posts\/105703\/revisions"}],"wp:featuredmedia":[{"embeddable":true,"href":"https:\/\/kibrisdakik.com\/index.php?rest_route=\/wp\/v2\/media\/105704"}],"wp:attachment":[{"href":"https:\/\/kibrisdakik.com\/index.php?rest_route=%2Fwp%2Fv2%2Fmedia&parent=105703"}],"wp:term":[{"taxonomy":"category","embeddable":true,"href":"https:\/\/kibrisdakik.com\/index.php?rest_route=%2Fwp%2Fv2%2Fcategories&post=105703"},{"taxonomy":"post_tag","embeddable":true,"href":"https:\/\/kibrisdakik.com\/index.php?rest_route=%2Fwp%2Fv2%2Ftags&post=105703"}],"curies":[{"name":"wp","href":"https:\/\/api.w.org\/{rel}","templated":true}]}}