{"id":105785,"date":"2026-02-09T10:58:01","date_gmt":"2026-02-09T08:58:01","guid":{"rendered":"https:\/\/kibrisdakik.com\/index.php\/2026\/02\/09\/kibris-turkusu-27-subatta-vizyonda-3\/"},"modified":"2026-02-09T10:58:01","modified_gmt":"2026-02-09T08:58:01","slug":"kibris-turkusu-27-subatta-vizyonda-3","status":"publish","type":"post","link":"https:\/\/kibrisdakik.com\/?p=105785","title":{"rendered":"\u201cKIBRIS T\u00dcRK\u00dcS\u00dc\u201d 27 \u015eUBAT\u2019TA V\u0130ZYONDA\u2026"},"content":{"rendered":"<p><\/p>\n<div data-text-id=\"195680\" property=\"articleBody\">\n<p>K\u0131br\u0131s T\u00fcrk halk\u0131n\u0131n 1957-1974 y\u0131llar\u0131 aras\u0131ndaki varolu\u015f m\u00fccadelesini konu alan ve b\u00fcy\u00fck b\u00f6l\u00fcm\u00fc Kuzey K\u0131br\u0131s T\u00fcrk Cumhuriyeti\u2019nde \u00e7ekilen \u201cK\u0131br\u0131s T\u00fcrk\u00fcs\u00fc\u201d isimli sinema filmi, 27 \u015eubat\u2019ta izleyici ile bulu\u015fuyor.<\/p>\n<p>Yap\u0131mc\u0131l\u0131\u011f\u0131n\u0131 Lacivert Media\u2019dan Co\u015fkun \u00d6zer\u2019in, senaristli\u011fini ve y\u00f6netmenli\u011fini \u00d6zer Feyzio\u011flu\u2019nun \u00fcstlendi\u011fi \u201cK\u0131br\u0131s T\u00fcrk\u00fcs\u00fc\u201d, 1957-1974 aras\u0131nda K\u0131br\u0131s T\u00fcrk halk\u0131n\u0131n maruz kald\u0131\u011f\u0131 zulm\u00fc, verdi\u011fi destans\u0131 varolu\u015f m\u00fccadelesini ve \u00f6zg\u00fcrl\u00fc\u011fe giden zorlu yolu konu al\u0131yor.<\/p>\n<p>Sinematik bir dille ve tarihi ger\u00e7eklere sad\u0131k kal\u0131narak, yar\u0131m kalan sars\u0131c\u0131 insan hikayeleri ile harmanlanan film, 27 \u015eubat tarihinde t\u00fcm T\u00fcrkiye\u2019de sinemaseverlerle bulu\u015facak. \u201cK\u0131br\u0131s T\u00fcrk\u00fcs\u00fc\u201d i\u00e7in KKTC\u2019de de gala g\u00f6sterisi yap\u0131lacak.<\/p>\n<p>-Ba\u015frollerde Emre Bey ve Almila Ada var<\/p>\n<p>Filmin ba\u015frollerini Emre Bey ve Almila Ada payla\u015f\u0131yor.<\/p>\n<p>\u0130kili, Rum ter\u00f6r \u00f6rg\u00fct\u00fc EOKA\u2019n\u0131n artan sald\u0131r\u0131lar\u0131 kar\u015f\u0131s\u0131nda hem hayatta kalmaya \u00e7al\u0131\u015fan hem de vatanlar\u0131n\u0131 savunan karakterlere hayat veriyor. Emre Bey ve Almila Ada\u2019n\u0131n performanslar\u0131, d\u00f6nemin ruhunu ve ya\u015fanan ac\u0131lar\u0131n derinli\u011fini izleyiciye hissettirmeyi hedefliyor.<\/p>\n<p>-\u201cBir haf\u0131za tazeleme projesi\u201d\u2026<\/p>\n<p>Y\u00f6netmen \u00d6zer Feyzio\u011flu&#8217;nun \u00f6zg\u00fcn anlat\u0131m\u0131yla \u015fekillenen proje, milli de\u011ferleri \u00f6n plana \u00e7\u0131kar\u0131rken, \u00e7at\u0131\u015fmalar\u0131n ve sava\u015f\u0131n en masum tan\u0131klar\u0131 olan \u00e7ocuklar\u0131n ve sivillerin ya\u015fad\u0131\u011f\u0131 trajediyi de unutturmuyor.<\/p>\n<p>Yap\u0131mc\u0131 Co\u015fkun \u00d6zer filmin sadece bir sinema eseri de\u011fil, ayn\u0131 zamanda gelecek nesillere aktar\u0131lacak bir \u201chaf\u0131za tazeleme\u201d projesi oldu\u011funu vurgulad\u0131.<\/p>\n<p>-\u201cK\u0131br\u0131s T\u00fcrk\u00fcs\u00fc\u201d oyuncular\u0131\u2026<\/p>\n<p>Emre Bey ve Almila Ada\u2019n\u0131n d\u0131\u015f\u0131nda \u201cK\u0131br\u0131s T\u00fcrk\u00fc\u201ds\u00fc sinema filminin di\u011fer oyuncular\u0131 ise Macit Koper, Bar\u0131\u015f K\u0131ralio\u011flu, H\u00fcseyin Avni Danyal, Murat Serezli, Yusuf \u00c7im, Cahit G\u00f6k, Tugay Mercan, Renan Bilek, Cemal H\u00fcnal, F\u0131rat Dogrulo\u011flu, Didem \u0130nselel, Engin Hepileri, Dogukan Polat, Hakan Atalay, Orkuncan \u0130zan, Cem Uslu, Haluk C\u00f6mert, Metehan \u015eahiner, Eyl\u00fcl C\u0131nd\u0131k, Selman \u00d6zyaz\u0131c\u0131, Pelin \u015eahindo\u011fan, \u00c7a\u011fla Avcu ve Erdo\u011fan Kazar.<\/p>\n<\/p><\/div>\n","protected":false},"excerpt":{"rendered":"<p>K\u0131br\u0131s T\u00fcrk halk\u0131n\u0131n 1957-1974 y\u0131llar\u0131 aras\u0131ndaki varolu\u015f m\u00fccadelesini konu alan ve b\u00fcy\u00fck b\u00f6l\u00fcm\u00fc Kuzey K\u0131br\u0131s T\u00fcrk Cumhuriyeti\u2019nde \u00e7ekilen \u201cK\u0131br\u0131s T\u00fcrk\u00fcs\u00fc\u201d isimli sinema filmi, 27 \u015eubat\u2019ta izleyici ile bulu\u015fuyor. Yap\u0131mc\u0131l\u0131\u011f\u0131n\u0131 Lacivert Media\u2019dan Co\u015fkun \u00d6zer\u2019in, senaristli\u011fini ve y\u00f6netmenli\u011fini \u00d6zer Feyzio\u011flu\u2019nun \u00fcstlendi\u011fi \u201cK\u0131br\u0131s T\u00fcrk\u00fcs\u00fc\u201d, 1957-1974 aras\u0131nda K\u0131br\u0131s T\u00fcrk halk\u0131n\u0131n maruz kald\u0131\u011f\u0131 zulm\u00fc, verdi\u011fi destans\u0131 varolu\u015f m\u00fccadelesini ve \u00f6zg\u00fcrl\u00fc\u011fe<\/p>\n","protected":false},"author":1,"featured_media":105781,"comment_status":"open","ping_status":"open","sticky":false,"template":"","format":"standard","meta":{"footnotes":""},"categories":[81],"tags":[],"class_list":["post-105785","post","type-post","status-publish","format-standard","has-post-thumbnail","hentry","category-kibris"],"yoast_head":"<!-- This site is optimized with the Yoast SEO plugin v27.4 - https:\/\/yoast.com\/product\/yoast-seo-wordpress\/ -->\n<title>\u201cKIBRIS T\u00dcRK\u00dcS\u00dc\u201d 27 \u015eUBAT\u2019TA V\u0130ZYONDA\u2026 -<\/title>\n<meta name=\"robots\" content=\"index, follow, max-snippet:-1, max-image-preview:large, max-video-preview:-1\" \/>\n<link rel=\"canonical\" href=\"https:\/\/kibrisdakik.com\/?p=105785\" \/>\n<meta property=\"og:locale\" content=\"tr_TR\" \/>\n<meta property=\"og:type\" content=\"article\" \/>\n<meta property=\"og:title\" content=\"\u201cKIBRIS T\u00dcRK\u00dcS\u00dc\u201d 27 \u015eUBAT\u2019TA V\u0130ZYONDA\u2026 -\" \/>\n<meta property=\"og:description\" content=\"K\u0131br\u0131s T\u00fcrk halk\u0131n\u0131n 1957-1974 y\u0131llar\u0131 aras\u0131ndaki varolu\u015f m\u00fccadelesini konu alan ve b\u00fcy\u00fck b\u00f6l\u00fcm\u00fc Kuzey K\u0131br\u0131s T\u00fcrk Cumhuriyeti\u2019nde \u00e7ekilen \u201cK\u0131br\u0131s T\u00fcrk\u00fcs\u00fc\u201d isimli sinema filmi, 27 \u015eubat\u2019ta izleyici ile bulu\u015fuyor. Yap\u0131mc\u0131l\u0131\u011f\u0131n\u0131 Lacivert Media\u2019dan Co\u015fkun \u00d6zer\u2019in, senaristli\u011fini ve y\u00f6netmenli\u011fini \u00d6zer Feyzio\u011flu\u2019nun \u00fcstlendi\u011fi \u201cK\u0131br\u0131s T\u00fcrk\u00fcs\u00fc\u201d, 1957-1974 aras\u0131nda K\u0131br\u0131s T\u00fcrk halk\u0131n\u0131n maruz kald\u0131\u011f\u0131 zulm\u00fc, verdi\u011fi destans\u0131 varolu\u015f m\u00fccadelesini ve \u00f6zg\u00fcrl\u00fc\u011fe\" \/>\n<meta property=\"og:url\" content=\"https:\/\/kibrisdakik.com\/?p=105785\" \/>\n<meta property=\"article:published_time\" content=\"2026-02-09T08:58:01+00:00\" \/>\n<meta property=\"og:image\" content=\"https:\/\/kibrisdakik.com\/wp-content\/uploads\/2026\/02\/m-h-a-m-h-a-289.png\" \/>\n\t<meta property=\"og:image:width\" content=\"1280\" \/>\n\t<meta property=\"og:image:height\" content=\"720\" \/>\n\t<meta property=\"og:image:type\" content=\"image\/png\" \/>\n<meta name=\"author\" content=\"admin\" \/>\n<meta name=\"twitter:card\" content=\"summary_large_image\" \/>\n<meta name=\"twitter:label1\" content=\"Yazan:\" \/>\n\t<meta name=\"twitter:data1\" content=\"admin\" \/>\n\t<meta name=\"twitter:label2\" content=\"Tahmini okuma s\u00fcresi\" \/>\n\t<meta name=\"twitter:data2\" content=\"2 dakika\" \/>\n<script type=\"application\/ld+json\" class=\"yoast-schema-graph\">{\"@context\":\"https:\\\/\\\/schema.org\",\"@graph\":[{\"@type\":\"Article\",\"@id\":\"https:\\\/\\\/kibrisdakik.com\\\/?p=105785#article\",\"isPartOf\":{\"@id\":\"https:\\\/\\\/kibrisdakik.com\\\/?p=105785\"},\"author\":{\"name\":\"admin\",\"@id\":\"https:\\\/\\\/kibrisdakik.com\\\/#\\\/schema\\\/person\\\/9cd9d437bbb44f72b73ba127e06d8e79\"},\"headline\":\"\u201cKIBRIS T\u00dcRK\u00dcS\u00dc\u201d 27 \u015eUBAT\u2019TA V\u0130ZYONDA\u2026\",\"datePublished\":\"2026-02-09T08:58:01+00:00\",\"mainEntityOfPage\":{\"@id\":\"https:\\\/\\\/kibrisdakik.com\\\/?p=105785\"},\"wordCount\":395,\"commentCount\":0,\"image\":{\"@id\":\"https:\\\/\\\/kibrisdakik.com\\\/?p=105785#primaryimage\"},\"thumbnailUrl\":\"https:\\\/\\\/kibrisdakik.com\\\/wp-content\\\/uploads\\\/2026\\\/02\\\/m-h-a-m-h-a-289.png\",\"articleSection\":[\"K\u0131br\u0131s\"],\"inLanguage\":\"tr\",\"potentialAction\":[{\"@type\":\"CommentAction\",\"name\":\"Comment\",\"target\":[\"https:\\\/\\\/kibrisdakik.com\\\/?p=105785#respond\"]}]},{\"@type\":\"WebPage\",\"@id\":\"https:\\\/\\\/kibrisdakik.com\\\/?p=105785\",\"url\":\"https:\\\/\\\/kibrisdakik.com\\\/?p=105785\",\"name\":\"\u201cKIBRIS T\u00dcRK\u00dcS\u00dc\u201d 27 \u015eUBAT\u2019TA V\u0130ZYONDA\u2026 -\",\"isPartOf\":{\"@id\":\"https:\\\/\\\/kibrisdakik.com\\\/#website\"},\"primaryImageOfPage\":{\"@id\":\"https:\\\/\\\/kibrisdakik.com\\\/?p=105785#primaryimage\"},\"image\":{\"@id\":\"https:\\\/\\\/kibrisdakik.com\\\/?p=105785#primaryimage\"},\"thumbnailUrl\":\"https:\\\/\\\/kibrisdakik.com\\\/wp-content\\\/uploads\\\/2026\\\/02\\\/m-h-a-m-h-a-289.png\",\"datePublished\":\"2026-02-09T08:58:01+00:00\",\"author\":{\"@id\":\"https:\\\/\\\/kibrisdakik.com\\\/#\\\/schema\\\/person\\\/9cd9d437bbb44f72b73ba127e06d8e79\"},\"breadcrumb\":{\"@id\":\"https:\\\/\\\/kibrisdakik.com\\\/?p=105785#breadcrumb\"},\"inLanguage\":\"tr\",\"potentialAction\":[{\"@type\":\"ReadAction\",\"target\":[\"https:\\\/\\\/kibrisdakik.com\\\/?p=105785\"]}]},{\"@type\":\"ImageObject\",\"inLanguage\":\"tr\",\"@id\":\"https:\\\/\\\/kibrisdakik.com\\\/?p=105785#primaryimage\",\"url\":\"https:\\\/\\\/kibrisdakik.com\\\/wp-content\\\/uploads\\\/2026\\\/02\\\/m-h-a-m-h-a-289.png\",\"contentUrl\":\"https:\\\/\\\/kibrisdakik.com\\\/wp-content\\\/uploads\\\/2026\\\/02\\\/m-h-a-m-h-a-289.png\",\"width\":1280,\"height\":720},{\"@type\":\"BreadcrumbList\",\"@id\":\"https:\\\/\\\/kibrisdakik.com\\\/?p=105785#breadcrumb\",\"itemListElement\":[{\"@type\":\"ListItem\",\"position\":1,\"name\":\"Home\",\"item\":\"https:\\\/\\\/kibrisdakik.com\\\/\"},{\"@type\":\"ListItem\",\"position\":2,\"name\":\"\u201cKIBRIS T\u00dcRK\u00dcS\u00dc\u201d 27 \u015eUBAT\u2019TA V\u0130ZYONDA\u2026\"}]},{\"@type\":\"WebSite\",\"@id\":\"https:\\\/\\\/kibrisdakik.com\\\/#website\",\"url\":\"https:\\\/\\\/kibrisdakik.com\\\/\",\"name\":\"\",\"description\":\"Tam vaktinde haber\",\"potentialAction\":[{\"@type\":\"SearchAction\",\"target\":{\"@type\":\"EntryPoint\",\"urlTemplate\":\"https:\\\/\\\/kibrisdakik.com\\\/?s={search_term_string}\"},\"query-input\":{\"@type\":\"PropertyValueSpecification\",\"valueRequired\":true,\"valueName\":\"search_term_string\"}}],\"inLanguage\":\"tr\"},{\"@type\":\"Person\",\"@id\":\"https:\\\/\\\/kibrisdakik.com\\\/#\\\/schema\\\/person\\\/9cd9d437bbb44f72b73ba127e06d8e79\",\"name\":\"admin\",\"image\":{\"@type\":\"ImageObject\",\"inLanguage\":\"tr\",\"@id\":\"https:\\\/\\\/secure.gravatar.com\\\/avatar\\\/ccc17943b9d660506c869530f897617f7cb1c21a4bf30023f252596d83e1f007?s=96&d=mm&r=g\",\"url\":\"https:\\\/\\\/secure.gravatar.com\\\/avatar\\\/ccc17943b9d660506c869530f897617f7cb1c21a4bf30023f252596d83e1f007?s=96&d=mm&r=g\",\"contentUrl\":\"https:\\\/\\\/secure.gravatar.com\\\/avatar\\\/ccc17943b9d660506c869530f897617f7cb1c21a4bf30023f252596d83e1f007?s=96&d=mm&r=g\",\"caption\":\"admin\"},\"sameAs\":[\"https:\\\/\\\/kibrisdakik.com\"],\"url\":\"https:\\\/\\\/kibrisdakik.com\\\/?author=1\"}]}<\/script>\n<!-- \/ Yoast SEO plugin. -->","yoast_head_json":{"title":"\u201cKIBRIS T\u00dcRK\u00dcS\u00dc\u201d 27 \u015eUBAT\u2019TA V\u0130ZYONDA\u2026 -","robots":{"index":"index","follow":"follow","max-snippet":"max-snippet:-1","max-image-preview":"max-image-preview:large","max-video-preview":"max-video-preview:-1"},"canonical":"https:\/\/kibrisdakik.com\/?p=105785","og_locale":"tr_TR","og_type":"article","og_title":"\u201cKIBRIS T\u00dcRK\u00dcS\u00dc\u201d 27 \u015eUBAT\u2019TA V\u0130ZYONDA\u2026 -","og_description":"K\u0131br\u0131s T\u00fcrk halk\u0131n\u0131n 1957-1974 y\u0131llar\u0131 aras\u0131ndaki varolu\u015f m\u00fccadelesini konu alan ve b\u00fcy\u00fck b\u00f6l\u00fcm\u00fc Kuzey K\u0131br\u0131s T\u00fcrk Cumhuriyeti\u2019nde \u00e7ekilen \u201cK\u0131br\u0131s T\u00fcrk\u00fcs\u00fc\u201d isimli sinema filmi, 27 \u015eubat\u2019ta izleyici ile bulu\u015fuyor. Yap\u0131mc\u0131l\u0131\u011f\u0131n\u0131 Lacivert Media\u2019dan Co\u015fkun \u00d6zer\u2019in, senaristli\u011fini ve y\u00f6netmenli\u011fini \u00d6zer Feyzio\u011flu\u2019nun \u00fcstlendi\u011fi \u201cK\u0131br\u0131s T\u00fcrk\u00fcs\u00fc\u201d, 1957-1974 aras\u0131nda K\u0131br\u0131s T\u00fcrk halk\u0131n\u0131n maruz kald\u0131\u011f\u0131 zulm\u00fc, verdi\u011fi destans\u0131 varolu\u015f m\u00fccadelesini ve \u00f6zg\u00fcrl\u00fc\u011fe","og_url":"https:\/\/kibrisdakik.com\/?p=105785","article_published_time":"2026-02-09T08:58:01+00:00","og_image":[{"width":1280,"height":720,"url":"https:\/\/kibrisdakik.com\/wp-content\/uploads\/2026\/02\/m-h-a-m-h-a-289.png","type":"image\/png"}],"author":"admin","twitter_card":"summary_large_image","twitter_misc":{"Yazan:":"admin","Tahmini okuma s\u00fcresi":"2 dakika"},"schema":{"@context":"https:\/\/schema.org","@graph":[{"@type":"Article","@id":"https:\/\/kibrisdakik.com\/?p=105785#article","isPartOf":{"@id":"https:\/\/kibrisdakik.com\/?p=105785"},"author":{"name":"admin","@id":"https:\/\/kibrisdakik.com\/#\/schema\/person\/9cd9d437bbb44f72b73ba127e06d8e79"},"headline":"\u201cKIBRIS T\u00dcRK\u00dcS\u00dc\u201d 27 \u015eUBAT\u2019TA V\u0130ZYONDA\u2026","datePublished":"2026-02-09T08:58:01+00:00","mainEntityOfPage":{"@id":"https:\/\/kibrisdakik.com\/?p=105785"},"wordCount":395,"commentCount":0,"image":{"@id":"https:\/\/kibrisdakik.com\/?p=105785#primaryimage"},"thumbnailUrl":"https:\/\/kibrisdakik.com\/wp-content\/uploads\/2026\/02\/m-h-a-m-h-a-289.png","articleSection":["K\u0131br\u0131s"],"inLanguage":"tr","potentialAction":[{"@type":"CommentAction","name":"Comment","target":["https:\/\/kibrisdakik.com\/?p=105785#respond"]}]},{"@type":"WebPage","@id":"https:\/\/kibrisdakik.com\/?p=105785","url":"https:\/\/kibrisdakik.com\/?p=105785","name":"\u201cKIBRIS T\u00dcRK\u00dcS\u00dc\u201d 27 \u015eUBAT\u2019TA V\u0130ZYONDA\u2026 -","isPartOf":{"@id":"https:\/\/kibrisdakik.com\/#website"},"primaryImageOfPage":{"@id":"https:\/\/kibrisdakik.com\/?p=105785#primaryimage"},"image":{"@id":"https:\/\/kibrisdakik.com\/?p=105785#primaryimage"},"thumbnailUrl":"https:\/\/kibrisdakik.com\/wp-content\/uploads\/2026\/02\/m-h-a-m-h-a-289.png","datePublished":"2026-02-09T08:58:01+00:00","author":{"@id":"https:\/\/kibrisdakik.com\/#\/schema\/person\/9cd9d437bbb44f72b73ba127e06d8e79"},"breadcrumb":{"@id":"https:\/\/kibrisdakik.com\/?p=105785#breadcrumb"},"inLanguage":"tr","potentialAction":[{"@type":"ReadAction","target":["https:\/\/kibrisdakik.com\/?p=105785"]}]},{"@type":"ImageObject","inLanguage":"tr","@id":"https:\/\/kibrisdakik.com\/?p=105785#primaryimage","url":"https:\/\/kibrisdakik.com\/wp-content\/uploads\/2026\/02\/m-h-a-m-h-a-289.png","contentUrl":"https:\/\/kibrisdakik.com\/wp-content\/uploads\/2026\/02\/m-h-a-m-h-a-289.png","width":1280,"height":720},{"@type":"BreadcrumbList","@id":"https:\/\/kibrisdakik.com\/?p=105785#breadcrumb","itemListElement":[{"@type":"ListItem","position":1,"name":"Home","item":"https:\/\/kibrisdakik.com\/"},{"@type":"ListItem","position":2,"name":"\u201cKIBRIS T\u00dcRK\u00dcS\u00dc\u201d 27 \u015eUBAT\u2019TA V\u0130ZYONDA\u2026"}]},{"@type":"WebSite","@id":"https:\/\/kibrisdakik.com\/#website","url":"https:\/\/kibrisdakik.com\/","name":"","description":"Tam vaktinde haber","potentialAction":[{"@type":"SearchAction","target":{"@type":"EntryPoint","urlTemplate":"https:\/\/kibrisdakik.com\/?s={search_term_string}"},"query-input":{"@type":"PropertyValueSpecification","valueRequired":true,"valueName":"search_term_string"}}],"inLanguage":"tr"},{"@type":"Person","@id":"https:\/\/kibrisdakik.com\/#\/schema\/person\/9cd9d437bbb44f72b73ba127e06d8e79","name":"admin","image":{"@type":"ImageObject","inLanguage":"tr","@id":"https:\/\/secure.gravatar.com\/avatar\/ccc17943b9d660506c869530f897617f7cb1c21a4bf30023f252596d83e1f007?s=96&d=mm&r=g","url":"https:\/\/secure.gravatar.com\/avatar\/ccc17943b9d660506c869530f897617f7cb1c21a4bf30023f252596d83e1f007?s=96&d=mm&r=g","contentUrl":"https:\/\/secure.gravatar.com\/avatar\/ccc17943b9d660506c869530f897617f7cb1c21a4bf30023f252596d83e1f007?s=96&d=mm&r=g","caption":"admin"},"sameAs":["https:\/\/kibrisdakik.com"],"url":"https:\/\/kibrisdakik.com\/?author=1"}]}},"_links":{"self":[{"href":"https:\/\/kibrisdakik.com\/index.php?rest_route=\/wp\/v2\/posts\/105785","targetHints":{"allow":["GET"]}}],"collection":[{"href":"https:\/\/kibrisdakik.com\/index.php?rest_route=\/wp\/v2\/posts"}],"about":[{"href":"https:\/\/kibrisdakik.com\/index.php?rest_route=\/wp\/v2\/types\/post"}],"author":[{"embeddable":true,"href":"https:\/\/kibrisdakik.com\/index.php?rest_route=\/wp\/v2\/users\/1"}],"replies":[{"embeddable":true,"href":"https:\/\/kibrisdakik.com\/index.php?rest_route=%2Fwp%2Fv2%2Fcomments&post=105785"}],"version-history":[{"count":0,"href":"https:\/\/kibrisdakik.com\/index.php?rest_route=\/wp\/v2\/posts\/105785\/revisions"}],"wp:featuredmedia":[{"embeddable":true,"href":"https:\/\/kibrisdakik.com\/index.php?rest_route=\/wp\/v2\/media\/105781"}],"wp:attachment":[{"href":"https:\/\/kibrisdakik.com\/index.php?rest_route=%2Fwp%2Fv2%2Fmedia&parent=105785"}],"wp:term":[{"taxonomy":"category","embeddable":true,"href":"https:\/\/kibrisdakik.com\/index.php?rest_route=%2Fwp%2Fv2%2Fcategories&post=105785"},{"taxonomy":"post_tag","embeddable":true,"href":"https:\/\/kibrisdakik.com\/index.php?rest_route=%2Fwp%2Fv2%2Ftags&post=105785"}],"curies":[{"name":"wp","href":"https:\/\/api.w.org\/{rel}","templated":true}]}}