{"id":105926,"date":"2026-02-10T17:05:01","date_gmt":"2026-02-10T15:05:01","guid":{"rendered":"https:\/\/kibrisdakik.com\/index.php\/2026\/02\/10\/dincyurek-hekimler-uzerinden-yanlis-algi-olusturuluyor\/"},"modified":"2026-02-10T17:05:01","modified_gmt":"2026-02-10T15:05:01","slug":"dincyurek-hekimler-uzerinden-yanlis-algi-olusturuluyor","status":"publish","type":"post","link":"https:\/\/kibrisdakik.com\/?p=105926","title":{"rendered":"D\u0130N\u00c7Y\u00dcREK: \u201cHEK\u0130MLER \u00dcZER\u0130NDEN YANLI\u015e ALGI OLU\u015eTURULUYOR\u201d"},"content":{"rendered":"<p><\/p>\n<p>Cumhuriyet Meclisi Genel Kurulu\u2019nda s\u00f6z alan Sa\u011fl\u0131k Bakan\u0131 Hakan Din\u00e7y\u00fcrek, Cumhuriyet\u00e7i T\u00fcrk Partisi (CTP) milletvekili Erkut \u015eahali\u2019nin sa\u011fl\u0131kta tam mesai uygulamas\u0131na y\u00f6nelik ele\u015ftirilerine yan\u0131t verdi.<\/p>\n<p>Tam mesai uygulamas\u0131na ge\u00e7ilmesiyle birlikte ba\u015flayan eylem s\u00fcrecine de\u011finen Din\u00e7y\u00fcrek, hekimlere y\u00f6nelik s\u00f6ylemler \u00fczerinden kamuoyunda yanl\u0131\u015f bir alg\u0131 yarat\u0131lmaya \u00e7al\u0131\u015f\u0131ld\u0131\u011f\u0131n\u0131 savundu. \u201cHekimleri rahat b\u0131rak\u0131n\u201d s\u00f6yleminin s\u0131k\u00e7a tekrarland\u0131\u011f\u0131n\u0131 ifade eden Din\u00e7y\u00fcrek, g\u00f6revini eksiksiz yerine getiren hekimlerin kazand\u0131\u011f\u0131 her \u00fccretin helal oldu\u011funu belirtti ve bu konuda herhangi bir itirazlar\u0131n\u0131n olmad\u0131\u011f\u0131n\u0131 s\u00f6yledi.<\/p>\n<p>Kamuoyunda dola\u015f\u0131ma sokulan rakamlara a\u00e7\u0131kl\u0131k getiren Din\u00e7y\u00fcrek, k\u00fcrs\u00fcden dile getirdi\u011fi tutarlar\u0131n \u00e7arp\u0131t\u0131ld\u0131\u011f\u0131n\u0131 ileri s\u00fcrd\u00fc. 719 bin TL\u2019lik hak edi\u015f iddias\u0131n\u0131n ger\u00e7e\u011fi yans\u0131tmad\u0131\u011f\u0131n\u0131 belirten Din\u00e7y\u00fcrek, bu nedenle sendika ba\u015fkan\u0131n\u0131n kendi bas\u0131n a\u00e7\u0131klamalar\u0131nda yer verdi\u011fi rakamlar \u00fczerinden de\u011ferlendirme yapaca\u011f\u0131n\u0131 kaydetti.<\/p>\n<p>Din\u00e7y\u00fcrek, sendika ba\u015fkan\u0131n\u0131n beyan\u0131na g\u00f6re k\u0131demli bir hekimin maa\u015f\u0131n\u0131n 357 bin TL oldu\u011funu, y\u00fczde y\u00fcz ek mesai hakk\u0131 eklendi\u011finde ayn\u0131 tutarda ikinci bir hak edi\u015fin olu\u015ftu\u011funu ifade etti. Bu iki kalemin toplam\u0131n\u0131n 715 bin TL\u2019ye ula\u015ft\u0131\u011f\u0131n\u0131 belirtti.<\/p>\n<div id=\"ad_121\" data-channel=\"121\" data-advert=\"temedya\" data-rotation=\"120\" class=\"mb-3 text-center\"><\/div>\n<div id=\"ad_121_mobile\" data-channel=\"121\" data-advert=\"temedya\" data-rotation=\"120\" class=\"mb-3 text-center\"><\/div>\n<p>S\u00f6z konusu tutara on \u00fc\u00e7\u00fcnc\u00fc maa\u015f\u0131n ayl\u0131k kar\u015f\u0131l\u0131\u011f\u0131n\u0131n dahil edilmedi\u011fini s\u00f6yleyen Din\u00e7y\u00fcrek, bu kalemin de eklenmesi halinde toplam gelirin 800 bin TL\u2019ye yakla\u015ft\u0131\u011f\u0131n\u0131 ifade etti. Din\u00e7y\u00fcrek, bu rakamlar\u0131n kendi iddias\u0131 de\u011fil, sendika ba\u015fkan\u0131n\u0131n kamuoyuyla payla\u015ft\u0131\u011f\u0131 verilerden yap\u0131lan hesaplama oldu\u011funu vurgulayarak, kamuoyunun do\u011fru bilgilendirilmesi gerekti\u011fini s\u00f6yledi.<\/p>\n<\/p>\n<div class=\"article-source py-3 small \">\n                <\/div>\n","protected":false},"excerpt":{"rendered":"<p>Cumhuriyet Meclisi Genel Kurulu\u2019nda s\u00f6z alan Sa\u011fl\u0131k Bakan\u0131 Hakan Din\u00e7y\u00fcrek, Cumhuriyet\u00e7i T\u00fcrk Partisi (CTP) milletvekili Erkut \u015eahali\u2019nin sa\u011fl\u0131kta tam mesai uygulamas\u0131na y\u00f6nelik ele\u015ftirilerine yan\u0131t verdi. Tam mesai uygulamas\u0131na ge\u00e7ilmesiyle birlikte ba\u015flayan eylem s\u00fcrecine de\u011finen Din\u00e7y\u00fcrek, hekimlere y\u00f6nelik s\u00f6ylemler \u00fczerinden kamuoyunda yanl\u0131\u015f bir alg\u0131 yarat\u0131lmaya \u00e7al\u0131\u015f\u0131ld\u0131\u011f\u0131n\u0131 savundu. \u201cHekimleri rahat b\u0131rak\u0131n\u201d s\u00f6yleminin s\u0131k\u00e7a tekrarland\u0131\u011f\u0131n\u0131 ifade eden Din\u00e7y\u00fcrek,<\/p>\n","protected":false},"author":1,"featured_media":105927,"comment_status":"open","ping_status":"open","sticky":false,"template":"","format":"standard","meta":{"footnotes":""},"categories":[81],"tags":[],"class_list":["post-105926","post","type-post","status-publish","format-standard","has-post-thumbnail","hentry","category-kibris"],"yoast_head":"<!-- This site is optimized with the Yoast SEO plugin v27.4 - https:\/\/yoast.com\/product\/yoast-seo-wordpress\/ -->\n<title>D\u0130N\u00c7Y\u00dcREK: \u201cHEK\u0130MLER \u00dcZER\u0130NDEN YANLI\u015e ALGI OLU\u015eTURULUYOR\u201d -<\/title>\n<meta name=\"robots\" content=\"index, follow, max-snippet:-1, max-image-preview:large, max-video-preview:-1\" \/>\n<link rel=\"canonical\" href=\"https:\/\/kibrisdakik.com\/?p=105926\" \/>\n<meta property=\"og:locale\" content=\"tr_TR\" \/>\n<meta property=\"og:type\" content=\"article\" \/>\n<meta property=\"og:title\" content=\"D\u0130N\u00c7Y\u00dcREK: \u201cHEK\u0130MLER \u00dcZER\u0130NDEN YANLI\u015e ALGI OLU\u015eTURULUYOR\u201d -\" \/>\n<meta property=\"og:description\" content=\"Cumhuriyet Meclisi Genel Kurulu\u2019nda s\u00f6z alan Sa\u011fl\u0131k Bakan\u0131 Hakan Din\u00e7y\u00fcrek, Cumhuriyet\u00e7i T\u00fcrk Partisi (CTP) milletvekili Erkut \u015eahali\u2019nin sa\u011fl\u0131kta tam mesai uygulamas\u0131na y\u00f6nelik ele\u015ftirilerine yan\u0131t verdi. Tam mesai uygulamas\u0131na ge\u00e7ilmesiyle birlikte ba\u015flayan eylem s\u00fcrecine de\u011finen Din\u00e7y\u00fcrek, hekimlere y\u00f6nelik s\u00f6ylemler \u00fczerinden kamuoyunda yanl\u0131\u015f bir alg\u0131 yarat\u0131lmaya \u00e7al\u0131\u015f\u0131ld\u0131\u011f\u0131n\u0131 savundu. \u201cHekimleri rahat b\u0131rak\u0131n\u201d s\u00f6yleminin s\u0131k\u00e7a tekrarland\u0131\u011f\u0131n\u0131 ifade eden Din\u00e7y\u00fcrek,\" \/>\n<meta property=\"og:url\" content=\"https:\/\/kibrisdakik.com\/?p=105926\" \/>\n<meta property=\"article:published_time\" content=\"2026-02-10T15:05:01+00:00\" \/>\n<meta property=\"og:image\" content=\"https:\/\/kibrisdakik.com\/wp-content\/uploads\/2026\/02\/mha-sari-beyaz-3068.png\" \/>\n\t<meta property=\"og:image:width\" content=\"1280\" \/>\n\t<meta property=\"og:image:height\" content=\"720\" \/>\n\t<meta property=\"og:image:type\" content=\"image\/png\" \/>\n<meta name=\"author\" content=\"admin\" \/>\n<meta name=\"twitter:card\" content=\"summary_large_image\" \/>\n<meta name=\"twitter:label1\" content=\"Yazan:\" \/>\n\t<meta name=\"twitter:data1\" content=\"admin\" \/>\n\t<meta name=\"twitter:label2\" content=\"Tahmini okuma s\u00fcresi\" \/>\n\t<meta name=\"twitter:data2\" content=\"2 dakika\" \/>\n<script type=\"application\/ld+json\" class=\"yoast-schema-graph\">{\"@context\":\"https:\\\/\\\/schema.org\",\"@graph\":[{\"@type\":\"Article\",\"@id\":\"https:\\\/\\\/kibrisdakik.com\\\/?p=105926#article\",\"isPartOf\":{\"@id\":\"https:\\\/\\\/kibrisdakik.com\\\/?p=105926\"},\"author\":{\"name\":\"admin\",\"@id\":\"https:\\\/\\\/kibrisdakik.com\\\/#\\\/schema\\\/person\\\/9cd9d437bbb44f72b73ba127e06d8e79\"},\"headline\":\"D\u0130N\u00c7Y\u00dcREK: \u201cHEK\u0130MLER \u00dcZER\u0130NDEN YANLI\u015e ALGI OLU\u015eTURULUYOR\u201d\",\"datePublished\":\"2026-02-10T15:05:01+00:00\",\"mainEntityOfPage\":{\"@id\":\"https:\\\/\\\/kibrisdakik.com\\\/?p=105926\"},\"wordCount\":322,\"commentCount\":0,\"image\":{\"@id\":\"https:\\\/\\\/kibrisdakik.com\\\/?p=105926#primaryimage\"},\"thumbnailUrl\":\"https:\\\/\\\/kibrisdakik.com\\\/wp-content\\\/uploads\\\/2026\\\/02\\\/mha-sari-beyaz-3068.png\",\"articleSection\":[\"K\u0131br\u0131s\"],\"inLanguage\":\"tr\",\"potentialAction\":[{\"@type\":\"CommentAction\",\"name\":\"Comment\",\"target\":[\"https:\\\/\\\/kibrisdakik.com\\\/?p=105926#respond\"]}]},{\"@type\":\"WebPage\",\"@id\":\"https:\\\/\\\/kibrisdakik.com\\\/?p=105926\",\"url\":\"https:\\\/\\\/kibrisdakik.com\\\/?p=105926\",\"name\":\"D\u0130N\u00c7Y\u00dcREK: \u201cHEK\u0130MLER \u00dcZER\u0130NDEN YANLI\u015e ALGI OLU\u015eTURULUYOR\u201d -\",\"isPartOf\":{\"@id\":\"https:\\\/\\\/kibrisdakik.com\\\/#website\"},\"primaryImageOfPage\":{\"@id\":\"https:\\\/\\\/kibrisdakik.com\\\/?p=105926#primaryimage\"},\"image\":{\"@id\":\"https:\\\/\\\/kibrisdakik.com\\\/?p=105926#primaryimage\"},\"thumbnailUrl\":\"https:\\\/\\\/kibrisdakik.com\\\/wp-content\\\/uploads\\\/2026\\\/02\\\/mha-sari-beyaz-3068.png\",\"datePublished\":\"2026-02-10T15:05:01+00:00\",\"author\":{\"@id\":\"https:\\\/\\\/kibrisdakik.com\\\/#\\\/schema\\\/person\\\/9cd9d437bbb44f72b73ba127e06d8e79\"},\"breadcrumb\":{\"@id\":\"https:\\\/\\\/kibrisdakik.com\\\/?p=105926#breadcrumb\"},\"inLanguage\":\"tr\",\"potentialAction\":[{\"@type\":\"ReadAction\",\"target\":[\"https:\\\/\\\/kibrisdakik.com\\\/?p=105926\"]}]},{\"@type\":\"ImageObject\",\"inLanguage\":\"tr\",\"@id\":\"https:\\\/\\\/kibrisdakik.com\\\/?p=105926#primaryimage\",\"url\":\"https:\\\/\\\/kibrisdakik.com\\\/wp-content\\\/uploads\\\/2026\\\/02\\\/mha-sari-beyaz-3068.png\",\"contentUrl\":\"https:\\\/\\\/kibrisdakik.com\\\/wp-content\\\/uploads\\\/2026\\\/02\\\/mha-sari-beyaz-3068.png\",\"width\":1280,\"height\":720},{\"@type\":\"BreadcrumbList\",\"@id\":\"https:\\\/\\\/kibrisdakik.com\\\/?p=105926#breadcrumb\",\"itemListElement\":[{\"@type\":\"ListItem\",\"position\":1,\"name\":\"Home\",\"item\":\"https:\\\/\\\/kibrisdakik.com\\\/\"},{\"@type\":\"ListItem\",\"position\":2,\"name\":\"D\u0130N\u00c7Y\u00dcREK: \u201cHEK\u0130MLER \u00dcZER\u0130NDEN YANLI\u015e ALGI OLU\u015eTURULUYOR\u201d\"}]},{\"@type\":\"WebSite\",\"@id\":\"https:\\\/\\\/kibrisdakik.com\\\/#website\",\"url\":\"https:\\\/\\\/kibrisdakik.com\\\/\",\"name\":\"\",\"description\":\"Tam vaktinde haber\",\"potentialAction\":[{\"@type\":\"SearchAction\",\"target\":{\"@type\":\"EntryPoint\",\"urlTemplate\":\"https:\\\/\\\/kibrisdakik.com\\\/?s={search_term_string}\"},\"query-input\":{\"@type\":\"PropertyValueSpecification\",\"valueRequired\":true,\"valueName\":\"search_term_string\"}}],\"inLanguage\":\"tr\"},{\"@type\":\"Person\",\"@id\":\"https:\\\/\\\/kibrisdakik.com\\\/#\\\/schema\\\/person\\\/9cd9d437bbb44f72b73ba127e06d8e79\",\"name\":\"admin\",\"image\":{\"@type\":\"ImageObject\",\"inLanguage\":\"tr\",\"@id\":\"https:\\\/\\\/secure.gravatar.com\\\/avatar\\\/ccc17943b9d660506c869530f897617f7cb1c21a4bf30023f252596d83e1f007?s=96&d=mm&r=g\",\"url\":\"https:\\\/\\\/secure.gravatar.com\\\/avatar\\\/ccc17943b9d660506c869530f897617f7cb1c21a4bf30023f252596d83e1f007?s=96&d=mm&r=g\",\"contentUrl\":\"https:\\\/\\\/secure.gravatar.com\\\/avatar\\\/ccc17943b9d660506c869530f897617f7cb1c21a4bf30023f252596d83e1f007?s=96&d=mm&r=g\",\"caption\":\"admin\"},\"sameAs\":[\"https:\\\/\\\/kibrisdakik.com\"],\"url\":\"https:\\\/\\\/kibrisdakik.com\\\/?author=1\"}]}<\/script>\n<!-- \/ Yoast SEO plugin. -->","yoast_head_json":{"title":"D\u0130N\u00c7Y\u00dcREK: \u201cHEK\u0130MLER \u00dcZER\u0130NDEN YANLI\u015e ALGI OLU\u015eTURULUYOR\u201d -","robots":{"index":"index","follow":"follow","max-snippet":"max-snippet:-1","max-image-preview":"max-image-preview:large","max-video-preview":"max-video-preview:-1"},"canonical":"https:\/\/kibrisdakik.com\/?p=105926","og_locale":"tr_TR","og_type":"article","og_title":"D\u0130N\u00c7Y\u00dcREK: \u201cHEK\u0130MLER \u00dcZER\u0130NDEN YANLI\u015e ALGI OLU\u015eTURULUYOR\u201d -","og_description":"Cumhuriyet Meclisi Genel Kurulu\u2019nda s\u00f6z alan Sa\u011fl\u0131k Bakan\u0131 Hakan Din\u00e7y\u00fcrek, Cumhuriyet\u00e7i T\u00fcrk Partisi (CTP) milletvekili Erkut \u015eahali\u2019nin sa\u011fl\u0131kta tam mesai uygulamas\u0131na y\u00f6nelik ele\u015ftirilerine yan\u0131t verdi. Tam mesai uygulamas\u0131na ge\u00e7ilmesiyle birlikte ba\u015flayan eylem s\u00fcrecine de\u011finen Din\u00e7y\u00fcrek, hekimlere y\u00f6nelik s\u00f6ylemler \u00fczerinden kamuoyunda yanl\u0131\u015f bir alg\u0131 yarat\u0131lmaya \u00e7al\u0131\u015f\u0131ld\u0131\u011f\u0131n\u0131 savundu. \u201cHekimleri rahat b\u0131rak\u0131n\u201d s\u00f6yleminin s\u0131k\u00e7a tekrarland\u0131\u011f\u0131n\u0131 ifade eden Din\u00e7y\u00fcrek,","og_url":"https:\/\/kibrisdakik.com\/?p=105926","article_published_time":"2026-02-10T15:05:01+00:00","og_image":[{"width":1280,"height":720,"url":"https:\/\/kibrisdakik.com\/wp-content\/uploads\/2026\/02\/mha-sari-beyaz-3068.png","type":"image\/png"}],"author":"admin","twitter_card":"summary_large_image","twitter_misc":{"Yazan:":"admin","Tahmini okuma s\u00fcresi":"2 dakika"},"schema":{"@context":"https:\/\/schema.org","@graph":[{"@type":"Article","@id":"https:\/\/kibrisdakik.com\/?p=105926#article","isPartOf":{"@id":"https:\/\/kibrisdakik.com\/?p=105926"},"author":{"name":"admin","@id":"https:\/\/kibrisdakik.com\/#\/schema\/person\/9cd9d437bbb44f72b73ba127e06d8e79"},"headline":"D\u0130N\u00c7Y\u00dcREK: \u201cHEK\u0130MLER \u00dcZER\u0130NDEN YANLI\u015e ALGI OLU\u015eTURULUYOR\u201d","datePublished":"2026-02-10T15:05:01+00:00","mainEntityOfPage":{"@id":"https:\/\/kibrisdakik.com\/?p=105926"},"wordCount":322,"commentCount":0,"image":{"@id":"https:\/\/kibrisdakik.com\/?p=105926#primaryimage"},"thumbnailUrl":"https:\/\/kibrisdakik.com\/wp-content\/uploads\/2026\/02\/mha-sari-beyaz-3068.png","articleSection":["K\u0131br\u0131s"],"inLanguage":"tr","potentialAction":[{"@type":"CommentAction","name":"Comment","target":["https:\/\/kibrisdakik.com\/?p=105926#respond"]}]},{"@type":"WebPage","@id":"https:\/\/kibrisdakik.com\/?p=105926","url":"https:\/\/kibrisdakik.com\/?p=105926","name":"D\u0130N\u00c7Y\u00dcREK: \u201cHEK\u0130MLER \u00dcZER\u0130NDEN YANLI\u015e ALGI OLU\u015eTURULUYOR\u201d -","isPartOf":{"@id":"https:\/\/kibrisdakik.com\/#website"},"primaryImageOfPage":{"@id":"https:\/\/kibrisdakik.com\/?p=105926#primaryimage"},"image":{"@id":"https:\/\/kibrisdakik.com\/?p=105926#primaryimage"},"thumbnailUrl":"https:\/\/kibrisdakik.com\/wp-content\/uploads\/2026\/02\/mha-sari-beyaz-3068.png","datePublished":"2026-02-10T15:05:01+00:00","author":{"@id":"https:\/\/kibrisdakik.com\/#\/schema\/person\/9cd9d437bbb44f72b73ba127e06d8e79"},"breadcrumb":{"@id":"https:\/\/kibrisdakik.com\/?p=105926#breadcrumb"},"inLanguage":"tr","potentialAction":[{"@type":"ReadAction","target":["https:\/\/kibrisdakik.com\/?p=105926"]}]},{"@type":"ImageObject","inLanguage":"tr","@id":"https:\/\/kibrisdakik.com\/?p=105926#primaryimage","url":"https:\/\/kibrisdakik.com\/wp-content\/uploads\/2026\/02\/mha-sari-beyaz-3068.png","contentUrl":"https:\/\/kibrisdakik.com\/wp-content\/uploads\/2026\/02\/mha-sari-beyaz-3068.png","width":1280,"height":720},{"@type":"BreadcrumbList","@id":"https:\/\/kibrisdakik.com\/?p=105926#breadcrumb","itemListElement":[{"@type":"ListItem","position":1,"name":"Home","item":"https:\/\/kibrisdakik.com\/"},{"@type":"ListItem","position":2,"name":"D\u0130N\u00c7Y\u00dcREK: \u201cHEK\u0130MLER \u00dcZER\u0130NDEN YANLI\u015e ALGI OLU\u015eTURULUYOR\u201d"}]},{"@type":"WebSite","@id":"https:\/\/kibrisdakik.com\/#website","url":"https:\/\/kibrisdakik.com\/","name":"","description":"Tam vaktinde haber","potentialAction":[{"@type":"SearchAction","target":{"@type":"EntryPoint","urlTemplate":"https:\/\/kibrisdakik.com\/?s={search_term_string}"},"query-input":{"@type":"PropertyValueSpecification","valueRequired":true,"valueName":"search_term_string"}}],"inLanguage":"tr"},{"@type":"Person","@id":"https:\/\/kibrisdakik.com\/#\/schema\/person\/9cd9d437bbb44f72b73ba127e06d8e79","name":"admin","image":{"@type":"ImageObject","inLanguage":"tr","@id":"https:\/\/secure.gravatar.com\/avatar\/ccc17943b9d660506c869530f897617f7cb1c21a4bf30023f252596d83e1f007?s=96&d=mm&r=g","url":"https:\/\/secure.gravatar.com\/avatar\/ccc17943b9d660506c869530f897617f7cb1c21a4bf30023f252596d83e1f007?s=96&d=mm&r=g","contentUrl":"https:\/\/secure.gravatar.com\/avatar\/ccc17943b9d660506c869530f897617f7cb1c21a4bf30023f252596d83e1f007?s=96&d=mm&r=g","caption":"admin"},"sameAs":["https:\/\/kibrisdakik.com"],"url":"https:\/\/kibrisdakik.com\/?author=1"}]}},"_links":{"self":[{"href":"https:\/\/kibrisdakik.com\/index.php?rest_route=\/wp\/v2\/posts\/105926","targetHints":{"allow":["GET"]}}],"collection":[{"href":"https:\/\/kibrisdakik.com\/index.php?rest_route=\/wp\/v2\/posts"}],"about":[{"href":"https:\/\/kibrisdakik.com\/index.php?rest_route=\/wp\/v2\/types\/post"}],"author":[{"embeddable":true,"href":"https:\/\/kibrisdakik.com\/index.php?rest_route=\/wp\/v2\/users\/1"}],"replies":[{"embeddable":true,"href":"https:\/\/kibrisdakik.com\/index.php?rest_route=%2Fwp%2Fv2%2Fcomments&post=105926"}],"version-history":[{"count":0,"href":"https:\/\/kibrisdakik.com\/index.php?rest_route=\/wp\/v2\/posts\/105926\/revisions"}],"wp:featuredmedia":[{"embeddable":true,"href":"https:\/\/kibrisdakik.com\/index.php?rest_route=\/wp\/v2\/media\/105927"}],"wp:attachment":[{"href":"https:\/\/kibrisdakik.com\/index.php?rest_route=%2Fwp%2Fv2%2Fmedia&parent=105926"}],"wp:term":[{"taxonomy":"category","embeddable":true,"href":"https:\/\/kibrisdakik.com\/index.php?rest_route=%2Fwp%2Fv2%2Fcategories&post=105926"},{"taxonomy":"post_tag","embeddable":true,"href":"https:\/\/kibrisdakik.com\/index.php?rest_route=%2Fwp%2Fv2%2Ftags&post=105926"}],"curies":[{"name":"wp","href":"https:\/\/api.w.org\/{rel}","templated":true}]}}