{"id":105928,"date":"2026-02-10T17:17:01","date_gmt":"2026-02-10T15:17:01","guid":{"rendered":"https:\/\/kibrisdakik.com\/index.php\/2026\/02\/10\/hasipoglu-anayasa-degisikligi-yarginin-talebidir-ertelenemez\/"},"modified":"2026-02-10T17:17:01","modified_gmt":"2026-02-10T15:17:01","slug":"hasipoglu-anayasa-degisikligi-yarginin-talebidir-ertelenemez","status":"publish","type":"post","link":"https:\/\/kibrisdakik.com\/?p=105928","title":{"rendered":"HAS\u0130PO\u011eLU: \u201cANAYASA DE\u011e\u0130\u015e\u0130KL\u0130\u011e\u0130 YARGININ TALEB\u0130D\u0130R, ERTELENEMEZ\u201d"},"content":{"rendered":"<p><\/p>\n<p>Cumhuriyet Meclisi Genel Kurulu\u2019nda s\u00f6z alan \u00c7al\u0131\u015fma ve Sosyal G\u00fcvenlik Bakan\u0131 O\u011fuzhan Hasipo\u011flu, Cumhuriyet\u00e7i T\u00fcrk Partisi (CTP) milletvekili Erkut \u015eahali\u2019nin anayasa de\u011fi\u015fikli\u011fi, referandum ve yarg\u0131 s\u00fcre\u00e7lerine y\u00f6nelik ele\u015ftirilerine yan\u0131t verdi.<\/p>\n<div id=\"ad_121\" data-channel=\"121\" data-advert=\"temedya\" data-rotation=\"120\" class=\"mb-3 text-center\"><\/div>\n<div id=\"ad_121_mobile\" data-channel=\"121\" data-advert=\"temedya\" data-rotation=\"120\" class=\"mb-3 text-center\"><\/div>\n<p>Anayasa de\u011fi\u015fikli\u011fi s\u00fcrecinin Y\u00fcksek Mahkeme\u2019nin yasamadan talebiyle ba\u015flad\u0131\u011f\u0131n\u0131 vurgulayan Hasipo\u011flu, Y\u00fcksek Adliye Kurulu\u2019nun hem iktidar hem muhalefet partileriyle temas kurdu\u011funu ve de\u011fi\u015fikli\u011fin gerekli oldu\u011fu y\u00f6n\u00fcnde ortak g\u00f6r\u00fc\u015f olu\u015ftu\u011funu s\u00f6yledi. De\u011fi\u015fikli\u011fin be\u015f maddeden olu\u015ftu\u011funu belirten Hasipo\u011flu, yarg\u0131\u00e7 say\u0131lar\u0131n\u0131n art\u0131r\u0131lmas\u0131, istinaf ve \u00fc\u00e7\u00fcnc\u00fc derece yarg\u0131 sisteminin getirilmesi gibi d\u00fczenlemelerin i\u00e7erik a\u00e7\u0131s\u0131ndan sorunlu olmad\u0131\u011f\u0131n\u0131 ifade etti.<\/p>\n<p>S\u00fcrecin se\u00e7imle ili\u015fkilendirilmemesi konusunda daha \u00f6nce uzla\u015f\u0131 sa\u011fland\u0131\u011f\u0131n\u0131 hat\u0131rlatan Hasipo\u011flu, ge\u00e7mi\u015fte bu nedenle anayasa de\u011fi\u015fikli\u011fi giri\u015fimlerinin ba\u015far\u0131s\u0131z oldu\u011funu kaydetti. Maliyet \u00e7al\u0131\u015fmas\u0131n\u0131n yap\u0131ld\u0131\u011f\u0131n\u0131 ve teyit al\u0131nd\u0131\u011f\u0131n\u0131 belirten Hasipo\u011flu, bu do\u011frultuda \u00f6zel ve geni\u015f kat\u0131l\u0131ml\u0131 bir komite kurulmas\u0131n\u0131n \u00f6nerildi\u011fini s\u00f6yledi.<\/p>\n<p>Bu a\u015famaya kadar s\u00fcrecin sorunsuz ilerledi\u011fini dile getiren Hasipo\u011flu, as\u0131l tart\u0131\u015fman\u0131n zamanlama konusunda ya\u015fand\u0131\u011f\u0131n\u0131 belirtti. Ba\u015fbakan\u0131n May\u0131s ay\u0131n\u0131 uygun bir tarih olarak dile getirmesinin ard\u0131ndan CTP\u2019nin s\u00fcrece kar\u015f\u0131 \u00e7\u0131kt\u0131\u011f\u0131n\u0131 savunan Hasipo\u011flu, muhalefetin yakla\u015f\u0131m\u0131n\u0131 ele\u015ftirdi.<\/p>\n<p>CTP\u2019nin \u201cBiz iktidara gelece\u011fiz, \u00e7o\u011funlu\u011fu sa\u011flayaca\u011f\u0131z ve biz yapaca\u011f\u0131z\u201d y\u00f6n\u00fcndeki tutumunun samimi olmad\u0131\u011f\u0131n\u0131 ileri s\u00fcren Hasipo\u011flu, yarg\u0131 s\u00fcre\u00e7lerinin siyasi hedeflere ve se\u00e7im hesaplar\u0131na alet edilmemesi gerekti\u011fini vurgulad\u0131.<\/p>\n<p>Hasipo\u011flu, karma oyun kald\u0131r\u0131lmas\u0131na ili\u015fkin s\u00fcrecin de benzer \u015fekilde ilerledi\u011fini belirterek, \u00f6nerinin y\u0131llar \u00f6nce sunuldu\u011funu, komite a\u015famalar\u0131nda esasa ili\u015fkin itiraz yap\u0131lmad\u0131\u011f\u0131n\u0131 ancak son a\u015famada geri ad\u0131m at\u0131ld\u0131\u011f\u0131n\u0131 s\u00f6yledi. Bu s\u00fcrecin kamuoyunca bilinmesi gerekti\u011fini ifade etti.<\/p>\n<p>Konu\u015fmas\u0131n\u0131n son b\u00f6l\u00fcm\u00fcnde g\u00f6revden alma ve yarg\u0131 s\u00fcre\u00e7lerine de de\u011finen Hasipo\u011flu, h\u00fck\u00fcmetin soru\u015fturma a\u00e7\u0131lan b\u00fcrokratlarla ilgili gerekli ad\u0131mlar\u0131 att\u0131\u011f\u0131n\u0131 savundu. Buna kar\u015f\u0131l\u0131k CTP\u2019ye y\u00f6nelik ele\u015ftirilerde bulunan Hasipo\u011flu, \u00fc\u00e7 y\u0131ld\u0131r a\u011f\u0131r cezada yarg\u0131lanan bir belediye ba\u015fkan\u0131 hakk\u0131nda neden i\u015flem yap\u0131lmad\u0131\u011f\u0131n\u0131 sordu.<\/p>\n<p>Hasipo\u011flu, yarg\u0131daki dosyalar\u0131n yarg\u0131 mercilerinde kalmas\u0131 gerekti\u011fini belirterek, siyasi tart\u0131\u015fmalar\u0131n icraatlar \u00fczerinden y\u00fcr\u00fct\u00fclmesi \u00e7a\u011fr\u0131s\u0131nda bulundu.<\/p>\n<\/p>\n<div class=\"article-source py-3 small \">\n                <\/div>\n","protected":false},"excerpt":{"rendered":"<p>Cumhuriyet Meclisi Genel Kurulu\u2019nda s\u00f6z alan \u00c7al\u0131\u015fma ve Sosyal G\u00fcvenlik Bakan\u0131 O\u011fuzhan Hasipo\u011flu, Cumhuriyet\u00e7i T\u00fcrk Partisi (CTP) milletvekili Erkut \u015eahali\u2019nin anayasa de\u011fi\u015fikli\u011fi, referandum ve yarg\u0131 s\u00fcre\u00e7lerine y\u00f6nelik ele\u015ftirilerine yan\u0131t verdi. Anayasa de\u011fi\u015fikli\u011fi s\u00fcrecinin Y\u00fcksek Mahkeme\u2019nin yasamadan talebiyle ba\u015flad\u0131\u011f\u0131n\u0131 vurgulayan Hasipo\u011flu, Y\u00fcksek Adliye Kurulu\u2019nun hem iktidar hem muhalefet partileriyle temas kurdu\u011funu ve de\u011fi\u015fikli\u011fin gerekli oldu\u011fu y\u00f6n\u00fcnde<\/p>\n","protected":false},"author":1,"featured_media":105929,"comment_status":"open","ping_status":"open","sticky":false,"template":"","format":"standard","meta":{"footnotes":""},"categories":[81],"tags":[],"class_list":["post-105928","post","type-post","status-publish","format-standard","has-post-thumbnail","hentry","category-kibris"],"yoast_head":"<!-- This site is optimized with the Yoast SEO plugin v27.4 - https:\/\/yoast.com\/product\/yoast-seo-wordpress\/ -->\n<title>HAS\u0130PO\u011eLU: \u201cANAYASA DE\u011e\u0130\u015e\u0130KL\u0130\u011e\u0130 YARGININ TALEB\u0130D\u0130R, ERTELENEMEZ\u201d -<\/title>\n<meta name=\"robots\" content=\"index, follow, max-snippet:-1, max-image-preview:large, max-video-preview:-1\" \/>\n<link rel=\"canonical\" href=\"https:\/\/kibrisdakik.com\/?p=105928\" \/>\n<meta property=\"og:locale\" content=\"tr_TR\" \/>\n<meta property=\"og:type\" content=\"article\" \/>\n<meta property=\"og:title\" content=\"HAS\u0130PO\u011eLU: \u201cANAYASA DE\u011e\u0130\u015e\u0130KL\u0130\u011e\u0130 YARGININ TALEB\u0130D\u0130R, ERTELENEMEZ\u201d -\" \/>\n<meta property=\"og:description\" content=\"Cumhuriyet Meclisi Genel Kurulu\u2019nda s\u00f6z alan \u00c7al\u0131\u015fma ve Sosyal G\u00fcvenlik Bakan\u0131 O\u011fuzhan Hasipo\u011flu, Cumhuriyet\u00e7i T\u00fcrk Partisi (CTP) milletvekili Erkut \u015eahali\u2019nin anayasa de\u011fi\u015fikli\u011fi, referandum ve yarg\u0131 s\u00fcre\u00e7lerine y\u00f6nelik ele\u015ftirilerine yan\u0131t verdi. Anayasa de\u011fi\u015fikli\u011fi s\u00fcrecinin Y\u00fcksek Mahkeme\u2019nin yasamadan talebiyle ba\u015flad\u0131\u011f\u0131n\u0131 vurgulayan Hasipo\u011flu, Y\u00fcksek Adliye Kurulu\u2019nun hem iktidar hem muhalefet partileriyle temas kurdu\u011funu ve de\u011fi\u015fikli\u011fin gerekli oldu\u011fu y\u00f6n\u00fcnde\" \/>\n<meta property=\"og:url\" content=\"https:\/\/kibrisdakik.com\/?p=105928\" \/>\n<meta property=\"article:published_time\" content=\"2026-02-10T15:17:01+00:00\" \/>\n<meta property=\"og:image\" content=\"https:\/\/kibrisdakik.com\/wp-content\/uploads\/2026\/02\/mha-sari-beyaz-3069.png\" \/>\n\t<meta property=\"og:image:width\" content=\"1280\" \/>\n\t<meta property=\"og:image:height\" content=\"720\" \/>\n\t<meta property=\"og:image:type\" content=\"image\/png\" \/>\n<meta name=\"author\" content=\"admin\" \/>\n<meta name=\"twitter:card\" content=\"summary_large_image\" \/>\n<meta name=\"twitter:label1\" content=\"Yazan:\" \/>\n\t<meta name=\"twitter:data1\" content=\"admin\" \/>\n\t<meta name=\"twitter:label2\" content=\"Tahmini okuma s\u00fcresi\" \/>\n\t<meta name=\"twitter:data2\" content=\"2 dakika\" \/>\n<script type=\"application\/ld+json\" class=\"yoast-schema-graph\">{\"@context\":\"https:\\\/\\\/schema.org\",\"@graph\":[{\"@type\":\"Article\",\"@id\":\"https:\\\/\\\/kibrisdakik.com\\\/?p=105928#article\",\"isPartOf\":{\"@id\":\"https:\\\/\\\/kibrisdakik.com\\\/?p=105928\"},\"author\":{\"name\":\"admin\",\"@id\":\"https:\\\/\\\/kibrisdakik.com\\\/#\\\/schema\\\/person\\\/9cd9d437bbb44f72b73ba127e06d8e79\"},\"headline\":\"HAS\u0130PO\u011eLU: \u201cANAYASA DE\u011e\u0130\u015e\u0130KL\u0130\u011e\u0130 YARGININ TALEB\u0130D\u0130R, ERTELENEMEZ\u201d\",\"datePublished\":\"2026-02-10T15:17:01+00:00\",\"mainEntityOfPage\":{\"@id\":\"https:\\\/\\\/kibrisdakik.com\\\/?p=105928\"},\"wordCount\":473,\"commentCount\":0,\"image\":{\"@id\":\"https:\\\/\\\/kibrisdakik.com\\\/?p=105928#primaryimage\"},\"thumbnailUrl\":\"https:\\\/\\\/kibrisdakik.com\\\/wp-content\\\/uploads\\\/2026\\\/02\\\/mha-sari-beyaz-3069.png\",\"articleSection\":[\"K\u0131br\u0131s\"],\"inLanguage\":\"tr\",\"potentialAction\":[{\"@type\":\"CommentAction\",\"name\":\"Comment\",\"target\":[\"https:\\\/\\\/kibrisdakik.com\\\/?p=105928#respond\"]}]},{\"@type\":\"WebPage\",\"@id\":\"https:\\\/\\\/kibrisdakik.com\\\/?p=105928\",\"url\":\"https:\\\/\\\/kibrisdakik.com\\\/?p=105928\",\"name\":\"HAS\u0130PO\u011eLU: \u201cANAYASA DE\u011e\u0130\u015e\u0130KL\u0130\u011e\u0130 YARGININ TALEB\u0130D\u0130R, ERTELENEMEZ\u201d -\",\"isPartOf\":{\"@id\":\"https:\\\/\\\/kibrisdakik.com\\\/#website\"},\"primaryImageOfPage\":{\"@id\":\"https:\\\/\\\/kibrisdakik.com\\\/?p=105928#primaryimage\"},\"image\":{\"@id\":\"https:\\\/\\\/kibrisdakik.com\\\/?p=105928#primaryimage\"},\"thumbnailUrl\":\"https:\\\/\\\/kibrisdakik.com\\\/wp-content\\\/uploads\\\/2026\\\/02\\\/mha-sari-beyaz-3069.png\",\"datePublished\":\"2026-02-10T15:17:01+00:00\",\"author\":{\"@id\":\"https:\\\/\\\/kibrisdakik.com\\\/#\\\/schema\\\/person\\\/9cd9d437bbb44f72b73ba127e06d8e79\"},\"breadcrumb\":{\"@id\":\"https:\\\/\\\/kibrisdakik.com\\\/?p=105928#breadcrumb\"},\"inLanguage\":\"tr\",\"potentialAction\":[{\"@type\":\"ReadAction\",\"target\":[\"https:\\\/\\\/kibrisdakik.com\\\/?p=105928\"]}]},{\"@type\":\"ImageObject\",\"inLanguage\":\"tr\",\"@id\":\"https:\\\/\\\/kibrisdakik.com\\\/?p=105928#primaryimage\",\"url\":\"https:\\\/\\\/kibrisdakik.com\\\/wp-content\\\/uploads\\\/2026\\\/02\\\/mha-sari-beyaz-3069.png\",\"contentUrl\":\"https:\\\/\\\/kibrisdakik.com\\\/wp-content\\\/uploads\\\/2026\\\/02\\\/mha-sari-beyaz-3069.png\",\"width\":1280,\"height\":720},{\"@type\":\"BreadcrumbList\",\"@id\":\"https:\\\/\\\/kibrisdakik.com\\\/?p=105928#breadcrumb\",\"itemListElement\":[{\"@type\":\"ListItem\",\"position\":1,\"name\":\"Home\",\"item\":\"https:\\\/\\\/kibrisdakik.com\\\/\"},{\"@type\":\"ListItem\",\"position\":2,\"name\":\"HAS\u0130PO\u011eLU: \u201cANAYASA DE\u011e\u0130\u015e\u0130KL\u0130\u011e\u0130 YARGININ TALEB\u0130D\u0130R, ERTELENEMEZ\u201d\"}]},{\"@type\":\"WebSite\",\"@id\":\"https:\\\/\\\/kibrisdakik.com\\\/#website\",\"url\":\"https:\\\/\\\/kibrisdakik.com\\\/\",\"name\":\"\",\"description\":\"Tam vaktinde haber\",\"potentialAction\":[{\"@type\":\"SearchAction\",\"target\":{\"@type\":\"EntryPoint\",\"urlTemplate\":\"https:\\\/\\\/kibrisdakik.com\\\/?s={search_term_string}\"},\"query-input\":{\"@type\":\"PropertyValueSpecification\",\"valueRequired\":true,\"valueName\":\"search_term_string\"}}],\"inLanguage\":\"tr\"},{\"@type\":\"Person\",\"@id\":\"https:\\\/\\\/kibrisdakik.com\\\/#\\\/schema\\\/person\\\/9cd9d437bbb44f72b73ba127e06d8e79\",\"name\":\"admin\",\"image\":{\"@type\":\"ImageObject\",\"inLanguage\":\"tr\",\"@id\":\"https:\\\/\\\/secure.gravatar.com\\\/avatar\\\/ccc17943b9d660506c869530f897617f7cb1c21a4bf30023f252596d83e1f007?s=96&d=mm&r=g\",\"url\":\"https:\\\/\\\/secure.gravatar.com\\\/avatar\\\/ccc17943b9d660506c869530f897617f7cb1c21a4bf30023f252596d83e1f007?s=96&d=mm&r=g\",\"contentUrl\":\"https:\\\/\\\/secure.gravatar.com\\\/avatar\\\/ccc17943b9d660506c869530f897617f7cb1c21a4bf30023f252596d83e1f007?s=96&d=mm&r=g\",\"caption\":\"admin\"},\"sameAs\":[\"https:\\\/\\\/kibrisdakik.com\"],\"url\":\"https:\\\/\\\/kibrisdakik.com\\\/?author=1\"}]}<\/script>\n<!-- \/ Yoast SEO plugin. -->","yoast_head_json":{"title":"HAS\u0130PO\u011eLU: \u201cANAYASA DE\u011e\u0130\u015e\u0130KL\u0130\u011e\u0130 YARGININ TALEB\u0130D\u0130R, ERTELENEMEZ\u201d -","robots":{"index":"index","follow":"follow","max-snippet":"max-snippet:-1","max-image-preview":"max-image-preview:large","max-video-preview":"max-video-preview:-1"},"canonical":"https:\/\/kibrisdakik.com\/?p=105928","og_locale":"tr_TR","og_type":"article","og_title":"HAS\u0130PO\u011eLU: \u201cANAYASA DE\u011e\u0130\u015e\u0130KL\u0130\u011e\u0130 YARGININ TALEB\u0130D\u0130R, ERTELENEMEZ\u201d -","og_description":"Cumhuriyet Meclisi Genel Kurulu\u2019nda s\u00f6z alan \u00c7al\u0131\u015fma ve Sosyal G\u00fcvenlik Bakan\u0131 O\u011fuzhan Hasipo\u011flu, Cumhuriyet\u00e7i T\u00fcrk Partisi (CTP) milletvekili Erkut \u015eahali\u2019nin anayasa de\u011fi\u015fikli\u011fi, referandum ve yarg\u0131 s\u00fcre\u00e7lerine y\u00f6nelik ele\u015ftirilerine yan\u0131t verdi. Anayasa de\u011fi\u015fikli\u011fi s\u00fcrecinin Y\u00fcksek Mahkeme\u2019nin yasamadan talebiyle ba\u015flad\u0131\u011f\u0131n\u0131 vurgulayan Hasipo\u011flu, Y\u00fcksek Adliye Kurulu\u2019nun hem iktidar hem muhalefet partileriyle temas kurdu\u011funu ve de\u011fi\u015fikli\u011fin gerekli oldu\u011fu y\u00f6n\u00fcnde","og_url":"https:\/\/kibrisdakik.com\/?p=105928","article_published_time":"2026-02-10T15:17:01+00:00","og_image":[{"width":1280,"height":720,"url":"https:\/\/kibrisdakik.com\/wp-content\/uploads\/2026\/02\/mha-sari-beyaz-3069.png","type":"image\/png"}],"author":"admin","twitter_card":"summary_large_image","twitter_misc":{"Yazan:":"admin","Tahmini okuma s\u00fcresi":"2 dakika"},"schema":{"@context":"https:\/\/schema.org","@graph":[{"@type":"Article","@id":"https:\/\/kibrisdakik.com\/?p=105928#article","isPartOf":{"@id":"https:\/\/kibrisdakik.com\/?p=105928"},"author":{"name":"admin","@id":"https:\/\/kibrisdakik.com\/#\/schema\/person\/9cd9d437bbb44f72b73ba127e06d8e79"},"headline":"HAS\u0130PO\u011eLU: \u201cANAYASA DE\u011e\u0130\u015e\u0130KL\u0130\u011e\u0130 YARGININ TALEB\u0130D\u0130R, ERTELENEMEZ\u201d","datePublished":"2026-02-10T15:17:01+00:00","mainEntityOfPage":{"@id":"https:\/\/kibrisdakik.com\/?p=105928"},"wordCount":473,"commentCount":0,"image":{"@id":"https:\/\/kibrisdakik.com\/?p=105928#primaryimage"},"thumbnailUrl":"https:\/\/kibrisdakik.com\/wp-content\/uploads\/2026\/02\/mha-sari-beyaz-3069.png","articleSection":["K\u0131br\u0131s"],"inLanguage":"tr","potentialAction":[{"@type":"CommentAction","name":"Comment","target":["https:\/\/kibrisdakik.com\/?p=105928#respond"]}]},{"@type":"WebPage","@id":"https:\/\/kibrisdakik.com\/?p=105928","url":"https:\/\/kibrisdakik.com\/?p=105928","name":"HAS\u0130PO\u011eLU: \u201cANAYASA DE\u011e\u0130\u015e\u0130KL\u0130\u011e\u0130 YARGININ TALEB\u0130D\u0130R, ERTELENEMEZ\u201d -","isPartOf":{"@id":"https:\/\/kibrisdakik.com\/#website"},"primaryImageOfPage":{"@id":"https:\/\/kibrisdakik.com\/?p=105928#primaryimage"},"image":{"@id":"https:\/\/kibrisdakik.com\/?p=105928#primaryimage"},"thumbnailUrl":"https:\/\/kibrisdakik.com\/wp-content\/uploads\/2026\/02\/mha-sari-beyaz-3069.png","datePublished":"2026-02-10T15:17:01+00:00","author":{"@id":"https:\/\/kibrisdakik.com\/#\/schema\/person\/9cd9d437bbb44f72b73ba127e06d8e79"},"breadcrumb":{"@id":"https:\/\/kibrisdakik.com\/?p=105928#breadcrumb"},"inLanguage":"tr","potentialAction":[{"@type":"ReadAction","target":["https:\/\/kibrisdakik.com\/?p=105928"]}]},{"@type":"ImageObject","inLanguage":"tr","@id":"https:\/\/kibrisdakik.com\/?p=105928#primaryimage","url":"https:\/\/kibrisdakik.com\/wp-content\/uploads\/2026\/02\/mha-sari-beyaz-3069.png","contentUrl":"https:\/\/kibrisdakik.com\/wp-content\/uploads\/2026\/02\/mha-sari-beyaz-3069.png","width":1280,"height":720},{"@type":"BreadcrumbList","@id":"https:\/\/kibrisdakik.com\/?p=105928#breadcrumb","itemListElement":[{"@type":"ListItem","position":1,"name":"Home","item":"https:\/\/kibrisdakik.com\/"},{"@type":"ListItem","position":2,"name":"HAS\u0130PO\u011eLU: \u201cANAYASA DE\u011e\u0130\u015e\u0130KL\u0130\u011e\u0130 YARGININ TALEB\u0130D\u0130R, ERTELENEMEZ\u201d"}]},{"@type":"WebSite","@id":"https:\/\/kibrisdakik.com\/#website","url":"https:\/\/kibrisdakik.com\/","name":"","description":"Tam vaktinde haber","potentialAction":[{"@type":"SearchAction","target":{"@type":"EntryPoint","urlTemplate":"https:\/\/kibrisdakik.com\/?s={search_term_string}"},"query-input":{"@type":"PropertyValueSpecification","valueRequired":true,"valueName":"search_term_string"}}],"inLanguage":"tr"},{"@type":"Person","@id":"https:\/\/kibrisdakik.com\/#\/schema\/person\/9cd9d437bbb44f72b73ba127e06d8e79","name":"admin","image":{"@type":"ImageObject","inLanguage":"tr","@id":"https:\/\/secure.gravatar.com\/avatar\/ccc17943b9d660506c869530f897617f7cb1c21a4bf30023f252596d83e1f007?s=96&d=mm&r=g","url":"https:\/\/secure.gravatar.com\/avatar\/ccc17943b9d660506c869530f897617f7cb1c21a4bf30023f252596d83e1f007?s=96&d=mm&r=g","contentUrl":"https:\/\/secure.gravatar.com\/avatar\/ccc17943b9d660506c869530f897617f7cb1c21a4bf30023f252596d83e1f007?s=96&d=mm&r=g","caption":"admin"},"sameAs":["https:\/\/kibrisdakik.com"],"url":"https:\/\/kibrisdakik.com\/?author=1"}]}},"_links":{"self":[{"href":"https:\/\/kibrisdakik.com\/index.php?rest_route=\/wp\/v2\/posts\/105928","targetHints":{"allow":["GET"]}}],"collection":[{"href":"https:\/\/kibrisdakik.com\/index.php?rest_route=\/wp\/v2\/posts"}],"about":[{"href":"https:\/\/kibrisdakik.com\/index.php?rest_route=\/wp\/v2\/types\/post"}],"author":[{"embeddable":true,"href":"https:\/\/kibrisdakik.com\/index.php?rest_route=\/wp\/v2\/users\/1"}],"replies":[{"embeddable":true,"href":"https:\/\/kibrisdakik.com\/index.php?rest_route=%2Fwp%2Fv2%2Fcomments&post=105928"}],"version-history":[{"count":0,"href":"https:\/\/kibrisdakik.com\/index.php?rest_route=\/wp\/v2\/posts\/105928\/revisions"}],"wp:featuredmedia":[{"embeddable":true,"href":"https:\/\/kibrisdakik.com\/index.php?rest_route=\/wp\/v2\/media\/105929"}],"wp:attachment":[{"href":"https:\/\/kibrisdakik.com\/index.php?rest_route=%2Fwp%2Fv2%2Fmedia&parent=105928"}],"wp:term":[{"taxonomy":"category","embeddable":true,"href":"https:\/\/kibrisdakik.com\/index.php?rest_route=%2Fwp%2Fv2%2Fcategories&post=105928"},{"taxonomy":"post_tag","embeddable":true,"href":"https:\/\/kibrisdakik.com\/index.php?rest_route=%2Fwp%2Fv2%2Ftags&post=105928"}],"curies":[{"name":"wp","href":"https:\/\/api.w.org\/{rel}","templated":true}]}}