{"id":105956,"date":"2026-02-11T10:23:59","date_gmt":"2026-02-11T08:23:59","guid":{"rendered":"https:\/\/kibrisdakik.com\/index.php\/2026\/02\/11\/tip-isten-ektam-calisanlarina-destek\/"},"modified":"2026-02-11T10:23:59","modified_gmt":"2026-02-11T08:23:59","slug":"tip-isten-ektam-calisanlarina-destek","status":"publish","type":"post","link":"https:\/\/kibrisdakik.com\/?p=105956","title":{"rendered":"TIP-\u0130\u015e\u2019TEN EKTAM \u00c7ALI\u015eANLARINA DESTEK"},"content":{"rendered":"<p><\/p>\n<div data-text-id=\"195827\" property=\"articleBody\">\n<p>K\u0131br\u0131s T\u00fcrk Hekimler Sendikas\u0131 (TIP-\u0130\u015e), EKTAM \u00e7al\u0131\u015fanlar\u0131n\u0131n &#8220;insanca \u00e7al\u0131\u015fma ko\u015fullar\u0131, g\u00fcvenceli istihdam ve sendikal haklar\u0131n\u0131n tan\u0131nmas\u0131&#8221; talebiyle y\u00fcr\u00fctt\u00fc\u011f\u00fc grev ve direni\u015fe destek belirtti.<\/p>\n<p>TIP-\u0130\u015e Y\u00f6netim Kurulu taraf\u0131ndan yap\u0131lan yaz\u0131l\u0131 a\u00e7\u0131klamada, EKTAM emek\u00e7ilerinin m\u00fccadelesinin yak\u0131ndan takip edildi\u011fi ve dayan\u0131\u015fma i\u00e7inde olundu\u011fu kaydedildi. A\u00e7\u0131klamada, \u00f6rg\u00fctlenme, toplu s\u00f6zle\u015fme ve grev haklar\u0131n\u0131n demokratik toplum d\u00fczeninin vazge\u00e7ilmez unsurlar\u0131 oldu\u011fu vurgulanarak, bu haklar\u0131n g\u00f6rmezden gelinmesinin yaln\u0131zca ilgili i\u015fyerini de\u011fil, t\u00fcm \u00e7al\u0131\u015fma ya\u015fam\u0131n\u0131 ve toplumsal adalet duygusunu zedeledi\u011fi ifade edildi.<\/p>\n<p>Kamu sa\u011fl\u0131k alan\u0131nda g\u00f6rev yapan hekimler olarak, &#8220;eme\u011fin de\u011fersizle\u015ftirilmesinin, g\u00fcvencesizli\u011fin yayg\u0131nla\u015fmas\u0131n\u0131n ve \u00e7al\u0131\u015fanlar\u0131n s\u00f6z hakk\u0131n\u0131n yok say\u0131lmas\u0131n\u0131n toplum sa\u011fl\u0131\u011f\u0131n\u0131 da do\u011frudan tehdit etti\u011fi&#8221; g\u00f6r\u00fc\u015f\u00fcnde oldu\u011funu ifade eden sendika, &#8220;EKTAM emek\u00e7ilerinin m\u00fccadelesi \u00e7al\u0131\u015fma ya\u015fam\u0131nda adalet ve sayg\u0131nl\u0131k talebini y\u00fckselten ortak bir sendikal m\u00fccadelenin par\u00e7as\u0131d\u0131r &#8220;dedi.<\/p>\n<p>A\u00e7\u0131klamada, \u00f6rg\u00fctl\u00fc eme\u011fin dayan\u0131\u015fmas\u0131n\u0131n b\u00fcy\u00fct\u00fclmesi ve sorunlara diyalog yoluyla \u00e7\u00f6z\u00fcm \u00fcretilmesi gerekti\u011fi vurgulanarak, yetkililer, emek\u00e7ilerin me\u015fru taleplerini dikkate almaya, sendikal haklara sayg\u0131 g\u00f6stermeye ve \u00e7al\u0131\u015fma bar\u0131\u015f\u0131n\u0131 sa\u011flayacak ad\u0131mlar\u0131 gecikmeksizin atmaya davet edildi.<\/p>\n<p>TIP-\u0130\u015e, Dev-\u0130\u015f\u2019e ba\u011fl\u0131 Emek-\u0130\u015f Sendikas\u0131\u2019nda \u00f6rg\u00fctlenen EKTAM emek\u00e7ilerinin yan\u0131nda oldu\u011funu ve hak temelli, \u00f6rg\u00fctl\u00fc m\u00fccadelenin g\u00fc\u00e7lenmesi i\u00e7in dayan\u0131\u015fmay\u0131 s\u00fcrd\u00fcrece\u011fini kaydetti.<\/p>\n<\/p><\/div>\n","protected":false},"excerpt":{"rendered":"<p>K\u0131br\u0131s T\u00fcrk Hekimler Sendikas\u0131 (TIP-\u0130\u015e), EKTAM \u00e7al\u0131\u015fanlar\u0131n\u0131n &#8220;insanca \u00e7al\u0131\u015fma ko\u015fullar\u0131, g\u00fcvenceli istihdam ve sendikal haklar\u0131n\u0131n tan\u0131nmas\u0131&#8221; talebiyle y\u00fcr\u00fctt\u00fc\u011f\u00fc grev ve direni\u015fe destek belirtti. TIP-\u0130\u015e Y\u00f6netim Kurulu taraf\u0131ndan yap\u0131lan yaz\u0131l\u0131 a\u00e7\u0131klamada, EKTAM emek\u00e7ilerinin m\u00fccadelesinin yak\u0131ndan takip edildi\u011fi ve dayan\u0131\u015fma i\u00e7inde olundu\u011fu kaydedildi. A\u00e7\u0131klamada, \u00f6rg\u00fctlenme, toplu s\u00f6zle\u015fme ve grev haklar\u0131n\u0131n demokratik toplum d\u00fczeninin vazge\u00e7ilmez unsurlar\u0131 oldu\u011fu vurgulanarak,<\/p>\n","protected":false},"author":1,"featured_media":105957,"comment_status":"open","ping_status":"open","sticky":false,"template":"","format":"standard","meta":{"footnotes":""},"categories":[81],"tags":[],"class_list":["post-105956","post","type-post","status-publish","format-standard","has-post-thumbnail","hentry","category-kibris"],"yoast_head":"<!-- This site is optimized with the Yoast SEO plugin v27.5 - https:\/\/yoast.com\/product\/yoast-seo-wordpress\/ -->\n<title>TIP-\u0130\u015e\u2019TEN EKTAM \u00c7ALI\u015eANLARINA DESTEK -<\/title>\n<meta name=\"robots\" content=\"index, follow, max-snippet:-1, max-image-preview:large, max-video-preview:-1\" \/>\n<link rel=\"canonical\" href=\"https:\/\/kibrisdakik.com\/?p=105956\" \/>\n<meta property=\"og:locale\" content=\"tr_TR\" \/>\n<meta property=\"og:type\" content=\"article\" \/>\n<meta property=\"og:title\" content=\"TIP-\u0130\u015e\u2019TEN EKTAM \u00c7ALI\u015eANLARINA DESTEK -\" \/>\n<meta property=\"og:description\" content=\"K\u0131br\u0131s T\u00fcrk Hekimler Sendikas\u0131 (TIP-\u0130\u015e), EKTAM \u00e7al\u0131\u015fanlar\u0131n\u0131n &#8220;insanca \u00e7al\u0131\u015fma ko\u015fullar\u0131, g\u00fcvenceli istihdam ve sendikal haklar\u0131n\u0131n tan\u0131nmas\u0131&#8221; talebiyle y\u00fcr\u00fctt\u00fc\u011f\u00fc grev ve direni\u015fe destek belirtti. TIP-\u0130\u015e Y\u00f6netim Kurulu taraf\u0131ndan yap\u0131lan yaz\u0131l\u0131 a\u00e7\u0131klamada, EKTAM emek\u00e7ilerinin m\u00fccadelesinin yak\u0131ndan takip edildi\u011fi ve dayan\u0131\u015fma i\u00e7inde olundu\u011fu kaydedildi. A\u00e7\u0131klamada, \u00f6rg\u00fctlenme, toplu s\u00f6zle\u015fme ve grev haklar\u0131n\u0131n demokratik toplum d\u00fczeninin vazge\u00e7ilmez unsurlar\u0131 oldu\u011fu vurgulanarak,\" \/>\n<meta property=\"og:url\" content=\"https:\/\/kibrisdakik.com\/?p=105956\" \/>\n<meta property=\"article:published_time\" content=\"2026-02-11T08:23:59+00:00\" \/>\n<meta property=\"og:image\" content=\"https:\/\/kibrisdakik.com\/wp-content\/uploads\/2026\/02\/mha-sari-beyaz-3080.png\" \/>\n\t<meta property=\"og:image:width\" content=\"1280\" \/>\n\t<meta property=\"og:image:height\" content=\"720\" \/>\n\t<meta property=\"og:image:type\" content=\"image\/png\" \/>\n<meta name=\"author\" content=\"admin\" \/>\n<meta name=\"twitter:card\" content=\"summary_large_image\" \/>\n<meta name=\"twitter:label1\" content=\"Yazan:\" \/>\n\t<meta name=\"twitter:data1\" content=\"admin\" \/>\n\t<meta name=\"twitter:label2\" content=\"Tahmini okuma s\u00fcresi\" \/>\n\t<meta name=\"twitter:data2\" content=\"1 dakika\" \/>\n<script type=\"application\/ld+json\" class=\"yoast-schema-graph\">{\"@context\":\"https:\\\/\\\/schema.org\",\"@graph\":[{\"@type\":\"Article\",\"@id\":\"https:\\\/\\\/kibrisdakik.com\\\/?p=105956#article\",\"isPartOf\":{\"@id\":\"https:\\\/\\\/kibrisdakik.com\\\/?p=105956\"},\"author\":{\"name\":\"admin\",\"@id\":\"https:\\\/\\\/kibrisdakik.com\\\/#\\\/schema\\\/person\\\/9cd9d437bbb44f72b73ba127e06d8e79\"},\"headline\":\"TIP-\u0130\u015e\u2019TEN EKTAM \u00c7ALI\u015eANLARINA DESTEK\",\"datePublished\":\"2026-02-11T08:23:59+00:00\",\"mainEntityOfPage\":{\"@id\":\"https:\\\/\\\/kibrisdakik.com\\\/?p=105956\"},\"wordCount\":294,\"commentCount\":0,\"image\":{\"@id\":\"https:\\\/\\\/kibrisdakik.com\\\/?p=105956#primaryimage\"},\"thumbnailUrl\":\"https:\\\/\\\/kibrisdakik.com\\\/wp-content\\\/uploads\\\/2026\\\/02\\\/mha-sari-beyaz-3080.png\",\"articleSection\":[\"K\u0131br\u0131s\"],\"inLanguage\":\"tr\",\"potentialAction\":[{\"@type\":\"CommentAction\",\"name\":\"Comment\",\"target\":[\"https:\\\/\\\/kibrisdakik.com\\\/?p=105956#respond\"]}]},{\"@type\":\"WebPage\",\"@id\":\"https:\\\/\\\/kibrisdakik.com\\\/?p=105956\",\"url\":\"https:\\\/\\\/kibrisdakik.com\\\/?p=105956\",\"name\":\"TIP-\u0130\u015e\u2019TEN EKTAM \u00c7ALI\u015eANLARINA DESTEK -\",\"isPartOf\":{\"@id\":\"https:\\\/\\\/kibrisdakik.com\\\/#website\"},\"primaryImageOfPage\":{\"@id\":\"https:\\\/\\\/kibrisdakik.com\\\/?p=105956#primaryimage\"},\"image\":{\"@id\":\"https:\\\/\\\/kibrisdakik.com\\\/?p=105956#primaryimage\"},\"thumbnailUrl\":\"https:\\\/\\\/kibrisdakik.com\\\/wp-content\\\/uploads\\\/2026\\\/02\\\/mha-sari-beyaz-3080.png\",\"datePublished\":\"2026-02-11T08:23:59+00:00\",\"author\":{\"@id\":\"https:\\\/\\\/kibrisdakik.com\\\/#\\\/schema\\\/person\\\/9cd9d437bbb44f72b73ba127e06d8e79\"},\"breadcrumb\":{\"@id\":\"https:\\\/\\\/kibrisdakik.com\\\/?p=105956#breadcrumb\"},\"inLanguage\":\"tr\",\"potentialAction\":[{\"@type\":\"ReadAction\",\"target\":[\"https:\\\/\\\/kibrisdakik.com\\\/?p=105956\"]}]},{\"@type\":\"ImageObject\",\"inLanguage\":\"tr\",\"@id\":\"https:\\\/\\\/kibrisdakik.com\\\/?p=105956#primaryimage\",\"url\":\"https:\\\/\\\/kibrisdakik.com\\\/wp-content\\\/uploads\\\/2026\\\/02\\\/mha-sari-beyaz-3080.png\",\"contentUrl\":\"https:\\\/\\\/kibrisdakik.com\\\/wp-content\\\/uploads\\\/2026\\\/02\\\/mha-sari-beyaz-3080.png\",\"width\":1280,\"height\":720},{\"@type\":\"BreadcrumbList\",\"@id\":\"https:\\\/\\\/kibrisdakik.com\\\/?p=105956#breadcrumb\",\"itemListElement\":[{\"@type\":\"ListItem\",\"position\":1,\"name\":\"Home\",\"item\":\"https:\\\/\\\/kibrisdakik.com\\\/\"},{\"@type\":\"ListItem\",\"position\":2,\"name\":\"TIP-\u0130\u015e\u2019TEN EKTAM \u00c7ALI\u015eANLARINA DESTEK\"}]},{\"@type\":\"WebSite\",\"@id\":\"https:\\\/\\\/kibrisdakik.com\\\/#website\",\"url\":\"https:\\\/\\\/kibrisdakik.com\\\/\",\"name\":\"\",\"description\":\"Tam vaktinde haber\",\"potentialAction\":[{\"@type\":\"SearchAction\",\"target\":{\"@type\":\"EntryPoint\",\"urlTemplate\":\"https:\\\/\\\/kibrisdakik.com\\\/?s={search_term_string}\"},\"query-input\":{\"@type\":\"PropertyValueSpecification\",\"valueRequired\":true,\"valueName\":\"search_term_string\"}}],\"inLanguage\":\"tr\"},{\"@type\":\"Person\",\"@id\":\"https:\\\/\\\/kibrisdakik.com\\\/#\\\/schema\\\/person\\\/9cd9d437bbb44f72b73ba127e06d8e79\",\"name\":\"admin\",\"image\":{\"@type\":\"ImageObject\",\"inLanguage\":\"tr\",\"@id\":\"https:\\\/\\\/secure.gravatar.com\\\/avatar\\\/ccc17943b9d660506c869530f897617f7cb1c21a4bf30023f252596d83e1f007?s=96&d=mm&r=g\",\"url\":\"https:\\\/\\\/secure.gravatar.com\\\/avatar\\\/ccc17943b9d660506c869530f897617f7cb1c21a4bf30023f252596d83e1f007?s=96&d=mm&r=g\",\"contentUrl\":\"https:\\\/\\\/secure.gravatar.com\\\/avatar\\\/ccc17943b9d660506c869530f897617f7cb1c21a4bf30023f252596d83e1f007?s=96&d=mm&r=g\",\"caption\":\"admin\"},\"sameAs\":[\"https:\\\/\\\/kibrisdakik.com\"],\"url\":\"https:\\\/\\\/kibrisdakik.com\\\/?author=1\"}]}<\/script>\n<!-- \/ Yoast SEO plugin. -->","yoast_head_json":{"title":"TIP-\u0130\u015e\u2019TEN EKTAM \u00c7ALI\u015eANLARINA DESTEK -","robots":{"index":"index","follow":"follow","max-snippet":"max-snippet:-1","max-image-preview":"max-image-preview:large","max-video-preview":"max-video-preview:-1"},"canonical":"https:\/\/kibrisdakik.com\/?p=105956","og_locale":"tr_TR","og_type":"article","og_title":"TIP-\u0130\u015e\u2019TEN EKTAM \u00c7ALI\u015eANLARINA DESTEK -","og_description":"K\u0131br\u0131s T\u00fcrk Hekimler Sendikas\u0131 (TIP-\u0130\u015e), EKTAM \u00e7al\u0131\u015fanlar\u0131n\u0131n &#8220;insanca \u00e7al\u0131\u015fma ko\u015fullar\u0131, g\u00fcvenceli istihdam ve sendikal haklar\u0131n\u0131n tan\u0131nmas\u0131&#8221; talebiyle y\u00fcr\u00fctt\u00fc\u011f\u00fc grev ve direni\u015fe destek belirtti. TIP-\u0130\u015e Y\u00f6netim Kurulu taraf\u0131ndan yap\u0131lan yaz\u0131l\u0131 a\u00e7\u0131klamada, EKTAM emek\u00e7ilerinin m\u00fccadelesinin yak\u0131ndan takip edildi\u011fi ve dayan\u0131\u015fma i\u00e7inde olundu\u011fu kaydedildi. A\u00e7\u0131klamada, \u00f6rg\u00fctlenme, toplu s\u00f6zle\u015fme ve grev haklar\u0131n\u0131n demokratik toplum d\u00fczeninin vazge\u00e7ilmez unsurlar\u0131 oldu\u011fu vurgulanarak,","og_url":"https:\/\/kibrisdakik.com\/?p=105956","article_published_time":"2026-02-11T08:23:59+00:00","og_image":[{"width":1280,"height":720,"url":"https:\/\/kibrisdakik.com\/wp-content\/uploads\/2026\/02\/mha-sari-beyaz-3080.png","type":"image\/png"}],"author":"admin","twitter_card":"summary_large_image","twitter_misc":{"Yazan:":"admin","Tahmini okuma s\u00fcresi":"1 dakika"},"schema":{"@context":"https:\/\/schema.org","@graph":[{"@type":"Article","@id":"https:\/\/kibrisdakik.com\/?p=105956#article","isPartOf":{"@id":"https:\/\/kibrisdakik.com\/?p=105956"},"author":{"name":"admin","@id":"https:\/\/kibrisdakik.com\/#\/schema\/person\/9cd9d437bbb44f72b73ba127e06d8e79"},"headline":"TIP-\u0130\u015e\u2019TEN EKTAM \u00c7ALI\u015eANLARINA DESTEK","datePublished":"2026-02-11T08:23:59+00:00","mainEntityOfPage":{"@id":"https:\/\/kibrisdakik.com\/?p=105956"},"wordCount":294,"commentCount":0,"image":{"@id":"https:\/\/kibrisdakik.com\/?p=105956#primaryimage"},"thumbnailUrl":"https:\/\/kibrisdakik.com\/wp-content\/uploads\/2026\/02\/mha-sari-beyaz-3080.png","articleSection":["K\u0131br\u0131s"],"inLanguage":"tr","potentialAction":[{"@type":"CommentAction","name":"Comment","target":["https:\/\/kibrisdakik.com\/?p=105956#respond"]}]},{"@type":"WebPage","@id":"https:\/\/kibrisdakik.com\/?p=105956","url":"https:\/\/kibrisdakik.com\/?p=105956","name":"TIP-\u0130\u015e\u2019TEN EKTAM \u00c7ALI\u015eANLARINA DESTEK -","isPartOf":{"@id":"https:\/\/kibrisdakik.com\/#website"},"primaryImageOfPage":{"@id":"https:\/\/kibrisdakik.com\/?p=105956#primaryimage"},"image":{"@id":"https:\/\/kibrisdakik.com\/?p=105956#primaryimage"},"thumbnailUrl":"https:\/\/kibrisdakik.com\/wp-content\/uploads\/2026\/02\/mha-sari-beyaz-3080.png","datePublished":"2026-02-11T08:23:59+00:00","author":{"@id":"https:\/\/kibrisdakik.com\/#\/schema\/person\/9cd9d437bbb44f72b73ba127e06d8e79"},"breadcrumb":{"@id":"https:\/\/kibrisdakik.com\/?p=105956#breadcrumb"},"inLanguage":"tr","potentialAction":[{"@type":"ReadAction","target":["https:\/\/kibrisdakik.com\/?p=105956"]}]},{"@type":"ImageObject","inLanguage":"tr","@id":"https:\/\/kibrisdakik.com\/?p=105956#primaryimage","url":"https:\/\/kibrisdakik.com\/wp-content\/uploads\/2026\/02\/mha-sari-beyaz-3080.png","contentUrl":"https:\/\/kibrisdakik.com\/wp-content\/uploads\/2026\/02\/mha-sari-beyaz-3080.png","width":1280,"height":720},{"@type":"BreadcrumbList","@id":"https:\/\/kibrisdakik.com\/?p=105956#breadcrumb","itemListElement":[{"@type":"ListItem","position":1,"name":"Home","item":"https:\/\/kibrisdakik.com\/"},{"@type":"ListItem","position":2,"name":"TIP-\u0130\u015e\u2019TEN EKTAM \u00c7ALI\u015eANLARINA DESTEK"}]},{"@type":"WebSite","@id":"https:\/\/kibrisdakik.com\/#website","url":"https:\/\/kibrisdakik.com\/","name":"","description":"Tam vaktinde haber","potentialAction":[{"@type":"SearchAction","target":{"@type":"EntryPoint","urlTemplate":"https:\/\/kibrisdakik.com\/?s={search_term_string}"},"query-input":{"@type":"PropertyValueSpecification","valueRequired":true,"valueName":"search_term_string"}}],"inLanguage":"tr"},{"@type":"Person","@id":"https:\/\/kibrisdakik.com\/#\/schema\/person\/9cd9d437bbb44f72b73ba127e06d8e79","name":"admin","image":{"@type":"ImageObject","inLanguage":"tr","@id":"https:\/\/secure.gravatar.com\/avatar\/ccc17943b9d660506c869530f897617f7cb1c21a4bf30023f252596d83e1f007?s=96&d=mm&r=g","url":"https:\/\/secure.gravatar.com\/avatar\/ccc17943b9d660506c869530f897617f7cb1c21a4bf30023f252596d83e1f007?s=96&d=mm&r=g","contentUrl":"https:\/\/secure.gravatar.com\/avatar\/ccc17943b9d660506c869530f897617f7cb1c21a4bf30023f252596d83e1f007?s=96&d=mm&r=g","caption":"admin"},"sameAs":["https:\/\/kibrisdakik.com"],"url":"https:\/\/kibrisdakik.com\/?author=1"}]}},"_links":{"self":[{"href":"https:\/\/kibrisdakik.com\/index.php?rest_route=\/wp\/v2\/posts\/105956","targetHints":{"allow":["GET"]}}],"collection":[{"href":"https:\/\/kibrisdakik.com\/index.php?rest_route=\/wp\/v2\/posts"}],"about":[{"href":"https:\/\/kibrisdakik.com\/index.php?rest_route=\/wp\/v2\/types\/post"}],"author":[{"embeddable":true,"href":"https:\/\/kibrisdakik.com\/index.php?rest_route=\/wp\/v2\/users\/1"}],"replies":[{"embeddable":true,"href":"https:\/\/kibrisdakik.com\/index.php?rest_route=%2Fwp%2Fv2%2Fcomments&post=105956"}],"version-history":[{"count":0,"href":"https:\/\/kibrisdakik.com\/index.php?rest_route=\/wp\/v2\/posts\/105956\/revisions"}],"wp:featuredmedia":[{"embeddable":true,"href":"https:\/\/kibrisdakik.com\/index.php?rest_route=\/wp\/v2\/media\/105957"}],"wp:attachment":[{"href":"https:\/\/kibrisdakik.com\/index.php?rest_route=%2Fwp%2Fv2%2Fmedia&parent=105956"}],"wp:term":[{"taxonomy":"category","embeddable":true,"href":"https:\/\/kibrisdakik.com\/index.php?rest_route=%2Fwp%2Fv2%2Fcategories&post=105956"},{"taxonomy":"post_tag","embeddable":true,"href":"https:\/\/kibrisdakik.com\/index.php?rest_route=%2Fwp%2Fv2%2Ftags&post=105956"}],"curies":[{"name":"wp","href":"https:\/\/api.w.org\/{rel}","templated":true}]}}