{"id":106201,"date":"2026-02-13T16:23:11","date_gmt":"2026-02-13T14:23:11","guid":{"rendered":"https:\/\/kibrisdakik.com\/index.php\/2026\/02\/13\/dort-sendika-ektam-iscilerine-destek-icin-pazartesi-ve-sali-greve-gidiyor\/"},"modified":"2026-02-13T16:23:11","modified_gmt":"2026-02-13T14:23:11","slug":"dort-sendika-ektam-iscilerine-destek-icin-pazartesi-ve-sali-greve-gidiyor","status":"publish","type":"post","link":"https:\/\/kibrisdakik.com\/?p=106201","title":{"rendered":"D\u00d6RT SEND\u0130KA, EKTAM \u0130\u015e\u00c7\u0130LER\u0130NE DESTEK \u0130\u00c7\u0130N PAZARTES\u0130 VE SALI GREVE G\u0130D\u0130YOR"},"content":{"rendered":"<p><\/p>\n<div data-text-id=\"196088\" property=\"articleBody\">\n<p>K\u0131br\u0131s T\u00fcrk \u00d6\u011fretmenler Sendikas\u0131 (KT\u00d6S), K\u0131br\u0131s T\u00fcrk Orta E\u011fitim \u00d6\u011fretmenler Sendikas\u0131 (KTOE\u00d6S), K\u0131br\u0131s T\u00fcrk Amme Memurlar\u0131 Sendikas\u0131 (KTAMS) ve K\u0131br\u0131s T\u00fcrk Kamu G\u00f6revlileri Sendikas\u0131 (KAMUSEN), Ektam i\u015f\u00e7ilerine destek amac\u0131yla pazartesi ve sal\u0131 g\u00fcn\u00fc b\u00f6lgedeki baz\u0131 okullar ve devlet dairelerinde uyar\u0131 grevine gidece\u011fini a\u00e7\u0131klad\u0131.<\/p>\n<p>D\u00f6rt sendika taraf\u0131ndan yap\u0131lan ortak a\u00e7\u0131klamada, Ektam emek\u00e7ilerinin grevinin, g\u00fcvenceli \u00e7al\u0131\u015fma, insanca \u00fccret ve sendikal haklar i\u00e7in devam etti\u011fi ifade edilerek, bu grevin bir tercih de\u011fil, dayat\u0131lan g\u00fcvencesizli\u011fe kar\u015f\u0131 bir zorunluluk oldu\u011fu kaydedildi ve direni\u015f selamland\u0131.<\/p>\n<p>-\u201cBu sadece Ektam \u00e7al\u0131\u015fanlar\u0131n\u0131n de\u011fil, eme\u011fin ve adaletin m\u00fccadelesidir\u201d<\/p>\n<p>\u201cAnayasal hak olan sendikala\u015fmaya bask\u0131 uygulayan, emek\u00e7ileri tehdit eden anlay\u0131\u015f\u0131 kabul etmiyoruz. \u0130\u015f g\u00fcvencesi, toplu s\u00f6zle\u015fme ve insan onuruna yak\u0131\u015f\u0131r \u00e7al\u0131\u015fma ko\u015fullar\u0131 sa\u011flanana kadar dayan\u0131\u015fmam\u0131z devam edecektir\u201d denilen a\u00e7\u0131klamada, \u015fu ifadelere yer verildi:<\/p>\n<p>\u201cGrev \u00e7ad\u0131r\u0131 ile b\u00fct\u00fcnle\u015fen yaln\u0131zca 39 emek\u00e7i ve sendikalar\u0131 de\u011fil aileleri, \u00e7ocuklar\u0131, k\u00f6yl\u00fcleri ve bizler de bu s\u00fcrece dahiliz. Bu sadece Ektam \u00e7al\u0131\u015fanlar\u0131n\u0131n de\u011fil, eme\u011fin ve adaletin m\u00fccadelesidir.<\/p>\n<p>\u00c7ocuklar\u0131n \u015eubat tatilini dinlenerek de\u011fil anne ve babalar\u0131 ile \u00e7ad\u0131rda n\u00f6bet tutarak, ge\u00e7irmek zorunda b\u0131rak\u0131ld\u0131\u011f\u0131 bu sorumsuzlu\u011fa kar\u015f\u0131 \u00e7\u0131kmak boynumuzun borcudur.<\/p>\n<p>Konuya bir \u00e7\u00f6z\u00fcm gelmemesi, Toplu \u0130\u015f S\u00f6zle\u015fmesi hakk\u0131n\u0131n tan\u0131nmamas\u0131, i\u015fverenin bencil ve uzla\u015fmaz tutumunun devam etmesi halinde KT\u00d6S, KTOE\u00d6S, KTAMS ve KAMUSEN uyar\u0131 grevi hakk\u0131n\u0131 mesleki veya toplumsal olaylar i\u00e7in de\u011fil, \u015fubat tatilini \u00e7ad\u0131rda ge\u00e7iren \u00e7ocuklar\u0131m\u0131z\u0131n ailelerinin m\u00fccadelesi i\u00e7in kullanacakt\u0131r.\u201d<\/p>\n<p>A\u00e7\u0131klamada, sorun \u00e7\u00f6z\u00fclmedi\u011fi takdirde, KT\u00d6S ve KTOE\u00d6S\u2019\u00fcn 16 \u015eubat Pazartesi g\u00fcn\u00fc 14.00-15.30 saatleri aras\u0131nda Pile T\u00fcrk \u0130lkokulu, Beyarmudu \u0130lkokulu, T\u00fcrkmenk\u00f6y \u0130lkokulu, G\u00fcvercinlik RRD \u0130lkokulu, \u00c7ay\u00f6n\u00fc-\u0130ncirli \u0130lkokulu, Akdo\u011fan Dr. Faz\u0131l K\u00fc\u00e7\u00fck \u0130lkokulu, D\u00f6rtyol \u0130lkokulu ve Polatpa\u015fa Lisesi\u2019de, KTAMS ve KAMUSEN\u2019in ise 17 \u015eubat Sal\u0131 g\u00fcn\u00fc 13.00-15.30 saatleri aras\u0131nda b\u00f6lgedeki devlet dairelerinde uyar\u0131 grevine gidece\u011fi kaydedildi.<\/p>\n<\/p><\/div>\n","protected":false},"excerpt":{"rendered":"<p>K\u0131br\u0131s T\u00fcrk \u00d6\u011fretmenler Sendikas\u0131 (KT\u00d6S), K\u0131br\u0131s T\u00fcrk Orta E\u011fitim \u00d6\u011fretmenler Sendikas\u0131 (KTOE\u00d6S), K\u0131br\u0131s T\u00fcrk Amme Memurlar\u0131 Sendikas\u0131 (KTAMS) ve K\u0131br\u0131s T\u00fcrk Kamu G\u00f6revlileri Sendikas\u0131 (KAMUSEN), Ektam i\u015f\u00e7ilerine destek amac\u0131yla pazartesi ve sal\u0131 g\u00fcn\u00fc b\u00f6lgedeki baz\u0131 okullar ve devlet dairelerinde uyar\u0131 grevine gidece\u011fini a\u00e7\u0131klad\u0131. D\u00f6rt sendika taraf\u0131ndan yap\u0131lan ortak a\u00e7\u0131klamada, Ektam emek\u00e7ilerinin grevinin, g\u00fcvenceli \u00e7al\u0131\u015fma, insanca<\/p>\n","protected":false},"author":1,"featured_media":106202,"comment_status":"open","ping_status":"open","sticky":false,"template":"","format":"standard","meta":{"footnotes":""},"categories":[81],"tags":[],"class_list":["post-106201","post","type-post","status-publish","format-standard","has-post-thumbnail","hentry","category-kibris"],"yoast_head":"<!-- This site is optimized with the Yoast SEO plugin v28.4 - https:\/\/yoast.com\/product\/yoast-seo-wordpress\/ -->\n<title>D\u00d6RT SEND\u0130KA, EKTAM \u0130\u015e\u00c7\u0130LER\u0130NE DESTEK \u0130\u00c7\u0130N PAZARTES\u0130 VE SALI GREVE G\u0130D\u0130YOR -<\/title>\n<meta name=\"robots\" content=\"index, follow, max-snippet:-1, max-image-preview:large, max-video-preview:-1\" \/>\n<link rel=\"canonical\" href=\"https:\/\/kibrisdakik.com\/?p=106201\" \/>\n<meta property=\"og:locale\" content=\"tr_TR\" \/>\n<meta property=\"og:type\" content=\"article\" \/>\n<meta property=\"og:title\" content=\"D\u00d6RT SEND\u0130KA, EKTAM \u0130\u015e\u00c7\u0130LER\u0130NE DESTEK \u0130\u00c7\u0130N PAZARTES\u0130 VE SALI GREVE G\u0130D\u0130YOR -\" \/>\n<meta property=\"og:description\" content=\"K\u0131br\u0131s T\u00fcrk \u00d6\u011fretmenler Sendikas\u0131 (KT\u00d6S), K\u0131br\u0131s T\u00fcrk Orta E\u011fitim \u00d6\u011fretmenler Sendikas\u0131 (KTOE\u00d6S), K\u0131br\u0131s T\u00fcrk Amme Memurlar\u0131 Sendikas\u0131 (KTAMS) ve K\u0131br\u0131s T\u00fcrk Kamu G\u00f6revlileri Sendikas\u0131 (KAMUSEN), Ektam i\u015f\u00e7ilerine destek amac\u0131yla pazartesi ve sal\u0131 g\u00fcn\u00fc b\u00f6lgedeki baz\u0131 okullar ve devlet dairelerinde uyar\u0131 grevine gidece\u011fini a\u00e7\u0131klad\u0131. D\u00f6rt sendika taraf\u0131ndan yap\u0131lan ortak a\u00e7\u0131klamada, Ektam emek\u00e7ilerinin grevinin, g\u00fcvenceli \u00e7al\u0131\u015fma, insanca\" \/>\n<meta property=\"og:url\" content=\"https:\/\/kibrisdakik.com\/?p=106201\" \/>\n<meta property=\"article:published_time\" content=\"2026-02-13T14:23:11+00:00\" \/>\n<meta property=\"og:image\" content=\"https:\/\/kibrisdakik.com\/wp-content\/uploads\/2026\/02\/mha-sari-beyaz-3187.png\" \/>\n\t<meta property=\"og:image:width\" content=\"1280\" \/>\n\t<meta property=\"og:image:height\" content=\"720\" \/>\n\t<meta property=\"og:image:type\" content=\"image\/png\" \/>\n<meta name=\"author\" content=\"admin\" \/>\n<meta name=\"twitter:card\" content=\"summary_large_image\" \/>\n<meta name=\"twitter:label1\" content=\"Yazan:\" \/>\n\t<meta name=\"twitter:data1\" content=\"admin\" \/>\n\t<meta name=\"twitter:label2\" content=\"Tahmini okuma s\u00fcresi\" \/>\n\t<meta name=\"twitter:data2\" content=\"2 dakika\" \/>\n<script type=\"application\/ld+json\" class=\"yoast-schema-graph\">{\"@context\":\"https:\\\/\\\/schema.org\",\"@graph\":[{\"@type\":\"Article\",\"@id\":\"https:\\\/\\\/kibrisdakik.com\\\/?p=106201#article\",\"isPartOf\":{\"@id\":\"https:\\\/\\\/kibrisdakik.com\\\/?p=106201\"},\"author\":{\"name\":\"admin\",\"@id\":\"https:\\\/\\\/kibrisdakik.com\\\/#\\\/schema\\\/person\\\/9cd9d437bbb44f72b73ba127e06d8e79\"},\"headline\":\"D\u00d6RT SEND\u0130KA, EKTAM \u0130\u015e\u00c7\u0130LER\u0130NE DESTEK \u0130\u00c7\u0130N PAZARTES\u0130 VE SALI GREVE G\u0130D\u0130YOR\",\"datePublished\":\"2026-02-13T14:23:11+00:00\",\"mainEntityOfPage\":{\"@id\":\"https:\\\/\\\/kibrisdakik.com\\\/?p=106201\"},\"wordCount\":401,\"commentCount\":0,\"publisher\":{\"@id\":\"https:\\\/\\\/kibrisdakik.com\\\/#organization\"},\"image\":{\"@id\":\"https:\\\/\\\/kibrisdakik.com\\\/?p=106201#primaryimage\"},\"thumbnailUrl\":\"https:\\\/\\\/kibrisdakik.com\\\/wp-content\\\/uploads\\\/2026\\\/02\\\/mha-sari-beyaz-3187.png\",\"articleSection\":[\"K\u0131br\u0131s\"],\"inLanguage\":\"tr\",\"potentialAction\":[{\"@type\":\"CommentAction\",\"name\":\"Comment\",\"target\":[\"https:\\\/\\\/kibrisdakik.com\\\/?p=106201#respond\"]}]},{\"@type\":\"WebPage\",\"@id\":\"https:\\\/\\\/kibrisdakik.com\\\/?p=106201\",\"url\":\"https:\\\/\\\/kibrisdakik.com\\\/?p=106201\",\"name\":\"D\u00d6RT SEND\u0130KA, EKTAM \u0130\u015e\u00c7\u0130LER\u0130NE DESTEK \u0130\u00c7\u0130N PAZARTES\u0130 VE SALI GREVE G\u0130D\u0130YOR -\",\"isPartOf\":{\"@id\":\"https:\\\/\\\/kibrisdakik.com\\\/#website\"},\"primaryImageOfPage\":{\"@id\":\"https:\\\/\\\/kibrisdakik.com\\\/?p=106201#primaryimage\"},\"image\":{\"@id\":\"https:\\\/\\\/kibrisdakik.com\\\/?p=106201#primaryimage\"},\"thumbnailUrl\":\"https:\\\/\\\/kibrisdakik.com\\\/wp-content\\\/uploads\\\/2026\\\/02\\\/mha-sari-beyaz-3187.png\",\"datePublished\":\"2026-02-13T14:23:11+00:00\",\"breadcrumb\":{\"@id\":\"https:\\\/\\\/kibrisdakik.com\\\/?p=106201#breadcrumb\"},\"inLanguage\":\"tr\",\"potentialAction\":[{\"@type\":\"ReadAction\",\"target\":[\"https:\\\/\\\/kibrisdakik.com\\\/?p=106201\"]}]},{\"@type\":\"ImageObject\",\"inLanguage\":\"tr\",\"@id\":\"https:\\\/\\\/kibrisdakik.com\\\/?p=106201#primaryimage\",\"url\":\"https:\\\/\\\/kibrisdakik.com\\\/wp-content\\\/uploads\\\/2026\\\/02\\\/mha-sari-beyaz-3187.png\",\"contentUrl\":\"https:\\\/\\\/kibrisdakik.com\\\/wp-content\\\/uploads\\\/2026\\\/02\\\/mha-sari-beyaz-3187.png\",\"width\":1280,\"height\":720},{\"@type\":\"BreadcrumbList\",\"@id\":\"https:\\\/\\\/kibrisdakik.com\\\/?p=106201#breadcrumb\",\"itemListElement\":[{\"@type\":\"ListItem\",\"position\":1,\"name\":\"Home\",\"item\":\"https:\\\/\\\/kibrisdakik.com\\\/\"},{\"@type\":\"ListItem\",\"position\":2,\"name\":\"D\u00d6RT SEND\u0130KA, EKTAM \u0130\u015e\u00c7\u0130LER\u0130NE DESTEK \u0130\u00c7\u0130N PAZARTES\u0130 VE SALI GREVE G\u0130D\u0130YOR\"}]},{\"@type\":\"WebSite\",\"@id\":\"https:\\\/\\\/kibrisdakik.com\\\/#website\",\"url\":\"https:\\\/\\\/kibrisdakik.com\\\/\",\"name\":\"K\u0131br\u0131s Dakik\",\"description\":\"Tam vaktinde haber\",\"publisher\":{\"@id\":\"https:\\\/\\\/kibrisdakik.com\\\/#organization\"},\"potentialAction\":[{\"@type\":\"SearchAction\",\"target\":{\"@type\":\"EntryPoint\",\"urlTemplate\":\"https:\\\/\\\/kibrisdakik.com\\\/?s={search_term_string}\"},\"query-input\":{\"@type\":\"PropertyValueSpecification\",\"valueRequired\":true,\"valueName\":\"search_term_string\"}}],\"inLanguage\":\"tr\"},{\"@type\":\"Organization\",\"@id\":\"https:\\\/\\\/kibrisdakik.com\\\/#organization\",\"name\":\"K\u0131br\u0131s Dakik\",\"url\":\"https:\\\/\\\/kibrisdakik.com\\\/\",\"logo\":{\"@type\":\"ImageObject\",\"inLanguage\":\"tr\",\"@id\":\"https:\\\/\\\/kibrisdakik.com\\\/#\\\/schema\\\/logo\\\/image\\\/\",\"url\":\"https:\\\/\\\/kibrisdakik.com\\\/wp-content\\\/uploads\\\/2025\\\/10\\\/cropped-WhatsApp-Image-2025-10-02-at-12.58.31.jpeg\",\"contentUrl\":\"https:\\\/\\\/kibrisdakik.com\\\/wp-content\\\/uploads\\\/2025\\\/10\\\/cropped-WhatsApp-Image-2025-10-02-at-12.58.31.jpeg\",\"width\":1237,\"height\":190,\"caption\":\"K\u0131br\u0131s Dakik\"},\"image\":{\"@id\":\"https:\\\/\\\/kibrisdakik.com\\\/#\\\/schema\\\/logo\\\/image\\\/\"}},{\"@type\":\"Person\",\"@id\":\"https:\\\/\\\/kibrisdakik.com\\\/#\\\/schema\\\/person\\\/9cd9d437bbb44f72b73ba127e06d8e79\",\"name\":\"admin\",\"image\":{\"@type\":\"ImageObject\",\"inLanguage\":\"tr\",\"@id\":\"https:\\\/\\\/secure.gravatar.com\\\/avatar\\\/ccc17943b9d660506c869530f897617f7cb1c21a4bf30023f252596d83e1f007?s=96&d=mm&r=g\",\"url\":\"https:\\\/\\\/secure.gravatar.com\\\/avatar\\\/ccc17943b9d660506c869530f897617f7cb1c21a4bf30023f252596d83e1f007?s=96&d=mm&r=g\",\"contentUrl\":\"https:\\\/\\\/secure.gravatar.com\\\/avatar\\\/ccc17943b9d660506c869530f897617f7cb1c21a4bf30023f252596d83e1f007?s=96&d=mm&r=g\",\"caption\":\"admin\"},\"sameAs\":[\"https:\\\/\\\/kibrisdakik.com\"],\"url\":\"https:\\\/\\\/kibrisdakik.com\\\/?author=1\"}]}<\/script>\n<!-- \/ Yoast SEO plugin. -->","yoast_head_json":{"title":"D\u00d6RT SEND\u0130KA, EKTAM \u0130\u015e\u00c7\u0130LER\u0130NE DESTEK \u0130\u00c7\u0130N PAZARTES\u0130 VE SALI GREVE G\u0130D\u0130YOR -","robots":{"index":"index","follow":"follow","max-snippet":"max-snippet:-1","max-image-preview":"max-image-preview:large","max-video-preview":"max-video-preview:-1"},"canonical":"https:\/\/kibrisdakik.com\/?p=106201","og_locale":"tr_TR","og_type":"article","og_title":"D\u00d6RT SEND\u0130KA, EKTAM \u0130\u015e\u00c7\u0130LER\u0130NE DESTEK \u0130\u00c7\u0130N PAZARTES\u0130 VE SALI GREVE G\u0130D\u0130YOR -","og_description":"K\u0131br\u0131s T\u00fcrk \u00d6\u011fretmenler Sendikas\u0131 (KT\u00d6S), K\u0131br\u0131s T\u00fcrk Orta E\u011fitim \u00d6\u011fretmenler Sendikas\u0131 (KTOE\u00d6S), K\u0131br\u0131s T\u00fcrk Amme Memurlar\u0131 Sendikas\u0131 (KTAMS) ve K\u0131br\u0131s T\u00fcrk Kamu G\u00f6revlileri Sendikas\u0131 (KAMUSEN), Ektam i\u015f\u00e7ilerine destek amac\u0131yla pazartesi ve sal\u0131 g\u00fcn\u00fc b\u00f6lgedeki baz\u0131 okullar ve devlet dairelerinde uyar\u0131 grevine gidece\u011fini a\u00e7\u0131klad\u0131. D\u00f6rt sendika taraf\u0131ndan yap\u0131lan ortak a\u00e7\u0131klamada, Ektam emek\u00e7ilerinin grevinin, g\u00fcvenceli \u00e7al\u0131\u015fma, insanca","og_url":"https:\/\/kibrisdakik.com\/?p=106201","article_published_time":"2026-02-13T14:23:11+00:00","og_image":[{"width":1280,"height":720,"url":"https:\/\/kibrisdakik.com\/wp-content\/uploads\/2026\/02\/mha-sari-beyaz-3187.png","type":"image\/png"}],"author":"admin","twitter_card":"summary_large_image","twitter_misc":{"Yazan:":"admin","Tahmini okuma s\u00fcresi":"2 dakika"},"schema":{"@context":"https:\/\/schema.org","@graph":[{"@type":"Article","@id":"https:\/\/kibrisdakik.com\/?p=106201#article","isPartOf":{"@id":"https:\/\/kibrisdakik.com\/?p=106201"},"author":{"name":"admin","@id":"https:\/\/kibrisdakik.com\/#\/schema\/person\/9cd9d437bbb44f72b73ba127e06d8e79"},"headline":"D\u00d6RT SEND\u0130KA, EKTAM \u0130\u015e\u00c7\u0130LER\u0130NE DESTEK \u0130\u00c7\u0130N PAZARTES\u0130 VE SALI GREVE G\u0130D\u0130YOR","datePublished":"2026-02-13T14:23:11+00:00","mainEntityOfPage":{"@id":"https:\/\/kibrisdakik.com\/?p=106201"},"wordCount":401,"commentCount":0,"publisher":{"@id":"https:\/\/kibrisdakik.com\/#organization"},"image":{"@id":"https:\/\/kibrisdakik.com\/?p=106201#primaryimage"},"thumbnailUrl":"https:\/\/kibrisdakik.com\/wp-content\/uploads\/2026\/02\/mha-sari-beyaz-3187.png","articleSection":["K\u0131br\u0131s"],"inLanguage":"tr","potentialAction":[{"@type":"CommentAction","name":"Comment","target":["https:\/\/kibrisdakik.com\/?p=106201#respond"]}]},{"@type":"WebPage","@id":"https:\/\/kibrisdakik.com\/?p=106201","url":"https:\/\/kibrisdakik.com\/?p=106201","name":"D\u00d6RT SEND\u0130KA, EKTAM \u0130\u015e\u00c7\u0130LER\u0130NE DESTEK \u0130\u00c7\u0130N PAZARTES\u0130 VE SALI GREVE G\u0130D\u0130YOR -","isPartOf":{"@id":"https:\/\/kibrisdakik.com\/#website"},"primaryImageOfPage":{"@id":"https:\/\/kibrisdakik.com\/?p=106201#primaryimage"},"image":{"@id":"https:\/\/kibrisdakik.com\/?p=106201#primaryimage"},"thumbnailUrl":"https:\/\/kibrisdakik.com\/wp-content\/uploads\/2026\/02\/mha-sari-beyaz-3187.png","datePublished":"2026-02-13T14:23:11+00:00","breadcrumb":{"@id":"https:\/\/kibrisdakik.com\/?p=106201#breadcrumb"},"inLanguage":"tr","potentialAction":[{"@type":"ReadAction","target":["https:\/\/kibrisdakik.com\/?p=106201"]}]},{"@type":"ImageObject","inLanguage":"tr","@id":"https:\/\/kibrisdakik.com\/?p=106201#primaryimage","url":"https:\/\/kibrisdakik.com\/wp-content\/uploads\/2026\/02\/mha-sari-beyaz-3187.png","contentUrl":"https:\/\/kibrisdakik.com\/wp-content\/uploads\/2026\/02\/mha-sari-beyaz-3187.png","width":1280,"height":720},{"@type":"BreadcrumbList","@id":"https:\/\/kibrisdakik.com\/?p=106201#breadcrumb","itemListElement":[{"@type":"ListItem","position":1,"name":"Home","item":"https:\/\/kibrisdakik.com\/"},{"@type":"ListItem","position":2,"name":"D\u00d6RT SEND\u0130KA, EKTAM \u0130\u015e\u00c7\u0130LER\u0130NE DESTEK \u0130\u00c7\u0130N PAZARTES\u0130 VE SALI GREVE G\u0130D\u0130YOR"}]},{"@type":"WebSite","@id":"https:\/\/kibrisdakik.com\/#website","url":"https:\/\/kibrisdakik.com\/","name":"K\u0131br\u0131s Dakik","description":"Tam vaktinde haber","publisher":{"@id":"https:\/\/kibrisdakik.com\/#organization"},"potentialAction":[{"@type":"SearchAction","target":{"@type":"EntryPoint","urlTemplate":"https:\/\/kibrisdakik.com\/?s={search_term_string}"},"query-input":{"@type":"PropertyValueSpecification","valueRequired":true,"valueName":"search_term_string"}}],"inLanguage":"tr"},{"@type":"Organization","@id":"https:\/\/kibrisdakik.com\/#organization","name":"K\u0131br\u0131s Dakik","url":"https:\/\/kibrisdakik.com\/","logo":{"@type":"ImageObject","inLanguage":"tr","@id":"https:\/\/kibrisdakik.com\/#\/schema\/logo\/image\/","url":"https:\/\/kibrisdakik.com\/wp-content\/uploads\/2025\/10\/cropped-WhatsApp-Image-2025-10-02-at-12.58.31.jpeg","contentUrl":"https:\/\/kibrisdakik.com\/wp-content\/uploads\/2025\/10\/cropped-WhatsApp-Image-2025-10-02-at-12.58.31.jpeg","width":1237,"height":190,"caption":"K\u0131br\u0131s Dakik"},"image":{"@id":"https:\/\/kibrisdakik.com\/#\/schema\/logo\/image\/"}},{"@type":"Person","@id":"https:\/\/kibrisdakik.com\/#\/schema\/person\/9cd9d437bbb44f72b73ba127e06d8e79","name":"admin","image":{"@type":"ImageObject","inLanguage":"tr","@id":"https:\/\/secure.gravatar.com\/avatar\/ccc17943b9d660506c869530f897617f7cb1c21a4bf30023f252596d83e1f007?s=96&d=mm&r=g","url":"https:\/\/secure.gravatar.com\/avatar\/ccc17943b9d660506c869530f897617f7cb1c21a4bf30023f252596d83e1f007?s=96&d=mm&r=g","contentUrl":"https:\/\/secure.gravatar.com\/avatar\/ccc17943b9d660506c869530f897617f7cb1c21a4bf30023f252596d83e1f007?s=96&d=mm&r=g","caption":"admin"},"sameAs":["https:\/\/kibrisdakik.com"],"url":"https:\/\/kibrisdakik.com\/?author=1"}]}},"_links":{"self":[{"href":"https:\/\/kibrisdakik.com\/index.php?rest_route=\/wp\/v2\/posts\/106201","targetHints":{"allow":["GET"]}}],"collection":[{"href":"https:\/\/kibrisdakik.com\/index.php?rest_route=\/wp\/v2\/posts"}],"about":[{"href":"https:\/\/kibrisdakik.com\/index.php?rest_route=\/wp\/v2\/types\/post"}],"author":[{"embeddable":true,"href":"https:\/\/kibrisdakik.com\/index.php?rest_route=\/wp\/v2\/users\/1"}],"replies":[{"embeddable":true,"href":"https:\/\/kibrisdakik.com\/index.php?rest_route=%2Fwp%2Fv2%2Fcomments&post=106201"}],"version-history":[{"count":0,"href":"https:\/\/kibrisdakik.com\/index.php?rest_route=\/wp\/v2\/posts\/106201\/revisions"}],"wp:featuredmedia":[{"embeddable":true,"href":"https:\/\/kibrisdakik.com\/index.php?rest_route=\/wp\/v2\/media\/106202"}],"wp:attachment":[{"href":"https:\/\/kibrisdakik.com\/index.php?rest_route=%2Fwp%2Fv2%2Fmedia&parent=106201"}],"wp:term":[{"taxonomy":"category","embeddable":true,"href":"https:\/\/kibrisdakik.com\/index.php?rest_route=%2Fwp%2Fv2%2Fcategories&post=106201"},{"taxonomy":"post_tag","embeddable":true,"href":"https:\/\/kibrisdakik.com\/index.php?rest_route=%2Fwp%2Fv2%2Ftags&post=106201"}],"curies":[{"name":"wp","href":"https:\/\/api.w.org\/{rel}","templated":true}]}}