{"id":10630,"date":"2023-07-18T11:55:57","date_gmt":"2023-07-18T11:55:57","guid":{"rendered":"https:\/\/kibrisdakik.com\/index.php\/2023\/07\/18\/polisiye-olaylarguvercinlik-ve-gungorde-yangin\/"},"modified":"2023-07-18T11:55:57","modified_gmt":"2023-07-18T11:55:57","slug":"polisiye-olaylarguvercinlik-ve-gungorde-yangin","status":"publish","type":"post","link":"https:\/\/kibrisdakik.com\/?p=10630","title":{"rendered":"Polisiye Olaylar:G\u00fcvercinlik ve G\u00fcng\u00f6r\u2019de yang\u0131n"},"content":{"rendered":"<p><\/p>\n<div>\n<div class=\"mariselle-image-container center\">\n                <img width=\"811\" height=\"431\" class=\"lazy-image\" alt=\"\" decoding=\"async\" loading=\"lazy\" sizes=\"auto, (max-width: 811px) 100vw, 811px\" src=\"https:\/\/brtk.net\/wp-content\/uploads\/2023\/02\/04\/polisiye-olaylar.jpg?ver=167becc4042362dcae4788bb62751cc0\" srcset=\"https:\/\/brtk.net\/wp-content\/uploads\/2023\/02\/04\/polisiye-olaylar.jpg?ver=167becc4042362dcae4788bb62751cc0 811w, https:\/\/brtk.net\/wp-content\/uploads\/2023\/02\/04\/polisiye-olaylar-300x159.jpg?ver=167becc4042362dcae4788bb62751cc0 300w, https:\/\/brtk.net\/wp-content\/uploads\/2023\/02\/04\/polisiye-olaylar-768x408.jpg?ver=6aa1e5295b5dd521d579774ac1f5d3c5 768w\"\/>                            <\/div>\n<p>\u00a0<\/p>\n<p style=\"font-weight: 300 !important;\">Gazima\u011fusa\u2019da, Vadili\u2019de sakin 71 ya\u015f\u0131ndaki Duran \u00d6zer (E-71) denizde ya\u015fam\u0131n\u0131 yitirdi.<\/p>\n<p style=\"font-weight: 300 !important;\">Polis Bas\u0131n Subayl\u0131\u011f\u0131ndan verilen bilgiye g\u00f6re, d\u00fcn saat 10.00 s\u0131ralar\u0131nda meydana gelen olayda ad\u0131 edilene yap\u0131lan otopside, \u00f6l\u00fcm sebebinin \u201cepilepsi ve suda bo\u011fulma\u201d sonucu oldu\u011fu tespit edildi.<\/p>\n<p style=\"font-weight: 300 !important;\">-Girne\u2019de uyu\u015fturucu\u20262 ki\u015fi tutukland\u0131<\/p>\n<p style=\"font-weight: 300 !important;\">Girne\u2019de d\u00fcn 17.00 s\u0131ralar\u0131nda, Narkotik ve Ka\u00e7ak\u00e7\u0131l\u0131\u011f\u0131 \u00d6nleme M\u00fcd\u00fcrl\u00fc\u011f\u00fc ekipleri taraf\u0131ndan ger\u00e7ekle\u015ftirilen operasyon kapsam\u0131nda iki ki\u015fi tutukland\u0131.<\/p>\n<p style=\"font-weight: 300 !important;\">Operasyonda R.D.K.(E-38) ve R.T.\u2019nin (E-35) tasarrufunda yakla\u015f\u0131k 9 gram ve 2 gram a\u011f\u0131rl\u0131\u011f\u0131nda uyu\u015fturucu oldu\u011funa inan\u0131lan madde, i\u00e7erisinde uyu\u015fturucu madde kal\u0131nt\u0131s\u0131 oldu\u011funa inan\u0131lan bir cam pipo ve uyu\u015fturucu madde sat\u0131\u015f\u0131ndan elde edildi\u011fine inan\u0131lan 1800 TL nakit para tespit edilerek emare olarak al\u0131nd\u0131.<\/p>\n<p style=\"font-weight: 300 !important;\">-\u0130skele\u2019de bir i\u015f yerinin bah\u00e7esinden 75 t\u00fcp gaz \u00e7al\u0131nd\u0131<\/p>\n<p style=\"font-weight: 300 !important;\">\u0130skele\u2019de bir i\u015f yerinin bah\u00e7esine izinsiz olarak girildikten sonra, bah\u00e7e i\u00e7erisinde muhafaza edilen toplam 75 (10 kg\u2019l\u0131k) dolu t\u00fcp gaz \u00e7al\u0131nd\u0131.<\/p>\n<p style=\"font-weight: 300 !important;\">14\u201317 Temmuz tarihleri aras\u0131nda meydana gelen olay\u0131n polisin bilgisine gelmesi \u00fczerine y\u00fcr\u00fct\u00fclen ileri soru\u015fturmada, meselede zanl\u0131 olarak g\u00f6r\u00fclen T.\u00c7.(E-26) ve ba\u011flant\u0131s\u0131 oldu\u011fu tespit edilen R.E.(E-17) tutukland\u0131.<\/p>\n<p style=\"font-weight: 300 !important;\">Soru\u015fturma kapsam\u0131nda ayr\u0131ca, \u00e7al\u0131nan s\u00f6z konusu 75 adet t\u00fcp\u00fc, Gazima\u011fusa\u2019da piyasa de\u011ferinin alt\u0131nda sat\u0131n al\u0131nd\u0131\u011f\u0131 tespit edilen market i\u015fletmecisi A.\u00c7.(E-43) de tutukland\u0131.<\/p>\n<p style=\"font-weight: 300 !important;\">-60 kilogram \u00e7elik halat \u00e7alan bir ki\u015fi tutukland\u0131<\/p>\n<p style=\"font-weight: 300 !important;\">\u00c7ay\u0131rova-Tuzluca k\u00f6yleri aras\u0131nda bulunan bir \u015fahsa ait arazi i\u00e7erisinde muhafaza edilen 60 kilogram a\u011f\u0131rl\u0131\u011f\u0131ndaki \u00e7elik halat \u00e7al\u0131nd\u0131.<\/p>\n<p style=\"font-weight: 300 !important;\">13 Temmuz\u2019da meydana gelen olay\u0131n polisin bilgisine gelmesi \u00fczerine y\u00fcr\u00fct\u00fclen ileri soru\u015fturmada, meselede zanl\u0131 olarak g\u00f6r\u00fclen M.G.(E-47) tespit edilerek tutukland\u0131.<\/p>\n<p style=\"font-weight: 300 !important;\">-Alani\u00e7i-D\u00f6rtyol k\u00f6ylerinde ka\u00e7ak avland\u0131\u011f\u0131 tespit edilen iki ki\u015fi tutukland\u0131<\/p>\n<p style=\"font-weight: 300 !important;\">Alani\u00e7i-D\u00f6rtyol k\u00f6yleri aras\u0131ndaki bir arazide A.S.\u2019nin (E-19) kanunsuz olarak tasarrufunda bulundurdu\u011fu M.T.(E-24) ad\u0131na kay\u0131tl\u0131 av t\u00fcfe\u011fi ile 1 ova tav\u015fan\u0131 vurarak, ava kapal\u0131 mevsimde kanunsuz avland\u0131\u011f\u0131 tespit edildi.<\/p>\n<p style=\"font-weight: 300 !important;\">\u00d6nceki g\u00fcn saat 03.00 s\u0131ralar\u0131nda meydana gelen olayda, bahse konu \u015fah\u0131slar tutukland\u0131, olayda kullan\u0131lan av t\u00fcfe\u011fi de emare olarak al\u0131nd\u0131.<\/p>\n<p style=\"font-weight: 300 !important;\">-Tedbirsizlik sonucu yang\u0131na sebep olan bir ki\u015fi hakk\u0131nda yasal i\u015flem ba\u015flat\u0131ld\u0131<\/p>\n<p style=\"font-weight: 300 !important;\">\u00d6te yandan\u00a0 d\u00fcn saat 18.00 s\u0131ralar\u0131nda, Kuzucuk-Ayg\u00fcn k\u00f6yleri aras\u0131ndaki bir arazi i\u00e7erisinde, E.G.\u2019nin (E-67) gerekli \u00f6nleyici tedbirini almadan spiral makinesi ile demir kesti\u011fi s\u0131rada, makineden \u00e7\u0131kan k\u0131v\u0131lc\u0131mlar\u0131n kuru otlar\u0131 tutu\u015fturmas\u0131 sonucu yang\u0131n \u00e7\u0131kt\u0131.<\/p>\n<p style=\"font-weight: 300 !important;\">Yang\u0131n itfaiye ekipleri taraf\u0131ndan s\u00f6nd\u00fcr\u00fcl\u00fcrken, yang\u0131n sonucu, 2 d\u00f6n\u00fcm alan i\u00e7erisindeki kuru otlar ve 8 adet 70\u2019lik sulama hortumu yand\u0131.<\/p>\n<p style=\"font-weight: 300 !important;\">Bahse konu \u015fah\u0131s aleyhinde yasal i\u015flem ba\u015flat\u0131ld\u0131.<\/p>\n<p style=\"font-weight: 300 !important;\">-G\u00fcvercinlik ve G\u00fcng\u00f6r\u2019de yang\u0131n<\/p>\n<p style=\"font-weight: 300 !important;\">G\u00fcvercinlik k\u00f6y camisi yak\u0131nlar\u0131nda, Umut Gazelci kullan\u0131m\u0131ndaki SC 516 plakal\u0131 kamyonet ara\u00e7ta, seyir halinde oldu\u011fu s\u0131rada muhtemelen arac\u0131n makine b\u00f6l\u00fcm\u00fcndeki elektrik aksamlar\u0131n\u0131n k\u0131sa devre yapmas\u0131 sonucu bir yang\u0131n meydana geldi.<\/p>\n<p style=\"font-weight: 300 !important;\">D\u00fcn 13.30 s\u0131ralar\u0131nda meydana gelen yang\u0131n itfaiye ekipleri taraf\u0131ndan s\u00f6nd\u00fcr\u00fcld\u00fc.<\/p>\n<p style=\"font-weight: 300 !important;\">Yang\u0131n sonucu, s\u00f6z konusu arac\u0131n \u00f6n g\u00f6\u011fs\u00fc, elektrik aksamlar\u0131, tavan k\u0131sm\u0131 ve torpido g\u00f6z\u00fc tamamen yanarken, olu\u015fan \u0131s\u0131dan dolay\u0131 \u00f6n cam\u0131 k\u0131r\u0131larak, i\u00e7erisindeki muhtelif e\u015fyalar ise \u00e7\u0131kan dumandan \u00a0zarar g\u00f6rd\u00fc.<\/p>\n<p style=\"font-weight: 300 !important;\">\u2013 G\u00fcng\u00f6r \u00e7\u00f6pl\u00fc\u011f\u00fcne ait kapal\u0131 depo olarak kullan\u0131lan binada yang\u0131n \u00e7\u0131kt\u0131<\/p>\n<p style=\"font-weight: 300 !important;\">\u00d6te yandan bug\u00fcn saat 01.00 s\u0131ralar\u0131nda, G\u00fcng\u00f6r\u2019de, G\u00fcng\u00f6r \u00e7\u00f6pl\u00fc\u011f\u00fcne ait kapal\u0131 depo olarak kullan\u0131lan binada, hen\u00fcz tespit edilemeyen bir sebepten dolay\u0131 yang\u0131n \u00e7\u0131kt\u0131.<\/p>\n<p style=\"font-weight: 300 !important;\">Yang\u0131n itfaiye ekipleri taraf\u0131ndan s\u00f6nd\u00fcr\u00fclerek, yang\u0131n sonucu, kapal\u0131 depo ile i\u00e7erisinde muhafaza edilen pil ve asitler tamamen yand\u0131.<\/p>\n<p style=\"font-weight: 300 !important;\">Polisin olaylarla ilgili soru\u015fturmas\u0131 devam ediyor.<\/p>\n<\/p><\/div>\n<p><script async\n                    defer\n                    crossorigin=\"anonymous\"\n                    src=\"https:\/\/connect.facebook.net\/tr_TR\/sdk.js#xfbml=1&#038;version=v3.3\"\n            ><\/script><\/p>\n","protected":false},"excerpt":{"rendered":"<p>\u00a0 Gazima\u011fusa\u2019da, Vadili\u2019de sakin 71 ya\u015f\u0131ndaki Duran \u00d6zer (E-71) denizde ya\u015fam\u0131n\u0131 yitirdi. Polis Bas\u0131n Subayl\u0131\u011f\u0131ndan verilen bilgiye g\u00f6re, d\u00fcn saat 10.00 s\u0131ralar\u0131nda meydana gelen olayda ad\u0131 edilene yap\u0131lan otopside, \u00f6l\u00fcm sebebinin \u201cepilepsi ve suda bo\u011fulma\u201d sonucu oldu\u011fu tespit edildi. -Girne\u2019de uyu\u015fturucu\u20262 ki\u015fi tutukland\u0131 Girne\u2019de d\u00fcn 17.00 s\u0131ralar\u0131nda, Narkotik ve Ka\u00e7ak\u00e7\u0131l\u0131\u011f\u0131 \u00d6nleme M\u00fcd\u00fcrl\u00fc\u011f\u00fc ekipleri taraf\u0131ndan ger\u00e7ekle\u015ftirilen<\/p>\n","protected":false},"author":1,"featured_media":3158,"comment_status":"open","ping_status":"open","sticky":false,"template":"","format":"standard","meta":{"footnotes":""},"categories":[1],"tags":[],"class_list":["post-10630","post","type-post","status-publish","format-standard","has-post-thumbnail","hentry","category-gundem"],"yoast_head":"<!-- This site is optimized with the Yoast SEO plugin v27.4 - https:\/\/yoast.com\/product\/yoast-seo-wordpress\/ -->\n<title>Polisiye Olaylar:G\u00fcvercinlik ve G\u00fcng\u00f6r\u2019de yang\u0131n -<\/title>\n<meta name=\"robots\" content=\"index, follow, max-snippet:-1, max-image-preview:large, max-video-preview:-1\" \/>\n<link rel=\"canonical\" href=\"https:\/\/kibrisdakik.com\/?p=10630\" \/>\n<meta property=\"og:locale\" content=\"tr_TR\" \/>\n<meta property=\"og:type\" content=\"article\" \/>\n<meta property=\"og:title\" content=\"Polisiye Olaylar:G\u00fcvercinlik ve G\u00fcng\u00f6r\u2019de yang\u0131n -\" \/>\n<meta property=\"og:description\" content=\"\u00a0 Gazima\u011fusa\u2019da, Vadili\u2019de sakin 71 ya\u015f\u0131ndaki Duran \u00d6zer (E-71) denizde ya\u015fam\u0131n\u0131 yitirdi. Polis Bas\u0131n Subayl\u0131\u011f\u0131ndan verilen bilgiye g\u00f6re, d\u00fcn saat 10.00 s\u0131ralar\u0131nda meydana gelen olayda ad\u0131 edilene yap\u0131lan otopside, \u00f6l\u00fcm sebebinin \u201cepilepsi ve suda bo\u011fulma\u201d sonucu oldu\u011fu tespit edildi. -Girne\u2019de uyu\u015fturucu\u20262 ki\u015fi tutukland\u0131 Girne\u2019de d\u00fcn 17.00 s\u0131ralar\u0131nda, Narkotik ve Ka\u00e7ak\u00e7\u0131l\u0131\u011f\u0131 \u00d6nleme M\u00fcd\u00fcrl\u00fc\u011f\u00fc ekipleri taraf\u0131ndan ger\u00e7ekle\u015ftirilen\" \/>\n<meta property=\"og:url\" content=\"https:\/\/kibrisdakik.com\/?p=10630\" \/>\n<meta property=\"article:published_time\" content=\"2023-07-18T11:55:57+00:00\" \/>\n<meta property=\"og:image\" content=\"https:\/\/kibrisdakik.com\/wp-content\/uploads\/2023\/03\/polisiye-olaylar-740x420.jpg\" \/>\n\t<meta property=\"og:image:width\" content=\"811\" \/>\n\t<meta property=\"og:image:height\" content=\"431\" \/>\n\t<meta property=\"og:image:type\" content=\"image\/jpeg\" \/>\n<meta name=\"author\" content=\"admin\" \/>\n<meta name=\"twitter:card\" content=\"summary_large_image\" \/>\n<meta name=\"twitter:label1\" content=\"Yazan:\" \/>\n\t<meta name=\"twitter:data1\" content=\"admin\" \/>\n\t<meta name=\"twitter:label2\" content=\"Tahmini okuma s\u00fcresi\" \/>\n\t<meta name=\"twitter:data2\" content=\"4 dakika\" \/>\n<script type=\"application\/ld+json\" class=\"yoast-schema-graph\">{\"@context\":\"https:\\\/\\\/schema.org\",\"@graph\":[{\"@type\":\"Article\",\"@id\":\"https:\\\/\\\/kibrisdakik.com\\\/?p=10630#article\",\"isPartOf\":{\"@id\":\"https:\\\/\\\/kibrisdakik.com\\\/?p=10630\"},\"author\":{\"name\":\"admin\",\"@id\":\"https:\\\/\\\/kibrisdakik.com\\\/#\\\/schema\\\/person\\\/9cd9d437bbb44f72b73ba127e06d8e79\"},\"headline\":\"Polisiye Olaylar:G\u00fcvercinlik ve G\u00fcng\u00f6r\u2019de yang\u0131n\",\"datePublished\":\"2023-07-18T11:55:57+00:00\",\"mainEntityOfPage\":{\"@id\":\"https:\\\/\\\/kibrisdakik.com\\\/?p=10630\"},\"wordCount\":718,\"commentCount\":0,\"image\":{\"@id\":\"https:\\\/\\\/kibrisdakik.com\\\/?p=10630#primaryimage\"},\"thumbnailUrl\":\"https:\\\/\\\/kibrisdakik.com\\\/wp-content\\\/uploads\\\/2023\\\/03\\\/polisiye-olaylar-740x420.jpg\",\"articleSection\":[\"G\u00fcndem\"],\"inLanguage\":\"tr\",\"potentialAction\":[{\"@type\":\"CommentAction\",\"name\":\"Comment\",\"target\":[\"https:\\\/\\\/kibrisdakik.com\\\/?p=10630#respond\"]}]},{\"@type\":\"WebPage\",\"@id\":\"https:\\\/\\\/kibrisdakik.com\\\/?p=10630\",\"url\":\"https:\\\/\\\/kibrisdakik.com\\\/?p=10630\",\"name\":\"Polisiye Olaylar:G\u00fcvercinlik ve G\u00fcng\u00f6r\u2019de yang\u0131n -\",\"isPartOf\":{\"@id\":\"https:\\\/\\\/kibrisdakik.com\\\/#website\"},\"primaryImageOfPage\":{\"@id\":\"https:\\\/\\\/kibrisdakik.com\\\/?p=10630#primaryimage\"},\"image\":{\"@id\":\"https:\\\/\\\/kibrisdakik.com\\\/?p=10630#primaryimage\"},\"thumbnailUrl\":\"https:\\\/\\\/kibrisdakik.com\\\/wp-content\\\/uploads\\\/2023\\\/03\\\/polisiye-olaylar-740x420.jpg\",\"datePublished\":\"2023-07-18T11:55:57+00:00\",\"author\":{\"@id\":\"https:\\\/\\\/kibrisdakik.com\\\/#\\\/schema\\\/person\\\/9cd9d437bbb44f72b73ba127e06d8e79\"},\"breadcrumb\":{\"@id\":\"https:\\\/\\\/kibrisdakik.com\\\/?p=10630#breadcrumb\"},\"inLanguage\":\"tr\",\"potentialAction\":[{\"@type\":\"ReadAction\",\"target\":[\"https:\\\/\\\/kibrisdakik.com\\\/?p=10630\"]}]},{\"@type\":\"ImageObject\",\"inLanguage\":\"tr\",\"@id\":\"https:\\\/\\\/kibrisdakik.com\\\/?p=10630#primaryimage\",\"url\":\"https:\\\/\\\/kibrisdakik.com\\\/wp-content\\\/uploads\\\/2023\\\/03\\\/polisiye-olaylar-740x420.jpg\",\"contentUrl\":\"https:\\\/\\\/kibrisdakik.com\\\/wp-content\\\/uploads\\\/2023\\\/03\\\/polisiye-olaylar-740x420.jpg\",\"width\":811,\"height\":431},{\"@type\":\"BreadcrumbList\",\"@id\":\"https:\\\/\\\/kibrisdakik.com\\\/?p=10630#breadcrumb\",\"itemListElement\":[{\"@type\":\"ListItem\",\"position\":1,\"name\":\"Home\",\"item\":\"https:\\\/\\\/kibrisdakik.com\\\/\"},{\"@type\":\"ListItem\",\"position\":2,\"name\":\"Polisiye Olaylar:G\u00fcvercinlik ve G\u00fcng\u00f6r\u2019de yang\u0131n\"}]},{\"@type\":\"WebSite\",\"@id\":\"https:\\\/\\\/kibrisdakik.com\\\/#website\",\"url\":\"https:\\\/\\\/kibrisdakik.com\\\/\",\"name\":\"\",\"description\":\"Tam vaktinde haber\",\"potentialAction\":[{\"@type\":\"SearchAction\",\"target\":{\"@type\":\"EntryPoint\",\"urlTemplate\":\"https:\\\/\\\/kibrisdakik.com\\\/?s={search_term_string}\"},\"query-input\":{\"@type\":\"PropertyValueSpecification\",\"valueRequired\":true,\"valueName\":\"search_term_string\"}}],\"inLanguage\":\"tr\"},{\"@type\":\"Person\",\"@id\":\"https:\\\/\\\/kibrisdakik.com\\\/#\\\/schema\\\/person\\\/9cd9d437bbb44f72b73ba127e06d8e79\",\"name\":\"admin\",\"image\":{\"@type\":\"ImageObject\",\"inLanguage\":\"tr\",\"@id\":\"https:\\\/\\\/secure.gravatar.com\\\/avatar\\\/ccc17943b9d660506c869530f897617f7cb1c21a4bf30023f252596d83e1f007?s=96&d=mm&r=g\",\"url\":\"https:\\\/\\\/secure.gravatar.com\\\/avatar\\\/ccc17943b9d660506c869530f897617f7cb1c21a4bf30023f252596d83e1f007?s=96&d=mm&r=g\",\"contentUrl\":\"https:\\\/\\\/secure.gravatar.com\\\/avatar\\\/ccc17943b9d660506c869530f897617f7cb1c21a4bf30023f252596d83e1f007?s=96&d=mm&r=g\",\"caption\":\"admin\"},\"sameAs\":[\"https:\\\/\\\/kibrisdakik.com\"],\"url\":\"https:\\\/\\\/kibrisdakik.com\\\/?author=1\"}]}<\/script>\n<!-- \/ Yoast SEO plugin. -->","yoast_head_json":{"title":"Polisiye Olaylar:G\u00fcvercinlik ve G\u00fcng\u00f6r\u2019de yang\u0131n -","robots":{"index":"index","follow":"follow","max-snippet":"max-snippet:-1","max-image-preview":"max-image-preview:large","max-video-preview":"max-video-preview:-1"},"canonical":"https:\/\/kibrisdakik.com\/?p=10630","og_locale":"tr_TR","og_type":"article","og_title":"Polisiye Olaylar:G\u00fcvercinlik ve G\u00fcng\u00f6r\u2019de yang\u0131n -","og_description":"\u00a0 Gazima\u011fusa\u2019da, Vadili\u2019de sakin 71 ya\u015f\u0131ndaki Duran \u00d6zer (E-71) denizde ya\u015fam\u0131n\u0131 yitirdi. Polis Bas\u0131n Subayl\u0131\u011f\u0131ndan verilen bilgiye g\u00f6re, d\u00fcn saat 10.00 s\u0131ralar\u0131nda meydana gelen olayda ad\u0131 edilene yap\u0131lan otopside, \u00f6l\u00fcm sebebinin \u201cepilepsi ve suda bo\u011fulma\u201d sonucu oldu\u011fu tespit edildi. -Girne\u2019de uyu\u015fturucu\u20262 ki\u015fi tutukland\u0131 Girne\u2019de d\u00fcn 17.00 s\u0131ralar\u0131nda, Narkotik ve Ka\u00e7ak\u00e7\u0131l\u0131\u011f\u0131 \u00d6nleme M\u00fcd\u00fcrl\u00fc\u011f\u00fc ekipleri taraf\u0131ndan ger\u00e7ekle\u015ftirilen","og_url":"https:\/\/kibrisdakik.com\/?p=10630","article_published_time":"2023-07-18T11:55:57+00:00","og_image":[{"width":811,"height":431,"url":"https:\/\/kibrisdakik.com\/wp-content\/uploads\/2023\/03\/polisiye-olaylar-740x420.jpg","type":"image\/jpeg"}],"author":"admin","twitter_card":"summary_large_image","twitter_misc":{"Yazan:":"admin","Tahmini okuma s\u00fcresi":"4 dakika"},"schema":{"@context":"https:\/\/schema.org","@graph":[{"@type":"Article","@id":"https:\/\/kibrisdakik.com\/?p=10630#article","isPartOf":{"@id":"https:\/\/kibrisdakik.com\/?p=10630"},"author":{"name":"admin","@id":"https:\/\/kibrisdakik.com\/#\/schema\/person\/9cd9d437bbb44f72b73ba127e06d8e79"},"headline":"Polisiye Olaylar:G\u00fcvercinlik ve G\u00fcng\u00f6r\u2019de yang\u0131n","datePublished":"2023-07-18T11:55:57+00:00","mainEntityOfPage":{"@id":"https:\/\/kibrisdakik.com\/?p=10630"},"wordCount":718,"commentCount":0,"image":{"@id":"https:\/\/kibrisdakik.com\/?p=10630#primaryimage"},"thumbnailUrl":"https:\/\/kibrisdakik.com\/wp-content\/uploads\/2023\/03\/polisiye-olaylar-740x420.jpg","articleSection":["G\u00fcndem"],"inLanguage":"tr","potentialAction":[{"@type":"CommentAction","name":"Comment","target":["https:\/\/kibrisdakik.com\/?p=10630#respond"]}]},{"@type":"WebPage","@id":"https:\/\/kibrisdakik.com\/?p=10630","url":"https:\/\/kibrisdakik.com\/?p=10630","name":"Polisiye Olaylar:G\u00fcvercinlik ve G\u00fcng\u00f6r\u2019de yang\u0131n -","isPartOf":{"@id":"https:\/\/kibrisdakik.com\/#website"},"primaryImageOfPage":{"@id":"https:\/\/kibrisdakik.com\/?p=10630#primaryimage"},"image":{"@id":"https:\/\/kibrisdakik.com\/?p=10630#primaryimage"},"thumbnailUrl":"https:\/\/kibrisdakik.com\/wp-content\/uploads\/2023\/03\/polisiye-olaylar-740x420.jpg","datePublished":"2023-07-18T11:55:57+00:00","author":{"@id":"https:\/\/kibrisdakik.com\/#\/schema\/person\/9cd9d437bbb44f72b73ba127e06d8e79"},"breadcrumb":{"@id":"https:\/\/kibrisdakik.com\/?p=10630#breadcrumb"},"inLanguage":"tr","potentialAction":[{"@type":"ReadAction","target":["https:\/\/kibrisdakik.com\/?p=10630"]}]},{"@type":"ImageObject","inLanguage":"tr","@id":"https:\/\/kibrisdakik.com\/?p=10630#primaryimage","url":"https:\/\/kibrisdakik.com\/wp-content\/uploads\/2023\/03\/polisiye-olaylar-740x420.jpg","contentUrl":"https:\/\/kibrisdakik.com\/wp-content\/uploads\/2023\/03\/polisiye-olaylar-740x420.jpg","width":811,"height":431},{"@type":"BreadcrumbList","@id":"https:\/\/kibrisdakik.com\/?p=10630#breadcrumb","itemListElement":[{"@type":"ListItem","position":1,"name":"Home","item":"https:\/\/kibrisdakik.com\/"},{"@type":"ListItem","position":2,"name":"Polisiye Olaylar:G\u00fcvercinlik ve G\u00fcng\u00f6r\u2019de yang\u0131n"}]},{"@type":"WebSite","@id":"https:\/\/kibrisdakik.com\/#website","url":"https:\/\/kibrisdakik.com\/","name":"","description":"Tam vaktinde haber","potentialAction":[{"@type":"SearchAction","target":{"@type":"EntryPoint","urlTemplate":"https:\/\/kibrisdakik.com\/?s={search_term_string}"},"query-input":{"@type":"PropertyValueSpecification","valueRequired":true,"valueName":"search_term_string"}}],"inLanguage":"tr"},{"@type":"Person","@id":"https:\/\/kibrisdakik.com\/#\/schema\/person\/9cd9d437bbb44f72b73ba127e06d8e79","name":"admin","image":{"@type":"ImageObject","inLanguage":"tr","@id":"https:\/\/secure.gravatar.com\/avatar\/ccc17943b9d660506c869530f897617f7cb1c21a4bf30023f252596d83e1f007?s=96&d=mm&r=g","url":"https:\/\/secure.gravatar.com\/avatar\/ccc17943b9d660506c869530f897617f7cb1c21a4bf30023f252596d83e1f007?s=96&d=mm&r=g","contentUrl":"https:\/\/secure.gravatar.com\/avatar\/ccc17943b9d660506c869530f897617f7cb1c21a4bf30023f252596d83e1f007?s=96&d=mm&r=g","caption":"admin"},"sameAs":["https:\/\/kibrisdakik.com"],"url":"https:\/\/kibrisdakik.com\/?author=1"}]}},"_links":{"self":[{"href":"https:\/\/kibrisdakik.com\/index.php?rest_route=\/wp\/v2\/posts\/10630","targetHints":{"allow":["GET"]}}],"collection":[{"href":"https:\/\/kibrisdakik.com\/index.php?rest_route=\/wp\/v2\/posts"}],"about":[{"href":"https:\/\/kibrisdakik.com\/index.php?rest_route=\/wp\/v2\/types\/post"}],"author":[{"embeddable":true,"href":"https:\/\/kibrisdakik.com\/index.php?rest_route=\/wp\/v2\/users\/1"}],"replies":[{"embeddable":true,"href":"https:\/\/kibrisdakik.com\/index.php?rest_route=%2Fwp%2Fv2%2Fcomments&post=10630"}],"version-history":[{"count":0,"href":"https:\/\/kibrisdakik.com\/index.php?rest_route=\/wp\/v2\/posts\/10630\/revisions"}],"wp:featuredmedia":[{"embeddable":true,"href":"https:\/\/kibrisdakik.com\/index.php?rest_route=\/wp\/v2\/media\/3158"}],"wp:attachment":[{"href":"https:\/\/kibrisdakik.com\/index.php?rest_route=%2Fwp%2Fv2%2Fmedia&parent=10630"}],"wp:term":[{"taxonomy":"category","embeddable":true,"href":"https:\/\/kibrisdakik.com\/index.php?rest_route=%2Fwp%2Fv2%2Fcategories&post=10630"},{"taxonomy":"post_tag","embeddable":true,"href":"https:\/\/kibrisdakik.com\/index.php?rest_route=%2Fwp%2Fv2%2Ftags&post=10630"}],"curies":[{"name":"wp","href":"https:\/\/api.w.org\/{rel}","templated":true}]}}