{"id":10641,"date":"2023-07-18T14:35:43","date_gmt":"2023-07-18T14:35:43","guid":{"rendered":"https:\/\/kibrisdakik.com\/index.php\/2023\/07\/18\/ustel-ile-yilmaz-elektrik-icin-mutabakat-zapti-imzaladi\/"},"modified":"2023-07-18T14:35:43","modified_gmt":"2023-07-18T14:35:43","slug":"ustel-ile-yilmaz-elektrik-icin-mutabakat-zapti-imzaladi","status":"publish","type":"post","link":"https:\/\/kibrisdakik.com\/?p=10641","title":{"rendered":"\u00dcstel ile  Y\u0131lmaz elektrik i\u00e7in mutabakat zapt\u0131 imzalad\u0131"},"content":{"rendered":"<p><\/p>\n<div>\n<div class=\"mariselle-image-container center\">\n                <img width=\"2560\" height=\"1707\" class=\"lazy-image\" alt=\"\" decoding=\"async\" loading=\"lazy\" sizes=\"auto, (max-width: 2560px) 100vw, 2560px\" src=\"https:\/\/brtk.net\/wp-content\/uploads\/2023\/07\/18\/basbakan-ustel-tc-cb-yrd-yilmaz-1-scaled.jpg?ver=8dab788dac3d295405fc4617f950d0e6\" srcset=\"https:\/\/brtk.net\/wp-content\/uploads\/2023\/07\/18\/basbakan-ustel-tc-cb-yrd-yilmaz-1-scaled.jpg?ver=8dab788dac3d295405fc4617f950d0e6 2560w, https:\/\/brtk.net\/wp-content\/uploads\/2023\/07\/18\/basbakan-ustel-tc-cb-yrd-yilmaz-1-300x200.jpg?ver=4ee2c4281bdb531a1081ec634a9a9316 300w, https:\/\/brtk.net\/wp-content\/uploads\/2023\/07\/18\/basbakan-ustel-tc-cb-yrd-yilmaz-1-1024x683.jpg?ver=d2b3d836cbcd25af062926bb166f8727 1024w, https:\/\/brtk.net\/wp-content\/uploads\/2023\/07\/18\/basbakan-ustel-tc-cb-yrd-yilmaz-1-768x512.jpg?ver=d2b3d836cbcd25af062926bb166f8727 768w, https:\/\/brtk.net\/wp-content\/uploads\/2023\/07\/18\/basbakan-ustel-tc-cb-yrd-yilmaz-1-1536x1024.jpg?ver=3a7af704fb1c0d53da670253eb389c54 1536w, https:\/\/brtk.net\/wp-content\/uploads\/2023\/07\/18\/basbakan-ustel-tc-cb-yrd-yilmaz-1-2048x1365.jpg?ver=20c0b876cc9511af1b984b465098b64b 2048w\"\/>                            <\/div>\n<p>Ba\u015fbakan \u00dcnal \u00dcstel, Ankara\u2019da T\u00fcrkiye Cumhuriyeti Cumhurba\u015fkan\u0131 Yard\u0131mc\u0131s\u0131 Cevdet Y\u0131lmaz ile bir araya geldi. G\u00f6r\u00fc\u015fmenin sonunda, T\u00fcrkiye ile <a href=\"https:\/\/brtk.net\/\"\/><a href=\"https:\/\/brtk.net\/\"\/><a href=\"https:\/\/brtk.net\/\">KKTC<\/a> aras\u0131nda olu\u015fturulacak \u00e7ift y\u00f6nl\u00fc elektrik (T\u00fcrkiye\u2019den kablo ba\u011flant\u0131s\u0131yla <a href=\"https:\/\/brtk.net\/\"\/><a href=\"https:\/\/brtk.net\/\"\/><a href=\"https:\/\/brtk.net\/\">KKTC<\/a>\u2018ye elektrik ula\u015ft\u0131rma) projesine y\u00f6nelik devletleraras\u0131 mutabakat metnine de imza konuldu.<\/p>\n<p>Ba\u015fbakanl\u0131k\u2019tan yap\u0131lan a\u00e7\u0131klamaya g\u00f6re Ba\u015fbakan \u00dcnal \u00dcstel, Ankara\u2019da Cumhurba\u015fkanl\u0131\u011f\u0131 K\u00fclliyesi\u2019nde, Ankara\u2019da T\u00fcrkiye Cumhuriyeti Cumhurba\u015fkan\u0131 Yard\u0131mc\u0131s\u0131 Cevdet Y\u0131lmaz ile g\u00f6r\u00fc\u015ft\u00fc. Ba\u015f ba\u015fa ve heyetler aras\u0131 yap\u0131lan g\u00f6r\u00fc\u015fmelerde, 20 Temmuz\u2019da a\u00e7\u0131lmas\u0131 planlanan yeni Ercan Havaliman\u0131\u2019na y\u00f6nelik son haz\u0131rl\u0131klar ve \u00e7ift y\u00f6nl\u00fc kablo ile T\u00fcrkiye ile <a href=\"https:\/\/brtk.net\/\"\/><a href=\"https:\/\/brtk.net\/\"\/><a href=\"https:\/\/brtk.net\/\">KKTC<\/a> aras\u0131nda kurulacak elektrik iletim projesi ele al\u0131nd\u0131. Yap\u0131lan g\u00f6r\u00fc\u015fmelerin sonunda T\u00fcrkiye ile <a href=\"https:\/\/brtk.net\/\"\/><a href=\"https:\/\/brtk.net\/\"\/><a href=\"https:\/\/brtk.net\/\">KKTC<\/a> aras\u0131nda olu\u015fturulacak \u00e7ift y\u00f6nl\u00fc elektrik projesine y\u00f6nelik devletleraras\u0131 mutabakat metnine de imza konuldu.<\/p>\n<p>Ba\u015fbakan \u00dcnal \u00dcstel ile T\u00fcrkiye Cumhuriyeti Cumhurba\u015fkan\u0131 Yard\u0131mc\u0131s\u0131 Cevdet Y\u0131lmaz aras\u0131ndaki g\u00f6r\u00fc\u015fmede ayn\u0131 zamanda, Mara\u015f Sosyal Konut Projeleri, 500 Yatakl\u0131 yeni Lefko\u015fa Devlet Hastanesi, Girne Hastanesi, G\u00fczelyurt Hastanesi, Pamuklu, Lapta Sa\u011fl\u0131k Merkezi projeleri, Devlet Su \u0130\u015fleri\u2019nin halen y\u00fcr\u00fctmekte oldu\u011fu su projeleri ve devam eden karayolu projeleri de ele al\u0131nd\u0131.<\/p>\n<p>Ba\u015fbakan \u00dcstel, Ankara temaslar\u0131n\u0131 tamamlayarak bu ak\u015fam saatlerinde yurda d\u00f6necek.<\/p>\n<\/p><\/div>\n<p><script async\n                    defer\n                    crossorigin=\"anonymous\"\n                    src=\"https:\/\/connect.facebook.net\/tr_TR\/sdk.js#xfbml=1&#038;version=v3.3\"\n            ><\/script><\/p>\n","protected":false},"excerpt":{"rendered":"<p>Ba\u015fbakan \u00dcnal \u00dcstel, Ankara\u2019da T\u00fcrkiye Cumhuriyeti Cumhurba\u015fkan\u0131 Yard\u0131mc\u0131s\u0131 Cevdet Y\u0131lmaz ile bir araya geldi. G\u00f6r\u00fc\u015fmenin sonunda, T\u00fcrkiye ile KKTC aras\u0131nda olu\u015fturulacak \u00e7ift y\u00f6nl\u00fc elektrik (T\u00fcrkiye\u2019den kablo ba\u011flant\u0131s\u0131yla KKTC\u2018ye elektrik ula\u015ft\u0131rma) projesine y\u00f6nelik devletleraras\u0131 mutabakat metnine de imza konuldu. Ba\u015fbakanl\u0131k\u2019tan yap\u0131lan a\u00e7\u0131klamaya g\u00f6re Ba\u015fbakan \u00dcnal \u00dcstel, Ankara\u2019da Cumhurba\u015fkanl\u0131\u011f\u0131 K\u00fclliyesi\u2019nde, Ankara\u2019da T\u00fcrkiye Cumhuriyeti Cumhurba\u015fkan\u0131 Yard\u0131mc\u0131s\u0131 Cevdet Y\u0131lmaz<\/p>\n","protected":false},"author":1,"featured_media":10642,"comment_status":"open","ping_status":"open","sticky":false,"template":"","format":"standard","meta":{"footnotes":""},"categories":[1],"tags":[],"class_list":["post-10641","post","type-post","status-publish","format-standard","has-post-thumbnail","hentry","category-gundem"],"yoast_head":"<!-- This site is optimized with the Yoast SEO plugin v27.4 - https:\/\/yoast.com\/product\/yoast-seo-wordpress\/ -->\n<title>\u00dcstel ile Y\u0131lmaz elektrik i\u00e7in mutabakat zapt\u0131 imzalad\u0131 -<\/title>\n<meta name=\"robots\" content=\"index, follow, max-snippet:-1, max-image-preview:large, max-video-preview:-1\" \/>\n<link rel=\"canonical\" href=\"https:\/\/kibrisdakik.com\/?p=10641\" \/>\n<meta property=\"og:locale\" content=\"tr_TR\" \/>\n<meta property=\"og:type\" content=\"article\" \/>\n<meta property=\"og:title\" content=\"\u00dcstel ile Y\u0131lmaz elektrik i\u00e7in mutabakat zapt\u0131 imzalad\u0131 -\" \/>\n<meta property=\"og:description\" content=\"Ba\u015fbakan \u00dcnal \u00dcstel, Ankara\u2019da T\u00fcrkiye Cumhuriyeti Cumhurba\u015fkan\u0131 Yard\u0131mc\u0131s\u0131 Cevdet Y\u0131lmaz ile bir araya geldi. G\u00f6r\u00fc\u015fmenin sonunda, T\u00fcrkiye ile KKTC aras\u0131nda olu\u015fturulacak \u00e7ift y\u00f6nl\u00fc elektrik (T\u00fcrkiye\u2019den kablo ba\u011flant\u0131s\u0131yla KKTC\u2018ye elektrik ula\u015ft\u0131rma) projesine y\u00f6nelik devletleraras\u0131 mutabakat metnine de imza konuldu. Ba\u015fbakanl\u0131k\u2019tan yap\u0131lan a\u00e7\u0131klamaya g\u00f6re Ba\u015fbakan \u00dcnal \u00dcstel, Ankara\u2019da Cumhurba\u015fkanl\u0131\u011f\u0131 K\u00fclliyesi\u2019nde, Ankara\u2019da T\u00fcrkiye Cumhuriyeti Cumhurba\u015fkan\u0131 Yard\u0131mc\u0131s\u0131 Cevdet Y\u0131lmaz\" \/>\n<meta property=\"og:url\" content=\"https:\/\/kibrisdakik.com\/?p=10641\" \/>\n<meta property=\"article:published_time\" content=\"2023-07-18T14:35:43+00:00\" \/>\n<meta property=\"og:image\" content=\"https:\/\/kibrisdakik.com\/wp-content\/uploads\/2023\/07\/basbakan-ustel-tc-cb-yrd-yilmaz-1-scaled-740x420.jpg\" \/>\n\t<meta property=\"og:image:width\" content=\"2560\" \/>\n\t<meta property=\"og:image:height\" content=\"1707\" \/>\n\t<meta property=\"og:image:type\" content=\"image\/jpeg\" \/>\n<meta name=\"author\" content=\"admin\" \/>\n<meta name=\"twitter:card\" content=\"summary_large_image\" \/>\n<meta name=\"twitter:label1\" content=\"Yazan:\" \/>\n\t<meta name=\"twitter:data1\" content=\"admin\" \/>\n\t<meta name=\"twitter:label2\" content=\"Tahmini okuma s\u00fcresi\" \/>\n\t<meta name=\"twitter:data2\" content=\"1 dakika\" \/>\n<script type=\"application\/ld+json\" class=\"yoast-schema-graph\">{\"@context\":\"https:\\\/\\\/schema.org\",\"@graph\":[{\"@type\":\"Article\",\"@id\":\"https:\\\/\\\/kibrisdakik.com\\\/?p=10641#article\",\"isPartOf\":{\"@id\":\"https:\\\/\\\/kibrisdakik.com\\\/?p=10641\"},\"author\":{\"name\":\"admin\",\"@id\":\"https:\\\/\\\/kibrisdakik.com\\\/#\\\/schema\\\/person\\\/9cd9d437bbb44f72b73ba127e06d8e79\"},\"headline\":\"\u00dcstel ile Y\u0131lmaz elektrik i\u00e7in mutabakat zapt\u0131 imzalad\u0131\",\"datePublished\":\"2023-07-18T14:35:43+00:00\",\"mainEntityOfPage\":{\"@id\":\"https:\\\/\\\/kibrisdakik.com\\\/?p=10641\"},\"wordCount\":260,\"commentCount\":0,\"image\":{\"@id\":\"https:\\\/\\\/kibrisdakik.com\\\/?p=10641#primaryimage\"},\"thumbnailUrl\":\"https:\\\/\\\/kibrisdakik.com\\\/wp-content\\\/uploads\\\/2023\\\/07\\\/basbakan-ustel-tc-cb-yrd-yilmaz-1-scaled-740x420.jpg\",\"articleSection\":[\"G\u00fcndem\"],\"inLanguage\":\"tr\",\"potentialAction\":[{\"@type\":\"CommentAction\",\"name\":\"Comment\",\"target\":[\"https:\\\/\\\/kibrisdakik.com\\\/?p=10641#respond\"]}]},{\"@type\":\"WebPage\",\"@id\":\"https:\\\/\\\/kibrisdakik.com\\\/?p=10641\",\"url\":\"https:\\\/\\\/kibrisdakik.com\\\/?p=10641\",\"name\":\"\u00dcstel ile Y\u0131lmaz elektrik i\u00e7in mutabakat zapt\u0131 imzalad\u0131 -\",\"isPartOf\":{\"@id\":\"https:\\\/\\\/kibrisdakik.com\\\/#website\"},\"primaryImageOfPage\":{\"@id\":\"https:\\\/\\\/kibrisdakik.com\\\/?p=10641#primaryimage\"},\"image\":{\"@id\":\"https:\\\/\\\/kibrisdakik.com\\\/?p=10641#primaryimage\"},\"thumbnailUrl\":\"https:\\\/\\\/kibrisdakik.com\\\/wp-content\\\/uploads\\\/2023\\\/07\\\/basbakan-ustel-tc-cb-yrd-yilmaz-1-scaled-740x420.jpg\",\"datePublished\":\"2023-07-18T14:35:43+00:00\",\"author\":{\"@id\":\"https:\\\/\\\/kibrisdakik.com\\\/#\\\/schema\\\/person\\\/9cd9d437bbb44f72b73ba127e06d8e79\"},\"breadcrumb\":{\"@id\":\"https:\\\/\\\/kibrisdakik.com\\\/?p=10641#breadcrumb\"},\"inLanguage\":\"tr\",\"potentialAction\":[{\"@type\":\"ReadAction\",\"target\":[\"https:\\\/\\\/kibrisdakik.com\\\/?p=10641\"]}]},{\"@type\":\"ImageObject\",\"inLanguage\":\"tr\",\"@id\":\"https:\\\/\\\/kibrisdakik.com\\\/?p=10641#primaryimage\",\"url\":\"https:\\\/\\\/kibrisdakik.com\\\/wp-content\\\/uploads\\\/2023\\\/07\\\/basbakan-ustel-tc-cb-yrd-yilmaz-1-scaled-740x420.jpg\",\"contentUrl\":\"https:\\\/\\\/kibrisdakik.com\\\/wp-content\\\/uploads\\\/2023\\\/07\\\/basbakan-ustel-tc-cb-yrd-yilmaz-1-scaled-740x420.jpg\",\"width\":2560,\"height\":1707},{\"@type\":\"BreadcrumbList\",\"@id\":\"https:\\\/\\\/kibrisdakik.com\\\/?p=10641#breadcrumb\",\"itemListElement\":[{\"@type\":\"ListItem\",\"position\":1,\"name\":\"Home\",\"item\":\"https:\\\/\\\/kibrisdakik.com\\\/\"},{\"@type\":\"ListItem\",\"position\":2,\"name\":\"\u00dcstel ile Y\u0131lmaz elektrik i\u00e7in mutabakat zapt\u0131 imzalad\u0131\"}]},{\"@type\":\"WebSite\",\"@id\":\"https:\\\/\\\/kibrisdakik.com\\\/#website\",\"url\":\"https:\\\/\\\/kibrisdakik.com\\\/\",\"name\":\"\",\"description\":\"Tam vaktinde haber\",\"potentialAction\":[{\"@type\":\"SearchAction\",\"target\":{\"@type\":\"EntryPoint\",\"urlTemplate\":\"https:\\\/\\\/kibrisdakik.com\\\/?s={search_term_string}\"},\"query-input\":{\"@type\":\"PropertyValueSpecification\",\"valueRequired\":true,\"valueName\":\"search_term_string\"}}],\"inLanguage\":\"tr\"},{\"@type\":\"Person\",\"@id\":\"https:\\\/\\\/kibrisdakik.com\\\/#\\\/schema\\\/person\\\/9cd9d437bbb44f72b73ba127e06d8e79\",\"name\":\"admin\",\"image\":{\"@type\":\"ImageObject\",\"inLanguage\":\"tr\",\"@id\":\"https:\\\/\\\/secure.gravatar.com\\\/avatar\\\/ccc17943b9d660506c869530f897617f7cb1c21a4bf30023f252596d83e1f007?s=96&d=mm&r=g\",\"url\":\"https:\\\/\\\/secure.gravatar.com\\\/avatar\\\/ccc17943b9d660506c869530f897617f7cb1c21a4bf30023f252596d83e1f007?s=96&d=mm&r=g\",\"contentUrl\":\"https:\\\/\\\/secure.gravatar.com\\\/avatar\\\/ccc17943b9d660506c869530f897617f7cb1c21a4bf30023f252596d83e1f007?s=96&d=mm&r=g\",\"caption\":\"admin\"},\"sameAs\":[\"https:\\\/\\\/kibrisdakik.com\"],\"url\":\"https:\\\/\\\/kibrisdakik.com\\\/?author=1\"}]}<\/script>\n<!-- \/ Yoast SEO plugin. -->","yoast_head_json":{"title":"\u00dcstel ile Y\u0131lmaz elektrik i\u00e7in mutabakat zapt\u0131 imzalad\u0131 -","robots":{"index":"index","follow":"follow","max-snippet":"max-snippet:-1","max-image-preview":"max-image-preview:large","max-video-preview":"max-video-preview:-1"},"canonical":"https:\/\/kibrisdakik.com\/?p=10641","og_locale":"tr_TR","og_type":"article","og_title":"\u00dcstel ile Y\u0131lmaz elektrik i\u00e7in mutabakat zapt\u0131 imzalad\u0131 -","og_description":"Ba\u015fbakan \u00dcnal \u00dcstel, Ankara\u2019da T\u00fcrkiye Cumhuriyeti Cumhurba\u015fkan\u0131 Yard\u0131mc\u0131s\u0131 Cevdet Y\u0131lmaz ile bir araya geldi. G\u00f6r\u00fc\u015fmenin sonunda, T\u00fcrkiye ile KKTC aras\u0131nda olu\u015fturulacak \u00e7ift y\u00f6nl\u00fc elektrik (T\u00fcrkiye\u2019den kablo ba\u011flant\u0131s\u0131yla KKTC\u2018ye elektrik ula\u015ft\u0131rma) projesine y\u00f6nelik devletleraras\u0131 mutabakat metnine de imza konuldu. Ba\u015fbakanl\u0131k\u2019tan yap\u0131lan a\u00e7\u0131klamaya g\u00f6re Ba\u015fbakan \u00dcnal \u00dcstel, Ankara\u2019da Cumhurba\u015fkanl\u0131\u011f\u0131 K\u00fclliyesi\u2019nde, Ankara\u2019da T\u00fcrkiye Cumhuriyeti Cumhurba\u015fkan\u0131 Yard\u0131mc\u0131s\u0131 Cevdet Y\u0131lmaz","og_url":"https:\/\/kibrisdakik.com\/?p=10641","article_published_time":"2023-07-18T14:35:43+00:00","og_image":[{"width":2560,"height":1707,"url":"https:\/\/kibrisdakik.com\/wp-content\/uploads\/2023\/07\/basbakan-ustel-tc-cb-yrd-yilmaz-1-scaled-740x420.jpg","type":"image\/jpeg"}],"author":"admin","twitter_card":"summary_large_image","twitter_misc":{"Yazan:":"admin","Tahmini okuma s\u00fcresi":"1 dakika"},"schema":{"@context":"https:\/\/schema.org","@graph":[{"@type":"Article","@id":"https:\/\/kibrisdakik.com\/?p=10641#article","isPartOf":{"@id":"https:\/\/kibrisdakik.com\/?p=10641"},"author":{"name":"admin","@id":"https:\/\/kibrisdakik.com\/#\/schema\/person\/9cd9d437bbb44f72b73ba127e06d8e79"},"headline":"\u00dcstel ile Y\u0131lmaz elektrik i\u00e7in mutabakat zapt\u0131 imzalad\u0131","datePublished":"2023-07-18T14:35:43+00:00","mainEntityOfPage":{"@id":"https:\/\/kibrisdakik.com\/?p=10641"},"wordCount":260,"commentCount":0,"image":{"@id":"https:\/\/kibrisdakik.com\/?p=10641#primaryimage"},"thumbnailUrl":"https:\/\/kibrisdakik.com\/wp-content\/uploads\/2023\/07\/basbakan-ustel-tc-cb-yrd-yilmaz-1-scaled-740x420.jpg","articleSection":["G\u00fcndem"],"inLanguage":"tr","potentialAction":[{"@type":"CommentAction","name":"Comment","target":["https:\/\/kibrisdakik.com\/?p=10641#respond"]}]},{"@type":"WebPage","@id":"https:\/\/kibrisdakik.com\/?p=10641","url":"https:\/\/kibrisdakik.com\/?p=10641","name":"\u00dcstel ile Y\u0131lmaz elektrik i\u00e7in mutabakat zapt\u0131 imzalad\u0131 -","isPartOf":{"@id":"https:\/\/kibrisdakik.com\/#website"},"primaryImageOfPage":{"@id":"https:\/\/kibrisdakik.com\/?p=10641#primaryimage"},"image":{"@id":"https:\/\/kibrisdakik.com\/?p=10641#primaryimage"},"thumbnailUrl":"https:\/\/kibrisdakik.com\/wp-content\/uploads\/2023\/07\/basbakan-ustel-tc-cb-yrd-yilmaz-1-scaled-740x420.jpg","datePublished":"2023-07-18T14:35:43+00:00","author":{"@id":"https:\/\/kibrisdakik.com\/#\/schema\/person\/9cd9d437bbb44f72b73ba127e06d8e79"},"breadcrumb":{"@id":"https:\/\/kibrisdakik.com\/?p=10641#breadcrumb"},"inLanguage":"tr","potentialAction":[{"@type":"ReadAction","target":["https:\/\/kibrisdakik.com\/?p=10641"]}]},{"@type":"ImageObject","inLanguage":"tr","@id":"https:\/\/kibrisdakik.com\/?p=10641#primaryimage","url":"https:\/\/kibrisdakik.com\/wp-content\/uploads\/2023\/07\/basbakan-ustel-tc-cb-yrd-yilmaz-1-scaled-740x420.jpg","contentUrl":"https:\/\/kibrisdakik.com\/wp-content\/uploads\/2023\/07\/basbakan-ustel-tc-cb-yrd-yilmaz-1-scaled-740x420.jpg","width":2560,"height":1707},{"@type":"BreadcrumbList","@id":"https:\/\/kibrisdakik.com\/?p=10641#breadcrumb","itemListElement":[{"@type":"ListItem","position":1,"name":"Home","item":"https:\/\/kibrisdakik.com\/"},{"@type":"ListItem","position":2,"name":"\u00dcstel ile Y\u0131lmaz elektrik i\u00e7in mutabakat zapt\u0131 imzalad\u0131"}]},{"@type":"WebSite","@id":"https:\/\/kibrisdakik.com\/#website","url":"https:\/\/kibrisdakik.com\/","name":"","description":"Tam vaktinde haber","potentialAction":[{"@type":"SearchAction","target":{"@type":"EntryPoint","urlTemplate":"https:\/\/kibrisdakik.com\/?s={search_term_string}"},"query-input":{"@type":"PropertyValueSpecification","valueRequired":true,"valueName":"search_term_string"}}],"inLanguage":"tr"},{"@type":"Person","@id":"https:\/\/kibrisdakik.com\/#\/schema\/person\/9cd9d437bbb44f72b73ba127e06d8e79","name":"admin","image":{"@type":"ImageObject","inLanguage":"tr","@id":"https:\/\/secure.gravatar.com\/avatar\/ccc17943b9d660506c869530f897617f7cb1c21a4bf30023f252596d83e1f007?s=96&d=mm&r=g","url":"https:\/\/secure.gravatar.com\/avatar\/ccc17943b9d660506c869530f897617f7cb1c21a4bf30023f252596d83e1f007?s=96&d=mm&r=g","contentUrl":"https:\/\/secure.gravatar.com\/avatar\/ccc17943b9d660506c869530f897617f7cb1c21a4bf30023f252596d83e1f007?s=96&d=mm&r=g","caption":"admin"},"sameAs":["https:\/\/kibrisdakik.com"],"url":"https:\/\/kibrisdakik.com\/?author=1"}]}},"_links":{"self":[{"href":"https:\/\/kibrisdakik.com\/index.php?rest_route=\/wp\/v2\/posts\/10641","targetHints":{"allow":["GET"]}}],"collection":[{"href":"https:\/\/kibrisdakik.com\/index.php?rest_route=\/wp\/v2\/posts"}],"about":[{"href":"https:\/\/kibrisdakik.com\/index.php?rest_route=\/wp\/v2\/types\/post"}],"author":[{"embeddable":true,"href":"https:\/\/kibrisdakik.com\/index.php?rest_route=\/wp\/v2\/users\/1"}],"replies":[{"embeddable":true,"href":"https:\/\/kibrisdakik.com\/index.php?rest_route=%2Fwp%2Fv2%2Fcomments&post=10641"}],"version-history":[{"count":0,"href":"https:\/\/kibrisdakik.com\/index.php?rest_route=\/wp\/v2\/posts\/10641\/revisions"}],"wp:featuredmedia":[{"embeddable":true,"href":"https:\/\/kibrisdakik.com\/index.php?rest_route=\/wp\/v2\/media\/10642"}],"wp:attachment":[{"href":"https:\/\/kibrisdakik.com\/index.php?rest_route=%2Fwp%2Fv2%2Fmedia&parent=10641"}],"wp:term":[{"taxonomy":"category","embeddable":true,"href":"https:\/\/kibrisdakik.com\/index.php?rest_route=%2Fwp%2Fv2%2Fcategories&post=10641"},{"taxonomy":"post_tag","embeddable":true,"href":"https:\/\/kibrisdakik.com\/index.php?rest_route=%2Fwp%2Fv2%2Ftags&post=10641"}],"curies":[{"name":"wp","href":"https:\/\/api.w.org\/{rel}","templated":true}]}}