{"id":106676,"date":"2026-02-19T16:41:02","date_gmt":"2026-02-19T14:41:02","guid":{"rendered":"https:\/\/kibrisdakik.com\/?p=106676"},"modified":"2026-02-19T16:41:02","modified_gmt":"2026-02-19T14:41:02","slug":"gazeteciler-cemiyeti-polis-genel-muduru-adaliere-basari-plaketi-takdim-etti","status":"publish","type":"post","link":"https:\/\/kibrisdakik.com\/?p=106676","title":{"rendered":"GAZETEC\u0130LER CEM\u0130YET\u0130 POL\u0130S GENEL M\u00dcD\u00dcR\u00dc ADALIER\u2019E BA\u015eARI PLAKET\u0130 TAKD\u0130M ETT\u0130"},"content":{"rendered":"<p><\/p>\n<div data-text-id=\"196502\" property=\"articleBody\">\n<p>K\u0131br\u0131s T\u00fcrk Gazeteciler Cemiyeti, Polis Genel M\u00fcd\u00fcr\u00fc Ali Adal\u0131er\u2019e, ba\u015far\u0131 plaketi takdim etti.<\/p>\n<p>Polis Genel M\u00fcd\u00fcr\u00fc Adal\u0131er, Polis Genel M\u00fcd\u00fcrl\u00fc\u011f\u00fcn\u00fcn, son d\u00f6nemde, su\u00e7lular\u0131n h\u0131zl\u0131 bir \u015fekilde tespit edilip, adalete teslim edilmesi ve trafikte can kay\u0131plar\u0131n\u0131n ya\u015fanmamas\u0131 y\u00f6n\u00fcndeki ba\u015far\u0131l\u0131 ad\u0131mlar\u0131ndn dolay\u0131 kendisine takdim edilen plaketi, polis te\u015fkilat\u0131 personeli ad\u0131na kabul etti.<\/p>\n<p>Adal\u0131er, \u00fclkede, bug\u00fcne kadar, ge\u00e7en y\u0131l\u0131n ayn\u0131 d\u00f6nemine g\u00f6re, genel su\u00e7 oranlar\u0131nda y\u00fczde 30, \u00f6l\u00fcml\u00fc trafik kazalar\u0131nda da y\u00fczde 82 oran\u0131nda azalma oldu\u011funu s\u00f6yledi.<\/p>\n<p>Re\u015fat Akar ba\u015fkanl\u0131\u011f\u0131ndaki Gazeteciler Cemiyeti Y\u00f6netim Kurulu \u00fcyeleri, Polis Genel M\u00fcd\u00fcr\u00fc Ali Adal\u0131er\u2019i ziyaret etti. Ziyaret s\u0131ras\u0131nda polis te\u015fkilat\u0131 yetkilileri de haz\u0131r bulundu.<\/p>\n<p>-Akar<\/p>\n<p>Gazeteciler Cemiyeti Ba\u015fkan\u0131 Re\u015fat Akar, ziyarette, Polis Genel M\u00fcd\u00fcr\u00fc Ali Adal\u0131er ve polis te\u015fkilat\u0131 yetkililerine te\u015fekk\u00fcr etti, \u00e7al\u0131\u015fmalar\u0131nda ba\u015far\u0131lar diledi.<\/p>\n<p>Cemiyet hakk\u0131nda bilgi veren Akar, tarafs\u0131z ve ba\u011f\u0131ms\u0131z bir \u00f6rg\u00fct olarak baz\u0131 d\u00f6nemlerde baz\u0131 kurumlar\u0131 te\u015fvik ve motive etmek amac\u0131yla plaketler verdiklerini anlatt\u0131.<\/p>\n<p>Polis\u2019in de \u00f6zellikle son d\u00f6nemde \u00fcst\u00fcn ba\u015far\u0131lara imza att\u0131\u011f\u0131n\u0131, bundan gurur duyduklar\u0131n\u0131 ifade eden Akar, \u00fclkede artan su\u00e7lara i\u015faret etti ve bunlara kar\u015f\u0131 g\u00fcvenilecek yegane kurulu\u015fun polis te\u015fkilat\u0131 oldu\u011funu s\u00f6yledi.<\/p>\n<p>Polis te\u015fkilat\u0131n\u0131n eksiklerine ra\u011fmen su\u00e7lular\u0131 k\u0131sa s\u00fcrede tespit edip yarg\u0131ya havale etti\u011fini belirten Akar, kamuoyu ara\u015ft\u0131rmalar\u0131nda da KKTC\u2019de en g\u00fcvenilir kurumlar i\u00e7inde ilk s\u0131rada polisin ve yarg\u0131n\u0131n geldi\u011fini kaydetti.<\/p>\n<p>\u00dclkede huzurlu bir ya\u015fam i\u00e7in polis te\u015fkilat\u0131n\u0131n g\u00fc\u00e7lendirilmesi gerekti\u011fini ve bu konuda her t\u00fcrl\u00fc deste\u011fi gazeteciler olarak vermeye devam edeceklerini s\u00f6yleyen Akar, polisin her alandaki ba\u015far\u0131l\u0131 \u00e7al\u0131\u015fmalar\u0131na destek amac\u0131yla temsili bir ba\u015far\u0131 plaket sunmak amac\u0131yla ziyareti ger\u00e7ekle\u015ftirdiklerini belirtti.<\/p>\n<p>-Adal\u0131er<\/p>\n<p>Polis Genel M\u00fcd\u00fcr\u00fc Ali Adal\u0131er de, Polis Genel M\u00fcd\u00fcrl\u00fc\u011f\u00fc olarak ge\u00e7mi\u015ften bug\u00fcne ayn\u0131 kararl\u0131l\u0131kla \u00e7al\u0131\u015fmaya devam ettiklerini vurgulad\u0131.<\/p>\n<p>Toplum destekli polisli\u011fin \u00f6nemine i\u015faret eden Adal\u0131er, vatanda\u015flar\u0131n deste\u011fi ve yap\u0131c\u0131 ele\u015ftirisinin \u00f6nemli oldu\u011funu kaydetti.<\/p>\n<p>\u0130leti\u015fim, payla\u015f\u0131m ve sivil toplum \u00f6rg\u00fctlerinin katk\u0131s\u0131n\u0131n da \u00f6nemli oldu\u011funu ifade eden Adal\u0131er, toplumun deste\u011fiyle polisin her alanda hizmet verdi\u011fini, trafik, turizm, adli alanda da bu deste\u011fin olumlu yans\u0131malar\u0131 oldu\u011funu belirtti.<\/p>\n<p>Adal\u0131er, bu kapsamda \u015fu istatistik bilgileri payla\u015ft\u0131:<\/p>\n<p>\u201c2025 y\u0131l\u0131nda 2024&#8217;e g\u00f6re c\u00fcr\u00fcmler y\u00fczde 11, kabahatler y\u00fczde 23 azald\u0131.<\/p>\n<p>2026 y\u0131l\u0131n\u0131n 1 Ocak -19 \u015eubat d\u00f6nemlerinde bir \u00f6nceyi y\u0131l\u0131n ayn\u0131 d\u00f6nemine k\u0131yasla c\u00fcr\u00fcmler 304&#8217;den 270&#8217;e geriledi. Y\u00fczde 11 azalma. Kabahatler 356&#8217;dan, 202&#8217;ye geriledi y\u00fczde 43 azalma.<\/p>\n<p>Genel olarak su\u00e7 oranlar\u0131nda y\u00fczde 30 azalma.<\/p>\n<p>\u00d6l\u00fcml\u00fc trafik kazalar\u0131; 2025 y\u0131l\u0131nda 2024&#8217;e k\u0131yasla 51&#8217;den 43&#8217;ye d\u00fc\u015ft\u00fc, y\u00fczde 17 azalma.<\/p>\n<p>\u00d6l\u00fcml\u00fc trafik kazalar\u0131 2026 y\u0131l\u0131 1 Ocak -19 \u015eubat d\u00f6neminde 2025&#8217;in ayn\u0131 d\u00f6nemine k\u0131yasla 11&#8217;den, 2&#8217;ye d\u00fc\u015ft\u00fc, y\u00fczde 82 azalma.\u201d<\/p>\n<p>G\u00f6n\u00fcll\u00fc trafik denet\u00e7ili\u011finin de trafik kazalar\u0131nda d\u00fc\u015f\u00fc\u015f sa\u011flad\u0131\u011f\u0131n\u0131 i\u015faret eden Adal\u0131er, \u201cTrafikte s\u0131f\u0131r can kayb\u0131 hedefliyoruz\u201d dedi.<\/p>\n<p>Adal\u0131er, projelere destek veren t\u00fcm ilgililere ve polis \u00f6rg\u00fct\u00fc personeline de \u00e7al\u0131\u015fmalar\u0131nda ba\u015far\u0131lar diledi.<\/p>\n<\/p><\/div>\n","protected":false},"excerpt":{"rendered":"<p>K\u0131br\u0131s T\u00fcrk Gazeteciler Cemiyeti, Polis Genel M\u00fcd\u00fcr\u00fc Ali Adal\u0131er\u2019e, ba\u015far\u0131 plaketi takdim etti. Polis Genel M\u00fcd\u00fcr\u00fc Adal\u0131er, Polis Genel M\u00fcd\u00fcrl\u00fc\u011f\u00fcn\u00fcn, son d\u00f6nemde, su\u00e7lular\u0131n h\u0131zl\u0131 bir \u015fekilde tespit edilip, adalete teslim edilmesi ve trafikte can kay\u0131plar\u0131n\u0131n ya\u015fanmamas\u0131 y\u00f6n\u00fcndeki ba\u015far\u0131l\u0131 ad\u0131mlar\u0131ndn dolay\u0131 kendisine takdim edilen plaketi, polis te\u015fkilat\u0131 personeli ad\u0131na kabul etti. Adal\u0131er, \u00fclkede, bug\u00fcne kadar, ge\u00e7en<\/p>\n","protected":false},"author":1,"featured_media":106677,"comment_status":"open","ping_status":"open","sticky":false,"template":"","format":"standard","meta":{"footnotes":""},"categories":[81],"tags":[],"class_list":["post-106676","post","type-post","status-publish","format-standard","has-post-thumbnail","hentry","category-kibris"],"yoast_head":"<!-- This site is optimized with the Yoast SEO plugin v27.5 - https:\/\/yoast.com\/product\/yoast-seo-wordpress\/ -->\n<title>GAZETEC\u0130LER CEM\u0130YET\u0130 POL\u0130S GENEL M\u00dcD\u00dcR\u00dc ADALIER\u2019E BA\u015eARI PLAKET\u0130 TAKD\u0130M ETT\u0130 -<\/title>\n<meta name=\"robots\" content=\"index, follow, max-snippet:-1, max-image-preview:large, max-video-preview:-1\" \/>\n<link rel=\"canonical\" href=\"https:\/\/kibrisdakik.com\/?p=106676\" \/>\n<meta property=\"og:locale\" content=\"tr_TR\" \/>\n<meta property=\"og:type\" content=\"article\" \/>\n<meta property=\"og:title\" content=\"GAZETEC\u0130LER CEM\u0130YET\u0130 POL\u0130S GENEL M\u00dcD\u00dcR\u00dc ADALIER\u2019E BA\u015eARI PLAKET\u0130 TAKD\u0130M ETT\u0130 -\" \/>\n<meta property=\"og:description\" content=\"K\u0131br\u0131s T\u00fcrk Gazeteciler Cemiyeti, Polis Genel M\u00fcd\u00fcr\u00fc Ali Adal\u0131er\u2019e, ba\u015far\u0131 plaketi takdim etti. Polis Genel M\u00fcd\u00fcr\u00fc Adal\u0131er, Polis Genel M\u00fcd\u00fcrl\u00fc\u011f\u00fcn\u00fcn, son d\u00f6nemde, su\u00e7lular\u0131n h\u0131zl\u0131 bir \u015fekilde tespit edilip, adalete teslim edilmesi ve trafikte can kay\u0131plar\u0131n\u0131n ya\u015fanmamas\u0131 y\u00f6n\u00fcndeki ba\u015far\u0131l\u0131 ad\u0131mlar\u0131ndn dolay\u0131 kendisine takdim edilen plaketi, polis te\u015fkilat\u0131 personeli ad\u0131na kabul etti. Adal\u0131er, \u00fclkede, bug\u00fcne kadar, ge\u00e7en\" \/>\n<meta property=\"og:url\" content=\"https:\/\/kibrisdakik.com\/?p=106676\" \/>\n<meta property=\"article:published_time\" content=\"2026-02-19T14:41:02+00:00\" \/>\n<meta property=\"og:image\" content=\"https:\/\/mhahabercom.teimg.com\/crop\/1280x720\/mhahaber-com\/uploads\/2026\/02\/mha-sari-beyaz-3332.png\" \/>\n<meta name=\"author\" content=\"admin\" \/>\n<meta name=\"twitter:card\" content=\"summary_large_image\" \/>\n<meta name=\"twitter:label1\" content=\"Yazan:\" \/>\n\t<meta name=\"twitter:data1\" content=\"admin\" \/>\n\t<meta name=\"twitter:label2\" content=\"Tahmini okuma s\u00fcresi\" \/>\n\t<meta name=\"twitter:data2\" content=\"3 dakika\" \/>\n<script type=\"application\/ld+json\" class=\"yoast-schema-graph\">{\"@context\":\"https:\\\/\\\/schema.org\",\"@graph\":[{\"@type\":\"Article\",\"@id\":\"https:\\\/\\\/kibrisdakik.com\\\/?p=106676#article\",\"isPartOf\":{\"@id\":\"https:\\\/\\\/kibrisdakik.com\\\/?p=106676\"},\"author\":{\"name\":\"admin\",\"@id\":\"https:\\\/\\\/kibrisdakik.com\\\/#\\\/schema\\\/person\\\/9cd9d437bbb44f72b73ba127e06d8e79\"},\"headline\":\"GAZETEC\u0130LER CEM\u0130YET\u0130 POL\u0130S GENEL M\u00dcD\u00dcR\u00dc ADALIER\u2019E BA\u015eARI PLAKET\u0130 TAKD\u0130M ETT\u0130\",\"datePublished\":\"2026-02-19T14:41:02+00:00\",\"mainEntityOfPage\":{\"@id\":\"https:\\\/\\\/kibrisdakik.com\\\/?p=106676\"},\"wordCount\":640,\"commentCount\":0,\"image\":{\"@id\":\"https:\\\/\\\/kibrisdakik.com\\\/?p=106676#primaryimage\"},\"thumbnailUrl\":\"https:\\\/\\\/kibrisdakik.com\\\/wp-content\\\/uploads\\\/2026\\\/02\\\/mha-sari-beyaz-3332.png\",\"articleSection\":[\"K\u0131br\u0131s\"],\"inLanguage\":\"tr\",\"potentialAction\":[{\"@type\":\"CommentAction\",\"name\":\"Comment\",\"target\":[\"https:\\\/\\\/kibrisdakik.com\\\/?p=106676#respond\"]}]},{\"@type\":\"WebPage\",\"@id\":\"https:\\\/\\\/kibrisdakik.com\\\/?p=106676\",\"url\":\"https:\\\/\\\/kibrisdakik.com\\\/?p=106676\",\"name\":\"GAZETEC\u0130LER CEM\u0130YET\u0130 POL\u0130S GENEL M\u00dcD\u00dcR\u00dc ADALIER\u2019E BA\u015eARI PLAKET\u0130 TAKD\u0130M ETT\u0130 -\",\"isPartOf\":{\"@id\":\"https:\\\/\\\/kibrisdakik.com\\\/#website\"},\"primaryImageOfPage\":{\"@id\":\"https:\\\/\\\/kibrisdakik.com\\\/?p=106676#primaryimage\"},\"image\":{\"@id\":\"https:\\\/\\\/kibrisdakik.com\\\/?p=106676#primaryimage\"},\"thumbnailUrl\":\"https:\\\/\\\/kibrisdakik.com\\\/wp-content\\\/uploads\\\/2026\\\/02\\\/mha-sari-beyaz-3332.png\",\"datePublished\":\"2026-02-19T14:41:02+00:00\",\"author\":{\"@id\":\"https:\\\/\\\/kibrisdakik.com\\\/#\\\/schema\\\/person\\\/9cd9d437bbb44f72b73ba127e06d8e79\"},\"breadcrumb\":{\"@id\":\"https:\\\/\\\/kibrisdakik.com\\\/?p=106676#breadcrumb\"},\"inLanguage\":\"tr\",\"potentialAction\":[{\"@type\":\"ReadAction\",\"target\":[\"https:\\\/\\\/kibrisdakik.com\\\/?p=106676\"]}]},{\"@type\":\"ImageObject\",\"inLanguage\":\"tr\",\"@id\":\"https:\\\/\\\/kibrisdakik.com\\\/?p=106676#primaryimage\",\"url\":\"https:\\\/\\\/kibrisdakik.com\\\/wp-content\\\/uploads\\\/2026\\\/02\\\/mha-sari-beyaz-3332.png\",\"contentUrl\":\"https:\\\/\\\/kibrisdakik.com\\\/wp-content\\\/uploads\\\/2026\\\/02\\\/mha-sari-beyaz-3332.png\",\"width\":1280,\"height\":720},{\"@type\":\"BreadcrumbList\",\"@id\":\"https:\\\/\\\/kibrisdakik.com\\\/?p=106676#breadcrumb\",\"itemListElement\":[{\"@type\":\"ListItem\",\"position\":1,\"name\":\"Home\",\"item\":\"https:\\\/\\\/kibrisdakik.com\\\/\"},{\"@type\":\"ListItem\",\"position\":2,\"name\":\"GAZETEC\u0130LER CEM\u0130YET\u0130 POL\u0130S GENEL M\u00dcD\u00dcR\u00dc ADALIER\u2019E BA\u015eARI PLAKET\u0130 TAKD\u0130M ETT\u0130\"}]},{\"@type\":\"WebSite\",\"@id\":\"https:\\\/\\\/kibrisdakik.com\\\/#website\",\"url\":\"https:\\\/\\\/kibrisdakik.com\\\/\",\"name\":\"\",\"description\":\"Tam vaktinde haber\",\"potentialAction\":[{\"@type\":\"SearchAction\",\"target\":{\"@type\":\"EntryPoint\",\"urlTemplate\":\"https:\\\/\\\/kibrisdakik.com\\\/?s={search_term_string}\"},\"query-input\":{\"@type\":\"PropertyValueSpecification\",\"valueRequired\":true,\"valueName\":\"search_term_string\"}}],\"inLanguage\":\"tr\"},{\"@type\":\"Person\",\"@id\":\"https:\\\/\\\/kibrisdakik.com\\\/#\\\/schema\\\/person\\\/9cd9d437bbb44f72b73ba127e06d8e79\",\"name\":\"admin\",\"image\":{\"@type\":\"ImageObject\",\"inLanguage\":\"tr\",\"@id\":\"https:\\\/\\\/secure.gravatar.com\\\/avatar\\\/ccc17943b9d660506c869530f897617f7cb1c21a4bf30023f252596d83e1f007?s=96&d=mm&r=g\",\"url\":\"https:\\\/\\\/secure.gravatar.com\\\/avatar\\\/ccc17943b9d660506c869530f897617f7cb1c21a4bf30023f252596d83e1f007?s=96&d=mm&r=g\",\"contentUrl\":\"https:\\\/\\\/secure.gravatar.com\\\/avatar\\\/ccc17943b9d660506c869530f897617f7cb1c21a4bf30023f252596d83e1f007?s=96&d=mm&r=g\",\"caption\":\"admin\"},\"sameAs\":[\"https:\\\/\\\/kibrisdakik.com\"],\"url\":\"https:\\\/\\\/kibrisdakik.com\\\/?author=1\"}]}<\/script>\n<!-- \/ Yoast SEO plugin. -->","yoast_head_json":{"title":"GAZETEC\u0130LER CEM\u0130YET\u0130 POL\u0130S GENEL M\u00dcD\u00dcR\u00dc ADALIER\u2019E BA\u015eARI PLAKET\u0130 TAKD\u0130M ETT\u0130 -","robots":{"index":"index","follow":"follow","max-snippet":"max-snippet:-1","max-image-preview":"max-image-preview:large","max-video-preview":"max-video-preview:-1"},"canonical":"https:\/\/kibrisdakik.com\/?p=106676","og_locale":"tr_TR","og_type":"article","og_title":"GAZETEC\u0130LER CEM\u0130YET\u0130 POL\u0130S GENEL M\u00dcD\u00dcR\u00dc ADALIER\u2019E BA\u015eARI PLAKET\u0130 TAKD\u0130M ETT\u0130 -","og_description":"K\u0131br\u0131s T\u00fcrk Gazeteciler Cemiyeti, Polis Genel M\u00fcd\u00fcr\u00fc Ali Adal\u0131er\u2019e, ba\u015far\u0131 plaketi takdim etti. Polis Genel M\u00fcd\u00fcr\u00fc Adal\u0131er, Polis Genel M\u00fcd\u00fcrl\u00fc\u011f\u00fcn\u00fcn, son d\u00f6nemde, su\u00e7lular\u0131n h\u0131zl\u0131 bir \u015fekilde tespit edilip, adalete teslim edilmesi ve trafikte can kay\u0131plar\u0131n\u0131n ya\u015fanmamas\u0131 y\u00f6n\u00fcndeki ba\u015far\u0131l\u0131 ad\u0131mlar\u0131ndn dolay\u0131 kendisine takdim edilen plaketi, polis te\u015fkilat\u0131 personeli ad\u0131na kabul etti. Adal\u0131er, \u00fclkede, bug\u00fcne kadar, ge\u00e7en","og_url":"https:\/\/kibrisdakik.com\/?p=106676","article_published_time":"2026-02-19T14:41:02+00:00","og_image":[{"url":"https:\/\/mhahabercom.teimg.com\/crop\/1280x720\/mhahaber-com\/uploads\/2026\/02\/mha-sari-beyaz-3332.png","type":"","width":"","height":""}],"author":"admin","twitter_card":"summary_large_image","twitter_misc":{"Yazan:":"admin","Tahmini okuma s\u00fcresi":"3 dakika"},"schema":{"@context":"https:\/\/schema.org","@graph":[{"@type":"Article","@id":"https:\/\/kibrisdakik.com\/?p=106676#article","isPartOf":{"@id":"https:\/\/kibrisdakik.com\/?p=106676"},"author":{"name":"admin","@id":"https:\/\/kibrisdakik.com\/#\/schema\/person\/9cd9d437bbb44f72b73ba127e06d8e79"},"headline":"GAZETEC\u0130LER CEM\u0130YET\u0130 POL\u0130S GENEL M\u00dcD\u00dcR\u00dc ADALIER\u2019E BA\u015eARI PLAKET\u0130 TAKD\u0130M ETT\u0130","datePublished":"2026-02-19T14:41:02+00:00","mainEntityOfPage":{"@id":"https:\/\/kibrisdakik.com\/?p=106676"},"wordCount":640,"commentCount":0,"image":{"@id":"https:\/\/kibrisdakik.com\/?p=106676#primaryimage"},"thumbnailUrl":"https:\/\/kibrisdakik.com\/wp-content\/uploads\/2026\/02\/mha-sari-beyaz-3332.png","articleSection":["K\u0131br\u0131s"],"inLanguage":"tr","potentialAction":[{"@type":"CommentAction","name":"Comment","target":["https:\/\/kibrisdakik.com\/?p=106676#respond"]}]},{"@type":"WebPage","@id":"https:\/\/kibrisdakik.com\/?p=106676","url":"https:\/\/kibrisdakik.com\/?p=106676","name":"GAZETEC\u0130LER CEM\u0130YET\u0130 POL\u0130S GENEL M\u00dcD\u00dcR\u00dc ADALIER\u2019E BA\u015eARI PLAKET\u0130 TAKD\u0130M ETT\u0130 -","isPartOf":{"@id":"https:\/\/kibrisdakik.com\/#website"},"primaryImageOfPage":{"@id":"https:\/\/kibrisdakik.com\/?p=106676#primaryimage"},"image":{"@id":"https:\/\/kibrisdakik.com\/?p=106676#primaryimage"},"thumbnailUrl":"https:\/\/kibrisdakik.com\/wp-content\/uploads\/2026\/02\/mha-sari-beyaz-3332.png","datePublished":"2026-02-19T14:41:02+00:00","author":{"@id":"https:\/\/kibrisdakik.com\/#\/schema\/person\/9cd9d437bbb44f72b73ba127e06d8e79"},"breadcrumb":{"@id":"https:\/\/kibrisdakik.com\/?p=106676#breadcrumb"},"inLanguage":"tr","potentialAction":[{"@type":"ReadAction","target":["https:\/\/kibrisdakik.com\/?p=106676"]}]},{"@type":"ImageObject","inLanguage":"tr","@id":"https:\/\/kibrisdakik.com\/?p=106676#primaryimage","url":"https:\/\/kibrisdakik.com\/wp-content\/uploads\/2026\/02\/mha-sari-beyaz-3332.png","contentUrl":"https:\/\/kibrisdakik.com\/wp-content\/uploads\/2026\/02\/mha-sari-beyaz-3332.png","width":1280,"height":720},{"@type":"BreadcrumbList","@id":"https:\/\/kibrisdakik.com\/?p=106676#breadcrumb","itemListElement":[{"@type":"ListItem","position":1,"name":"Home","item":"https:\/\/kibrisdakik.com\/"},{"@type":"ListItem","position":2,"name":"GAZETEC\u0130LER CEM\u0130YET\u0130 POL\u0130S GENEL M\u00dcD\u00dcR\u00dc ADALIER\u2019E BA\u015eARI PLAKET\u0130 TAKD\u0130M ETT\u0130"}]},{"@type":"WebSite","@id":"https:\/\/kibrisdakik.com\/#website","url":"https:\/\/kibrisdakik.com\/","name":"","description":"Tam vaktinde haber","potentialAction":[{"@type":"SearchAction","target":{"@type":"EntryPoint","urlTemplate":"https:\/\/kibrisdakik.com\/?s={search_term_string}"},"query-input":{"@type":"PropertyValueSpecification","valueRequired":true,"valueName":"search_term_string"}}],"inLanguage":"tr"},{"@type":"Person","@id":"https:\/\/kibrisdakik.com\/#\/schema\/person\/9cd9d437bbb44f72b73ba127e06d8e79","name":"admin","image":{"@type":"ImageObject","inLanguage":"tr","@id":"https:\/\/secure.gravatar.com\/avatar\/ccc17943b9d660506c869530f897617f7cb1c21a4bf30023f252596d83e1f007?s=96&d=mm&r=g","url":"https:\/\/secure.gravatar.com\/avatar\/ccc17943b9d660506c869530f897617f7cb1c21a4bf30023f252596d83e1f007?s=96&d=mm&r=g","contentUrl":"https:\/\/secure.gravatar.com\/avatar\/ccc17943b9d660506c869530f897617f7cb1c21a4bf30023f252596d83e1f007?s=96&d=mm&r=g","caption":"admin"},"sameAs":["https:\/\/kibrisdakik.com"],"url":"https:\/\/kibrisdakik.com\/?author=1"}]}},"_links":{"self":[{"href":"https:\/\/kibrisdakik.com\/index.php?rest_route=\/wp\/v2\/posts\/106676","targetHints":{"allow":["GET"]}}],"collection":[{"href":"https:\/\/kibrisdakik.com\/index.php?rest_route=\/wp\/v2\/posts"}],"about":[{"href":"https:\/\/kibrisdakik.com\/index.php?rest_route=\/wp\/v2\/types\/post"}],"author":[{"embeddable":true,"href":"https:\/\/kibrisdakik.com\/index.php?rest_route=\/wp\/v2\/users\/1"}],"replies":[{"embeddable":true,"href":"https:\/\/kibrisdakik.com\/index.php?rest_route=%2Fwp%2Fv2%2Fcomments&post=106676"}],"version-history":[{"count":0,"href":"https:\/\/kibrisdakik.com\/index.php?rest_route=\/wp\/v2\/posts\/106676\/revisions"}],"wp:featuredmedia":[{"embeddable":true,"href":"https:\/\/kibrisdakik.com\/index.php?rest_route=\/wp\/v2\/media\/106677"}],"wp:attachment":[{"href":"https:\/\/kibrisdakik.com\/index.php?rest_route=%2Fwp%2Fv2%2Fmedia&parent=106676"}],"wp:term":[{"taxonomy":"category","embeddable":true,"href":"https:\/\/kibrisdakik.com\/index.php?rest_route=%2Fwp%2Fv2%2Fcategories&post=106676"},{"taxonomy":"post_tag","embeddable":true,"href":"https:\/\/kibrisdakik.com\/index.php?rest_route=%2Fwp%2Fv2%2Ftags&post=106676"}],"curies":[{"name":"wp","href":"https:\/\/api.w.org\/{rel}","templated":true}]}}