{"id":106843,"date":"2026-02-23T09:53:01","date_gmt":"2026-02-23T07:53:01","guid":{"rendered":"https:\/\/kibrisdakik.com\/?p=106843"},"modified":"2026-02-23T09:53:01","modified_gmt":"2026-02-23T07:53:01","slug":"ktos-fiber-optik-yasa-tasarisina-karsi-lefkosada-iki-ilkokulda-tam-gun-grevde","status":"publish","type":"post","link":"https:\/\/kibrisdakik.com\/?p=106843","title":{"rendered":"KT\u00d6S, F\u0130BER OPT\u0130K YASA TASARISI&#039;NA KAR\u015eI LEFKO\u015eA&#039;DA \u0130K\u0130 \u0130LKOKULDA TAM G\u00dcN GREVDE"},"content":{"rendered":"<p><\/p>\n<div data-text-id=\"196644\" property=\"articleBody\">\n<p>K\u0131br\u0131s T\u00fcrk \u00d6\u011fretmenler Sendikas\u0131 (KT\u00d6S), bug\u00fcn yeniden Cumhuriyet Meclisi g\u00fcndeminde yer alacak Fiber Optik Yasa Tasar\u0131s\u0131na kar\u015f\u0131, Lefko\u015fa\u2019da iki ilkokulda grev yap\u0131yor.<\/p>\n<p>KT\u00d6S, Lefko\u015fa Dr. Suat G\u00fcnsel Devlet \u0130lkokulu ile 9 Eyl\u00fcl \u0130lkokulu\u2019nda, sabah 08.00&#8217;de ba\u015flayan grev tam g\u00fcn devam edecek. KT\u00d6S ayr\u0131ca Cumhuriyet Meclis\u2019indeki eyleme de kat\u0131lacak.<\/p>\n<p>KT\u00d6S, konuyla ilgili d\u00fcn yay\u0131mlad\u0131\u011f\u0131 mesajda, tasar\u0131n\u0131n halk\u0131n mal\u0131n\u0131n bir \u015firkete devrini \u00f6ng\u00f6rd\u00fc\u011f\u00fcn\u00fc savunarak, halk\u0131n olana, halk ad\u0131na sahip \u00e7\u0131kmak i\u00e7in grevde olduklar\u0131n\u0131 kaydetmi\u015fti.<\/p>\n<p>K\u0131br\u0131s T\u00fcrk Kamu, Ula\u015ft\u0131rma, Haberle\u015fme, Bili\u015fim Teknolojileri ve K\u0131br\u0131s T\u00fcrk Telekom\u00fcnikasyon \u00c7al\u0131\u015fanlar\u0131 Sendikas\u0131 (Tel-Sen) ile dayan\u0131\u015fma i\u00e7inde olduklar\u0131n\u0131 da vurgulayan KT\u00d6S, halk\u0131 toplumsal muhalefetin yan\u0131nda durmaya ve m\u00fccadeleye destek vermeye \u00e7a\u011f\u0131rd\u0131. KT\u00d6S, yasa tasar\u0131s\u0131n\u0131n Meclis taraf\u0131ndan geri \u00e7ekilmesi talebini yineledi.<\/p>\n<\/p><\/div>\n","protected":false},"excerpt":{"rendered":"<p>K\u0131br\u0131s T\u00fcrk \u00d6\u011fretmenler Sendikas\u0131 (KT\u00d6S), bug\u00fcn yeniden Cumhuriyet Meclisi g\u00fcndeminde yer alacak Fiber Optik Yasa Tasar\u0131s\u0131na kar\u015f\u0131, Lefko\u015fa\u2019da iki ilkokulda grev yap\u0131yor. KT\u00d6S, Lefko\u015fa Dr. Suat G\u00fcnsel Devlet \u0130lkokulu ile 9 Eyl\u00fcl \u0130lkokulu\u2019nda, sabah 08.00&#8217;de ba\u015flayan grev tam g\u00fcn devam edecek. KT\u00d6S ayr\u0131ca Cumhuriyet Meclis\u2019indeki eyleme de kat\u0131lacak. KT\u00d6S, konuyla ilgili d\u00fcn yay\u0131mlad\u0131\u011f\u0131 mesajda, tasar\u0131n\u0131n<\/p>\n","protected":false},"author":1,"featured_media":106844,"comment_status":"open","ping_status":"open","sticky":false,"template":"","format":"standard","meta":{"footnotes":""},"categories":[81],"tags":[],"class_list":["post-106843","post","type-post","status-publish","format-standard","has-post-thumbnail","hentry","category-kibris"],"yoast_head":"<!-- This site is optimized with the Yoast SEO plugin v27.4 - https:\/\/yoast.com\/product\/yoast-seo-wordpress\/ -->\n<title>KT\u00d6S, F\u0130BER OPT\u0130K YASA TASARISI&#039;NA KAR\u015eI LEFKO\u015eA&#039;DA \u0130K\u0130 \u0130LKOKULDA TAM G\u00dcN GREVDE -<\/title>\n<meta name=\"robots\" content=\"index, follow, max-snippet:-1, max-image-preview:large, max-video-preview:-1\" \/>\n<link rel=\"canonical\" href=\"https:\/\/kibrisdakik.com\/?p=106843\" \/>\n<meta property=\"og:locale\" content=\"tr_TR\" \/>\n<meta property=\"og:type\" content=\"article\" \/>\n<meta property=\"og:title\" content=\"KT\u00d6S, F\u0130BER OPT\u0130K YASA TASARISI&#039;NA KAR\u015eI LEFKO\u015eA&#039;DA \u0130K\u0130 \u0130LKOKULDA TAM G\u00dcN GREVDE -\" \/>\n<meta property=\"og:description\" content=\"K\u0131br\u0131s T\u00fcrk \u00d6\u011fretmenler Sendikas\u0131 (KT\u00d6S), bug\u00fcn yeniden Cumhuriyet Meclisi g\u00fcndeminde yer alacak Fiber Optik Yasa Tasar\u0131s\u0131na kar\u015f\u0131, Lefko\u015fa\u2019da iki ilkokulda grev yap\u0131yor. KT\u00d6S, Lefko\u015fa Dr. Suat G\u00fcnsel Devlet \u0130lkokulu ile 9 Eyl\u00fcl \u0130lkokulu\u2019nda, sabah 08.00&#8217;de ba\u015flayan grev tam g\u00fcn devam edecek. KT\u00d6S ayr\u0131ca Cumhuriyet Meclis\u2019indeki eyleme de kat\u0131lacak. KT\u00d6S, konuyla ilgili d\u00fcn yay\u0131mlad\u0131\u011f\u0131 mesajda, tasar\u0131n\u0131n\" \/>\n<meta property=\"og:url\" content=\"https:\/\/kibrisdakik.com\/?p=106843\" \/>\n<meta property=\"article:published_time\" content=\"2026-02-23T07:53:01+00:00\" \/>\n<meta property=\"og:image\" content=\"https:\/\/mhahabercom.teimg.com\/crop\/1280x720\/mhahaber-com\/uploads\/2026\/02\/mha-sari-beyaz-3393.png\" \/>\n<meta name=\"author\" content=\"admin\" \/>\n<meta name=\"twitter:card\" content=\"summary_large_image\" \/>\n<meta name=\"twitter:label1\" content=\"Yazan:\" \/>\n\t<meta name=\"twitter:data1\" content=\"admin\" \/>\n\t<meta name=\"twitter:label2\" content=\"Tahmini okuma s\u00fcresi\" \/>\n\t<meta name=\"twitter:data2\" content=\"1 dakika\" \/>\n<script type=\"application\/ld+json\" class=\"yoast-schema-graph\">{\"@context\":\"https:\\\/\\\/schema.org\",\"@graph\":[{\"@type\":\"Article\",\"@id\":\"https:\\\/\\\/kibrisdakik.com\\\/?p=106843#article\",\"isPartOf\":{\"@id\":\"https:\\\/\\\/kibrisdakik.com\\\/?p=106843\"},\"author\":{\"name\":\"admin\",\"@id\":\"https:\\\/\\\/kibrisdakik.com\\\/#\\\/schema\\\/person\\\/9cd9d437bbb44f72b73ba127e06d8e79\"},\"headline\":\"KT\u00d6S, F\u0130BER OPT\u0130K YASA TASARISI&#039;NA KAR\u015eI LEFKO\u015eA&#039;DA \u0130K\u0130 \u0130LKOKULDA TAM G\u00dcN GREVDE\",\"datePublished\":\"2026-02-23T07:53:01+00:00\",\"mainEntityOfPage\":{\"@id\":\"https:\\\/\\\/kibrisdakik.com\\\/?p=106843\"},\"wordCount\":192,\"commentCount\":0,\"image\":{\"@id\":\"https:\\\/\\\/kibrisdakik.com\\\/?p=106843#primaryimage\"},\"thumbnailUrl\":\"https:\\\/\\\/kibrisdakik.com\\\/wp-content\\\/uploads\\\/2026\\\/02\\\/mha-sari-beyaz-3393.png\",\"articleSection\":[\"K\u0131br\u0131s\"],\"inLanguage\":\"tr\",\"potentialAction\":[{\"@type\":\"CommentAction\",\"name\":\"Comment\",\"target\":[\"https:\\\/\\\/kibrisdakik.com\\\/?p=106843#respond\"]}]},{\"@type\":\"WebPage\",\"@id\":\"https:\\\/\\\/kibrisdakik.com\\\/?p=106843\",\"url\":\"https:\\\/\\\/kibrisdakik.com\\\/?p=106843\",\"name\":\"KT\u00d6S, F\u0130BER OPT\u0130K YASA TASARISI&#039;NA KAR\u015eI LEFKO\u015eA&#039;DA \u0130K\u0130 \u0130LKOKULDA TAM G\u00dcN GREVDE -\",\"isPartOf\":{\"@id\":\"https:\\\/\\\/kibrisdakik.com\\\/#website\"},\"primaryImageOfPage\":{\"@id\":\"https:\\\/\\\/kibrisdakik.com\\\/?p=106843#primaryimage\"},\"image\":{\"@id\":\"https:\\\/\\\/kibrisdakik.com\\\/?p=106843#primaryimage\"},\"thumbnailUrl\":\"https:\\\/\\\/kibrisdakik.com\\\/wp-content\\\/uploads\\\/2026\\\/02\\\/mha-sari-beyaz-3393.png\",\"datePublished\":\"2026-02-23T07:53:01+00:00\",\"author\":{\"@id\":\"https:\\\/\\\/kibrisdakik.com\\\/#\\\/schema\\\/person\\\/9cd9d437bbb44f72b73ba127e06d8e79\"},\"breadcrumb\":{\"@id\":\"https:\\\/\\\/kibrisdakik.com\\\/?p=106843#breadcrumb\"},\"inLanguage\":\"tr\",\"potentialAction\":[{\"@type\":\"ReadAction\",\"target\":[\"https:\\\/\\\/kibrisdakik.com\\\/?p=106843\"]}]},{\"@type\":\"ImageObject\",\"inLanguage\":\"tr\",\"@id\":\"https:\\\/\\\/kibrisdakik.com\\\/?p=106843#primaryimage\",\"url\":\"https:\\\/\\\/kibrisdakik.com\\\/wp-content\\\/uploads\\\/2026\\\/02\\\/mha-sari-beyaz-3393.png\",\"contentUrl\":\"https:\\\/\\\/kibrisdakik.com\\\/wp-content\\\/uploads\\\/2026\\\/02\\\/mha-sari-beyaz-3393.png\",\"width\":1280,\"height\":720},{\"@type\":\"BreadcrumbList\",\"@id\":\"https:\\\/\\\/kibrisdakik.com\\\/?p=106843#breadcrumb\",\"itemListElement\":[{\"@type\":\"ListItem\",\"position\":1,\"name\":\"Home\",\"item\":\"https:\\\/\\\/kibrisdakik.com\\\/\"},{\"@type\":\"ListItem\",\"position\":2,\"name\":\"KT\u00d6S, F\u0130BER OPT\u0130K YASA TASARISI&#039;NA KAR\u015eI LEFKO\u015eA&#039;DA \u0130K\u0130 \u0130LKOKULDA TAM G\u00dcN GREVDE\"}]},{\"@type\":\"WebSite\",\"@id\":\"https:\\\/\\\/kibrisdakik.com\\\/#website\",\"url\":\"https:\\\/\\\/kibrisdakik.com\\\/\",\"name\":\"\",\"description\":\"Tam vaktinde haber\",\"potentialAction\":[{\"@type\":\"SearchAction\",\"target\":{\"@type\":\"EntryPoint\",\"urlTemplate\":\"https:\\\/\\\/kibrisdakik.com\\\/?s={search_term_string}\"},\"query-input\":{\"@type\":\"PropertyValueSpecification\",\"valueRequired\":true,\"valueName\":\"search_term_string\"}}],\"inLanguage\":\"tr\"},{\"@type\":\"Person\",\"@id\":\"https:\\\/\\\/kibrisdakik.com\\\/#\\\/schema\\\/person\\\/9cd9d437bbb44f72b73ba127e06d8e79\",\"name\":\"admin\",\"image\":{\"@type\":\"ImageObject\",\"inLanguage\":\"tr\",\"@id\":\"https:\\\/\\\/secure.gravatar.com\\\/avatar\\\/ccc17943b9d660506c869530f897617f7cb1c21a4bf30023f252596d83e1f007?s=96&d=mm&r=g\",\"url\":\"https:\\\/\\\/secure.gravatar.com\\\/avatar\\\/ccc17943b9d660506c869530f897617f7cb1c21a4bf30023f252596d83e1f007?s=96&d=mm&r=g\",\"contentUrl\":\"https:\\\/\\\/secure.gravatar.com\\\/avatar\\\/ccc17943b9d660506c869530f897617f7cb1c21a4bf30023f252596d83e1f007?s=96&d=mm&r=g\",\"caption\":\"admin\"},\"sameAs\":[\"https:\\\/\\\/kibrisdakik.com\"],\"url\":\"https:\\\/\\\/kibrisdakik.com\\\/?author=1\"}]}<\/script>\n<!-- \/ Yoast SEO plugin. -->","yoast_head_json":{"title":"KT\u00d6S, F\u0130BER OPT\u0130K YASA TASARISI&#039;NA KAR\u015eI LEFKO\u015eA&#039;DA \u0130K\u0130 \u0130LKOKULDA TAM G\u00dcN GREVDE -","robots":{"index":"index","follow":"follow","max-snippet":"max-snippet:-1","max-image-preview":"max-image-preview:large","max-video-preview":"max-video-preview:-1"},"canonical":"https:\/\/kibrisdakik.com\/?p=106843","og_locale":"tr_TR","og_type":"article","og_title":"KT\u00d6S, F\u0130BER OPT\u0130K YASA TASARISI&#039;NA KAR\u015eI LEFKO\u015eA&#039;DA \u0130K\u0130 \u0130LKOKULDA TAM G\u00dcN GREVDE -","og_description":"K\u0131br\u0131s T\u00fcrk \u00d6\u011fretmenler Sendikas\u0131 (KT\u00d6S), bug\u00fcn yeniden Cumhuriyet Meclisi g\u00fcndeminde yer alacak Fiber Optik Yasa Tasar\u0131s\u0131na kar\u015f\u0131, Lefko\u015fa\u2019da iki ilkokulda grev yap\u0131yor. KT\u00d6S, Lefko\u015fa Dr. Suat G\u00fcnsel Devlet \u0130lkokulu ile 9 Eyl\u00fcl \u0130lkokulu\u2019nda, sabah 08.00&#8217;de ba\u015flayan grev tam g\u00fcn devam edecek. KT\u00d6S ayr\u0131ca Cumhuriyet Meclis\u2019indeki eyleme de kat\u0131lacak. KT\u00d6S, konuyla ilgili d\u00fcn yay\u0131mlad\u0131\u011f\u0131 mesajda, tasar\u0131n\u0131n","og_url":"https:\/\/kibrisdakik.com\/?p=106843","article_published_time":"2026-02-23T07:53:01+00:00","og_image":[{"url":"https:\/\/mhahabercom.teimg.com\/crop\/1280x720\/mhahaber-com\/uploads\/2026\/02\/mha-sari-beyaz-3393.png","type":"","width":"","height":""}],"author":"admin","twitter_card":"summary_large_image","twitter_misc":{"Yazan:":"admin","Tahmini okuma s\u00fcresi":"1 dakika"},"schema":{"@context":"https:\/\/schema.org","@graph":[{"@type":"Article","@id":"https:\/\/kibrisdakik.com\/?p=106843#article","isPartOf":{"@id":"https:\/\/kibrisdakik.com\/?p=106843"},"author":{"name":"admin","@id":"https:\/\/kibrisdakik.com\/#\/schema\/person\/9cd9d437bbb44f72b73ba127e06d8e79"},"headline":"KT\u00d6S, F\u0130BER OPT\u0130K YASA TASARISI&#039;NA KAR\u015eI LEFKO\u015eA&#039;DA \u0130K\u0130 \u0130LKOKULDA TAM G\u00dcN GREVDE","datePublished":"2026-02-23T07:53:01+00:00","mainEntityOfPage":{"@id":"https:\/\/kibrisdakik.com\/?p=106843"},"wordCount":192,"commentCount":0,"image":{"@id":"https:\/\/kibrisdakik.com\/?p=106843#primaryimage"},"thumbnailUrl":"https:\/\/kibrisdakik.com\/wp-content\/uploads\/2026\/02\/mha-sari-beyaz-3393.png","articleSection":["K\u0131br\u0131s"],"inLanguage":"tr","potentialAction":[{"@type":"CommentAction","name":"Comment","target":["https:\/\/kibrisdakik.com\/?p=106843#respond"]}]},{"@type":"WebPage","@id":"https:\/\/kibrisdakik.com\/?p=106843","url":"https:\/\/kibrisdakik.com\/?p=106843","name":"KT\u00d6S, F\u0130BER OPT\u0130K YASA TASARISI&#039;NA KAR\u015eI LEFKO\u015eA&#039;DA \u0130K\u0130 \u0130LKOKULDA TAM G\u00dcN GREVDE -","isPartOf":{"@id":"https:\/\/kibrisdakik.com\/#website"},"primaryImageOfPage":{"@id":"https:\/\/kibrisdakik.com\/?p=106843#primaryimage"},"image":{"@id":"https:\/\/kibrisdakik.com\/?p=106843#primaryimage"},"thumbnailUrl":"https:\/\/kibrisdakik.com\/wp-content\/uploads\/2026\/02\/mha-sari-beyaz-3393.png","datePublished":"2026-02-23T07:53:01+00:00","author":{"@id":"https:\/\/kibrisdakik.com\/#\/schema\/person\/9cd9d437bbb44f72b73ba127e06d8e79"},"breadcrumb":{"@id":"https:\/\/kibrisdakik.com\/?p=106843#breadcrumb"},"inLanguage":"tr","potentialAction":[{"@type":"ReadAction","target":["https:\/\/kibrisdakik.com\/?p=106843"]}]},{"@type":"ImageObject","inLanguage":"tr","@id":"https:\/\/kibrisdakik.com\/?p=106843#primaryimage","url":"https:\/\/kibrisdakik.com\/wp-content\/uploads\/2026\/02\/mha-sari-beyaz-3393.png","contentUrl":"https:\/\/kibrisdakik.com\/wp-content\/uploads\/2026\/02\/mha-sari-beyaz-3393.png","width":1280,"height":720},{"@type":"BreadcrumbList","@id":"https:\/\/kibrisdakik.com\/?p=106843#breadcrumb","itemListElement":[{"@type":"ListItem","position":1,"name":"Home","item":"https:\/\/kibrisdakik.com\/"},{"@type":"ListItem","position":2,"name":"KT\u00d6S, F\u0130BER OPT\u0130K YASA TASARISI&#039;NA KAR\u015eI LEFKO\u015eA&#039;DA \u0130K\u0130 \u0130LKOKULDA TAM G\u00dcN GREVDE"}]},{"@type":"WebSite","@id":"https:\/\/kibrisdakik.com\/#website","url":"https:\/\/kibrisdakik.com\/","name":"","description":"Tam vaktinde haber","potentialAction":[{"@type":"SearchAction","target":{"@type":"EntryPoint","urlTemplate":"https:\/\/kibrisdakik.com\/?s={search_term_string}"},"query-input":{"@type":"PropertyValueSpecification","valueRequired":true,"valueName":"search_term_string"}}],"inLanguage":"tr"},{"@type":"Person","@id":"https:\/\/kibrisdakik.com\/#\/schema\/person\/9cd9d437bbb44f72b73ba127e06d8e79","name":"admin","image":{"@type":"ImageObject","inLanguage":"tr","@id":"https:\/\/secure.gravatar.com\/avatar\/ccc17943b9d660506c869530f897617f7cb1c21a4bf30023f252596d83e1f007?s=96&d=mm&r=g","url":"https:\/\/secure.gravatar.com\/avatar\/ccc17943b9d660506c869530f897617f7cb1c21a4bf30023f252596d83e1f007?s=96&d=mm&r=g","contentUrl":"https:\/\/secure.gravatar.com\/avatar\/ccc17943b9d660506c869530f897617f7cb1c21a4bf30023f252596d83e1f007?s=96&d=mm&r=g","caption":"admin"},"sameAs":["https:\/\/kibrisdakik.com"],"url":"https:\/\/kibrisdakik.com\/?author=1"}]}},"_links":{"self":[{"href":"https:\/\/kibrisdakik.com\/index.php?rest_route=\/wp\/v2\/posts\/106843","targetHints":{"allow":["GET"]}}],"collection":[{"href":"https:\/\/kibrisdakik.com\/index.php?rest_route=\/wp\/v2\/posts"}],"about":[{"href":"https:\/\/kibrisdakik.com\/index.php?rest_route=\/wp\/v2\/types\/post"}],"author":[{"embeddable":true,"href":"https:\/\/kibrisdakik.com\/index.php?rest_route=\/wp\/v2\/users\/1"}],"replies":[{"embeddable":true,"href":"https:\/\/kibrisdakik.com\/index.php?rest_route=%2Fwp%2Fv2%2Fcomments&post=106843"}],"version-history":[{"count":0,"href":"https:\/\/kibrisdakik.com\/index.php?rest_route=\/wp\/v2\/posts\/106843\/revisions"}],"wp:featuredmedia":[{"embeddable":true,"href":"https:\/\/kibrisdakik.com\/index.php?rest_route=\/wp\/v2\/media\/106844"}],"wp:attachment":[{"href":"https:\/\/kibrisdakik.com\/index.php?rest_route=%2Fwp%2Fv2%2Fmedia&parent=106843"}],"wp:term":[{"taxonomy":"category","embeddable":true,"href":"https:\/\/kibrisdakik.com\/index.php?rest_route=%2Fwp%2Fv2%2Fcategories&post=106843"},{"taxonomy":"post_tag","embeddable":true,"href":"https:\/\/kibrisdakik.com\/index.php?rest_route=%2Fwp%2Fv2%2Ftags&post=106843"}],"curies":[{"name":"wp","href":"https:\/\/api.w.org\/{rel}","templated":true}]}}