{"id":106885,"date":"2026-02-23T14:49:04","date_gmt":"2026-02-23T12:49:04","guid":{"rendered":"https:\/\/kibrisdakik.com\/?p=106885"},"modified":"2026-02-23T14:49:04","modified_gmt":"2026-02-23T12:49:04","slug":"zaimagaoglu-tdt-kardes-turk-diasporalari-atlasi-komisyonuna-atandi","status":"publish","type":"post","link":"https:\/\/kibrisdakik.com\/?p=106885","title":{"rendered":"ZA\u0130MA\u011eAO\u011eLU, TDT KARDE\u015e T\u00dcRK D\u0130ASPORALARI ATLASI KOM\u0130SYONU\u2019NA ATANDI"},"content":{"rendered":"<p><\/p>\n<div data-text-id=\"196690\" property=\"articleBody\">\n<p>Ba\u015fbakan Yard\u0131mc\u0131l\u0131\u011f\u0131 Turizm K\u00fclt\u00fcr Gen\u00e7lik ve \u00c7evre Bakanl\u0131\u011f\u0131\u2019na ba\u011fl\u0131 K\u00fclt\u00fcr Dairesi M\u00fcd\u00fcr\u00fc \u015eair \u015eirin Zafery\u0131ld\u0131z\u0131 Zaima\u011fao\u011flu, T\u00fcrk Devletleri Te\u015fkilat\u0131 (TDT) Karde\u015f T\u00fcrk Diasporalar\u0131 Atlas\u0131 Komisyonu\u2019na atand\u0131.<\/p>\n<p>K\u00fclt\u00fcr Dairesi\u2019nden yap\u0131lan a\u00e7\u0131klamaya g\u00f6re, Budape\u015fte\u2019de 2 Aral\u0131k tarihinde ger\u00e7ekle\u015ftirilen T\u00fcrk Devletleri Te\u015fkilat\u0131 Diaspora \u0130\u015flerinden Sorumlu Bakanlar ve Kurum Ba\u015fkanlar\u0131 7. Toplant\u0131s\u0131\u2019nda kurulmas\u0131 i\u00e7in mutab\u0131k kal\u0131nan Karde\u015f T\u00fcrk Diasporalar\u0131 Atlas\u0131 Komisyonu\u2019na KKTC\u2019yi temsilen K\u00fclt\u00fcr Dairesi M\u00fcd\u00fcr\u00fc \u015eair \u015eirin Zafery\u0131ld\u0131z\u0131 Zaima\u011fao\u011flu atand\u0131.<\/p>\n<p>T\u00fcrk Devletleri Te\u015fkilat\u0131 b\u00fcnyesinde y\u00fcr\u00fct\u00fclen Karde\u015f T\u00fcrk Diasporalar\u0131 \u00e7al\u0131\u015fmalar\u0131, \u00fcye \u00fclkeler Azerbaycan, Kazakistan, K\u0131rg\u0131zistan, T\u00fcrkiye, \u00d6zbekistan ve g\u00f6zlemci \u00fcyelerin Macaristan, KKTC, T\u00fcrkmenistan diasporalar\u0131n\u0131 bir araya getirmeyi, koordinasyonu art\u0131rmay\u0131 ve ortak projeler geli\u015ftirmeyi ama\u00e7l\u0131yor.<\/p>\n<\/p><\/div>\n","protected":false},"excerpt":{"rendered":"<p>Ba\u015fbakan Yard\u0131mc\u0131l\u0131\u011f\u0131 Turizm K\u00fclt\u00fcr Gen\u00e7lik ve \u00c7evre Bakanl\u0131\u011f\u0131\u2019na ba\u011fl\u0131 K\u00fclt\u00fcr Dairesi M\u00fcd\u00fcr\u00fc \u015eair \u015eirin Zafery\u0131ld\u0131z\u0131 Zaima\u011fao\u011flu, T\u00fcrk Devletleri Te\u015fkilat\u0131 (TDT) Karde\u015f T\u00fcrk Diasporalar\u0131 Atlas\u0131 Komisyonu\u2019na atand\u0131. K\u00fclt\u00fcr Dairesi\u2019nden yap\u0131lan a\u00e7\u0131klamaya g\u00f6re, Budape\u015fte\u2019de 2 Aral\u0131k tarihinde ger\u00e7ekle\u015ftirilen T\u00fcrk Devletleri Te\u015fkilat\u0131 Diaspora \u0130\u015flerinden Sorumlu Bakanlar ve Kurum Ba\u015fkanlar\u0131 7. Toplant\u0131s\u0131\u2019nda kurulmas\u0131 i\u00e7in mutab\u0131k kal\u0131nan Karde\u015f T\u00fcrk Diasporalar\u0131<\/p>\n","protected":false},"author":1,"featured_media":106886,"comment_status":"open","ping_status":"open","sticky":false,"template":"","format":"standard","meta":{"footnotes":""},"categories":[81],"tags":[],"class_list":["post-106885","post","type-post","status-publish","format-standard","has-post-thumbnail","hentry","category-kibris"],"yoast_head":"<!-- This site is optimized with the Yoast SEO plugin v27.5 - https:\/\/yoast.com\/product\/yoast-seo-wordpress\/ -->\n<title>ZA\u0130MA\u011eAO\u011eLU, TDT KARDE\u015e T\u00dcRK D\u0130ASPORALARI ATLASI KOM\u0130SYONU\u2019NA ATANDI -<\/title>\n<meta name=\"robots\" content=\"index, follow, max-snippet:-1, max-image-preview:large, max-video-preview:-1\" \/>\n<link rel=\"canonical\" href=\"https:\/\/kibrisdakik.com\/?p=106885\" \/>\n<meta property=\"og:locale\" content=\"tr_TR\" \/>\n<meta property=\"og:type\" content=\"article\" \/>\n<meta property=\"og:title\" content=\"ZA\u0130MA\u011eAO\u011eLU, TDT KARDE\u015e T\u00dcRK D\u0130ASPORALARI ATLASI KOM\u0130SYONU\u2019NA ATANDI -\" \/>\n<meta property=\"og:description\" content=\"Ba\u015fbakan Yard\u0131mc\u0131l\u0131\u011f\u0131 Turizm K\u00fclt\u00fcr Gen\u00e7lik ve \u00c7evre Bakanl\u0131\u011f\u0131\u2019na ba\u011fl\u0131 K\u00fclt\u00fcr Dairesi M\u00fcd\u00fcr\u00fc \u015eair \u015eirin Zafery\u0131ld\u0131z\u0131 Zaima\u011fao\u011flu, T\u00fcrk Devletleri Te\u015fkilat\u0131 (TDT) Karde\u015f T\u00fcrk Diasporalar\u0131 Atlas\u0131 Komisyonu\u2019na atand\u0131. K\u00fclt\u00fcr Dairesi\u2019nden yap\u0131lan a\u00e7\u0131klamaya g\u00f6re, Budape\u015fte\u2019de 2 Aral\u0131k tarihinde ger\u00e7ekle\u015ftirilen T\u00fcrk Devletleri Te\u015fkilat\u0131 Diaspora \u0130\u015flerinden Sorumlu Bakanlar ve Kurum Ba\u015fkanlar\u0131 7. Toplant\u0131s\u0131\u2019nda kurulmas\u0131 i\u00e7in mutab\u0131k kal\u0131nan Karde\u015f T\u00fcrk Diasporalar\u0131\" \/>\n<meta property=\"og:url\" content=\"https:\/\/kibrisdakik.com\/?p=106885\" \/>\n<meta property=\"article:published_time\" content=\"2026-02-23T12:49:04+00:00\" \/>\n<meta property=\"og:image\" content=\"https:\/\/mhahabercom.teimg.com\/crop\/1280x720\/mhahaber-com\/uploads\/2026\/02\/mha-sari-beyaz-3409.png\" \/>\n<meta name=\"author\" content=\"admin\" \/>\n<meta name=\"twitter:card\" content=\"summary_large_image\" \/>\n<meta name=\"twitter:label1\" content=\"Yazan:\" \/>\n\t<meta name=\"twitter:data1\" content=\"admin\" \/>\n\t<meta name=\"twitter:label2\" content=\"Tahmini okuma s\u00fcresi\" \/>\n\t<meta name=\"twitter:data2\" content=\"1 dakika\" \/>\n<script type=\"application\/ld+json\" class=\"yoast-schema-graph\">{\"@context\":\"https:\\\/\\\/schema.org\",\"@graph\":[{\"@type\":\"Article\",\"@id\":\"https:\\\/\\\/kibrisdakik.com\\\/?p=106885#article\",\"isPartOf\":{\"@id\":\"https:\\\/\\\/kibrisdakik.com\\\/?p=106885\"},\"author\":{\"name\":\"admin\",\"@id\":\"https:\\\/\\\/kibrisdakik.com\\\/#\\\/schema\\\/person\\\/9cd9d437bbb44f72b73ba127e06d8e79\"},\"headline\":\"ZA\u0130MA\u011eAO\u011eLU, TDT KARDE\u015e T\u00dcRK D\u0130ASPORALARI ATLASI KOM\u0130SYONU\u2019NA ATANDI\",\"datePublished\":\"2026-02-23T12:49:04+00:00\",\"mainEntityOfPage\":{\"@id\":\"https:\\\/\\\/kibrisdakik.com\\\/?p=106885\"},\"wordCount\":181,\"commentCount\":0,\"image\":{\"@id\":\"https:\\\/\\\/kibrisdakik.com\\\/?p=106885#primaryimage\"},\"thumbnailUrl\":\"https:\\\/\\\/kibrisdakik.com\\\/wp-content\\\/uploads\\\/2026\\\/02\\\/mha-sari-beyaz-3409.png\",\"articleSection\":[\"K\u0131br\u0131s\"],\"inLanguage\":\"tr\",\"potentialAction\":[{\"@type\":\"CommentAction\",\"name\":\"Comment\",\"target\":[\"https:\\\/\\\/kibrisdakik.com\\\/?p=106885#respond\"]}]},{\"@type\":\"WebPage\",\"@id\":\"https:\\\/\\\/kibrisdakik.com\\\/?p=106885\",\"url\":\"https:\\\/\\\/kibrisdakik.com\\\/?p=106885\",\"name\":\"ZA\u0130MA\u011eAO\u011eLU, TDT KARDE\u015e T\u00dcRK D\u0130ASPORALARI ATLASI KOM\u0130SYONU\u2019NA ATANDI -\",\"isPartOf\":{\"@id\":\"https:\\\/\\\/kibrisdakik.com\\\/#website\"},\"primaryImageOfPage\":{\"@id\":\"https:\\\/\\\/kibrisdakik.com\\\/?p=106885#primaryimage\"},\"image\":{\"@id\":\"https:\\\/\\\/kibrisdakik.com\\\/?p=106885#primaryimage\"},\"thumbnailUrl\":\"https:\\\/\\\/kibrisdakik.com\\\/wp-content\\\/uploads\\\/2026\\\/02\\\/mha-sari-beyaz-3409.png\",\"datePublished\":\"2026-02-23T12:49:04+00:00\",\"author\":{\"@id\":\"https:\\\/\\\/kibrisdakik.com\\\/#\\\/schema\\\/person\\\/9cd9d437bbb44f72b73ba127e06d8e79\"},\"breadcrumb\":{\"@id\":\"https:\\\/\\\/kibrisdakik.com\\\/?p=106885#breadcrumb\"},\"inLanguage\":\"tr\",\"potentialAction\":[{\"@type\":\"ReadAction\",\"target\":[\"https:\\\/\\\/kibrisdakik.com\\\/?p=106885\"]}]},{\"@type\":\"ImageObject\",\"inLanguage\":\"tr\",\"@id\":\"https:\\\/\\\/kibrisdakik.com\\\/?p=106885#primaryimage\",\"url\":\"https:\\\/\\\/kibrisdakik.com\\\/wp-content\\\/uploads\\\/2026\\\/02\\\/mha-sari-beyaz-3409.png\",\"contentUrl\":\"https:\\\/\\\/kibrisdakik.com\\\/wp-content\\\/uploads\\\/2026\\\/02\\\/mha-sari-beyaz-3409.png\",\"width\":1280,\"height\":720},{\"@type\":\"BreadcrumbList\",\"@id\":\"https:\\\/\\\/kibrisdakik.com\\\/?p=106885#breadcrumb\",\"itemListElement\":[{\"@type\":\"ListItem\",\"position\":1,\"name\":\"Home\",\"item\":\"https:\\\/\\\/kibrisdakik.com\\\/\"},{\"@type\":\"ListItem\",\"position\":2,\"name\":\"ZA\u0130MA\u011eAO\u011eLU, TDT KARDE\u015e T\u00dcRK D\u0130ASPORALARI ATLASI KOM\u0130SYONU\u2019NA ATANDI\"}]},{\"@type\":\"WebSite\",\"@id\":\"https:\\\/\\\/kibrisdakik.com\\\/#website\",\"url\":\"https:\\\/\\\/kibrisdakik.com\\\/\",\"name\":\"\",\"description\":\"Tam vaktinde haber\",\"potentialAction\":[{\"@type\":\"SearchAction\",\"target\":{\"@type\":\"EntryPoint\",\"urlTemplate\":\"https:\\\/\\\/kibrisdakik.com\\\/?s={search_term_string}\"},\"query-input\":{\"@type\":\"PropertyValueSpecification\",\"valueRequired\":true,\"valueName\":\"search_term_string\"}}],\"inLanguage\":\"tr\"},{\"@type\":\"Person\",\"@id\":\"https:\\\/\\\/kibrisdakik.com\\\/#\\\/schema\\\/person\\\/9cd9d437bbb44f72b73ba127e06d8e79\",\"name\":\"admin\",\"image\":{\"@type\":\"ImageObject\",\"inLanguage\":\"tr\",\"@id\":\"https:\\\/\\\/secure.gravatar.com\\\/avatar\\\/ccc17943b9d660506c869530f897617f7cb1c21a4bf30023f252596d83e1f007?s=96&d=mm&r=g\",\"url\":\"https:\\\/\\\/secure.gravatar.com\\\/avatar\\\/ccc17943b9d660506c869530f897617f7cb1c21a4bf30023f252596d83e1f007?s=96&d=mm&r=g\",\"contentUrl\":\"https:\\\/\\\/secure.gravatar.com\\\/avatar\\\/ccc17943b9d660506c869530f897617f7cb1c21a4bf30023f252596d83e1f007?s=96&d=mm&r=g\",\"caption\":\"admin\"},\"sameAs\":[\"https:\\\/\\\/kibrisdakik.com\"],\"url\":\"https:\\\/\\\/kibrisdakik.com\\\/?author=1\"}]}<\/script>\n<!-- \/ Yoast SEO plugin. -->","yoast_head_json":{"title":"ZA\u0130MA\u011eAO\u011eLU, TDT KARDE\u015e T\u00dcRK D\u0130ASPORALARI ATLASI KOM\u0130SYONU\u2019NA ATANDI -","robots":{"index":"index","follow":"follow","max-snippet":"max-snippet:-1","max-image-preview":"max-image-preview:large","max-video-preview":"max-video-preview:-1"},"canonical":"https:\/\/kibrisdakik.com\/?p=106885","og_locale":"tr_TR","og_type":"article","og_title":"ZA\u0130MA\u011eAO\u011eLU, TDT KARDE\u015e T\u00dcRK D\u0130ASPORALARI ATLASI KOM\u0130SYONU\u2019NA ATANDI -","og_description":"Ba\u015fbakan Yard\u0131mc\u0131l\u0131\u011f\u0131 Turizm K\u00fclt\u00fcr Gen\u00e7lik ve \u00c7evre Bakanl\u0131\u011f\u0131\u2019na ba\u011fl\u0131 K\u00fclt\u00fcr Dairesi M\u00fcd\u00fcr\u00fc \u015eair \u015eirin Zafery\u0131ld\u0131z\u0131 Zaima\u011fao\u011flu, T\u00fcrk Devletleri Te\u015fkilat\u0131 (TDT) Karde\u015f T\u00fcrk Diasporalar\u0131 Atlas\u0131 Komisyonu\u2019na atand\u0131. K\u00fclt\u00fcr Dairesi\u2019nden yap\u0131lan a\u00e7\u0131klamaya g\u00f6re, Budape\u015fte\u2019de 2 Aral\u0131k tarihinde ger\u00e7ekle\u015ftirilen T\u00fcrk Devletleri Te\u015fkilat\u0131 Diaspora \u0130\u015flerinden Sorumlu Bakanlar ve Kurum Ba\u015fkanlar\u0131 7. Toplant\u0131s\u0131\u2019nda kurulmas\u0131 i\u00e7in mutab\u0131k kal\u0131nan Karde\u015f T\u00fcrk Diasporalar\u0131","og_url":"https:\/\/kibrisdakik.com\/?p=106885","article_published_time":"2026-02-23T12:49:04+00:00","og_image":[{"url":"https:\/\/mhahabercom.teimg.com\/crop\/1280x720\/mhahaber-com\/uploads\/2026\/02\/mha-sari-beyaz-3409.png","type":"","width":"","height":""}],"author":"admin","twitter_card":"summary_large_image","twitter_misc":{"Yazan:":"admin","Tahmini okuma s\u00fcresi":"1 dakika"},"schema":{"@context":"https:\/\/schema.org","@graph":[{"@type":"Article","@id":"https:\/\/kibrisdakik.com\/?p=106885#article","isPartOf":{"@id":"https:\/\/kibrisdakik.com\/?p=106885"},"author":{"name":"admin","@id":"https:\/\/kibrisdakik.com\/#\/schema\/person\/9cd9d437bbb44f72b73ba127e06d8e79"},"headline":"ZA\u0130MA\u011eAO\u011eLU, TDT KARDE\u015e T\u00dcRK D\u0130ASPORALARI ATLASI KOM\u0130SYONU\u2019NA ATANDI","datePublished":"2026-02-23T12:49:04+00:00","mainEntityOfPage":{"@id":"https:\/\/kibrisdakik.com\/?p=106885"},"wordCount":181,"commentCount":0,"image":{"@id":"https:\/\/kibrisdakik.com\/?p=106885#primaryimage"},"thumbnailUrl":"https:\/\/kibrisdakik.com\/wp-content\/uploads\/2026\/02\/mha-sari-beyaz-3409.png","articleSection":["K\u0131br\u0131s"],"inLanguage":"tr","potentialAction":[{"@type":"CommentAction","name":"Comment","target":["https:\/\/kibrisdakik.com\/?p=106885#respond"]}]},{"@type":"WebPage","@id":"https:\/\/kibrisdakik.com\/?p=106885","url":"https:\/\/kibrisdakik.com\/?p=106885","name":"ZA\u0130MA\u011eAO\u011eLU, TDT KARDE\u015e T\u00dcRK D\u0130ASPORALARI ATLASI KOM\u0130SYONU\u2019NA ATANDI -","isPartOf":{"@id":"https:\/\/kibrisdakik.com\/#website"},"primaryImageOfPage":{"@id":"https:\/\/kibrisdakik.com\/?p=106885#primaryimage"},"image":{"@id":"https:\/\/kibrisdakik.com\/?p=106885#primaryimage"},"thumbnailUrl":"https:\/\/kibrisdakik.com\/wp-content\/uploads\/2026\/02\/mha-sari-beyaz-3409.png","datePublished":"2026-02-23T12:49:04+00:00","author":{"@id":"https:\/\/kibrisdakik.com\/#\/schema\/person\/9cd9d437bbb44f72b73ba127e06d8e79"},"breadcrumb":{"@id":"https:\/\/kibrisdakik.com\/?p=106885#breadcrumb"},"inLanguage":"tr","potentialAction":[{"@type":"ReadAction","target":["https:\/\/kibrisdakik.com\/?p=106885"]}]},{"@type":"ImageObject","inLanguage":"tr","@id":"https:\/\/kibrisdakik.com\/?p=106885#primaryimage","url":"https:\/\/kibrisdakik.com\/wp-content\/uploads\/2026\/02\/mha-sari-beyaz-3409.png","contentUrl":"https:\/\/kibrisdakik.com\/wp-content\/uploads\/2026\/02\/mha-sari-beyaz-3409.png","width":1280,"height":720},{"@type":"BreadcrumbList","@id":"https:\/\/kibrisdakik.com\/?p=106885#breadcrumb","itemListElement":[{"@type":"ListItem","position":1,"name":"Home","item":"https:\/\/kibrisdakik.com\/"},{"@type":"ListItem","position":2,"name":"ZA\u0130MA\u011eAO\u011eLU, TDT KARDE\u015e T\u00dcRK D\u0130ASPORALARI ATLASI KOM\u0130SYONU\u2019NA ATANDI"}]},{"@type":"WebSite","@id":"https:\/\/kibrisdakik.com\/#website","url":"https:\/\/kibrisdakik.com\/","name":"","description":"Tam vaktinde haber","potentialAction":[{"@type":"SearchAction","target":{"@type":"EntryPoint","urlTemplate":"https:\/\/kibrisdakik.com\/?s={search_term_string}"},"query-input":{"@type":"PropertyValueSpecification","valueRequired":true,"valueName":"search_term_string"}}],"inLanguage":"tr"},{"@type":"Person","@id":"https:\/\/kibrisdakik.com\/#\/schema\/person\/9cd9d437bbb44f72b73ba127e06d8e79","name":"admin","image":{"@type":"ImageObject","inLanguage":"tr","@id":"https:\/\/secure.gravatar.com\/avatar\/ccc17943b9d660506c869530f897617f7cb1c21a4bf30023f252596d83e1f007?s=96&d=mm&r=g","url":"https:\/\/secure.gravatar.com\/avatar\/ccc17943b9d660506c869530f897617f7cb1c21a4bf30023f252596d83e1f007?s=96&d=mm&r=g","contentUrl":"https:\/\/secure.gravatar.com\/avatar\/ccc17943b9d660506c869530f897617f7cb1c21a4bf30023f252596d83e1f007?s=96&d=mm&r=g","caption":"admin"},"sameAs":["https:\/\/kibrisdakik.com"],"url":"https:\/\/kibrisdakik.com\/?author=1"}]}},"_links":{"self":[{"href":"https:\/\/kibrisdakik.com\/index.php?rest_route=\/wp\/v2\/posts\/106885","targetHints":{"allow":["GET"]}}],"collection":[{"href":"https:\/\/kibrisdakik.com\/index.php?rest_route=\/wp\/v2\/posts"}],"about":[{"href":"https:\/\/kibrisdakik.com\/index.php?rest_route=\/wp\/v2\/types\/post"}],"author":[{"embeddable":true,"href":"https:\/\/kibrisdakik.com\/index.php?rest_route=\/wp\/v2\/users\/1"}],"replies":[{"embeddable":true,"href":"https:\/\/kibrisdakik.com\/index.php?rest_route=%2Fwp%2Fv2%2Fcomments&post=106885"}],"version-history":[{"count":0,"href":"https:\/\/kibrisdakik.com\/index.php?rest_route=\/wp\/v2\/posts\/106885\/revisions"}],"wp:featuredmedia":[{"embeddable":true,"href":"https:\/\/kibrisdakik.com\/index.php?rest_route=\/wp\/v2\/media\/106886"}],"wp:attachment":[{"href":"https:\/\/kibrisdakik.com\/index.php?rest_route=%2Fwp%2Fv2%2Fmedia&parent=106885"}],"wp:term":[{"taxonomy":"category","embeddable":true,"href":"https:\/\/kibrisdakik.com\/index.php?rest_route=%2Fwp%2Fv2%2Fcategories&post=106885"},{"taxonomy":"post_tag","embeddable":true,"href":"https:\/\/kibrisdakik.com\/index.php?rest_route=%2Fwp%2Fv2%2Ftags&post=106885"}],"curies":[{"name":"wp","href":"https:\/\/api.w.org\/{rel}","templated":true}]}}