{"id":107024,"date":"2026-02-25T09:29:05","date_gmt":"2026-02-25T07:29:05","guid":{"rendered":"https:\/\/kibrisdakik.com\/?p=107024"},"modified":"2026-02-25T09:29:05","modified_gmt":"2026-02-25T07:29:05","slug":"balikesirde-f-16-ucagi-dustu-pilot-sehit-oldu","status":"publish","type":"post","link":"https:\/\/kibrisdakik.com\/?p=107024","title":{"rendered":"BALIKES\u0130R\u2019DE F-16 U\u00c7A\u011eI D\u00dc\u015eT\u00dc: P\u0130LOT \u015eEH\u0130T OLDU"},"content":{"rendered":"<p><\/p>\n<div data-text-id=\"196816\" property=\"articleBody\">\n<article dir=\"auto\" tabindex=\"-1\">&#13;<\/p>\n<p>Bal\u0131kesir\u2019de g\u00f6rev u\u00e7u\u015fu yapan bir F-16 sava\u015f u\u00e7a\u011f\u0131 kaza k\u0131r\u0131ma u\u011frad\u0131. Kazada pilot \u015fehit oldu. Olayla ilgili adli ve idari soru\u015fturma ba\u015flat\u0131ld\u0131.<\/p>\n<p>                                &#13;<br \/>\n&#13;<\/p>\n<p>Milli Savunma Bakanl\u0131\u011f\u0131 (MSB), Bal\u0131kesir 9\u2019uncu Ana Jet \u00dcs Komutanl\u0131\u011f\u0131\u2019ndan kalk\u0131\u015f yapan F-16 u\u00e7a\u011f\u0131 ile saat 00.56 itibar\u0131yla telsiz irtibat\u0131n\u0131n ve iz bilgisinin kesildi\u011fini a\u00e7\u0131klad\u0131. Derhal ba\u015flat\u0131lan arama kurtarma \u00e7al\u0131\u015fmalar\u0131 sonucunda u\u00e7a\u011f\u0131n kaza k\u0131r\u0131ma u\u011frad\u0131\u011f\u0131 tespit edilerek enkaza ula\u015f\u0131ld\u0131. MSB, kazan\u0131n nedeninin kaza k\u0131r\u0131m ekibinin yapaca\u011f\u0131 teknik inceleme sonucunda belirlenece\u011fini bildirdi.<\/p>\n<p>&#13;<br \/>\n&#13;<\/p>\n<p>Bal\u0131kesir Valisi \u0130smail Ustao\u011flu, u\u00e7a\u011f\u0131n g\u00f6rev u\u00e7u\u015fu s\u0131ras\u0131nda d\u00fc\u015ft\u00fc\u011f\u00fcn\u00fc belirterek, pilotun \u015fehit oldu\u011funu duyurdu. Vali Ustao\u011flu, olay yerinde incelemelerde bulundu ve yetkililerden bilgi ald\u0131.<\/p>\n<p>&#13;<br \/>\n&#13;<\/p>\n<p>Ak\u0131n G\u00fcrlek, kazaya ili\u015fkin Bal\u0131kesir Cumhuriyet Ba\u015fsavc\u0131l\u0131\u011f\u0131 taraf\u0131ndan soru\u015fturma ba\u015flat\u0131ld\u0131\u011f\u0131n\u0131 a\u00e7\u0131klad\u0131. Ba\u015fsavc\u0131 ve iki Cumhuriyet savc\u0131s\u0131n\u0131n olay yerine intikal etti\u011fi bildirildi.<\/p>\n<p>&#13;<br \/>\n&#13;<\/p>\n<p>Ya\u015far G\u00fcler, yay\u0131mlad\u0131\u011f\u0131 taziye mesaj\u0131nda \u015fehit olan Hava Pilot Binba\u015f\u0131 \u0130brahim Bolat\u2019a Allah\u2019tan rahmet, ailesine ve T\u00fcrk Silahl\u0131 Kuvvetleri\u2019ne ba\u015fsa\u011fl\u0131\u011f\u0131 diledi.<\/p>\n<p>&#13;<br \/>\n&#13;<\/p>\n<p>U\u00e7a\u011f\u0131n d\u00fc\u015ft\u00fc\u011f\u00fc Karesi il\u00e7esine ba\u011fl\u0131 Naipli mevkisinde g\u00fcvenlik \u00f6nlemleri art\u0131r\u0131l\u0131rken, \u0130zmir-\u0130stanbul Otoyolu\u2019nun ilgili b\u00f6l\u00fcm\u00fc ge\u00e7ici olarak trafi\u011fe kapat\u0131ld\u0131. Ekiplerin b\u00f6lgedeki \u00e7al\u0131\u015fmalar\u0131 s\u00fcr\u00fcyor.<\/p>\n<p>&#13;<br \/>\n<\/article>\n<\/p><\/div>\n","protected":false},"excerpt":{"rendered":"<p>&#13; Bal\u0131kesir\u2019de g\u00f6rev u\u00e7u\u015fu yapan bir F-16 sava\u015f u\u00e7a\u011f\u0131 kaza k\u0131r\u0131ma u\u011frad\u0131. Kazada pilot \u015fehit oldu. Olayla ilgili adli ve idari soru\u015fturma ba\u015flat\u0131ld\u0131. &#13; &#13; Milli Savunma Bakanl\u0131\u011f\u0131 (MSB), Bal\u0131kesir 9\u2019uncu Ana Jet \u00dcs Komutanl\u0131\u011f\u0131\u2019ndan kalk\u0131\u015f yapan F-16 u\u00e7a\u011f\u0131 ile saat 00.56 itibar\u0131yla telsiz irtibat\u0131n\u0131n ve iz bilgisinin kesildi\u011fini a\u00e7\u0131klad\u0131. Derhal ba\u015flat\u0131lan arama kurtarma \u00e7al\u0131\u015fmalar\u0131<\/p>\n","protected":false},"author":1,"featured_media":107025,"comment_status":"open","ping_status":"open","sticky":false,"template":"","format":"standard","meta":{"footnotes":""},"categories":[81],"tags":[],"class_list":["post-107024","post","type-post","status-publish","format-standard","has-post-thumbnail","hentry","category-kibris"],"yoast_head":"<!-- This site is optimized with the Yoast SEO plugin v27.5 - https:\/\/yoast.com\/product\/yoast-seo-wordpress\/ -->\n<title>BALIKES\u0130R\u2019DE F-16 U\u00c7A\u011eI D\u00dc\u015eT\u00dc: P\u0130LOT \u015eEH\u0130T OLDU -<\/title>\n<meta name=\"robots\" content=\"index, follow, max-snippet:-1, max-image-preview:large, max-video-preview:-1\" \/>\n<link rel=\"canonical\" href=\"https:\/\/kibrisdakik.com\/?p=107024\" \/>\n<meta property=\"og:locale\" content=\"tr_TR\" \/>\n<meta property=\"og:type\" content=\"article\" \/>\n<meta property=\"og:title\" content=\"BALIKES\u0130R\u2019DE F-16 U\u00c7A\u011eI D\u00dc\u015eT\u00dc: P\u0130LOT \u015eEH\u0130T OLDU -\" \/>\n<meta property=\"og:description\" content=\"&#013; Bal\u0131kesir\u2019de g\u00f6rev u\u00e7u\u015fu yapan bir F-16 sava\u015f u\u00e7a\u011f\u0131 kaza k\u0131r\u0131ma u\u011frad\u0131. Kazada pilot \u015fehit oldu. Olayla ilgili adli ve idari soru\u015fturma ba\u015flat\u0131ld\u0131. &#013; &#013; Milli Savunma Bakanl\u0131\u011f\u0131 (MSB), Bal\u0131kesir 9\u2019uncu Ana Jet \u00dcs Komutanl\u0131\u011f\u0131\u2019ndan kalk\u0131\u015f yapan F-16 u\u00e7a\u011f\u0131 ile saat 00.56 itibar\u0131yla telsiz irtibat\u0131n\u0131n ve iz bilgisinin kesildi\u011fini a\u00e7\u0131klad\u0131. Derhal ba\u015flat\u0131lan arama kurtarma \u00e7al\u0131\u015fmalar\u0131\" \/>\n<meta property=\"og:url\" content=\"https:\/\/kibrisdakik.com\/?p=107024\" \/>\n<meta property=\"article:published_time\" content=\"2026-02-25T07:29:05+00:00\" \/>\n<meta property=\"og:image\" content=\"https:\/\/mhahabercom.teimg.com\/crop\/1280x720\/mhahaber-com\/uploads\/2026\/02\/mha-sari-beyaz-3458.png\" \/>\n<meta name=\"author\" content=\"admin\" \/>\n<meta name=\"twitter:card\" content=\"summary_large_image\" \/>\n<meta name=\"twitter:label1\" content=\"Yazan:\" \/>\n\t<meta name=\"twitter:data1\" content=\"admin\" \/>\n\t<meta name=\"twitter:label2\" content=\"Tahmini okuma s\u00fcresi\" \/>\n\t<meta name=\"twitter:data2\" content=\"1 dakika\" \/>\n<script type=\"application\/ld+json\" class=\"yoast-schema-graph\">{\"@context\":\"https:\\\/\\\/schema.org\",\"@graph\":[{\"@type\":\"Article\",\"@id\":\"https:\\\/\\\/kibrisdakik.com\\\/?p=107024#article\",\"isPartOf\":{\"@id\":\"https:\\\/\\\/kibrisdakik.com\\\/?p=107024\"},\"author\":{\"name\":\"admin\",\"@id\":\"https:\\\/\\\/kibrisdakik.com\\\/#\\\/schema\\\/person\\\/9cd9d437bbb44f72b73ba127e06d8e79\"},\"headline\":\"BALIKES\u0130R\u2019DE F-16 U\u00c7A\u011eI D\u00dc\u015eT\u00dc: P\u0130LOT \u015eEH\u0130T OLDU\",\"datePublished\":\"2026-02-25T07:29:05+00:00\",\"mainEntityOfPage\":{\"@id\":\"https:\\\/\\\/kibrisdakik.com\\\/?p=107024\"},\"wordCount\":267,\"commentCount\":0,\"image\":{\"@id\":\"https:\\\/\\\/kibrisdakik.com\\\/?p=107024#primaryimage\"},\"thumbnailUrl\":\"https:\\\/\\\/kibrisdakik.com\\\/wp-content\\\/uploads\\\/2026\\\/02\\\/mha-sari-beyaz-3458.png\",\"articleSection\":[\"K\u0131br\u0131s\"],\"inLanguage\":\"tr\",\"potentialAction\":[{\"@type\":\"CommentAction\",\"name\":\"Comment\",\"target\":[\"https:\\\/\\\/kibrisdakik.com\\\/?p=107024#respond\"]}]},{\"@type\":\"WebPage\",\"@id\":\"https:\\\/\\\/kibrisdakik.com\\\/?p=107024\",\"url\":\"https:\\\/\\\/kibrisdakik.com\\\/?p=107024\",\"name\":\"BALIKES\u0130R\u2019DE F-16 U\u00c7A\u011eI D\u00dc\u015eT\u00dc: P\u0130LOT \u015eEH\u0130T OLDU -\",\"isPartOf\":{\"@id\":\"https:\\\/\\\/kibrisdakik.com\\\/#website\"},\"primaryImageOfPage\":{\"@id\":\"https:\\\/\\\/kibrisdakik.com\\\/?p=107024#primaryimage\"},\"image\":{\"@id\":\"https:\\\/\\\/kibrisdakik.com\\\/?p=107024#primaryimage\"},\"thumbnailUrl\":\"https:\\\/\\\/kibrisdakik.com\\\/wp-content\\\/uploads\\\/2026\\\/02\\\/mha-sari-beyaz-3458.png\",\"datePublished\":\"2026-02-25T07:29:05+00:00\",\"author\":{\"@id\":\"https:\\\/\\\/kibrisdakik.com\\\/#\\\/schema\\\/person\\\/9cd9d437bbb44f72b73ba127e06d8e79\"},\"breadcrumb\":{\"@id\":\"https:\\\/\\\/kibrisdakik.com\\\/?p=107024#breadcrumb\"},\"inLanguage\":\"tr\",\"potentialAction\":[{\"@type\":\"ReadAction\",\"target\":[\"https:\\\/\\\/kibrisdakik.com\\\/?p=107024\"]}]},{\"@type\":\"ImageObject\",\"inLanguage\":\"tr\",\"@id\":\"https:\\\/\\\/kibrisdakik.com\\\/?p=107024#primaryimage\",\"url\":\"https:\\\/\\\/kibrisdakik.com\\\/wp-content\\\/uploads\\\/2026\\\/02\\\/mha-sari-beyaz-3458.png\",\"contentUrl\":\"https:\\\/\\\/kibrisdakik.com\\\/wp-content\\\/uploads\\\/2026\\\/02\\\/mha-sari-beyaz-3458.png\",\"width\":1280,\"height\":720},{\"@type\":\"BreadcrumbList\",\"@id\":\"https:\\\/\\\/kibrisdakik.com\\\/?p=107024#breadcrumb\",\"itemListElement\":[{\"@type\":\"ListItem\",\"position\":1,\"name\":\"Home\",\"item\":\"https:\\\/\\\/kibrisdakik.com\\\/\"},{\"@type\":\"ListItem\",\"position\":2,\"name\":\"BALIKES\u0130R\u2019DE F-16 U\u00c7A\u011eI D\u00dc\u015eT\u00dc: P\u0130LOT \u015eEH\u0130T OLDU\"}]},{\"@type\":\"WebSite\",\"@id\":\"https:\\\/\\\/kibrisdakik.com\\\/#website\",\"url\":\"https:\\\/\\\/kibrisdakik.com\\\/\",\"name\":\"\",\"description\":\"Tam vaktinde haber\",\"potentialAction\":[{\"@type\":\"SearchAction\",\"target\":{\"@type\":\"EntryPoint\",\"urlTemplate\":\"https:\\\/\\\/kibrisdakik.com\\\/?s={search_term_string}\"},\"query-input\":{\"@type\":\"PropertyValueSpecification\",\"valueRequired\":true,\"valueName\":\"search_term_string\"}}],\"inLanguage\":\"tr\"},{\"@type\":\"Person\",\"@id\":\"https:\\\/\\\/kibrisdakik.com\\\/#\\\/schema\\\/person\\\/9cd9d437bbb44f72b73ba127e06d8e79\",\"name\":\"admin\",\"image\":{\"@type\":\"ImageObject\",\"inLanguage\":\"tr\",\"@id\":\"https:\\\/\\\/secure.gravatar.com\\\/avatar\\\/ccc17943b9d660506c869530f897617f7cb1c21a4bf30023f252596d83e1f007?s=96&d=mm&r=g\",\"url\":\"https:\\\/\\\/secure.gravatar.com\\\/avatar\\\/ccc17943b9d660506c869530f897617f7cb1c21a4bf30023f252596d83e1f007?s=96&d=mm&r=g\",\"contentUrl\":\"https:\\\/\\\/secure.gravatar.com\\\/avatar\\\/ccc17943b9d660506c869530f897617f7cb1c21a4bf30023f252596d83e1f007?s=96&d=mm&r=g\",\"caption\":\"admin\"},\"sameAs\":[\"https:\\\/\\\/kibrisdakik.com\"],\"url\":\"https:\\\/\\\/kibrisdakik.com\\\/?author=1\"}]}<\/script>\n<!-- \/ Yoast SEO plugin. -->","yoast_head_json":{"title":"BALIKES\u0130R\u2019DE F-16 U\u00c7A\u011eI D\u00dc\u015eT\u00dc: P\u0130LOT \u015eEH\u0130T OLDU -","robots":{"index":"index","follow":"follow","max-snippet":"max-snippet:-1","max-image-preview":"max-image-preview:large","max-video-preview":"max-video-preview:-1"},"canonical":"https:\/\/kibrisdakik.com\/?p=107024","og_locale":"tr_TR","og_type":"article","og_title":"BALIKES\u0130R\u2019DE F-16 U\u00c7A\u011eI D\u00dc\u015eT\u00dc: P\u0130LOT \u015eEH\u0130T OLDU -","og_description":"&#13; Bal\u0131kesir\u2019de g\u00f6rev u\u00e7u\u015fu yapan bir F-16 sava\u015f u\u00e7a\u011f\u0131 kaza k\u0131r\u0131ma u\u011frad\u0131. Kazada pilot \u015fehit oldu. Olayla ilgili adli ve idari soru\u015fturma ba\u015flat\u0131ld\u0131. &#13; &#13; Milli Savunma Bakanl\u0131\u011f\u0131 (MSB), Bal\u0131kesir 9\u2019uncu Ana Jet \u00dcs Komutanl\u0131\u011f\u0131\u2019ndan kalk\u0131\u015f yapan F-16 u\u00e7a\u011f\u0131 ile saat 00.56 itibar\u0131yla telsiz irtibat\u0131n\u0131n ve iz bilgisinin kesildi\u011fini a\u00e7\u0131klad\u0131. Derhal ba\u015flat\u0131lan arama kurtarma \u00e7al\u0131\u015fmalar\u0131","og_url":"https:\/\/kibrisdakik.com\/?p=107024","article_published_time":"2026-02-25T07:29:05+00:00","og_image":[{"url":"https:\/\/mhahabercom.teimg.com\/crop\/1280x720\/mhahaber-com\/uploads\/2026\/02\/mha-sari-beyaz-3458.png","type":"","width":"","height":""}],"author":"admin","twitter_card":"summary_large_image","twitter_misc":{"Yazan:":"admin","Tahmini okuma s\u00fcresi":"1 dakika"},"schema":{"@context":"https:\/\/schema.org","@graph":[{"@type":"Article","@id":"https:\/\/kibrisdakik.com\/?p=107024#article","isPartOf":{"@id":"https:\/\/kibrisdakik.com\/?p=107024"},"author":{"name":"admin","@id":"https:\/\/kibrisdakik.com\/#\/schema\/person\/9cd9d437bbb44f72b73ba127e06d8e79"},"headline":"BALIKES\u0130R\u2019DE F-16 U\u00c7A\u011eI D\u00dc\u015eT\u00dc: P\u0130LOT \u015eEH\u0130T OLDU","datePublished":"2026-02-25T07:29:05+00:00","mainEntityOfPage":{"@id":"https:\/\/kibrisdakik.com\/?p=107024"},"wordCount":267,"commentCount":0,"image":{"@id":"https:\/\/kibrisdakik.com\/?p=107024#primaryimage"},"thumbnailUrl":"https:\/\/kibrisdakik.com\/wp-content\/uploads\/2026\/02\/mha-sari-beyaz-3458.png","articleSection":["K\u0131br\u0131s"],"inLanguage":"tr","potentialAction":[{"@type":"CommentAction","name":"Comment","target":["https:\/\/kibrisdakik.com\/?p=107024#respond"]}]},{"@type":"WebPage","@id":"https:\/\/kibrisdakik.com\/?p=107024","url":"https:\/\/kibrisdakik.com\/?p=107024","name":"BALIKES\u0130R\u2019DE F-16 U\u00c7A\u011eI D\u00dc\u015eT\u00dc: P\u0130LOT \u015eEH\u0130T OLDU -","isPartOf":{"@id":"https:\/\/kibrisdakik.com\/#website"},"primaryImageOfPage":{"@id":"https:\/\/kibrisdakik.com\/?p=107024#primaryimage"},"image":{"@id":"https:\/\/kibrisdakik.com\/?p=107024#primaryimage"},"thumbnailUrl":"https:\/\/kibrisdakik.com\/wp-content\/uploads\/2026\/02\/mha-sari-beyaz-3458.png","datePublished":"2026-02-25T07:29:05+00:00","author":{"@id":"https:\/\/kibrisdakik.com\/#\/schema\/person\/9cd9d437bbb44f72b73ba127e06d8e79"},"breadcrumb":{"@id":"https:\/\/kibrisdakik.com\/?p=107024#breadcrumb"},"inLanguage":"tr","potentialAction":[{"@type":"ReadAction","target":["https:\/\/kibrisdakik.com\/?p=107024"]}]},{"@type":"ImageObject","inLanguage":"tr","@id":"https:\/\/kibrisdakik.com\/?p=107024#primaryimage","url":"https:\/\/kibrisdakik.com\/wp-content\/uploads\/2026\/02\/mha-sari-beyaz-3458.png","contentUrl":"https:\/\/kibrisdakik.com\/wp-content\/uploads\/2026\/02\/mha-sari-beyaz-3458.png","width":1280,"height":720},{"@type":"BreadcrumbList","@id":"https:\/\/kibrisdakik.com\/?p=107024#breadcrumb","itemListElement":[{"@type":"ListItem","position":1,"name":"Home","item":"https:\/\/kibrisdakik.com\/"},{"@type":"ListItem","position":2,"name":"BALIKES\u0130R\u2019DE F-16 U\u00c7A\u011eI D\u00dc\u015eT\u00dc: P\u0130LOT \u015eEH\u0130T OLDU"}]},{"@type":"WebSite","@id":"https:\/\/kibrisdakik.com\/#website","url":"https:\/\/kibrisdakik.com\/","name":"","description":"Tam vaktinde haber","potentialAction":[{"@type":"SearchAction","target":{"@type":"EntryPoint","urlTemplate":"https:\/\/kibrisdakik.com\/?s={search_term_string}"},"query-input":{"@type":"PropertyValueSpecification","valueRequired":true,"valueName":"search_term_string"}}],"inLanguage":"tr"},{"@type":"Person","@id":"https:\/\/kibrisdakik.com\/#\/schema\/person\/9cd9d437bbb44f72b73ba127e06d8e79","name":"admin","image":{"@type":"ImageObject","inLanguage":"tr","@id":"https:\/\/secure.gravatar.com\/avatar\/ccc17943b9d660506c869530f897617f7cb1c21a4bf30023f252596d83e1f007?s=96&d=mm&r=g","url":"https:\/\/secure.gravatar.com\/avatar\/ccc17943b9d660506c869530f897617f7cb1c21a4bf30023f252596d83e1f007?s=96&d=mm&r=g","contentUrl":"https:\/\/secure.gravatar.com\/avatar\/ccc17943b9d660506c869530f897617f7cb1c21a4bf30023f252596d83e1f007?s=96&d=mm&r=g","caption":"admin"},"sameAs":["https:\/\/kibrisdakik.com"],"url":"https:\/\/kibrisdakik.com\/?author=1"}]}},"_links":{"self":[{"href":"https:\/\/kibrisdakik.com\/index.php?rest_route=\/wp\/v2\/posts\/107024","targetHints":{"allow":["GET"]}}],"collection":[{"href":"https:\/\/kibrisdakik.com\/index.php?rest_route=\/wp\/v2\/posts"}],"about":[{"href":"https:\/\/kibrisdakik.com\/index.php?rest_route=\/wp\/v2\/types\/post"}],"author":[{"embeddable":true,"href":"https:\/\/kibrisdakik.com\/index.php?rest_route=\/wp\/v2\/users\/1"}],"replies":[{"embeddable":true,"href":"https:\/\/kibrisdakik.com\/index.php?rest_route=%2Fwp%2Fv2%2Fcomments&post=107024"}],"version-history":[{"count":0,"href":"https:\/\/kibrisdakik.com\/index.php?rest_route=\/wp\/v2\/posts\/107024\/revisions"}],"wp:featuredmedia":[{"embeddable":true,"href":"https:\/\/kibrisdakik.com\/index.php?rest_route=\/wp\/v2\/media\/107025"}],"wp:attachment":[{"href":"https:\/\/kibrisdakik.com\/index.php?rest_route=%2Fwp%2Fv2%2Fmedia&parent=107024"}],"wp:term":[{"taxonomy":"category","embeddable":true,"href":"https:\/\/kibrisdakik.com\/index.php?rest_route=%2Fwp%2Fv2%2Fcategories&post=107024"},{"taxonomy":"post_tag","embeddable":true,"href":"https:\/\/kibrisdakik.com\/index.php?rest_route=%2Fwp%2Fv2%2Ftags&post=107024"}],"curies":[{"name":"wp","href":"https:\/\/api.w.org\/{rel}","templated":true}]}}