{"id":10707,"date":"2023-07-19T11:19:26","date_gmt":"2023-07-19T11:19:26","guid":{"rendered":"https:\/\/kibrisdakik.com\/index.php\/2023\/07\/19\/plajda-sampiyon-melekler-sezonu-2\/"},"modified":"2023-07-19T11:19:26","modified_gmt":"2023-07-19T11:19:26","slug":"plajda-sampiyon-melekler-sezonu-2","status":"publish","type":"post","link":"https:\/\/kibrisdakik.com\/?p=10707","title":{"rendered":"Plajda \u015eampiyon Melekler Sezonu"},"content":{"rendered":"<p> <br \/>\n<\/p>\n<div>\n<div class=\"mariselle-image-container none\">\n                <img width=\"2048\" height=\"1536\" class=\"lazy-image\" alt=\"\" decoding=\"async\" loading=\"lazy\" sizes=\"auto, (max-width: 2048px) 100vw, 2048px\" src=\"https:\/\/brtk.net\/wp-content\/uploads\/2023\/07\/19\/PLAJ-VOL.jpg?ver=716ed86cc1f8ed7b61c39d369585763d\" srcset=\"https:\/\/brtk.net\/wp-content\/uploads\/2023\/07\/19\/PLAJ-VOL.jpg?ver=716ed86cc1f8ed7b61c39d369585763d 2048w, https:\/\/brtk.net\/wp-content\/uploads\/2023\/07\/19\/PLAJ-VOL-300x225.jpg?ver=ed1a2f5f8d55f54ad415b92704cbdb19 300w, https:\/\/brtk.net\/wp-content\/uploads\/2023\/07\/19\/PLAJ-VOL-1024x768.jpg?ver=ed1a2f5f8d55f54ad415b92704cbdb19 1024w, https:\/\/brtk.net\/wp-content\/uploads\/2023\/07\/19\/PLAJ-VOL-768x576.jpg?ver=ed1a2f5f8d55f54ad415b92704cbdb19 768w, https:\/\/brtk.net\/wp-content\/uploads\/2023\/07\/19\/PLAJ-VOL-1536x1152.jpg?ver=601a6f1b93fe1e69777346f5d2854cd5 1536w\"\/>                            <\/div>\n<p>\u015eampiyon Melekler Plaj Voleybol Sezonunda \u201cOsman \u00c7etinta\u015f B\u00fcy\u00fckler Ligi\u201dnde grup m\u00fcsabakalar\u0131, Y\u0131ld\u0131z K\u0131zlar\u2019da son 16, Y\u0131ld\u0131z Erkekler\u2019de ise \u00e7eyrek finaller bu ak\u015fam oynanacak.<\/p>\n<p>Beach Volley Arena\u2019n\u0131n ev sahipli\u011fi yapt\u0131\u011f\u0131 organizasyonda m\u00fcsabakalar saat 18.00\u2019den itibaren y\u0131ld\u0131zlar \u00e7eyrek final kar\u015f\u0131la\u015fmalar\u0131 ile ba\u015flayacak.<\/p>\n<p>Klasman\u0131n belli olaca\u011f\u0131 \u201cOsman \u00c7etinta\u015f B\u00fcy\u00fckler Ligi\u201dnde ise ma\u00e7lar saat 20.00\u2019den itibaren oynanacak.<\/p>\n<p>Liglerin yar\u0131 finalleri 24, finaller 26 Temmuz \u00c7ar\u015famba yap\u0131lacak.<\/p>\n<p>\u00a0<\/p>\n<\/p><\/div>\n<p><script async\n                    defer\n                    crossorigin=\"anonymous\"\n                    src=\"https:\/\/connect.facebook.net\/tr_TR\/sdk.js#xfbml=1&#038;version=v3.3\"\n            ><\/script><br \/>\n<br \/><br \/>\n<br \/><a href=\"https:\/\/brtk.net\/plajda-sampiyon-melekler-sezonu-2\/\"> <\/a><\/p>\n","protected":false},"excerpt":{"rendered":"<p>\u015eampiyon Melekler Plaj Voleybol Sezonunda \u201cOsman \u00c7etinta\u015f B\u00fcy\u00fckler Ligi\u201dnde grup m\u00fcsabakalar\u0131, Y\u0131ld\u0131z K\u0131zlar\u2019da son 16, Y\u0131ld\u0131z Erkekler\u2019de ise \u00e7eyrek finaller bu ak\u015fam oynanacak. Beach Volley Arena\u2019n\u0131n ev sahipli\u011fi yapt\u0131\u011f\u0131 organizasyonda m\u00fcsabakalar saat 18.00\u2019den itibaren y\u0131ld\u0131zlar \u00e7eyrek final kar\u015f\u0131la\u015fmalar\u0131 ile ba\u015flayacak. Klasman\u0131n belli olaca\u011f\u0131 \u201cOsman \u00c7etinta\u015f B\u00fcy\u00fckler Ligi\u201dnde ise ma\u00e7lar saat 20.00\u2019den itibaren oynanacak. Liglerin yar\u0131<\/p>\n","protected":false},"author":1,"featured_media":10708,"comment_status":"open","ping_status":"open","sticky":false,"template":"","format":"standard","meta":{"footnotes":""},"categories":[85],"tags":[],"class_list":["post-10707","post","type-post","status-publish","format-standard","has-post-thumbnail","hentry","category-spor"],"yoast_head":"<!-- This site is optimized with the Yoast SEO plugin v27.5 - https:\/\/yoast.com\/product\/yoast-seo-wordpress\/ -->\n<title>Plajda \u015eampiyon Melekler Sezonu -<\/title>\n<meta name=\"robots\" content=\"index, follow, max-snippet:-1, max-image-preview:large, max-video-preview:-1\" \/>\n<link rel=\"canonical\" href=\"https:\/\/kibrisdakik.com\/?p=10707\" \/>\n<meta property=\"og:locale\" content=\"tr_TR\" \/>\n<meta property=\"og:type\" content=\"article\" \/>\n<meta property=\"og:title\" content=\"Plajda \u015eampiyon Melekler Sezonu -\" \/>\n<meta property=\"og:description\" content=\"\u015eampiyon Melekler Plaj Voleybol Sezonunda \u201cOsman \u00c7etinta\u015f B\u00fcy\u00fckler Ligi\u201dnde grup m\u00fcsabakalar\u0131, Y\u0131ld\u0131z K\u0131zlar\u2019da son 16, Y\u0131ld\u0131z Erkekler\u2019de ise \u00e7eyrek finaller bu ak\u015fam oynanacak. Beach Volley Arena\u2019n\u0131n ev sahipli\u011fi yapt\u0131\u011f\u0131 organizasyonda m\u00fcsabakalar saat 18.00\u2019den itibaren y\u0131ld\u0131zlar \u00e7eyrek final kar\u015f\u0131la\u015fmalar\u0131 ile ba\u015flayacak. Klasman\u0131n belli olaca\u011f\u0131 \u201cOsman \u00c7etinta\u015f B\u00fcy\u00fckler Ligi\u201dnde ise ma\u00e7lar saat 20.00\u2019den itibaren oynanacak. Liglerin yar\u0131\" \/>\n<meta property=\"og:url\" content=\"https:\/\/kibrisdakik.com\/?p=10707\" \/>\n<meta property=\"article:published_time\" content=\"2023-07-19T11:19:26+00:00\" \/>\n<meta property=\"og:image\" content=\"https:\/\/kibrisdakik.com\/wp-content\/uploads\/2023\/07\/PLAJ-VOL-740x420.jpg\" \/>\n\t<meta property=\"og:image:width\" content=\"2048\" \/>\n\t<meta property=\"og:image:height\" content=\"1536\" \/>\n\t<meta property=\"og:image:type\" content=\"image\/jpeg\" \/>\n<meta name=\"author\" content=\"admin\" \/>\n<meta name=\"twitter:card\" content=\"summary_large_image\" \/>\n<meta name=\"twitter:label1\" content=\"Yazan:\" \/>\n\t<meta name=\"twitter:data1\" content=\"admin\" \/>\n<script type=\"application\/ld+json\" class=\"yoast-schema-graph\">{\"@context\":\"https:\\\/\\\/schema.org\",\"@graph\":[{\"@type\":\"Article\",\"@id\":\"https:\\\/\\\/kibrisdakik.com\\\/?p=10707#article\",\"isPartOf\":{\"@id\":\"https:\\\/\\\/kibrisdakik.com\\\/?p=10707\"},\"author\":{\"name\":\"admin\",\"@id\":\"https:\\\/\\\/kibrisdakik.com\\\/#\\\/schema\\\/person\\\/9cd9d437bbb44f72b73ba127e06d8e79\"},\"headline\":\"Plajda \u015eampiyon Melekler Sezonu\",\"datePublished\":\"2023-07-19T11:19:26+00:00\",\"mainEntityOfPage\":{\"@id\":\"https:\\\/\\\/kibrisdakik.com\\\/?p=10707\"},\"wordCount\":93,\"commentCount\":0,\"image\":{\"@id\":\"https:\\\/\\\/kibrisdakik.com\\\/?p=10707#primaryimage\"},\"thumbnailUrl\":\"https:\\\/\\\/kibrisdakik.com\\\/wp-content\\\/uploads\\\/2023\\\/07\\\/PLAJ-VOL-740x420.jpg\",\"articleSection\":[\"Spor\"],\"inLanguage\":\"tr\",\"potentialAction\":[{\"@type\":\"CommentAction\",\"name\":\"Comment\",\"target\":[\"https:\\\/\\\/kibrisdakik.com\\\/?p=10707#respond\"]}]},{\"@type\":\"WebPage\",\"@id\":\"https:\\\/\\\/kibrisdakik.com\\\/?p=10707\",\"url\":\"https:\\\/\\\/kibrisdakik.com\\\/?p=10707\",\"name\":\"Plajda \u015eampiyon Melekler Sezonu -\",\"isPartOf\":{\"@id\":\"https:\\\/\\\/kibrisdakik.com\\\/#website\"},\"primaryImageOfPage\":{\"@id\":\"https:\\\/\\\/kibrisdakik.com\\\/?p=10707#primaryimage\"},\"image\":{\"@id\":\"https:\\\/\\\/kibrisdakik.com\\\/?p=10707#primaryimage\"},\"thumbnailUrl\":\"https:\\\/\\\/kibrisdakik.com\\\/wp-content\\\/uploads\\\/2023\\\/07\\\/PLAJ-VOL-740x420.jpg\",\"datePublished\":\"2023-07-19T11:19:26+00:00\",\"author\":{\"@id\":\"https:\\\/\\\/kibrisdakik.com\\\/#\\\/schema\\\/person\\\/9cd9d437bbb44f72b73ba127e06d8e79\"},\"breadcrumb\":{\"@id\":\"https:\\\/\\\/kibrisdakik.com\\\/?p=10707#breadcrumb\"},\"inLanguage\":\"tr\",\"potentialAction\":[{\"@type\":\"ReadAction\",\"target\":[\"https:\\\/\\\/kibrisdakik.com\\\/?p=10707\"]}]},{\"@type\":\"ImageObject\",\"inLanguage\":\"tr\",\"@id\":\"https:\\\/\\\/kibrisdakik.com\\\/?p=10707#primaryimage\",\"url\":\"https:\\\/\\\/kibrisdakik.com\\\/wp-content\\\/uploads\\\/2023\\\/07\\\/PLAJ-VOL-740x420.jpg\",\"contentUrl\":\"https:\\\/\\\/kibrisdakik.com\\\/wp-content\\\/uploads\\\/2023\\\/07\\\/PLAJ-VOL-740x420.jpg\",\"width\":2048,\"height\":1536},{\"@type\":\"BreadcrumbList\",\"@id\":\"https:\\\/\\\/kibrisdakik.com\\\/?p=10707#breadcrumb\",\"itemListElement\":[{\"@type\":\"ListItem\",\"position\":1,\"name\":\"Home\",\"item\":\"https:\\\/\\\/kibrisdakik.com\\\/\"},{\"@type\":\"ListItem\",\"position\":2,\"name\":\"Plajda \u015eampiyon Melekler Sezonu\"}]},{\"@type\":\"WebSite\",\"@id\":\"https:\\\/\\\/kibrisdakik.com\\\/#website\",\"url\":\"https:\\\/\\\/kibrisdakik.com\\\/\",\"name\":\"\",\"description\":\"Tam vaktinde haber\",\"potentialAction\":[{\"@type\":\"SearchAction\",\"target\":{\"@type\":\"EntryPoint\",\"urlTemplate\":\"https:\\\/\\\/kibrisdakik.com\\\/?s={search_term_string}\"},\"query-input\":{\"@type\":\"PropertyValueSpecification\",\"valueRequired\":true,\"valueName\":\"search_term_string\"}}],\"inLanguage\":\"tr\"},{\"@type\":\"Person\",\"@id\":\"https:\\\/\\\/kibrisdakik.com\\\/#\\\/schema\\\/person\\\/9cd9d437bbb44f72b73ba127e06d8e79\",\"name\":\"admin\",\"image\":{\"@type\":\"ImageObject\",\"inLanguage\":\"tr\",\"@id\":\"https:\\\/\\\/secure.gravatar.com\\\/avatar\\\/ccc17943b9d660506c869530f897617f7cb1c21a4bf30023f252596d83e1f007?s=96&d=mm&r=g\",\"url\":\"https:\\\/\\\/secure.gravatar.com\\\/avatar\\\/ccc17943b9d660506c869530f897617f7cb1c21a4bf30023f252596d83e1f007?s=96&d=mm&r=g\",\"contentUrl\":\"https:\\\/\\\/secure.gravatar.com\\\/avatar\\\/ccc17943b9d660506c869530f897617f7cb1c21a4bf30023f252596d83e1f007?s=96&d=mm&r=g\",\"caption\":\"admin\"},\"sameAs\":[\"https:\\\/\\\/kibrisdakik.com\"],\"url\":\"https:\\\/\\\/kibrisdakik.com\\\/?author=1\"}]}<\/script>\n<!-- \/ Yoast SEO plugin. -->","yoast_head_json":{"title":"Plajda \u015eampiyon Melekler Sezonu -","robots":{"index":"index","follow":"follow","max-snippet":"max-snippet:-1","max-image-preview":"max-image-preview:large","max-video-preview":"max-video-preview:-1"},"canonical":"https:\/\/kibrisdakik.com\/?p=10707","og_locale":"tr_TR","og_type":"article","og_title":"Plajda \u015eampiyon Melekler Sezonu -","og_description":"\u015eampiyon Melekler Plaj Voleybol Sezonunda \u201cOsman \u00c7etinta\u015f B\u00fcy\u00fckler Ligi\u201dnde grup m\u00fcsabakalar\u0131, Y\u0131ld\u0131z K\u0131zlar\u2019da son 16, Y\u0131ld\u0131z Erkekler\u2019de ise \u00e7eyrek finaller bu ak\u015fam oynanacak. Beach Volley Arena\u2019n\u0131n ev sahipli\u011fi yapt\u0131\u011f\u0131 organizasyonda m\u00fcsabakalar saat 18.00\u2019den itibaren y\u0131ld\u0131zlar \u00e7eyrek final kar\u015f\u0131la\u015fmalar\u0131 ile ba\u015flayacak. Klasman\u0131n belli olaca\u011f\u0131 \u201cOsman \u00c7etinta\u015f B\u00fcy\u00fckler Ligi\u201dnde ise ma\u00e7lar saat 20.00\u2019den itibaren oynanacak. Liglerin yar\u0131","og_url":"https:\/\/kibrisdakik.com\/?p=10707","article_published_time":"2023-07-19T11:19:26+00:00","og_image":[{"width":2048,"height":1536,"url":"https:\/\/kibrisdakik.com\/wp-content\/uploads\/2023\/07\/PLAJ-VOL-740x420.jpg","type":"image\/jpeg"}],"author":"admin","twitter_card":"summary_large_image","twitter_misc":{"Yazan:":"admin"},"schema":{"@context":"https:\/\/schema.org","@graph":[{"@type":"Article","@id":"https:\/\/kibrisdakik.com\/?p=10707#article","isPartOf":{"@id":"https:\/\/kibrisdakik.com\/?p=10707"},"author":{"name":"admin","@id":"https:\/\/kibrisdakik.com\/#\/schema\/person\/9cd9d437bbb44f72b73ba127e06d8e79"},"headline":"Plajda \u015eampiyon Melekler Sezonu","datePublished":"2023-07-19T11:19:26+00:00","mainEntityOfPage":{"@id":"https:\/\/kibrisdakik.com\/?p=10707"},"wordCount":93,"commentCount":0,"image":{"@id":"https:\/\/kibrisdakik.com\/?p=10707#primaryimage"},"thumbnailUrl":"https:\/\/kibrisdakik.com\/wp-content\/uploads\/2023\/07\/PLAJ-VOL-740x420.jpg","articleSection":["Spor"],"inLanguage":"tr","potentialAction":[{"@type":"CommentAction","name":"Comment","target":["https:\/\/kibrisdakik.com\/?p=10707#respond"]}]},{"@type":"WebPage","@id":"https:\/\/kibrisdakik.com\/?p=10707","url":"https:\/\/kibrisdakik.com\/?p=10707","name":"Plajda \u015eampiyon Melekler Sezonu -","isPartOf":{"@id":"https:\/\/kibrisdakik.com\/#website"},"primaryImageOfPage":{"@id":"https:\/\/kibrisdakik.com\/?p=10707#primaryimage"},"image":{"@id":"https:\/\/kibrisdakik.com\/?p=10707#primaryimage"},"thumbnailUrl":"https:\/\/kibrisdakik.com\/wp-content\/uploads\/2023\/07\/PLAJ-VOL-740x420.jpg","datePublished":"2023-07-19T11:19:26+00:00","author":{"@id":"https:\/\/kibrisdakik.com\/#\/schema\/person\/9cd9d437bbb44f72b73ba127e06d8e79"},"breadcrumb":{"@id":"https:\/\/kibrisdakik.com\/?p=10707#breadcrumb"},"inLanguage":"tr","potentialAction":[{"@type":"ReadAction","target":["https:\/\/kibrisdakik.com\/?p=10707"]}]},{"@type":"ImageObject","inLanguage":"tr","@id":"https:\/\/kibrisdakik.com\/?p=10707#primaryimage","url":"https:\/\/kibrisdakik.com\/wp-content\/uploads\/2023\/07\/PLAJ-VOL-740x420.jpg","contentUrl":"https:\/\/kibrisdakik.com\/wp-content\/uploads\/2023\/07\/PLAJ-VOL-740x420.jpg","width":2048,"height":1536},{"@type":"BreadcrumbList","@id":"https:\/\/kibrisdakik.com\/?p=10707#breadcrumb","itemListElement":[{"@type":"ListItem","position":1,"name":"Home","item":"https:\/\/kibrisdakik.com\/"},{"@type":"ListItem","position":2,"name":"Plajda \u015eampiyon Melekler Sezonu"}]},{"@type":"WebSite","@id":"https:\/\/kibrisdakik.com\/#website","url":"https:\/\/kibrisdakik.com\/","name":"","description":"Tam vaktinde haber","potentialAction":[{"@type":"SearchAction","target":{"@type":"EntryPoint","urlTemplate":"https:\/\/kibrisdakik.com\/?s={search_term_string}"},"query-input":{"@type":"PropertyValueSpecification","valueRequired":true,"valueName":"search_term_string"}}],"inLanguage":"tr"},{"@type":"Person","@id":"https:\/\/kibrisdakik.com\/#\/schema\/person\/9cd9d437bbb44f72b73ba127e06d8e79","name":"admin","image":{"@type":"ImageObject","inLanguage":"tr","@id":"https:\/\/secure.gravatar.com\/avatar\/ccc17943b9d660506c869530f897617f7cb1c21a4bf30023f252596d83e1f007?s=96&d=mm&r=g","url":"https:\/\/secure.gravatar.com\/avatar\/ccc17943b9d660506c869530f897617f7cb1c21a4bf30023f252596d83e1f007?s=96&d=mm&r=g","contentUrl":"https:\/\/secure.gravatar.com\/avatar\/ccc17943b9d660506c869530f897617f7cb1c21a4bf30023f252596d83e1f007?s=96&d=mm&r=g","caption":"admin"},"sameAs":["https:\/\/kibrisdakik.com"],"url":"https:\/\/kibrisdakik.com\/?author=1"}]}},"_links":{"self":[{"href":"https:\/\/kibrisdakik.com\/index.php?rest_route=\/wp\/v2\/posts\/10707","targetHints":{"allow":["GET"]}}],"collection":[{"href":"https:\/\/kibrisdakik.com\/index.php?rest_route=\/wp\/v2\/posts"}],"about":[{"href":"https:\/\/kibrisdakik.com\/index.php?rest_route=\/wp\/v2\/types\/post"}],"author":[{"embeddable":true,"href":"https:\/\/kibrisdakik.com\/index.php?rest_route=\/wp\/v2\/users\/1"}],"replies":[{"embeddable":true,"href":"https:\/\/kibrisdakik.com\/index.php?rest_route=%2Fwp%2Fv2%2Fcomments&post=10707"}],"version-history":[{"count":0,"href":"https:\/\/kibrisdakik.com\/index.php?rest_route=\/wp\/v2\/posts\/10707\/revisions"}],"wp:featuredmedia":[{"embeddable":true,"href":"https:\/\/kibrisdakik.com\/index.php?rest_route=\/wp\/v2\/media\/10708"}],"wp:attachment":[{"href":"https:\/\/kibrisdakik.com\/index.php?rest_route=%2Fwp%2Fv2%2Fmedia&parent=10707"}],"wp:term":[{"taxonomy":"category","embeddable":true,"href":"https:\/\/kibrisdakik.com\/index.php?rest_route=%2Fwp%2Fv2%2Fcategories&post=10707"},{"taxonomy":"post_tag","embeddable":true,"href":"https:\/\/kibrisdakik.com\/index.php?rest_route=%2Fwp%2Fv2%2Ftags&post=10707"}],"curies":[{"name":"wp","href":"https:\/\/api.w.org\/{rel}","templated":true}]}}