{"id":107096,"date":"2026-02-26T10:20:59","date_gmt":"2026-02-26T08:20:59","guid":{"rendered":"https:\/\/kibrisdakik.com\/?p=107096"},"modified":"2026-02-26T10:20:59","modified_gmt":"2026-02-26T08:20:59","slug":"insaat-muhendisleri-odasi-agac-dikme-etkinligi-duzenledi","status":"publish","type":"post","link":"https:\/\/kibrisdakik.com\/?p=107096","title":{"rendered":"\u0130N\u015eAAT M\u00dcHEND\u0130SLER\u0130 ODASI A\u011eA\u00c7 D\u0130KME ETK\u0130NL\u0130\u011e\u0130 D\u00dcZENLED\u0130"},"content":{"rendered":"<p><\/p>\n<div data-text-id=\"196894\" property=\"articleBody\">\n<p>KTMMOB \u0130n\u015faat M\u00fchendisleri Odas\u0131 (\u0130MO), \u00e7evre bilinci ve toplumsal sorumluluk anlay\u0131\u015f\u0131n\u0131 somut ad\u0131mlarla b\u00fcy\u00fctmek ve do\u011faya olan sorumlulu\u011funu g\u00f6stermek amac\u0131yla a\u011fa\u00e7 dikme etkinli\u011fi d\u00fczenledi.<\/p>\n<p>KTMMOB \u0130n\u015faat M\u00fchendisleri Odas\u0131 An\u0131 Orman\u0131\u2019nda 21 \u015eubat Cumartesi ger\u00e7ekle\u015ftirilen etkinlik, Oda Ba\u015fkan\u0131, y\u00f6netim kurulu \u00fcyeleri, oda personeli, \u00fcyeler, aileleri ve gelece\u011fin in\u015faat m\u00fchendisleri olacak \u00f6\u011frencilerin kat\u0131l\u0131m\u0131yla ger\u00e7ekle\u015ftirildi.<\/p>\n<p>\u0130MO\u2019dan verilen bilgiye g\u00f6re, a\u011fa\u00e7land\u0131rma \u00e7al\u0131\u015fmalar\u0131 kapsam\u0131nda ge\u00e7en y\u0131l \u0130MO Orman\u0131\u2019na 250 fidan dikilirken, bu y\u0131l d\u00fczenlenen etkinlikte 400 yeni fidan daha toprakla bulu\u015fturuldu.<\/p>\n<p>-Ekinci: \u201cDo\u011fadan al\u0131nan\u0131 do\u011faya vermek bir sorumluluk\u201d<\/p>\n<p>A\u00e7\u0131l\u0131\u015f konu\u015fmas\u0131n\u0131 yapan \u0130MO Ba\u015fkan\u0131 Do\u00e7. Dr. Abdullah Ekinci, do\u011fadan al\u0131nan\u0131 do\u011faya geri vermenin bir sorumluluk oldu\u011funu vurgulayarak, a\u011fa\u00e7lar\u0131n karbon ayak izinin azalt\u0131lmas\u0131nda \u00f6nemli rol oynad\u0131\u011f\u0131n\u0131 belirtti.<\/p>\n<p>Etkinlikte, a\u011fa\u00e7land\u0131rma \u00e7al\u0131\u015fmalar\u0131n\u0131n yaln\u0131zca sembolik bir faaliyet olmad\u0131\u011f\u0131; iklim de\u011fi\u015fikli\u011fiyle m\u00fccadele, do\u011fal dengenin korunmas\u0131 ve s\u00fcrd\u00fcr\u00fclebilir ya\u015fam bilincinin yayg\u0131nla\u015ft\u0131r\u0131lmas\u0131 a\u00e7\u0131s\u0131ndan uzun vadeli bir vizyonun par\u00e7as\u0131 oldu\u011fu vurguland\u0131.<\/p>\n<p>Bu t\u00fcr organizasyonlar\u0131n birlik ve beraberlik duygusunu g\u00fc\u00e7lendirirken \u00e7evre bilincinin yay\u0131lmas\u0131na da katk\u0131 sundu\u011fu ifade edildi.<\/p>\n<p>\u0130MO Orman\u0131\u2019na dikilen her fidan\u0131n; do\u011faya sayg\u0131n\u0131n, ortak sorumlulu\u011fun ve s\u00fcrd\u00fcr\u00fclebilir bir gelecek vizyonunun simgesi olarak y\u00fckselmeye devam etti\u011fi kaydedildi.<\/p>\n<\/p><\/div>\n","protected":false},"excerpt":{"rendered":"<p>KTMMOB \u0130n\u015faat M\u00fchendisleri Odas\u0131 (\u0130MO), \u00e7evre bilinci ve toplumsal sorumluluk anlay\u0131\u015f\u0131n\u0131 somut ad\u0131mlarla b\u00fcy\u00fctmek ve do\u011faya olan sorumlulu\u011funu g\u00f6stermek amac\u0131yla a\u011fa\u00e7 dikme etkinli\u011fi d\u00fczenledi. KTMMOB \u0130n\u015faat M\u00fchendisleri Odas\u0131 An\u0131 Orman\u0131\u2019nda 21 \u015eubat Cumartesi ger\u00e7ekle\u015ftirilen etkinlik, Oda Ba\u015fkan\u0131, y\u00f6netim kurulu \u00fcyeleri, oda personeli, \u00fcyeler, aileleri ve gelece\u011fin in\u015faat m\u00fchendisleri olacak \u00f6\u011frencilerin kat\u0131l\u0131m\u0131yla ger\u00e7ekle\u015ftirildi. \u0130MO\u2019dan verilen bilgiye<\/p>\n","protected":false},"author":1,"featured_media":107097,"comment_status":"open","ping_status":"open","sticky":false,"template":"","format":"standard","meta":{"footnotes":""},"categories":[81],"tags":[],"class_list":["post-107096","post","type-post","status-publish","format-standard","has-post-thumbnail","hentry","category-kibris"],"yoast_head":"<!-- This site is optimized with the Yoast SEO plugin v27.5 - https:\/\/yoast.com\/product\/yoast-seo-wordpress\/ -->\n<title>\u0130N\u015eAAT M\u00dcHEND\u0130SLER\u0130 ODASI A\u011eA\u00c7 D\u0130KME ETK\u0130NL\u0130\u011e\u0130 D\u00dcZENLED\u0130 -<\/title>\n<meta name=\"robots\" content=\"index, follow, max-snippet:-1, max-image-preview:large, max-video-preview:-1\" \/>\n<link rel=\"canonical\" href=\"https:\/\/kibrisdakik.com\/?p=107096\" \/>\n<meta property=\"og:locale\" content=\"tr_TR\" \/>\n<meta property=\"og:type\" content=\"article\" \/>\n<meta property=\"og:title\" content=\"\u0130N\u015eAAT M\u00dcHEND\u0130SLER\u0130 ODASI A\u011eA\u00c7 D\u0130KME ETK\u0130NL\u0130\u011e\u0130 D\u00dcZENLED\u0130 -\" \/>\n<meta property=\"og:description\" content=\"KTMMOB \u0130n\u015faat M\u00fchendisleri Odas\u0131 (\u0130MO), \u00e7evre bilinci ve toplumsal sorumluluk anlay\u0131\u015f\u0131n\u0131 somut ad\u0131mlarla b\u00fcy\u00fctmek ve do\u011faya olan sorumlulu\u011funu g\u00f6stermek amac\u0131yla a\u011fa\u00e7 dikme etkinli\u011fi d\u00fczenledi. KTMMOB \u0130n\u015faat M\u00fchendisleri Odas\u0131 An\u0131 Orman\u0131\u2019nda 21 \u015eubat Cumartesi ger\u00e7ekle\u015ftirilen etkinlik, Oda Ba\u015fkan\u0131, y\u00f6netim kurulu \u00fcyeleri, oda personeli, \u00fcyeler, aileleri ve gelece\u011fin in\u015faat m\u00fchendisleri olacak \u00f6\u011frencilerin kat\u0131l\u0131m\u0131yla ger\u00e7ekle\u015ftirildi. \u0130MO\u2019dan verilen bilgiye\" \/>\n<meta property=\"og:url\" content=\"https:\/\/kibrisdakik.com\/?p=107096\" \/>\n<meta property=\"article:published_time\" content=\"2026-02-26T08:20:59+00:00\" \/>\n<meta property=\"og:image\" content=\"https:\/\/mhahabercom.teimg.com\/crop\/1280x720\/mhahaber-com\/uploads\/2026\/02\/mha-sari-beyaz-3488.png\" \/>\n<meta name=\"author\" content=\"admin\" \/>\n<meta name=\"twitter:card\" content=\"summary_large_image\" \/>\n<meta name=\"twitter:label1\" content=\"Yazan:\" \/>\n\t<meta name=\"twitter:data1\" content=\"admin\" \/>\n\t<meta name=\"twitter:label2\" content=\"Tahmini okuma s\u00fcresi\" \/>\n\t<meta name=\"twitter:data2\" content=\"1 dakika\" \/>\n<script type=\"application\/ld+json\" class=\"yoast-schema-graph\">{\"@context\":\"https:\\\/\\\/schema.org\",\"@graph\":[{\"@type\":\"Article\",\"@id\":\"https:\\\/\\\/kibrisdakik.com\\\/?p=107096#article\",\"isPartOf\":{\"@id\":\"https:\\\/\\\/kibrisdakik.com\\\/?p=107096\"},\"author\":{\"name\":\"admin\",\"@id\":\"https:\\\/\\\/kibrisdakik.com\\\/#\\\/schema\\\/person\\\/9cd9d437bbb44f72b73ba127e06d8e79\"},\"headline\":\"\u0130N\u015eAAT M\u00dcHEND\u0130SLER\u0130 ODASI A\u011eA\u00c7 D\u0130KME ETK\u0130NL\u0130\u011e\u0130 D\u00dcZENLED\u0130\",\"datePublished\":\"2026-02-26T08:20:59+00:00\",\"mainEntityOfPage\":{\"@id\":\"https:\\\/\\\/kibrisdakik.com\\\/?p=107096\"},\"wordCount\":283,\"commentCount\":0,\"image\":{\"@id\":\"https:\\\/\\\/kibrisdakik.com\\\/?p=107096#primaryimage\"},\"thumbnailUrl\":\"https:\\\/\\\/kibrisdakik.com\\\/wp-content\\\/uploads\\\/2026\\\/02\\\/mha-sari-beyaz-3488.png\",\"articleSection\":[\"K\u0131br\u0131s\"],\"inLanguage\":\"tr\",\"potentialAction\":[{\"@type\":\"CommentAction\",\"name\":\"Comment\",\"target\":[\"https:\\\/\\\/kibrisdakik.com\\\/?p=107096#respond\"]}]},{\"@type\":\"WebPage\",\"@id\":\"https:\\\/\\\/kibrisdakik.com\\\/?p=107096\",\"url\":\"https:\\\/\\\/kibrisdakik.com\\\/?p=107096\",\"name\":\"\u0130N\u015eAAT M\u00dcHEND\u0130SLER\u0130 ODASI A\u011eA\u00c7 D\u0130KME ETK\u0130NL\u0130\u011e\u0130 D\u00dcZENLED\u0130 -\",\"isPartOf\":{\"@id\":\"https:\\\/\\\/kibrisdakik.com\\\/#website\"},\"primaryImageOfPage\":{\"@id\":\"https:\\\/\\\/kibrisdakik.com\\\/?p=107096#primaryimage\"},\"image\":{\"@id\":\"https:\\\/\\\/kibrisdakik.com\\\/?p=107096#primaryimage\"},\"thumbnailUrl\":\"https:\\\/\\\/kibrisdakik.com\\\/wp-content\\\/uploads\\\/2026\\\/02\\\/mha-sari-beyaz-3488.png\",\"datePublished\":\"2026-02-26T08:20:59+00:00\",\"author\":{\"@id\":\"https:\\\/\\\/kibrisdakik.com\\\/#\\\/schema\\\/person\\\/9cd9d437bbb44f72b73ba127e06d8e79\"},\"breadcrumb\":{\"@id\":\"https:\\\/\\\/kibrisdakik.com\\\/?p=107096#breadcrumb\"},\"inLanguage\":\"tr\",\"potentialAction\":[{\"@type\":\"ReadAction\",\"target\":[\"https:\\\/\\\/kibrisdakik.com\\\/?p=107096\"]}]},{\"@type\":\"ImageObject\",\"inLanguage\":\"tr\",\"@id\":\"https:\\\/\\\/kibrisdakik.com\\\/?p=107096#primaryimage\",\"url\":\"https:\\\/\\\/kibrisdakik.com\\\/wp-content\\\/uploads\\\/2026\\\/02\\\/mha-sari-beyaz-3488.png\",\"contentUrl\":\"https:\\\/\\\/kibrisdakik.com\\\/wp-content\\\/uploads\\\/2026\\\/02\\\/mha-sari-beyaz-3488.png\",\"width\":1280,\"height\":720},{\"@type\":\"BreadcrumbList\",\"@id\":\"https:\\\/\\\/kibrisdakik.com\\\/?p=107096#breadcrumb\",\"itemListElement\":[{\"@type\":\"ListItem\",\"position\":1,\"name\":\"Home\",\"item\":\"https:\\\/\\\/kibrisdakik.com\\\/\"},{\"@type\":\"ListItem\",\"position\":2,\"name\":\"\u0130N\u015eAAT M\u00dcHEND\u0130SLER\u0130 ODASI A\u011eA\u00c7 D\u0130KME ETK\u0130NL\u0130\u011e\u0130 D\u00dcZENLED\u0130\"}]},{\"@type\":\"WebSite\",\"@id\":\"https:\\\/\\\/kibrisdakik.com\\\/#website\",\"url\":\"https:\\\/\\\/kibrisdakik.com\\\/\",\"name\":\"\",\"description\":\"Tam vaktinde haber\",\"potentialAction\":[{\"@type\":\"SearchAction\",\"target\":{\"@type\":\"EntryPoint\",\"urlTemplate\":\"https:\\\/\\\/kibrisdakik.com\\\/?s={search_term_string}\"},\"query-input\":{\"@type\":\"PropertyValueSpecification\",\"valueRequired\":true,\"valueName\":\"search_term_string\"}}],\"inLanguage\":\"tr\"},{\"@type\":\"Person\",\"@id\":\"https:\\\/\\\/kibrisdakik.com\\\/#\\\/schema\\\/person\\\/9cd9d437bbb44f72b73ba127e06d8e79\",\"name\":\"admin\",\"image\":{\"@type\":\"ImageObject\",\"inLanguage\":\"tr\",\"@id\":\"https:\\\/\\\/secure.gravatar.com\\\/avatar\\\/ccc17943b9d660506c869530f897617f7cb1c21a4bf30023f252596d83e1f007?s=96&d=mm&r=g\",\"url\":\"https:\\\/\\\/secure.gravatar.com\\\/avatar\\\/ccc17943b9d660506c869530f897617f7cb1c21a4bf30023f252596d83e1f007?s=96&d=mm&r=g\",\"contentUrl\":\"https:\\\/\\\/secure.gravatar.com\\\/avatar\\\/ccc17943b9d660506c869530f897617f7cb1c21a4bf30023f252596d83e1f007?s=96&d=mm&r=g\",\"caption\":\"admin\"},\"sameAs\":[\"https:\\\/\\\/kibrisdakik.com\"],\"url\":\"https:\\\/\\\/kibrisdakik.com\\\/?author=1\"}]}<\/script>\n<!-- \/ Yoast SEO plugin. -->","yoast_head_json":{"title":"\u0130N\u015eAAT M\u00dcHEND\u0130SLER\u0130 ODASI A\u011eA\u00c7 D\u0130KME ETK\u0130NL\u0130\u011e\u0130 D\u00dcZENLED\u0130 -","robots":{"index":"index","follow":"follow","max-snippet":"max-snippet:-1","max-image-preview":"max-image-preview:large","max-video-preview":"max-video-preview:-1"},"canonical":"https:\/\/kibrisdakik.com\/?p=107096","og_locale":"tr_TR","og_type":"article","og_title":"\u0130N\u015eAAT M\u00dcHEND\u0130SLER\u0130 ODASI A\u011eA\u00c7 D\u0130KME ETK\u0130NL\u0130\u011e\u0130 D\u00dcZENLED\u0130 -","og_description":"KTMMOB \u0130n\u015faat M\u00fchendisleri Odas\u0131 (\u0130MO), \u00e7evre bilinci ve toplumsal sorumluluk anlay\u0131\u015f\u0131n\u0131 somut ad\u0131mlarla b\u00fcy\u00fctmek ve do\u011faya olan sorumlulu\u011funu g\u00f6stermek amac\u0131yla a\u011fa\u00e7 dikme etkinli\u011fi d\u00fczenledi. KTMMOB \u0130n\u015faat M\u00fchendisleri Odas\u0131 An\u0131 Orman\u0131\u2019nda 21 \u015eubat Cumartesi ger\u00e7ekle\u015ftirilen etkinlik, Oda Ba\u015fkan\u0131, y\u00f6netim kurulu \u00fcyeleri, oda personeli, \u00fcyeler, aileleri ve gelece\u011fin in\u015faat m\u00fchendisleri olacak \u00f6\u011frencilerin kat\u0131l\u0131m\u0131yla ger\u00e7ekle\u015ftirildi. \u0130MO\u2019dan verilen bilgiye","og_url":"https:\/\/kibrisdakik.com\/?p=107096","article_published_time":"2026-02-26T08:20:59+00:00","og_image":[{"url":"https:\/\/mhahabercom.teimg.com\/crop\/1280x720\/mhahaber-com\/uploads\/2026\/02\/mha-sari-beyaz-3488.png","type":"","width":"","height":""}],"author":"admin","twitter_card":"summary_large_image","twitter_misc":{"Yazan:":"admin","Tahmini okuma s\u00fcresi":"1 dakika"},"schema":{"@context":"https:\/\/schema.org","@graph":[{"@type":"Article","@id":"https:\/\/kibrisdakik.com\/?p=107096#article","isPartOf":{"@id":"https:\/\/kibrisdakik.com\/?p=107096"},"author":{"name":"admin","@id":"https:\/\/kibrisdakik.com\/#\/schema\/person\/9cd9d437bbb44f72b73ba127e06d8e79"},"headline":"\u0130N\u015eAAT M\u00dcHEND\u0130SLER\u0130 ODASI A\u011eA\u00c7 D\u0130KME ETK\u0130NL\u0130\u011e\u0130 D\u00dcZENLED\u0130","datePublished":"2026-02-26T08:20:59+00:00","mainEntityOfPage":{"@id":"https:\/\/kibrisdakik.com\/?p=107096"},"wordCount":283,"commentCount":0,"image":{"@id":"https:\/\/kibrisdakik.com\/?p=107096#primaryimage"},"thumbnailUrl":"https:\/\/kibrisdakik.com\/wp-content\/uploads\/2026\/02\/mha-sari-beyaz-3488.png","articleSection":["K\u0131br\u0131s"],"inLanguage":"tr","potentialAction":[{"@type":"CommentAction","name":"Comment","target":["https:\/\/kibrisdakik.com\/?p=107096#respond"]}]},{"@type":"WebPage","@id":"https:\/\/kibrisdakik.com\/?p=107096","url":"https:\/\/kibrisdakik.com\/?p=107096","name":"\u0130N\u015eAAT M\u00dcHEND\u0130SLER\u0130 ODASI A\u011eA\u00c7 D\u0130KME ETK\u0130NL\u0130\u011e\u0130 D\u00dcZENLED\u0130 -","isPartOf":{"@id":"https:\/\/kibrisdakik.com\/#website"},"primaryImageOfPage":{"@id":"https:\/\/kibrisdakik.com\/?p=107096#primaryimage"},"image":{"@id":"https:\/\/kibrisdakik.com\/?p=107096#primaryimage"},"thumbnailUrl":"https:\/\/kibrisdakik.com\/wp-content\/uploads\/2026\/02\/mha-sari-beyaz-3488.png","datePublished":"2026-02-26T08:20:59+00:00","author":{"@id":"https:\/\/kibrisdakik.com\/#\/schema\/person\/9cd9d437bbb44f72b73ba127e06d8e79"},"breadcrumb":{"@id":"https:\/\/kibrisdakik.com\/?p=107096#breadcrumb"},"inLanguage":"tr","potentialAction":[{"@type":"ReadAction","target":["https:\/\/kibrisdakik.com\/?p=107096"]}]},{"@type":"ImageObject","inLanguage":"tr","@id":"https:\/\/kibrisdakik.com\/?p=107096#primaryimage","url":"https:\/\/kibrisdakik.com\/wp-content\/uploads\/2026\/02\/mha-sari-beyaz-3488.png","contentUrl":"https:\/\/kibrisdakik.com\/wp-content\/uploads\/2026\/02\/mha-sari-beyaz-3488.png","width":1280,"height":720},{"@type":"BreadcrumbList","@id":"https:\/\/kibrisdakik.com\/?p=107096#breadcrumb","itemListElement":[{"@type":"ListItem","position":1,"name":"Home","item":"https:\/\/kibrisdakik.com\/"},{"@type":"ListItem","position":2,"name":"\u0130N\u015eAAT M\u00dcHEND\u0130SLER\u0130 ODASI A\u011eA\u00c7 D\u0130KME ETK\u0130NL\u0130\u011e\u0130 D\u00dcZENLED\u0130"}]},{"@type":"WebSite","@id":"https:\/\/kibrisdakik.com\/#website","url":"https:\/\/kibrisdakik.com\/","name":"","description":"Tam vaktinde haber","potentialAction":[{"@type":"SearchAction","target":{"@type":"EntryPoint","urlTemplate":"https:\/\/kibrisdakik.com\/?s={search_term_string}"},"query-input":{"@type":"PropertyValueSpecification","valueRequired":true,"valueName":"search_term_string"}}],"inLanguage":"tr"},{"@type":"Person","@id":"https:\/\/kibrisdakik.com\/#\/schema\/person\/9cd9d437bbb44f72b73ba127e06d8e79","name":"admin","image":{"@type":"ImageObject","inLanguage":"tr","@id":"https:\/\/secure.gravatar.com\/avatar\/ccc17943b9d660506c869530f897617f7cb1c21a4bf30023f252596d83e1f007?s=96&d=mm&r=g","url":"https:\/\/secure.gravatar.com\/avatar\/ccc17943b9d660506c869530f897617f7cb1c21a4bf30023f252596d83e1f007?s=96&d=mm&r=g","contentUrl":"https:\/\/secure.gravatar.com\/avatar\/ccc17943b9d660506c869530f897617f7cb1c21a4bf30023f252596d83e1f007?s=96&d=mm&r=g","caption":"admin"},"sameAs":["https:\/\/kibrisdakik.com"],"url":"https:\/\/kibrisdakik.com\/?author=1"}]}},"_links":{"self":[{"href":"https:\/\/kibrisdakik.com\/index.php?rest_route=\/wp\/v2\/posts\/107096","targetHints":{"allow":["GET"]}}],"collection":[{"href":"https:\/\/kibrisdakik.com\/index.php?rest_route=\/wp\/v2\/posts"}],"about":[{"href":"https:\/\/kibrisdakik.com\/index.php?rest_route=\/wp\/v2\/types\/post"}],"author":[{"embeddable":true,"href":"https:\/\/kibrisdakik.com\/index.php?rest_route=\/wp\/v2\/users\/1"}],"replies":[{"embeddable":true,"href":"https:\/\/kibrisdakik.com\/index.php?rest_route=%2Fwp%2Fv2%2Fcomments&post=107096"}],"version-history":[{"count":0,"href":"https:\/\/kibrisdakik.com\/index.php?rest_route=\/wp\/v2\/posts\/107096\/revisions"}],"wp:featuredmedia":[{"embeddable":true,"href":"https:\/\/kibrisdakik.com\/index.php?rest_route=\/wp\/v2\/media\/107097"}],"wp:attachment":[{"href":"https:\/\/kibrisdakik.com\/index.php?rest_route=%2Fwp%2Fv2%2Fmedia&parent=107096"}],"wp:term":[{"taxonomy":"category","embeddable":true,"href":"https:\/\/kibrisdakik.com\/index.php?rest_route=%2Fwp%2Fv2%2Fcategories&post=107096"},{"taxonomy":"post_tag","embeddable":true,"href":"https:\/\/kibrisdakik.com\/index.php?rest_route=%2Fwp%2Fv2%2Ftags&post=107096"}],"curies":[{"name":"wp","href":"https:\/\/api.w.org\/{rel}","templated":true}]}}