{"id":107141,"date":"2026-02-26T14:43:33","date_gmt":"2026-02-26T12:43:33","guid":{"rendered":"https:\/\/kibrisdakik.com\/?p=107141"},"modified":"2026-02-26T14:43:33","modified_gmt":"2026-02-26T12:43:33","slug":"zumrutkoyu-istanbuldan-gelen-aci-haber-yasa-bogdu","status":"publish","type":"post","link":"https:\/\/kibrisdakik.com\/?p=107141","title":{"rendered":"Z\u00dcMR\u00dcTK\u00d6Y\u2019\u00dc \u0130STANBUL\u2019DAN GELEN ACI HABER YASA BO\u011eDU!"},"content":{"rendered":"<p><\/p>\n<div data-text-id=\"196946\" property=\"articleBody\">\n<article dir=\"auto\" tabindex=\"-1\">&#13;<\/p>\n<p>ERG\u00dcN YAHAT<br \/>&#13;<br \/>\nG\u00fczelyurt\u2019a ba\u011fl\u0131 Z\u00fcmr\u00fctk\u00f6y\u2019\u00fcn sevilen isimlerinden Selma \u00d6nal, T\u00fcrkiye\u2019de ge\u00e7irdi\u011fi kalp ameliyat\u0131 s\u0131ras\u0131nda ya\u015fam\u0131n\u0131 yitirdi. Ailesinin payla\u015f\u0131m\u0131 y\u00fcrekleri da\u011flad\u0131.<\/p>\n<p>&#13;<br \/>\n&#13;<\/p>\n<p>G\u00fczelyurt b\u00f6lgesine ba\u011fl\u0131 Z\u00fcmr\u00fctk\u00f6y\u2019\u00fcn sevilen insanlar\u0131ndan Selma \u00d6nal, T\u00fcrkiye\u2019de ge\u00e7irdi\u011fi kalp ameliyat\u0131 s\u0131ras\u0131nda hayat\u0131n\u0131 kaybetti.<\/p>\n<p>                                &#13;<br \/>\n&#13;<\/p>\n<p>\u0130stanbul\u2019dan gelen ac\u0131 haber, ba\u015fta ailesi olmak \u00fczere t\u00fcm sevenlerini yasa bo\u011fdu. K\u00f6y halk\u0131, \u00d6nal\u2019\u0131n vefat\u0131yla b\u00fcy\u00fck \u00fcz\u00fcnt\u00fc ya\u015fad\u0131.<\/p>\n<p>&#13;<br \/>\n&#13;<\/p>\n<p><strong>A\u0130LES\u0130N\u0130N PAYLA\u015eIMI Y\u00dcREK YAKTI<\/strong><\/p>\n<p>&#13;<br \/>\n&#13;<\/p>\n<p>Ailenin sosyal medya \u00fczerinden yapt\u0131\u011f\u0131 payla\u015f\u0131m ise duyguland\u0131rd\u0131. Payla\u015f\u0131mda \u015fu ifadelere yer verildi:<\/p>\n<p>&#13;<br \/>\n&#13;<\/p>\n<p>\u201cYe\u011fenimizi Selma \u00d6nal\u2019\u0131 ne yaz\u0131k ki T\u00fcrkiye\u2019de kalp ameliyat\u0131 s\u0131ras\u0131nda kaybettik.<br \/>&#13;<br \/>\nAdaletin yok d\u00fcnya\u2026 Ci\u011ferimizi yakt\u0131n Selmac\u0131\u011f\u0131m.<br \/>&#13;<br \/>\nS\u00f6yleyecek s\u00f6z, yazacak kelime yok.<br \/>&#13;<br \/>\nSenin ac\u0131lar\u0131n bitti, bizim sonsuz ac\u0131lar\u0131m\u0131z ba\u015flad\u0131.<br \/>&#13;<br \/>\nBabac\u0131\u011f\u0131na kavu\u015ftun.<br \/>&#13;<br \/>\nHuzur i\u00e7inde uyu, mek\u00e2n\u0131n cennet olsun.<br \/>&#13;<br \/>\nSeni asla unutmayaca\u011f\u0131z.<br \/>&#13;<br \/>\nT\u00fcm ailemizin ba\u015f\u0131 sa\u011f olsun.\u201d<\/p>\n<p>&#13;<br \/>\n&#13;<\/p>\n<p><strong>SEVENLER\u0130N\u0130 YASA BO\u011eDU<\/strong><\/p>\n<p>&#13;<br \/>\n&#13;<\/p>\n<p>Selma \u00d6nal\u2019\u0131n vefat\u0131, Z\u00fcmr\u00fctk\u00f6y\u2019de derin bir \u00fcz\u00fcnt\u00fcye neden olurken, yak\u0131nlar\u0131 ve dostlar\u0131 sosyal medyada taziye mesajlar\u0131 payla\u015ft\u0131.<\/p>\n<p>&#13;<br \/>\n<\/article>\n<\/p><\/div>\n","protected":false},"excerpt":{"rendered":"<p>&#13; ERG\u00dcN YAHAT&#13; G\u00fczelyurt\u2019a ba\u011fl\u0131 Z\u00fcmr\u00fctk\u00f6y\u2019\u00fcn sevilen isimlerinden Selma \u00d6nal, T\u00fcrkiye\u2019de ge\u00e7irdi\u011fi kalp ameliyat\u0131 s\u0131ras\u0131nda ya\u015fam\u0131n\u0131 yitirdi. Ailesinin payla\u015f\u0131m\u0131 y\u00fcrekleri da\u011flad\u0131. &#13; &#13; G\u00fczelyurt b\u00f6lgesine ba\u011fl\u0131 Z\u00fcmr\u00fctk\u00f6y\u2019\u00fcn sevilen insanlar\u0131ndan Selma \u00d6nal, T\u00fcrkiye\u2019de ge\u00e7irdi\u011fi kalp ameliyat\u0131 s\u0131ras\u0131nda hayat\u0131n\u0131 kaybetti. &#13; &#13; \u0130stanbul\u2019dan gelen ac\u0131 haber, ba\u015fta ailesi olmak \u00fczere t\u00fcm sevenlerini yasa bo\u011fdu. K\u00f6y halk\u0131, \u00d6nal\u2019\u0131n<\/p>\n","protected":false},"author":1,"featured_media":107142,"comment_status":"open","ping_status":"open","sticky":false,"template":"","format":"standard","meta":{"footnotes":""},"categories":[81],"tags":[],"class_list":["post-107141","post","type-post","status-publish","format-standard","has-post-thumbnail","hentry","category-kibris"],"yoast_head":"<!-- This site is optimized with the Yoast SEO plugin v27.4 - https:\/\/yoast.com\/product\/yoast-seo-wordpress\/ -->\n<title>Z\u00dcMR\u00dcTK\u00d6Y\u2019\u00dc \u0130STANBUL\u2019DAN GELEN ACI HABER YASA BO\u011eDU! -<\/title>\n<meta name=\"robots\" content=\"index, follow, max-snippet:-1, max-image-preview:large, max-video-preview:-1\" \/>\n<link rel=\"canonical\" href=\"https:\/\/kibrisdakik.com\/?p=107141\" \/>\n<meta property=\"og:locale\" content=\"tr_TR\" \/>\n<meta property=\"og:type\" content=\"article\" \/>\n<meta property=\"og:title\" content=\"Z\u00dcMR\u00dcTK\u00d6Y\u2019\u00dc \u0130STANBUL\u2019DAN GELEN ACI HABER YASA BO\u011eDU! -\" \/>\n<meta property=\"og:description\" content=\"&#013; ERG\u00dcN YAHAT&#013; G\u00fczelyurt\u2019a ba\u011fl\u0131 Z\u00fcmr\u00fctk\u00f6y\u2019\u00fcn sevilen isimlerinden Selma \u00d6nal, T\u00fcrkiye\u2019de ge\u00e7irdi\u011fi kalp ameliyat\u0131 s\u0131ras\u0131nda ya\u015fam\u0131n\u0131 yitirdi. Ailesinin payla\u015f\u0131m\u0131 y\u00fcrekleri da\u011flad\u0131. &#013; &#013; G\u00fczelyurt b\u00f6lgesine ba\u011fl\u0131 Z\u00fcmr\u00fctk\u00f6y\u2019\u00fcn sevilen insanlar\u0131ndan Selma \u00d6nal, T\u00fcrkiye\u2019de ge\u00e7irdi\u011fi kalp ameliyat\u0131 s\u0131ras\u0131nda hayat\u0131n\u0131 kaybetti. &#013; &#013; \u0130stanbul\u2019dan gelen ac\u0131 haber, ba\u015fta ailesi olmak \u00fczere t\u00fcm sevenlerini yasa bo\u011fdu. K\u00f6y halk\u0131, \u00d6nal\u2019\u0131n\" \/>\n<meta property=\"og:url\" content=\"https:\/\/kibrisdakik.com\/?p=107141\" \/>\n<meta property=\"article:published_time\" content=\"2026-02-26T12:43:33+00:00\" \/>\n<meta property=\"og:image\" content=\"https:\/\/mhahabercom.teimg.com\/crop\/1280x720\/mhahaber-com\/uploads\/2026\/02\/m-h-a-m-h-a-318.png\" \/>\n<meta name=\"author\" content=\"admin\" \/>\n<meta name=\"twitter:card\" content=\"summary_large_image\" \/>\n<meta name=\"twitter:label1\" content=\"Yazan:\" \/>\n\t<meta name=\"twitter:data1\" content=\"admin\" \/>\n\t<meta name=\"twitter:label2\" content=\"Tahmini okuma s\u00fcresi\" \/>\n\t<meta name=\"twitter:data2\" content=\"1 dakika\" \/>\n<script type=\"application\/ld+json\" class=\"yoast-schema-graph\">{\"@context\":\"https:\\\/\\\/schema.org\",\"@graph\":[{\"@type\":\"Article\",\"@id\":\"https:\\\/\\\/kibrisdakik.com\\\/?p=107141#article\",\"isPartOf\":{\"@id\":\"https:\\\/\\\/kibrisdakik.com\\\/?p=107141\"},\"author\":{\"name\":\"admin\",\"@id\":\"https:\\\/\\\/kibrisdakik.com\\\/#\\\/schema\\\/person\\\/9cd9d437bbb44f72b73ba127e06d8e79\"},\"headline\":\"Z\u00dcMR\u00dcTK\u00d6Y\u2019\u00dc \u0130STANBUL\u2019DAN GELEN ACI HABER YASA BO\u011eDU!\",\"datePublished\":\"2026-02-26T12:43:33+00:00\",\"mainEntityOfPage\":{\"@id\":\"https:\\\/\\\/kibrisdakik.com\\\/?p=107141\"},\"wordCount\":237,\"commentCount\":0,\"image\":{\"@id\":\"https:\\\/\\\/kibrisdakik.com\\\/?p=107141#primaryimage\"},\"thumbnailUrl\":\"https:\\\/\\\/kibrisdakik.com\\\/wp-content\\\/uploads\\\/2026\\\/02\\\/m-h-a-m-h-a-318.png\",\"articleSection\":[\"K\u0131br\u0131s\"],\"inLanguage\":\"tr\",\"potentialAction\":[{\"@type\":\"CommentAction\",\"name\":\"Comment\",\"target\":[\"https:\\\/\\\/kibrisdakik.com\\\/?p=107141#respond\"]}]},{\"@type\":\"WebPage\",\"@id\":\"https:\\\/\\\/kibrisdakik.com\\\/?p=107141\",\"url\":\"https:\\\/\\\/kibrisdakik.com\\\/?p=107141\",\"name\":\"Z\u00dcMR\u00dcTK\u00d6Y\u2019\u00dc \u0130STANBUL\u2019DAN GELEN ACI HABER YASA BO\u011eDU! -\",\"isPartOf\":{\"@id\":\"https:\\\/\\\/kibrisdakik.com\\\/#website\"},\"primaryImageOfPage\":{\"@id\":\"https:\\\/\\\/kibrisdakik.com\\\/?p=107141#primaryimage\"},\"image\":{\"@id\":\"https:\\\/\\\/kibrisdakik.com\\\/?p=107141#primaryimage\"},\"thumbnailUrl\":\"https:\\\/\\\/kibrisdakik.com\\\/wp-content\\\/uploads\\\/2026\\\/02\\\/m-h-a-m-h-a-318.png\",\"datePublished\":\"2026-02-26T12:43:33+00:00\",\"author\":{\"@id\":\"https:\\\/\\\/kibrisdakik.com\\\/#\\\/schema\\\/person\\\/9cd9d437bbb44f72b73ba127e06d8e79\"},\"breadcrumb\":{\"@id\":\"https:\\\/\\\/kibrisdakik.com\\\/?p=107141#breadcrumb\"},\"inLanguage\":\"tr\",\"potentialAction\":[{\"@type\":\"ReadAction\",\"target\":[\"https:\\\/\\\/kibrisdakik.com\\\/?p=107141\"]}]},{\"@type\":\"ImageObject\",\"inLanguage\":\"tr\",\"@id\":\"https:\\\/\\\/kibrisdakik.com\\\/?p=107141#primaryimage\",\"url\":\"https:\\\/\\\/kibrisdakik.com\\\/wp-content\\\/uploads\\\/2026\\\/02\\\/m-h-a-m-h-a-318.png\",\"contentUrl\":\"https:\\\/\\\/kibrisdakik.com\\\/wp-content\\\/uploads\\\/2026\\\/02\\\/m-h-a-m-h-a-318.png\",\"width\":1280,\"height\":720},{\"@type\":\"BreadcrumbList\",\"@id\":\"https:\\\/\\\/kibrisdakik.com\\\/?p=107141#breadcrumb\",\"itemListElement\":[{\"@type\":\"ListItem\",\"position\":1,\"name\":\"Home\",\"item\":\"https:\\\/\\\/kibrisdakik.com\\\/\"},{\"@type\":\"ListItem\",\"position\":2,\"name\":\"Z\u00dcMR\u00dcTK\u00d6Y\u2019\u00dc \u0130STANBUL\u2019DAN GELEN ACI HABER YASA BO\u011eDU!\"}]},{\"@type\":\"WebSite\",\"@id\":\"https:\\\/\\\/kibrisdakik.com\\\/#website\",\"url\":\"https:\\\/\\\/kibrisdakik.com\\\/\",\"name\":\"\",\"description\":\"Tam vaktinde haber\",\"potentialAction\":[{\"@type\":\"SearchAction\",\"target\":{\"@type\":\"EntryPoint\",\"urlTemplate\":\"https:\\\/\\\/kibrisdakik.com\\\/?s={search_term_string}\"},\"query-input\":{\"@type\":\"PropertyValueSpecification\",\"valueRequired\":true,\"valueName\":\"search_term_string\"}}],\"inLanguage\":\"tr\"},{\"@type\":\"Person\",\"@id\":\"https:\\\/\\\/kibrisdakik.com\\\/#\\\/schema\\\/person\\\/9cd9d437bbb44f72b73ba127e06d8e79\",\"name\":\"admin\",\"image\":{\"@type\":\"ImageObject\",\"inLanguage\":\"tr\",\"@id\":\"https:\\\/\\\/secure.gravatar.com\\\/avatar\\\/ccc17943b9d660506c869530f897617f7cb1c21a4bf30023f252596d83e1f007?s=96&d=mm&r=g\",\"url\":\"https:\\\/\\\/secure.gravatar.com\\\/avatar\\\/ccc17943b9d660506c869530f897617f7cb1c21a4bf30023f252596d83e1f007?s=96&d=mm&r=g\",\"contentUrl\":\"https:\\\/\\\/secure.gravatar.com\\\/avatar\\\/ccc17943b9d660506c869530f897617f7cb1c21a4bf30023f252596d83e1f007?s=96&d=mm&r=g\",\"caption\":\"admin\"},\"sameAs\":[\"https:\\\/\\\/kibrisdakik.com\"],\"url\":\"https:\\\/\\\/kibrisdakik.com\\\/?author=1\"}]}<\/script>\n<!-- \/ Yoast SEO plugin. -->","yoast_head_json":{"title":"Z\u00dcMR\u00dcTK\u00d6Y\u2019\u00dc \u0130STANBUL\u2019DAN GELEN ACI HABER YASA BO\u011eDU! -","robots":{"index":"index","follow":"follow","max-snippet":"max-snippet:-1","max-image-preview":"max-image-preview:large","max-video-preview":"max-video-preview:-1"},"canonical":"https:\/\/kibrisdakik.com\/?p=107141","og_locale":"tr_TR","og_type":"article","og_title":"Z\u00dcMR\u00dcTK\u00d6Y\u2019\u00dc \u0130STANBUL\u2019DAN GELEN ACI HABER YASA BO\u011eDU! -","og_description":"&#13; ERG\u00dcN YAHAT&#13; G\u00fczelyurt\u2019a ba\u011fl\u0131 Z\u00fcmr\u00fctk\u00f6y\u2019\u00fcn sevilen isimlerinden Selma \u00d6nal, T\u00fcrkiye\u2019de ge\u00e7irdi\u011fi kalp ameliyat\u0131 s\u0131ras\u0131nda ya\u015fam\u0131n\u0131 yitirdi. Ailesinin payla\u015f\u0131m\u0131 y\u00fcrekleri da\u011flad\u0131. &#13; &#13; G\u00fczelyurt b\u00f6lgesine ba\u011fl\u0131 Z\u00fcmr\u00fctk\u00f6y\u2019\u00fcn sevilen insanlar\u0131ndan Selma \u00d6nal, T\u00fcrkiye\u2019de ge\u00e7irdi\u011fi kalp ameliyat\u0131 s\u0131ras\u0131nda hayat\u0131n\u0131 kaybetti. &#13; &#13; \u0130stanbul\u2019dan gelen ac\u0131 haber, ba\u015fta ailesi olmak \u00fczere t\u00fcm sevenlerini yasa bo\u011fdu. K\u00f6y halk\u0131, \u00d6nal\u2019\u0131n","og_url":"https:\/\/kibrisdakik.com\/?p=107141","article_published_time":"2026-02-26T12:43:33+00:00","og_image":[{"url":"https:\/\/mhahabercom.teimg.com\/crop\/1280x720\/mhahaber-com\/uploads\/2026\/02\/m-h-a-m-h-a-318.png","type":"","width":"","height":""}],"author":"admin","twitter_card":"summary_large_image","twitter_misc":{"Yazan:":"admin","Tahmini okuma s\u00fcresi":"1 dakika"},"schema":{"@context":"https:\/\/schema.org","@graph":[{"@type":"Article","@id":"https:\/\/kibrisdakik.com\/?p=107141#article","isPartOf":{"@id":"https:\/\/kibrisdakik.com\/?p=107141"},"author":{"name":"admin","@id":"https:\/\/kibrisdakik.com\/#\/schema\/person\/9cd9d437bbb44f72b73ba127e06d8e79"},"headline":"Z\u00dcMR\u00dcTK\u00d6Y\u2019\u00dc \u0130STANBUL\u2019DAN GELEN ACI HABER YASA BO\u011eDU!","datePublished":"2026-02-26T12:43:33+00:00","mainEntityOfPage":{"@id":"https:\/\/kibrisdakik.com\/?p=107141"},"wordCount":237,"commentCount":0,"image":{"@id":"https:\/\/kibrisdakik.com\/?p=107141#primaryimage"},"thumbnailUrl":"https:\/\/kibrisdakik.com\/wp-content\/uploads\/2026\/02\/m-h-a-m-h-a-318.png","articleSection":["K\u0131br\u0131s"],"inLanguage":"tr","potentialAction":[{"@type":"CommentAction","name":"Comment","target":["https:\/\/kibrisdakik.com\/?p=107141#respond"]}]},{"@type":"WebPage","@id":"https:\/\/kibrisdakik.com\/?p=107141","url":"https:\/\/kibrisdakik.com\/?p=107141","name":"Z\u00dcMR\u00dcTK\u00d6Y\u2019\u00dc \u0130STANBUL\u2019DAN GELEN ACI HABER YASA BO\u011eDU! -","isPartOf":{"@id":"https:\/\/kibrisdakik.com\/#website"},"primaryImageOfPage":{"@id":"https:\/\/kibrisdakik.com\/?p=107141#primaryimage"},"image":{"@id":"https:\/\/kibrisdakik.com\/?p=107141#primaryimage"},"thumbnailUrl":"https:\/\/kibrisdakik.com\/wp-content\/uploads\/2026\/02\/m-h-a-m-h-a-318.png","datePublished":"2026-02-26T12:43:33+00:00","author":{"@id":"https:\/\/kibrisdakik.com\/#\/schema\/person\/9cd9d437bbb44f72b73ba127e06d8e79"},"breadcrumb":{"@id":"https:\/\/kibrisdakik.com\/?p=107141#breadcrumb"},"inLanguage":"tr","potentialAction":[{"@type":"ReadAction","target":["https:\/\/kibrisdakik.com\/?p=107141"]}]},{"@type":"ImageObject","inLanguage":"tr","@id":"https:\/\/kibrisdakik.com\/?p=107141#primaryimage","url":"https:\/\/kibrisdakik.com\/wp-content\/uploads\/2026\/02\/m-h-a-m-h-a-318.png","contentUrl":"https:\/\/kibrisdakik.com\/wp-content\/uploads\/2026\/02\/m-h-a-m-h-a-318.png","width":1280,"height":720},{"@type":"BreadcrumbList","@id":"https:\/\/kibrisdakik.com\/?p=107141#breadcrumb","itemListElement":[{"@type":"ListItem","position":1,"name":"Home","item":"https:\/\/kibrisdakik.com\/"},{"@type":"ListItem","position":2,"name":"Z\u00dcMR\u00dcTK\u00d6Y\u2019\u00dc \u0130STANBUL\u2019DAN GELEN ACI HABER YASA BO\u011eDU!"}]},{"@type":"WebSite","@id":"https:\/\/kibrisdakik.com\/#website","url":"https:\/\/kibrisdakik.com\/","name":"","description":"Tam vaktinde haber","potentialAction":[{"@type":"SearchAction","target":{"@type":"EntryPoint","urlTemplate":"https:\/\/kibrisdakik.com\/?s={search_term_string}"},"query-input":{"@type":"PropertyValueSpecification","valueRequired":true,"valueName":"search_term_string"}}],"inLanguage":"tr"},{"@type":"Person","@id":"https:\/\/kibrisdakik.com\/#\/schema\/person\/9cd9d437bbb44f72b73ba127e06d8e79","name":"admin","image":{"@type":"ImageObject","inLanguage":"tr","@id":"https:\/\/secure.gravatar.com\/avatar\/ccc17943b9d660506c869530f897617f7cb1c21a4bf30023f252596d83e1f007?s=96&d=mm&r=g","url":"https:\/\/secure.gravatar.com\/avatar\/ccc17943b9d660506c869530f897617f7cb1c21a4bf30023f252596d83e1f007?s=96&d=mm&r=g","contentUrl":"https:\/\/secure.gravatar.com\/avatar\/ccc17943b9d660506c869530f897617f7cb1c21a4bf30023f252596d83e1f007?s=96&d=mm&r=g","caption":"admin"},"sameAs":["https:\/\/kibrisdakik.com"],"url":"https:\/\/kibrisdakik.com\/?author=1"}]}},"_links":{"self":[{"href":"https:\/\/kibrisdakik.com\/index.php?rest_route=\/wp\/v2\/posts\/107141","targetHints":{"allow":["GET"]}}],"collection":[{"href":"https:\/\/kibrisdakik.com\/index.php?rest_route=\/wp\/v2\/posts"}],"about":[{"href":"https:\/\/kibrisdakik.com\/index.php?rest_route=\/wp\/v2\/types\/post"}],"author":[{"embeddable":true,"href":"https:\/\/kibrisdakik.com\/index.php?rest_route=\/wp\/v2\/users\/1"}],"replies":[{"embeddable":true,"href":"https:\/\/kibrisdakik.com\/index.php?rest_route=%2Fwp%2Fv2%2Fcomments&post=107141"}],"version-history":[{"count":0,"href":"https:\/\/kibrisdakik.com\/index.php?rest_route=\/wp\/v2\/posts\/107141\/revisions"}],"wp:featuredmedia":[{"embeddable":true,"href":"https:\/\/kibrisdakik.com\/index.php?rest_route=\/wp\/v2\/media\/107142"}],"wp:attachment":[{"href":"https:\/\/kibrisdakik.com\/index.php?rest_route=%2Fwp%2Fv2%2Fmedia&parent=107141"}],"wp:term":[{"taxonomy":"category","embeddable":true,"href":"https:\/\/kibrisdakik.com\/index.php?rest_route=%2Fwp%2Fv2%2Fcategories&post=107141"},{"taxonomy":"post_tag","embeddable":true,"href":"https:\/\/kibrisdakik.com\/index.php?rest_route=%2Fwp%2Fv2%2Ftags&post=107141"}],"curies":[{"name":"wp","href":"https:\/\/api.w.org\/{rel}","templated":true}]}}