{"id":107254,"date":"2026-02-28T09:59:14","date_gmt":"2026-02-28T07:59:14","guid":{"rendered":"https:\/\/kibrisdakik.com\/?p=107254"},"modified":"2026-02-28T09:59:14","modified_gmt":"2026-02-28T07:59:14","slug":"marco-rubio-irana-yaptirim-karari-aldik","status":"publish","type":"post","link":"https:\/\/kibrisdakik.com\/?p=107254","title":{"rendered":"MARCO RUB\u0130O: \u0130RAN\u2019A YAPTIRIM KARARI ALDIK"},"content":{"rendered":"<p><\/p>\n<div data-text-id=\"197048\" property=\"articleBody\">\n<p>ABD D\u0131\u015fi\u015fleri Bakan\u0131 Marco Rubio, \u0130ran&#8217;da yabanc\u0131lara y\u00f6nelik haks\u0131z yere g\u00f6zalt\u0131 uygulamalar\u0131 nedeniyle Tahran&#8217;a yapt\u0131r\u0131m karar\u0131 al\u0131nd\u0131\u011f\u0131n\u0131 duyurdu.<\/p>\n<p>Rubio, D\u0131\u015fi\u015fleri Bakanl\u0131\u011f\u0131n\u0131n internet sayfas\u0131ndan yap\u0131lan yaz\u0131l\u0131 a\u00e7\u0131klamayla, \u0130ran rejiminin 47 y\u0131l \u00f6nce iktidar\u0131 ele ge\u00e7irdi\u011fi d\u00f6nemde Ayetullah Humeyni&#8217;nin emriyle ABD B\u00fcy\u00fckel\u00e7ili\u011fi personelinin rehin al\u0131nmas\u0131n\u0131 ele\u015ftirdi.<\/p>\n<p>A\u00e7\u0131klamada, &#8220;\u0130ran, on y\u0131llard\u0131r, di\u011fer devletlere kar\u015f\u0131 siyasi koz olarak kullanmak \u00fczere masum Amerikal\u0131lar\u0131 ve di\u011fer uluslar\u0131n vatanda\u015flar\u0131n\u0131 ac\u0131mas\u0131zca g\u00f6zalt\u0131na almaya devam etti.&#8221; ifadesine yer veren Rubio, bu uygulaman\u0131n sona ermesi gerekti\u011fini belirtti.<\/p>\n<p>Rubio, ABD Ba\u015fkan\u0131 Donald Trump&#8217;\u0131n, 2025 y\u0131l\u0131nda ABD vatanda\u015flar\u0131n\u0131 yurt d\u0131\u015f\u0131nda &#8220;haks\u0131z yere&#8221; g\u00f6zalt\u0131na al\u0131nmaktan korumak i\u00e7in bir ba\u015fkanl\u0131k kararnamesi yay\u0131nlad\u0131\u011f\u0131n\u0131 ve ABD Kongresi&#8217;nin ayn\u0131 y\u0131l Haks\u0131z G\u00f6zalt\u0131yla M\u00fccadele Yasas\u0131&#8217;n\u0131 y\u00fcr\u00fcrl\u00fc\u011fe koydu\u011funu hat\u0131rlatt\u0131\u011f\u0131 a\u00e7\u0131klamas\u0131nda, bu giri\u015fimlerin D\u0131\u015fi\u015fleri Bakanl\u0131\u011f\u0131n\u0131n, \u0130ran&#8217;a y\u00f6nelik bu konuda yapt\u0131r\u0131m karar\u0131 almas\u0131n\u0131n \u00f6n\u00fcn\u00fc a\u00e7t\u0131\u011f\u0131n\u0131 vurgulad\u0131.<\/p>\n<p>Bakan Rubio, a\u00e7\u0131klamas\u0131nda, &#8220;\u0130ran bu uygulamadan vazge\u00e7mezse ABD pasaportuyla \u0130ran&#8217;a giri\u015f-\u00e7\u0131k\u0131\u015flarla ilgili potansiyel co\u011frafi seyahat k\u0131s\u0131tlamas\u0131 dahil ek \u00f6nlemler almak zorunda kalaca\u011f\u0131z.&#8221; ifadesini kulland\u0131.<\/p>\n<p>A\u00e7\u0131klamada, \u0130ran&#8217;\u0131n haks\u0131z yere g\u00f6zalt\u0131na al\u0131nan t\u00fcm Amerikan vatanda\u015flar\u0131n\u0131 serbest b\u0131rakmas\u0131 gerekti\u011fini belirten Rubio, b\u00f6yle bir durumda ise s\u00f6z konusu yapt\u0131r\u0131mlar\u0131n kald\u0131r\u0131labilece\u011finin alt\u0131n\u0131 \u00e7izdi.<\/p>\n<p>Rubio son olarak, hi\u00e7bir ABD vatanda\u015f\u0131n\u0131n \u0130ran&#8217;a &#8220;hi\u00e7bir sebeple&#8221; seyahat etmemesi gerekti\u011fine i\u015faret etti\u011fi a\u00e7\u0131klamas\u0131nda, \u0130ran&#8217;da bulunan t\u00fcm ABD vatanda\u015flar\u0131n\u0131n da &#8220;derhal&#8221; \u00fclkeyi terk etmesi \u00e7a\u011fr\u0131s\u0131nda bulundu.<\/p>\n<\/p><\/div>\n","protected":false},"excerpt":{"rendered":"<p>ABD D\u0131\u015fi\u015fleri Bakan\u0131 Marco Rubio, \u0130ran&#8217;da yabanc\u0131lara y\u00f6nelik haks\u0131z yere g\u00f6zalt\u0131 uygulamalar\u0131 nedeniyle Tahran&#8217;a yapt\u0131r\u0131m karar\u0131 al\u0131nd\u0131\u011f\u0131n\u0131 duyurdu. Rubio, D\u0131\u015fi\u015fleri Bakanl\u0131\u011f\u0131n\u0131n internet sayfas\u0131ndan yap\u0131lan yaz\u0131l\u0131 a\u00e7\u0131klamayla, \u0130ran rejiminin 47 y\u0131l \u00f6nce iktidar\u0131 ele ge\u00e7irdi\u011fi d\u00f6nemde Ayetullah Humeyni&#8217;nin emriyle ABD B\u00fcy\u00fckel\u00e7ili\u011fi personelinin rehin al\u0131nmas\u0131n\u0131 ele\u015ftirdi. A\u00e7\u0131klamada, &#8220;\u0130ran, on y\u0131llard\u0131r, di\u011fer devletlere kar\u015f\u0131 siyasi koz olarak kullanmak<\/p>\n","protected":false},"author":1,"featured_media":107255,"comment_status":"open","ping_status":"open","sticky":false,"template":"","format":"standard","meta":{"footnotes":""},"categories":[81],"tags":[],"class_list":["post-107254","post","type-post","status-publish","format-standard","has-post-thumbnail","hentry","category-kibris"],"yoast_head":"<!-- This site is optimized with the Yoast SEO plugin v27.5 - https:\/\/yoast.com\/product\/yoast-seo-wordpress\/ -->\n<title>MARCO RUB\u0130O: \u0130RAN\u2019A YAPTIRIM KARARI ALDIK -<\/title>\n<meta name=\"robots\" content=\"index, follow, max-snippet:-1, max-image-preview:large, max-video-preview:-1\" \/>\n<link rel=\"canonical\" href=\"https:\/\/kibrisdakik.com\/?p=107254\" \/>\n<meta property=\"og:locale\" content=\"tr_TR\" \/>\n<meta property=\"og:type\" content=\"article\" \/>\n<meta property=\"og:title\" content=\"MARCO RUB\u0130O: \u0130RAN\u2019A YAPTIRIM KARARI ALDIK -\" \/>\n<meta property=\"og:description\" content=\"ABD D\u0131\u015fi\u015fleri Bakan\u0131 Marco Rubio, \u0130ran&#8217;da yabanc\u0131lara y\u00f6nelik haks\u0131z yere g\u00f6zalt\u0131 uygulamalar\u0131 nedeniyle Tahran&#8217;a yapt\u0131r\u0131m karar\u0131 al\u0131nd\u0131\u011f\u0131n\u0131 duyurdu. Rubio, D\u0131\u015fi\u015fleri Bakanl\u0131\u011f\u0131n\u0131n internet sayfas\u0131ndan yap\u0131lan yaz\u0131l\u0131 a\u00e7\u0131klamayla, \u0130ran rejiminin 47 y\u0131l \u00f6nce iktidar\u0131 ele ge\u00e7irdi\u011fi d\u00f6nemde Ayetullah Humeyni&#8217;nin emriyle ABD B\u00fcy\u00fckel\u00e7ili\u011fi personelinin rehin al\u0131nmas\u0131n\u0131 ele\u015ftirdi. A\u00e7\u0131klamada, &#8220;\u0130ran, on y\u0131llard\u0131r, di\u011fer devletlere kar\u015f\u0131 siyasi koz olarak kullanmak\" \/>\n<meta property=\"og:url\" content=\"https:\/\/kibrisdakik.com\/?p=107254\" \/>\n<meta property=\"article:published_time\" content=\"2026-02-28T07:59:14+00:00\" \/>\n<meta property=\"og:image\" content=\"https:\/\/mhahabercom.teimg.com\/crop\/1280x720\/mhahaber-com\/uploads\/2026\/02\/mha-sari-beyaz-3538.png\" \/>\n<meta name=\"author\" content=\"admin\" \/>\n<meta name=\"twitter:card\" content=\"summary_large_image\" \/>\n<meta name=\"twitter:label1\" content=\"Yazan:\" \/>\n\t<meta name=\"twitter:data1\" content=\"admin\" \/>\n\t<meta name=\"twitter:label2\" content=\"Tahmini okuma s\u00fcresi\" \/>\n\t<meta name=\"twitter:data2\" content=\"2 dakika\" \/>\n<script type=\"application\/ld+json\" class=\"yoast-schema-graph\">{\"@context\":\"https:\\\/\\\/schema.org\",\"@graph\":[{\"@type\":\"Article\",\"@id\":\"https:\\\/\\\/kibrisdakik.com\\\/?p=107254#article\",\"isPartOf\":{\"@id\":\"https:\\\/\\\/kibrisdakik.com\\\/?p=107254\"},\"author\":{\"name\":\"admin\",\"@id\":\"https:\\\/\\\/kibrisdakik.com\\\/#\\\/schema\\\/person\\\/9cd9d437bbb44f72b73ba127e06d8e79\"},\"headline\":\"MARCO RUB\u0130O: \u0130RAN\u2019A YAPTIRIM KARARI ALDIK\",\"datePublished\":\"2026-02-28T07:59:14+00:00\",\"mainEntityOfPage\":{\"@id\":\"https:\\\/\\\/kibrisdakik.com\\\/?p=107254\"},\"wordCount\":338,\"commentCount\":0,\"image\":{\"@id\":\"https:\\\/\\\/kibrisdakik.com\\\/?p=107254#primaryimage\"},\"thumbnailUrl\":\"https:\\\/\\\/kibrisdakik.com\\\/wp-content\\\/uploads\\\/2026\\\/02\\\/mha-sari-beyaz-3538.png\",\"articleSection\":[\"K\u0131br\u0131s\"],\"inLanguage\":\"tr\",\"potentialAction\":[{\"@type\":\"CommentAction\",\"name\":\"Comment\",\"target\":[\"https:\\\/\\\/kibrisdakik.com\\\/?p=107254#respond\"]}]},{\"@type\":\"WebPage\",\"@id\":\"https:\\\/\\\/kibrisdakik.com\\\/?p=107254\",\"url\":\"https:\\\/\\\/kibrisdakik.com\\\/?p=107254\",\"name\":\"MARCO RUB\u0130O: \u0130RAN\u2019A YAPTIRIM KARARI ALDIK -\",\"isPartOf\":{\"@id\":\"https:\\\/\\\/kibrisdakik.com\\\/#website\"},\"primaryImageOfPage\":{\"@id\":\"https:\\\/\\\/kibrisdakik.com\\\/?p=107254#primaryimage\"},\"image\":{\"@id\":\"https:\\\/\\\/kibrisdakik.com\\\/?p=107254#primaryimage\"},\"thumbnailUrl\":\"https:\\\/\\\/kibrisdakik.com\\\/wp-content\\\/uploads\\\/2026\\\/02\\\/mha-sari-beyaz-3538.png\",\"datePublished\":\"2026-02-28T07:59:14+00:00\",\"author\":{\"@id\":\"https:\\\/\\\/kibrisdakik.com\\\/#\\\/schema\\\/person\\\/9cd9d437bbb44f72b73ba127e06d8e79\"},\"breadcrumb\":{\"@id\":\"https:\\\/\\\/kibrisdakik.com\\\/?p=107254#breadcrumb\"},\"inLanguage\":\"tr\",\"potentialAction\":[{\"@type\":\"ReadAction\",\"target\":[\"https:\\\/\\\/kibrisdakik.com\\\/?p=107254\"]}]},{\"@type\":\"ImageObject\",\"inLanguage\":\"tr\",\"@id\":\"https:\\\/\\\/kibrisdakik.com\\\/?p=107254#primaryimage\",\"url\":\"https:\\\/\\\/kibrisdakik.com\\\/wp-content\\\/uploads\\\/2026\\\/02\\\/mha-sari-beyaz-3538.png\",\"contentUrl\":\"https:\\\/\\\/kibrisdakik.com\\\/wp-content\\\/uploads\\\/2026\\\/02\\\/mha-sari-beyaz-3538.png\",\"width\":1280,\"height\":720},{\"@type\":\"BreadcrumbList\",\"@id\":\"https:\\\/\\\/kibrisdakik.com\\\/?p=107254#breadcrumb\",\"itemListElement\":[{\"@type\":\"ListItem\",\"position\":1,\"name\":\"Home\",\"item\":\"https:\\\/\\\/kibrisdakik.com\\\/\"},{\"@type\":\"ListItem\",\"position\":2,\"name\":\"MARCO RUB\u0130O: \u0130RAN\u2019A YAPTIRIM KARARI ALDIK\"}]},{\"@type\":\"WebSite\",\"@id\":\"https:\\\/\\\/kibrisdakik.com\\\/#website\",\"url\":\"https:\\\/\\\/kibrisdakik.com\\\/\",\"name\":\"\",\"description\":\"Tam vaktinde haber\",\"potentialAction\":[{\"@type\":\"SearchAction\",\"target\":{\"@type\":\"EntryPoint\",\"urlTemplate\":\"https:\\\/\\\/kibrisdakik.com\\\/?s={search_term_string}\"},\"query-input\":{\"@type\":\"PropertyValueSpecification\",\"valueRequired\":true,\"valueName\":\"search_term_string\"}}],\"inLanguage\":\"tr\"},{\"@type\":\"Person\",\"@id\":\"https:\\\/\\\/kibrisdakik.com\\\/#\\\/schema\\\/person\\\/9cd9d437bbb44f72b73ba127e06d8e79\",\"name\":\"admin\",\"image\":{\"@type\":\"ImageObject\",\"inLanguage\":\"tr\",\"@id\":\"https:\\\/\\\/secure.gravatar.com\\\/avatar\\\/ccc17943b9d660506c869530f897617f7cb1c21a4bf30023f252596d83e1f007?s=96&d=mm&r=g\",\"url\":\"https:\\\/\\\/secure.gravatar.com\\\/avatar\\\/ccc17943b9d660506c869530f897617f7cb1c21a4bf30023f252596d83e1f007?s=96&d=mm&r=g\",\"contentUrl\":\"https:\\\/\\\/secure.gravatar.com\\\/avatar\\\/ccc17943b9d660506c869530f897617f7cb1c21a4bf30023f252596d83e1f007?s=96&d=mm&r=g\",\"caption\":\"admin\"},\"sameAs\":[\"https:\\\/\\\/kibrisdakik.com\"],\"url\":\"https:\\\/\\\/kibrisdakik.com\\\/?author=1\"}]}<\/script>\n<!-- \/ Yoast SEO plugin. -->","yoast_head_json":{"title":"MARCO RUB\u0130O: \u0130RAN\u2019A YAPTIRIM KARARI ALDIK -","robots":{"index":"index","follow":"follow","max-snippet":"max-snippet:-1","max-image-preview":"max-image-preview:large","max-video-preview":"max-video-preview:-1"},"canonical":"https:\/\/kibrisdakik.com\/?p=107254","og_locale":"tr_TR","og_type":"article","og_title":"MARCO RUB\u0130O: \u0130RAN\u2019A YAPTIRIM KARARI ALDIK -","og_description":"ABD D\u0131\u015fi\u015fleri Bakan\u0131 Marco Rubio, \u0130ran&#8217;da yabanc\u0131lara y\u00f6nelik haks\u0131z yere g\u00f6zalt\u0131 uygulamalar\u0131 nedeniyle Tahran&#8217;a yapt\u0131r\u0131m karar\u0131 al\u0131nd\u0131\u011f\u0131n\u0131 duyurdu. Rubio, D\u0131\u015fi\u015fleri Bakanl\u0131\u011f\u0131n\u0131n internet sayfas\u0131ndan yap\u0131lan yaz\u0131l\u0131 a\u00e7\u0131klamayla, \u0130ran rejiminin 47 y\u0131l \u00f6nce iktidar\u0131 ele ge\u00e7irdi\u011fi d\u00f6nemde Ayetullah Humeyni&#8217;nin emriyle ABD B\u00fcy\u00fckel\u00e7ili\u011fi personelinin rehin al\u0131nmas\u0131n\u0131 ele\u015ftirdi. A\u00e7\u0131klamada, &#8220;\u0130ran, on y\u0131llard\u0131r, di\u011fer devletlere kar\u015f\u0131 siyasi koz olarak kullanmak","og_url":"https:\/\/kibrisdakik.com\/?p=107254","article_published_time":"2026-02-28T07:59:14+00:00","og_image":[{"url":"https:\/\/mhahabercom.teimg.com\/crop\/1280x720\/mhahaber-com\/uploads\/2026\/02\/mha-sari-beyaz-3538.png","type":"","width":"","height":""}],"author":"admin","twitter_card":"summary_large_image","twitter_misc":{"Yazan:":"admin","Tahmini okuma s\u00fcresi":"2 dakika"},"schema":{"@context":"https:\/\/schema.org","@graph":[{"@type":"Article","@id":"https:\/\/kibrisdakik.com\/?p=107254#article","isPartOf":{"@id":"https:\/\/kibrisdakik.com\/?p=107254"},"author":{"name":"admin","@id":"https:\/\/kibrisdakik.com\/#\/schema\/person\/9cd9d437bbb44f72b73ba127e06d8e79"},"headline":"MARCO RUB\u0130O: \u0130RAN\u2019A YAPTIRIM KARARI ALDIK","datePublished":"2026-02-28T07:59:14+00:00","mainEntityOfPage":{"@id":"https:\/\/kibrisdakik.com\/?p=107254"},"wordCount":338,"commentCount":0,"image":{"@id":"https:\/\/kibrisdakik.com\/?p=107254#primaryimage"},"thumbnailUrl":"https:\/\/kibrisdakik.com\/wp-content\/uploads\/2026\/02\/mha-sari-beyaz-3538.png","articleSection":["K\u0131br\u0131s"],"inLanguage":"tr","potentialAction":[{"@type":"CommentAction","name":"Comment","target":["https:\/\/kibrisdakik.com\/?p=107254#respond"]}]},{"@type":"WebPage","@id":"https:\/\/kibrisdakik.com\/?p=107254","url":"https:\/\/kibrisdakik.com\/?p=107254","name":"MARCO RUB\u0130O: \u0130RAN\u2019A YAPTIRIM KARARI ALDIK -","isPartOf":{"@id":"https:\/\/kibrisdakik.com\/#website"},"primaryImageOfPage":{"@id":"https:\/\/kibrisdakik.com\/?p=107254#primaryimage"},"image":{"@id":"https:\/\/kibrisdakik.com\/?p=107254#primaryimage"},"thumbnailUrl":"https:\/\/kibrisdakik.com\/wp-content\/uploads\/2026\/02\/mha-sari-beyaz-3538.png","datePublished":"2026-02-28T07:59:14+00:00","author":{"@id":"https:\/\/kibrisdakik.com\/#\/schema\/person\/9cd9d437bbb44f72b73ba127e06d8e79"},"breadcrumb":{"@id":"https:\/\/kibrisdakik.com\/?p=107254#breadcrumb"},"inLanguage":"tr","potentialAction":[{"@type":"ReadAction","target":["https:\/\/kibrisdakik.com\/?p=107254"]}]},{"@type":"ImageObject","inLanguage":"tr","@id":"https:\/\/kibrisdakik.com\/?p=107254#primaryimage","url":"https:\/\/kibrisdakik.com\/wp-content\/uploads\/2026\/02\/mha-sari-beyaz-3538.png","contentUrl":"https:\/\/kibrisdakik.com\/wp-content\/uploads\/2026\/02\/mha-sari-beyaz-3538.png","width":1280,"height":720},{"@type":"BreadcrumbList","@id":"https:\/\/kibrisdakik.com\/?p=107254#breadcrumb","itemListElement":[{"@type":"ListItem","position":1,"name":"Home","item":"https:\/\/kibrisdakik.com\/"},{"@type":"ListItem","position":2,"name":"MARCO RUB\u0130O: \u0130RAN\u2019A YAPTIRIM KARARI ALDIK"}]},{"@type":"WebSite","@id":"https:\/\/kibrisdakik.com\/#website","url":"https:\/\/kibrisdakik.com\/","name":"","description":"Tam vaktinde haber","potentialAction":[{"@type":"SearchAction","target":{"@type":"EntryPoint","urlTemplate":"https:\/\/kibrisdakik.com\/?s={search_term_string}"},"query-input":{"@type":"PropertyValueSpecification","valueRequired":true,"valueName":"search_term_string"}}],"inLanguage":"tr"},{"@type":"Person","@id":"https:\/\/kibrisdakik.com\/#\/schema\/person\/9cd9d437bbb44f72b73ba127e06d8e79","name":"admin","image":{"@type":"ImageObject","inLanguage":"tr","@id":"https:\/\/secure.gravatar.com\/avatar\/ccc17943b9d660506c869530f897617f7cb1c21a4bf30023f252596d83e1f007?s=96&d=mm&r=g","url":"https:\/\/secure.gravatar.com\/avatar\/ccc17943b9d660506c869530f897617f7cb1c21a4bf30023f252596d83e1f007?s=96&d=mm&r=g","contentUrl":"https:\/\/secure.gravatar.com\/avatar\/ccc17943b9d660506c869530f897617f7cb1c21a4bf30023f252596d83e1f007?s=96&d=mm&r=g","caption":"admin"},"sameAs":["https:\/\/kibrisdakik.com"],"url":"https:\/\/kibrisdakik.com\/?author=1"}]}},"_links":{"self":[{"href":"https:\/\/kibrisdakik.com\/index.php?rest_route=\/wp\/v2\/posts\/107254","targetHints":{"allow":["GET"]}}],"collection":[{"href":"https:\/\/kibrisdakik.com\/index.php?rest_route=\/wp\/v2\/posts"}],"about":[{"href":"https:\/\/kibrisdakik.com\/index.php?rest_route=\/wp\/v2\/types\/post"}],"author":[{"embeddable":true,"href":"https:\/\/kibrisdakik.com\/index.php?rest_route=\/wp\/v2\/users\/1"}],"replies":[{"embeddable":true,"href":"https:\/\/kibrisdakik.com\/index.php?rest_route=%2Fwp%2Fv2%2Fcomments&post=107254"}],"version-history":[{"count":0,"href":"https:\/\/kibrisdakik.com\/index.php?rest_route=\/wp\/v2\/posts\/107254\/revisions"}],"wp:featuredmedia":[{"embeddable":true,"href":"https:\/\/kibrisdakik.com\/index.php?rest_route=\/wp\/v2\/media\/107255"}],"wp:attachment":[{"href":"https:\/\/kibrisdakik.com\/index.php?rest_route=%2Fwp%2Fv2%2Fmedia&parent=107254"}],"wp:term":[{"taxonomy":"category","embeddable":true,"href":"https:\/\/kibrisdakik.com\/index.php?rest_route=%2Fwp%2Fv2%2Fcategories&post=107254"},{"taxonomy":"post_tag","embeddable":true,"href":"https:\/\/kibrisdakik.com\/index.php?rest_route=%2Fwp%2Fv2%2Ftags&post=107254"}],"curies":[{"name":"wp","href":"https:\/\/api.w.org\/{rel}","templated":true}]}}