{"id":107286,"date":"2026-02-28T14:53:16","date_gmt":"2026-02-28T12:53:16","guid":{"rendered":"https:\/\/kibrisdakik.com\/?p=107286"},"modified":"2026-02-28T14:53:16","modified_gmt":"2026-02-28T12:53:16","slug":"sivil-savunma-gunu-etkinligi-yapildi","status":"publish","type":"post","link":"https:\/\/kibrisdakik.com\/?p=107286","title":{"rendered":"\u201cS\u0130V\u0130L SAVUNMA G\u00dcN\u00dc\u201d ETK\u0130NL\u0130\u011e\u0130 YAPILDI"},"content":{"rendered":"<p><\/p>\n<div data-text-id=\"197078\" property=\"articleBody\">\n<p>Sivil Savunma Te\u015fkilat\u0131 Ba\u015fkanl\u0131\u011f\u0131, 28 \u015eubat Sivil Savunma G\u00fcn\u00fc dolay\u0131s\u0131yla etkinlik d\u00fczenledi.<\/p>\n<p>Lefko\u015fa Yeni\u015fehir b\u00f6lgesindeki Sivil Savunma Te\u015fkilat\u0131 Ba\u015fkanl\u0131\u011f\u0131 Arama Kurtarma \u015eube M\u00fcd\u00fcrl\u00fc\u011f\u00fcnde yer alan etkinli\u011fe, Polis Genel M\u00fcd\u00fcr\u00fc Ali Adal\u0131er ile di\u011fer yetkililer kat\u0131ld\u0131.<\/p>\n<p>Etkinlikte, Sivil Savunma Te\u015fkilat\u0131 Ba\u015fkan\u0131 Hakan Balaban a\u00e7\u0131l\u0131\u015f konu\u015fmas\u0131n\u0131 yaparken, Sivil Savunma Te\u015fkilat\u0131 Ba\u015fkan Yard\u0131mc\u0131s\u0131 Adil Rumi \u015eahbaz taraf\u0131ndan da bas\u0131na te\u015fkilat ile ilgili detayl\u0131 brifing verildi.<\/p>\n<p>Etkinlik, zeytin a\u011fac\u0131 fidan dikimi, Sivil Savunma ara\u00e7-gere\u00e7 ve envanter sergisinin gezilmesi, Mobil mutfak arac\u0131 ile ikram ile arama kurtarma ve sivil savunma ara\u00e7lar\u0131yla Lefko\u015fa kortej ge\u00e7i\u015fi ile tamamland\u0131.<\/p>\n<p>Sivil Savunma Ba\u015fkan\u0131 Balaban, 28 \u015eubat Sivil Savunma G\u00fcn\u00fc\u2019n\u00fcn 67\u2019inci y\u0131l\u0131 vesilesiyle bu anlaml\u0131 g\u00fcn\u00fc d\u00fczenlediklerini s\u00f6yledi.<\/p>\n<p>Balaban, bu g\u00fcn\u00fcn, toplumda afet bilincinin g\u00fc\u00e7lendirilmesi, risklere kar\u015f\u0131 haz\u0131rl\u0131kl\u0131 olma k\u00fclt\u00fcr\u00fcn\u00fcn yayg\u0131nla\u015ft\u0131r\u0131lmas\u0131 ve sivil savunman\u0131n hayati \u00f6neminin hat\u0131rlanmas\u0131 a\u00e7\u0131s\u0131ndan b\u00fcy\u00fck de\u011fer ta\u015f\u0131d\u0131\u011f\u0131n\u0131 kaydetti.<\/p>\n<p>Sivil savunman\u0131n; sava\u015f, do\u011fal afetler ve di\u011fer ola\u011fan\u00fcst\u00fc durumlarda halk\u0131n can ve mal g\u00fcvenli\u011fini korumak, hayati hizmetlerin devaml\u0131l\u0131\u011f\u0131n\u0131 sa\u011flamak ve ya\u015fam\u0131 en k\u0131sa s\u00fcrede normale d\u00f6nd\u00fcrmek amac\u0131yla y\u00fcr\u00fct\u00fclen planl\u0131 ve koordineli \u00e7al\u0131\u015fmalar\u0131n b\u00fct\u00fcn\u00fc oldu\u011funu belirten Balaban, \u015f\u00f6yle devam etti:<\/p>\n<p>\u201cBu y\u00f6n\u00fcyle sivil savunma, yaln\u0131zca kriz anlar\u0131nda de\u011fil, her zaman ve her ko\u015fulda haz\u0131r olmay\u0131 gerektiren bir sorumluluk alan\u0131d\u0131r.<\/p>\n<p>Bu sorumlulu\u011fu b\u00fcy\u00fck bir \u00f6zveriyle yerine getiren Sivil Savunma Te\u015fkilat\u0131 Ba\u015fkanl\u0131\u011f\u0131, Kuzey K\u0131br\u0131s T\u00fcrk Cumhuriyeti\u2019nde afet ve acil durumlara y\u00f6nelik haz\u0131rl\u0131k, m\u00fcdahale ve iyile\u015ftirme \u00e7al\u0131\u015fmalar\u0131n\u0131 y\u00fcr\u00fctmekle g\u00f6revli temel kurumdur.<\/p>\n<p>Ba\u015fkanl\u0131\u011f\u0131m\u0131z; afet ve acil durumlara y\u00f6nelik planlama faaliyetlerini y\u00fcr\u00fctmekte, arama-kurtarma \u00e7al\u0131\u015fmalar\u0131n\u0131 koordine etmekte, kamu kurum ve kurulu\u015flar\u0131 ile g\u00f6n\u00fcll\u00fc unsurlar olan Do\u011fal Afet Arama Kurtarma Derne\u011fi, K\u0131br\u0131s Arama Kurtarma Derne\u011fi, Sivil Afet Timi Derne\u011fi ve K\u0131br\u0131s T\u00fcrk Arama Kurtarma Derne\u011fi ile i\u015f birli\u011fini sa\u011flamakta ve toplumun afet bilincini art\u0131rmaya y\u00f6nelik e\u011fitim ve tatbikat faaliyetlerini ger\u00e7ekle\u015ftirmektedir. Bu kapsamda bu y\u0131l \u00fclkemizdeki t\u00fcm okullarda afete haz\u0131r okul e\u011fitimleri verilmeye devam etmektedir.<\/p>\n<p>Sivil Savunma Te\u015fkilat\u0131 Ba\u015fkanl\u0131\u011f\u0131, yaln\u0131zca m\u00fcdahaleci bir kurum de\u011fil; ayn\u0131 zamanda e\u011fiten, bilin\u00e7lendiren ve toplumsal dayan\u0131\u015fmay\u0131 g\u00fc\u00e7lendiren bir yap\u0131d\u0131r. \u00d6zellikle deprem, yang\u0131n, sel ve benzeri afet risklerinin bulundu\u011fu co\u011frafyam\u0131zda, haz\u0131rl\u0131kl\u0131 olmak bir tercih de\u011fil, zorunluluktur. Bu do\u011frultuda, var olan KKTC Afet M\u00fcdahale Plan\u0131 (KAMP), deprem, sel, yang\u0131n, kurakl\u0131k, salg\u0131n hastal\u0131k ve di\u011fer acil durumlarda kurumlar\u0131n koordineli \u015fekilde hareket etmesinde \u00f6nc\u00fcl oldu\u011fundan, Sivil Savunma Te\u015fkilat\u0131 Ba\u015fkanl\u0131\u011f\u0131 planlar\u0131 ile yeniden uyarlanma a\u015famas\u0131ndad\u0131r. Di\u011fer taraftan, kurumsal kapasitemizin art\u0131r\u0131lmas\u0131 kapsam\u0131nda, 1976 y\u0131l\u0131nda y\u00fcr\u00fcrl\u00fc\u011fe giren ve mevcut ihtiya\u00e7lar\u0131 kar\u015f\u0131lamada yetersiz kalan Personel Yasas\u0131\u2019n\u0131n g\u00fcncellenmesine ili\u015fkin \u00e7al\u0131\u015fmalar s\u00fcrd\u00fcr\u00fclmektedir.<\/p>\n<p>S\u00f6z konusu d\u00fczenlemelerin hayata ge\u00e7irilmesiyle birlikte personel say\u0131m\u0131z\u0131n art\u0131r\u0131lmas\u0131 hedeflenmekte olup, bu do\u011frultuda halk\u0131m\u0131za sunulan hizmetlerin etkinlik ve verimlili\u011finin daha da y\u00fckseltilmesi ama\u00e7lanmaktad\u0131r.\u201d<\/p>\n<p>Balaban, 28 \u015eubat Sivil Savunma G\u00fcn\u00fcn\u00fcn; \u201cAfetler ne zaman ve nerede meydana gelece\u011fi \u00f6nceden bilinemeyen olaylard\u0131r; ancak zararlar\u0131n\u0131 azaltmak bizim elimizdedir. Bilgi, e\u011fitim, planlama ve koordinasyon; kay\u0131plar\u0131 en aza indirmenin en etkili yollar\u0131d\u0131r\u201d ger\u00e7e\u011fini hat\u0131rlatt\u0131\u011f\u0131n\u0131 s\u00f6yledi.<\/p>\n<p>Balaban, bu anlaml\u0131 g\u00fcn vesilesiyle, sivil savunma hizmetlerinde g\u00f6rev yapan t\u00fcm personele, g\u00f6n\u00fcll\u00fclere ve payda\u015f kurumlara te\u015fekk\u00fcr etti.<\/p>\n<p>Balaban, halk\u0131; afetlere kar\u015f\u0131 bilin\u00e7li ve haz\u0131rl\u0131kl\u0131 olmaya \u00e7a\u011f\u0131r\u0131rken, \u201cUnutulmamal\u0131d\u0131r ki g\u00fc\u00e7l\u00fc bir sivil savunma, g\u00fcvenli bir toplumun teminat\u0131d\u0131r.<\/p>\n<p>Bu duygu ve d\u00fc\u015f\u00fcncelerle, 28 \u015eubat Sivil Savunma G\u00fcn\u00fc\u2019n\u00fc kutluyor; hepinize sayg\u0131lar\u0131m\u0131 sunuyorum\u201d dedi.<\/p>\n<\/p><\/div>\n","protected":false},"excerpt":{"rendered":"<p>Sivil Savunma Te\u015fkilat\u0131 Ba\u015fkanl\u0131\u011f\u0131, 28 \u015eubat Sivil Savunma G\u00fcn\u00fc dolay\u0131s\u0131yla etkinlik d\u00fczenledi. Lefko\u015fa Yeni\u015fehir b\u00f6lgesindeki Sivil Savunma Te\u015fkilat\u0131 Ba\u015fkanl\u0131\u011f\u0131 Arama Kurtarma \u015eube M\u00fcd\u00fcrl\u00fc\u011f\u00fcnde yer alan etkinli\u011fe, Polis Genel M\u00fcd\u00fcr\u00fc Ali Adal\u0131er ile di\u011fer yetkililer kat\u0131ld\u0131. Etkinlikte, Sivil Savunma Te\u015fkilat\u0131 Ba\u015fkan\u0131 Hakan Balaban a\u00e7\u0131l\u0131\u015f konu\u015fmas\u0131n\u0131 yaparken, Sivil Savunma Te\u015fkilat\u0131 Ba\u015fkan Yard\u0131mc\u0131s\u0131 Adil Rumi \u015eahbaz taraf\u0131ndan da<\/p>\n","protected":false},"author":1,"featured_media":107287,"comment_status":"open","ping_status":"open","sticky":false,"template":"","format":"standard","meta":{"footnotes":""},"categories":[81],"tags":[],"class_list":["post-107286","post","type-post","status-publish","format-standard","has-post-thumbnail","hentry","category-kibris"],"yoast_head":"<!-- This site is optimized with the Yoast SEO plugin v27.5 - https:\/\/yoast.com\/product\/yoast-seo-wordpress\/ -->\n<title>\u201cS\u0130V\u0130L SAVUNMA G\u00dcN\u00dc\u201d ETK\u0130NL\u0130\u011e\u0130 YAPILDI -<\/title>\n<meta name=\"robots\" content=\"index, follow, max-snippet:-1, max-image-preview:large, max-video-preview:-1\" \/>\n<link rel=\"canonical\" href=\"https:\/\/kibrisdakik.com\/?p=107286\" \/>\n<meta property=\"og:locale\" content=\"tr_TR\" \/>\n<meta property=\"og:type\" content=\"article\" \/>\n<meta property=\"og:title\" content=\"\u201cS\u0130V\u0130L SAVUNMA G\u00dcN\u00dc\u201d ETK\u0130NL\u0130\u011e\u0130 YAPILDI -\" \/>\n<meta property=\"og:description\" content=\"Sivil Savunma Te\u015fkilat\u0131 Ba\u015fkanl\u0131\u011f\u0131, 28 \u015eubat Sivil Savunma G\u00fcn\u00fc dolay\u0131s\u0131yla etkinlik d\u00fczenledi. Lefko\u015fa Yeni\u015fehir b\u00f6lgesindeki Sivil Savunma Te\u015fkilat\u0131 Ba\u015fkanl\u0131\u011f\u0131 Arama Kurtarma \u015eube M\u00fcd\u00fcrl\u00fc\u011f\u00fcnde yer alan etkinli\u011fe, Polis Genel M\u00fcd\u00fcr\u00fc Ali Adal\u0131er ile di\u011fer yetkililer kat\u0131ld\u0131. Etkinlikte, Sivil Savunma Te\u015fkilat\u0131 Ba\u015fkan\u0131 Hakan Balaban a\u00e7\u0131l\u0131\u015f konu\u015fmas\u0131n\u0131 yaparken, Sivil Savunma Te\u015fkilat\u0131 Ba\u015fkan Yard\u0131mc\u0131s\u0131 Adil Rumi \u015eahbaz taraf\u0131ndan da\" \/>\n<meta property=\"og:url\" content=\"https:\/\/kibrisdakik.com\/?p=107286\" \/>\n<meta property=\"article:published_time\" content=\"2026-02-28T12:53:16+00:00\" \/>\n<meta property=\"og:image\" content=\"https:\/\/mhahabercom.teimg.com\/crop\/1280x720\/mhahaber-com\/uploads\/2026\/02\/mha-sari-beyaz-3552.png\" \/>\n<meta name=\"author\" content=\"admin\" \/>\n<meta name=\"twitter:card\" content=\"summary_large_image\" \/>\n<meta name=\"twitter:label1\" content=\"Yazan:\" \/>\n\t<meta name=\"twitter:data1\" content=\"admin\" \/>\n\t<meta name=\"twitter:label2\" content=\"Tahmini okuma s\u00fcresi\" \/>\n\t<meta name=\"twitter:data2\" content=\"4 dakika\" \/>\n<script type=\"application\/ld+json\" class=\"yoast-schema-graph\">{\"@context\":\"https:\\\/\\\/schema.org\",\"@graph\":[{\"@type\":\"Article\",\"@id\":\"https:\\\/\\\/kibrisdakik.com\\\/?p=107286#article\",\"isPartOf\":{\"@id\":\"https:\\\/\\\/kibrisdakik.com\\\/?p=107286\"},\"author\":{\"name\":\"admin\",\"@id\":\"https:\\\/\\\/kibrisdakik.com\\\/#\\\/schema\\\/person\\\/9cd9d437bbb44f72b73ba127e06d8e79\"},\"headline\":\"\u201cS\u0130V\u0130L SAVUNMA G\u00dcN\u00dc\u201d ETK\u0130NL\u0130\u011e\u0130 YAPILDI\",\"datePublished\":\"2026-02-28T12:53:16+00:00\",\"mainEntityOfPage\":{\"@id\":\"https:\\\/\\\/kibrisdakik.com\\\/?p=107286\"},\"wordCount\":754,\"commentCount\":0,\"image\":{\"@id\":\"https:\\\/\\\/kibrisdakik.com\\\/?p=107286#primaryimage\"},\"thumbnailUrl\":\"https:\\\/\\\/kibrisdakik.com\\\/wp-content\\\/uploads\\\/2026\\\/02\\\/mha-sari-beyaz-3552.png\",\"articleSection\":[\"K\u0131br\u0131s\"],\"inLanguage\":\"tr\",\"potentialAction\":[{\"@type\":\"CommentAction\",\"name\":\"Comment\",\"target\":[\"https:\\\/\\\/kibrisdakik.com\\\/?p=107286#respond\"]}]},{\"@type\":\"WebPage\",\"@id\":\"https:\\\/\\\/kibrisdakik.com\\\/?p=107286\",\"url\":\"https:\\\/\\\/kibrisdakik.com\\\/?p=107286\",\"name\":\"\u201cS\u0130V\u0130L SAVUNMA G\u00dcN\u00dc\u201d ETK\u0130NL\u0130\u011e\u0130 YAPILDI -\",\"isPartOf\":{\"@id\":\"https:\\\/\\\/kibrisdakik.com\\\/#website\"},\"primaryImageOfPage\":{\"@id\":\"https:\\\/\\\/kibrisdakik.com\\\/?p=107286#primaryimage\"},\"image\":{\"@id\":\"https:\\\/\\\/kibrisdakik.com\\\/?p=107286#primaryimage\"},\"thumbnailUrl\":\"https:\\\/\\\/kibrisdakik.com\\\/wp-content\\\/uploads\\\/2026\\\/02\\\/mha-sari-beyaz-3552.png\",\"datePublished\":\"2026-02-28T12:53:16+00:00\",\"author\":{\"@id\":\"https:\\\/\\\/kibrisdakik.com\\\/#\\\/schema\\\/person\\\/9cd9d437bbb44f72b73ba127e06d8e79\"},\"breadcrumb\":{\"@id\":\"https:\\\/\\\/kibrisdakik.com\\\/?p=107286#breadcrumb\"},\"inLanguage\":\"tr\",\"potentialAction\":[{\"@type\":\"ReadAction\",\"target\":[\"https:\\\/\\\/kibrisdakik.com\\\/?p=107286\"]}]},{\"@type\":\"ImageObject\",\"inLanguage\":\"tr\",\"@id\":\"https:\\\/\\\/kibrisdakik.com\\\/?p=107286#primaryimage\",\"url\":\"https:\\\/\\\/kibrisdakik.com\\\/wp-content\\\/uploads\\\/2026\\\/02\\\/mha-sari-beyaz-3552.png\",\"contentUrl\":\"https:\\\/\\\/kibrisdakik.com\\\/wp-content\\\/uploads\\\/2026\\\/02\\\/mha-sari-beyaz-3552.png\",\"width\":1280,\"height\":720},{\"@type\":\"BreadcrumbList\",\"@id\":\"https:\\\/\\\/kibrisdakik.com\\\/?p=107286#breadcrumb\",\"itemListElement\":[{\"@type\":\"ListItem\",\"position\":1,\"name\":\"Home\",\"item\":\"https:\\\/\\\/kibrisdakik.com\\\/\"},{\"@type\":\"ListItem\",\"position\":2,\"name\":\"\u201cS\u0130V\u0130L SAVUNMA G\u00dcN\u00dc\u201d ETK\u0130NL\u0130\u011e\u0130 YAPILDI\"}]},{\"@type\":\"WebSite\",\"@id\":\"https:\\\/\\\/kibrisdakik.com\\\/#website\",\"url\":\"https:\\\/\\\/kibrisdakik.com\\\/\",\"name\":\"\",\"description\":\"Tam vaktinde haber\",\"potentialAction\":[{\"@type\":\"SearchAction\",\"target\":{\"@type\":\"EntryPoint\",\"urlTemplate\":\"https:\\\/\\\/kibrisdakik.com\\\/?s={search_term_string}\"},\"query-input\":{\"@type\":\"PropertyValueSpecification\",\"valueRequired\":true,\"valueName\":\"search_term_string\"}}],\"inLanguage\":\"tr\"},{\"@type\":\"Person\",\"@id\":\"https:\\\/\\\/kibrisdakik.com\\\/#\\\/schema\\\/person\\\/9cd9d437bbb44f72b73ba127e06d8e79\",\"name\":\"admin\",\"image\":{\"@type\":\"ImageObject\",\"inLanguage\":\"tr\",\"@id\":\"https:\\\/\\\/secure.gravatar.com\\\/avatar\\\/ccc17943b9d660506c869530f897617f7cb1c21a4bf30023f252596d83e1f007?s=96&d=mm&r=g\",\"url\":\"https:\\\/\\\/secure.gravatar.com\\\/avatar\\\/ccc17943b9d660506c869530f897617f7cb1c21a4bf30023f252596d83e1f007?s=96&d=mm&r=g\",\"contentUrl\":\"https:\\\/\\\/secure.gravatar.com\\\/avatar\\\/ccc17943b9d660506c869530f897617f7cb1c21a4bf30023f252596d83e1f007?s=96&d=mm&r=g\",\"caption\":\"admin\"},\"sameAs\":[\"https:\\\/\\\/kibrisdakik.com\"],\"url\":\"https:\\\/\\\/kibrisdakik.com\\\/?author=1\"}]}<\/script>\n<!-- \/ Yoast SEO plugin. -->","yoast_head_json":{"title":"\u201cS\u0130V\u0130L SAVUNMA G\u00dcN\u00dc\u201d ETK\u0130NL\u0130\u011e\u0130 YAPILDI -","robots":{"index":"index","follow":"follow","max-snippet":"max-snippet:-1","max-image-preview":"max-image-preview:large","max-video-preview":"max-video-preview:-1"},"canonical":"https:\/\/kibrisdakik.com\/?p=107286","og_locale":"tr_TR","og_type":"article","og_title":"\u201cS\u0130V\u0130L SAVUNMA G\u00dcN\u00dc\u201d ETK\u0130NL\u0130\u011e\u0130 YAPILDI -","og_description":"Sivil Savunma Te\u015fkilat\u0131 Ba\u015fkanl\u0131\u011f\u0131, 28 \u015eubat Sivil Savunma G\u00fcn\u00fc dolay\u0131s\u0131yla etkinlik d\u00fczenledi. Lefko\u015fa Yeni\u015fehir b\u00f6lgesindeki Sivil Savunma Te\u015fkilat\u0131 Ba\u015fkanl\u0131\u011f\u0131 Arama Kurtarma \u015eube M\u00fcd\u00fcrl\u00fc\u011f\u00fcnde yer alan etkinli\u011fe, Polis Genel M\u00fcd\u00fcr\u00fc Ali Adal\u0131er ile di\u011fer yetkililer kat\u0131ld\u0131. Etkinlikte, Sivil Savunma Te\u015fkilat\u0131 Ba\u015fkan\u0131 Hakan Balaban a\u00e7\u0131l\u0131\u015f konu\u015fmas\u0131n\u0131 yaparken, Sivil Savunma Te\u015fkilat\u0131 Ba\u015fkan Yard\u0131mc\u0131s\u0131 Adil Rumi \u015eahbaz taraf\u0131ndan da","og_url":"https:\/\/kibrisdakik.com\/?p=107286","article_published_time":"2026-02-28T12:53:16+00:00","og_image":[{"url":"https:\/\/mhahabercom.teimg.com\/crop\/1280x720\/mhahaber-com\/uploads\/2026\/02\/mha-sari-beyaz-3552.png","type":"","width":"","height":""}],"author":"admin","twitter_card":"summary_large_image","twitter_misc":{"Yazan:":"admin","Tahmini okuma s\u00fcresi":"4 dakika"},"schema":{"@context":"https:\/\/schema.org","@graph":[{"@type":"Article","@id":"https:\/\/kibrisdakik.com\/?p=107286#article","isPartOf":{"@id":"https:\/\/kibrisdakik.com\/?p=107286"},"author":{"name":"admin","@id":"https:\/\/kibrisdakik.com\/#\/schema\/person\/9cd9d437bbb44f72b73ba127e06d8e79"},"headline":"\u201cS\u0130V\u0130L SAVUNMA G\u00dcN\u00dc\u201d ETK\u0130NL\u0130\u011e\u0130 YAPILDI","datePublished":"2026-02-28T12:53:16+00:00","mainEntityOfPage":{"@id":"https:\/\/kibrisdakik.com\/?p=107286"},"wordCount":754,"commentCount":0,"image":{"@id":"https:\/\/kibrisdakik.com\/?p=107286#primaryimage"},"thumbnailUrl":"https:\/\/kibrisdakik.com\/wp-content\/uploads\/2026\/02\/mha-sari-beyaz-3552.png","articleSection":["K\u0131br\u0131s"],"inLanguage":"tr","potentialAction":[{"@type":"CommentAction","name":"Comment","target":["https:\/\/kibrisdakik.com\/?p=107286#respond"]}]},{"@type":"WebPage","@id":"https:\/\/kibrisdakik.com\/?p=107286","url":"https:\/\/kibrisdakik.com\/?p=107286","name":"\u201cS\u0130V\u0130L SAVUNMA G\u00dcN\u00dc\u201d ETK\u0130NL\u0130\u011e\u0130 YAPILDI -","isPartOf":{"@id":"https:\/\/kibrisdakik.com\/#website"},"primaryImageOfPage":{"@id":"https:\/\/kibrisdakik.com\/?p=107286#primaryimage"},"image":{"@id":"https:\/\/kibrisdakik.com\/?p=107286#primaryimage"},"thumbnailUrl":"https:\/\/kibrisdakik.com\/wp-content\/uploads\/2026\/02\/mha-sari-beyaz-3552.png","datePublished":"2026-02-28T12:53:16+00:00","author":{"@id":"https:\/\/kibrisdakik.com\/#\/schema\/person\/9cd9d437bbb44f72b73ba127e06d8e79"},"breadcrumb":{"@id":"https:\/\/kibrisdakik.com\/?p=107286#breadcrumb"},"inLanguage":"tr","potentialAction":[{"@type":"ReadAction","target":["https:\/\/kibrisdakik.com\/?p=107286"]}]},{"@type":"ImageObject","inLanguage":"tr","@id":"https:\/\/kibrisdakik.com\/?p=107286#primaryimage","url":"https:\/\/kibrisdakik.com\/wp-content\/uploads\/2026\/02\/mha-sari-beyaz-3552.png","contentUrl":"https:\/\/kibrisdakik.com\/wp-content\/uploads\/2026\/02\/mha-sari-beyaz-3552.png","width":1280,"height":720},{"@type":"BreadcrumbList","@id":"https:\/\/kibrisdakik.com\/?p=107286#breadcrumb","itemListElement":[{"@type":"ListItem","position":1,"name":"Home","item":"https:\/\/kibrisdakik.com\/"},{"@type":"ListItem","position":2,"name":"\u201cS\u0130V\u0130L SAVUNMA G\u00dcN\u00dc\u201d ETK\u0130NL\u0130\u011e\u0130 YAPILDI"}]},{"@type":"WebSite","@id":"https:\/\/kibrisdakik.com\/#website","url":"https:\/\/kibrisdakik.com\/","name":"","description":"Tam vaktinde haber","potentialAction":[{"@type":"SearchAction","target":{"@type":"EntryPoint","urlTemplate":"https:\/\/kibrisdakik.com\/?s={search_term_string}"},"query-input":{"@type":"PropertyValueSpecification","valueRequired":true,"valueName":"search_term_string"}}],"inLanguage":"tr"},{"@type":"Person","@id":"https:\/\/kibrisdakik.com\/#\/schema\/person\/9cd9d437bbb44f72b73ba127e06d8e79","name":"admin","image":{"@type":"ImageObject","inLanguage":"tr","@id":"https:\/\/secure.gravatar.com\/avatar\/ccc17943b9d660506c869530f897617f7cb1c21a4bf30023f252596d83e1f007?s=96&d=mm&r=g","url":"https:\/\/secure.gravatar.com\/avatar\/ccc17943b9d660506c869530f897617f7cb1c21a4bf30023f252596d83e1f007?s=96&d=mm&r=g","contentUrl":"https:\/\/secure.gravatar.com\/avatar\/ccc17943b9d660506c869530f897617f7cb1c21a4bf30023f252596d83e1f007?s=96&d=mm&r=g","caption":"admin"},"sameAs":["https:\/\/kibrisdakik.com"],"url":"https:\/\/kibrisdakik.com\/?author=1"}]}},"_links":{"self":[{"href":"https:\/\/kibrisdakik.com\/index.php?rest_route=\/wp\/v2\/posts\/107286","targetHints":{"allow":["GET"]}}],"collection":[{"href":"https:\/\/kibrisdakik.com\/index.php?rest_route=\/wp\/v2\/posts"}],"about":[{"href":"https:\/\/kibrisdakik.com\/index.php?rest_route=\/wp\/v2\/types\/post"}],"author":[{"embeddable":true,"href":"https:\/\/kibrisdakik.com\/index.php?rest_route=\/wp\/v2\/users\/1"}],"replies":[{"embeddable":true,"href":"https:\/\/kibrisdakik.com\/index.php?rest_route=%2Fwp%2Fv2%2Fcomments&post=107286"}],"version-history":[{"count":0,"href":"https:\/\/kibrisdakik.com\/index.php?rest_route=\/wp\/v2\/posts\/107286\/revisions"}],"wp:featuredmedia":[{"embeddable":true,"href":"https:\/\/kibrisdakik.com\/index.php?rest_route=\/wp\/v2\/media\/107287"}],"wp:attachment":[{"href":"https:\/\/kibrisdakik.com\/index.php?rest_route=%2Fwp%2Fv2%2Fmedia&parent=107286"}],"wp:term":[{"taxonomy":"category","embeddable":true,"href":"https:\/\/kibrisdakik.com\/index.php?rest_route=%2Fwp%2Fv2%2Fcategories&post=107286"},{"taxonomy":"post_tag","embeddable":true,"href":"https:\/\/kibrisdakik.com\/index.php?rest_route=%2Fwp%2Fv2%2Ftags&post=107286"}],"curies":[{"name":"wp","href":"https:\/\/api.w.org\/{rel}","templated":true}]}}