{"id":107355,"date":"2026-03-02T13:26:39","date_gmt":"2026-03-02T11:26:39","guid":{"rendered":"https:\/\/kibrisdakik.com\/?p=107355"},"modified":"2026-03-02T13:26:39","modified_gmt":"2026-03-02T11:26:39","slug":"meclis-komitesinde-mucahitler-yasa-tasarisi-gorusuldu","status":"publish","type":"post","link":"https:\/\/kibrisdakik.com\/?p=107355","title":{"rendered":"MECL\u0130S KOM\u0130TES\u0130NDE M\u00dcCAH\u0130TLER YASA TASARISI G\u00d6R\u00dc\u015e\u00dcLD\u00dc"},"content":{"rendered":"<p><\/p>\n<div data-text-id=\"197135\" property=\"articleBody\">\n<p>Cumhuriyet Meclisi, \u0130dari, Kamu ve Sa\u011fl\u0131k \u0130\u015fleri Komitesi bug\u00fcn UBP Milletvekili Komite Ba\u015fkan\u0131 Sunat Atun ba\u015fkanl\u0131\u011f\u0131nda toplanarak g\u00fcndeminde bulunan \u201cM\u00fccahitlerin Tazmini ile Gazilerin Hak ve Menfaatlerinin Belirlenmesi (De\u011fi\u015fiklik) Yasa Tasar\u0131s\u0131\u201dn\u0131n ikinci g\u00f6r\u00fc\u015fmesini tamamlad\u0131.<\/p>\n<p>S\u00f6z konusu Yasa Tasar\u0131s\u0131n\u0131n ivedili\u011fi bulunmad\u0131\u011f\u0131ndan \u00fc\u00e7\u00fcnc\u00fc g\u00f6r\u00fc\u015fmesinin bir sonraki toplant\u0131da yap\u0131laca\u011f\u0131 bildirildi.<\/p>\n<p>Meclisten verilen bilgiye g\u00f6re, toplant\u0131ya davetli olarak Maliye Bakanl\u0131\u011f\u0131 ve K\u0131br\u0131s TMT M\u00fccahitler Derne\u011fi\u2019nden yetkililer ve temsilciler kat\u0131larak konu ile ilgili g\u00f6r\u00fc\u015flerini sundu.<\/p>\n<p>Komite toplant\u0131s\u0131na, Komite Ba\u015fkan Vekili CTP Milletvekili Filiz Besim, Komite \u00dcyeleri UBP Milletvekili Ahmet Sava\u015fan ve F\u0131rt\u0131na Karanfil ile CTP Milletvekili Devrim Bar\u00e7\u0131n kat\u0131ld\u0131. Maliye Bakan\u0131 \u00d6zdemir Berova ile UBP Milletvekili Hasan K\u00fc\u00e7\u00fck de toplant\u0131da yer ald\u0131.<\/p>\n<\/p><\/div>\n","protected":false},"excerpt":{"rendered":"<p>Cumhuriyet Meclisi, \u0130dari, Kamu ve Sa\u011fl\u0131k \u0130\u015fleri Komitesi bug\u00fcn UBP Milletvekili Komite Ba\u015fkan\u0131 Sunat Atun ba\u015fkanl\u0131\u011f\u0131nda toplanarak g\u00fcndeminde bulunan \u201cM\u00fccahitlerin Tazmini ile Gazilerin Hak ve Menfaatlerinin Belirlenmesi (De\u011fi\u015fiklik) Yasa Tasar\u0131s\u0131\u201dn\u0131n ikinci g\u00f6r\u00fc\u015fmesini tamamlad\u0131. S\u00f6z konusu Yasa Tasar\u0131s\u0131n\u0131n ivedili\u011fi bulunmad\u0131\u011f\u0131ndan \u00fc\u00e7\u00fcnc\u00fc g\u00f6r\u00fc\u015fmesinin bir sonraki toplant\u0131da yap\u0131laca\u011f\u0131 bildirildi. Meclisten verilen bilgiye g\u00f6re, toplant\u0131ya davetli olarak Maliye Bakanl\u0131\u011f\u0131<\/p>\n","protected":false},"author":1,"featured_media":107356,"comment_status":"open","ping_status":"open","sticky":false,"template":"","format":"standard","meta":{"footnotes":""},"categories":[81],"tags":[],"class_list":["post-107355","post","type-post","status-publish","format-standard","has-post-thumbnail","hentry","category-kibris"],"yoast_head":"<!-- This site is optimized with the Yoast SEO plugin v27.5 - https:\/\/yoast.com\/product\/yoast-seo-wordpress\/ -->\n<title>MECL\u0130S KOM\u0130TES\u0130NDE M\u00dcCAH\u0130TLER YASA TASARISI G\u00d6R\u00dc\u015e\u00dcLD\u00dc -<\/title>\n<meta name=\"robots\" content=\"index, follow, max-snippet:-1, max-image-preview:large, max-video-preview:-1\" \/>\n<link rel=\"canonical\" href=\"https:\/\/kibrisdakik.com\/?p=107355\" \/>\n<meta property=\"og:locale\" content=\"tr_TR\" \/>\n<meta property=\"og:type\" content=\"article\" \/>\n<meta property=\"og:title\" content=\"MECL\u0130S KOM\u0130TES\u0130NDE M\u00dcCAH\u0130TLER YASA TASARISI G\u00d6R\u00dc\u015e\u00dcLD\u00dc -\" \/>\n<meta property=\"og:description\" content=\"Cumhuriyet Meclisi, \u0130dari, Kamu ve Sa\u011fl\u0131k \u0130\u015fleri Komitesi bug\u00fcn UBP Milletvekili Komite Ba\u015fkan\u0131 Sunat Atun ba\u015fkanl\u0131\u011f\u0131nda toplanarak g\u00fcndeminde bulunan \u201cM\u00fccahitlerin Tazmini ile Gazilerin Hak ve Menfaatlerinin Belirlenmesi (De\u011fi\u015fiklik) Yasa Tasar\u0131s\u0131\u201dn\u0131n ikinci g\u00f6r\u00fc\u015fmesini tamamlad\u0131. S\u00f6z konusu Yasa Tasar\u0131s\u0131n\u0131n ivedili\u011fi bulunmad\u0131\u011f\u0131ndan \u00fc\u00e7\u00fcnc\u00fc g\u00f6r\u00fc\u015fmesinin bir sonraki toplant\u0131da yap\u0131laca\u011f\u0131 bildirildi. Meclisten verilen bilgiye g\u00f6re, toplant\u0131ya davetli olarak Maliye Bakanl\u0131\u011f\u0131\" \/>\n<meta property=\"og:url\" content=\"https:\/\/kibrisdakik.com\/?p=107355\" \/>\n<meta property=\"article:published_time\" content=\"2026-03-02T11:26:39+00:00\" \/>\n<meta property=\"og:image\" content=\"https:\/\/mhahabercom.teimg.com\/crop\/1280x720\/mhahaber-com\/uploads\/2026\/03\/mha-sari-beyaz-3572.png\" \/>\n<meta name=\"author\" content=\"admin\" \/>\n<meta name=\"twitter:card\" content=\"summary_large_image\" \/>\n<meta name=\"twitter:label1\" content=\"Yazan:\" \/>\n\t<meta name=\"twitter:data1\" content=\"admin\" \/>\n\t<meta name=\"twitter:label2\" content=\"Tahmini okuma s\u00fcresi\" \/>\n\t<meta name=\"twitter:data2\" content=\"1 dakika\" \/>\n<script type=\"application\/ld+json\" class=\"yoast-schema-graph\">{\"@context\":\"https:\\\/\\\/schema.org\",\"@graph\":[{\"@type\":\"Article\",\"@id\":\"https:\\\/\\\/kibrisdakik.com\\\/?p=107355#article\",\"isPartOf\":{\"@id\":\"https:\\\/\\\/kibrisdakik.com\\\/?p=107355\"},\"author\":{\"name\":\"admin\",\"@id\":\"https:\\\/\\\/kibrisdakik.com\\\/#\\\/schema\\\/person\\\/9cd9d437bbb44f72b73ba127e06d8e79\"},\"headline\":\"MECL\u0130S KOM\u0130TES\u0130NDE M\u00dcCAH\u0130TLER YASA TASARISI G\u00d6R\u00dc\u015e\u00dcLD\u00dc\",\"datePublished\":\"2026-03-02T11:26:39+00:00\",\"mainEntityOfPage\":{\"@id\":\"https:\\\/\\\/kibrisdakik.com\\\/?p=107355\"},\"wordCount\":164,\"commentCount\":0,\"image\":{\"@id\":\"https:\\\/\\\/kibrisdakik.com\\\/?p=107355#primaryimage\"},\"thumbnailUrl\":\"https:\\\/\\\/kibrisdakik.com\\\/wp-content\\\/uploads\\\/2026\\\/03\\\/mha-sari-beyaz-3572.png\",\"articleSection\":[\"K\u0131br\u0131s\"],\"inLanguage\":\"tr\",\"potentialAction\":[{\"@type\":\"CommentAction\",\"name\":\"Comment\",\"target\":[\"https:\\\/\\\/kibrisdakik.com\\\/?p=107355#respond\"]}]},{\"@type\":\"WebPage\",\"@id\":\"https:\\\/\\\/kibrisdakik.com\\\/?p=107355\",\"url\":\"https:\\\/\\\/kibrisdakik.com\\\/?p=107355\",\"name\":\"MECL\u0130S KOM\u0130TES\u0130NDE M\u00dcCAH\u0130TLER YASA TASARISI G\u00d6R\u00dc\u015e\u00dcLD\u00dc -\",\"isPartOf\":{\"@id\":\"https:\\\/\\\/kibrisdakik.com\\\/#website\"},\"primaryImageOfPage\":{\"@id\":\"https:\\\/\\\/kibrisdakik.com\\\/?p=107355#primaryimage\"},\"image\":{\"@id\":\"https:\\\/\\\/kibrisdakik.com\\\/?p=107355#primaryimage\"},\"thumbnailUrl\":\"https:\\\/\\\/kibrisdakik.com\\\/wp-content\\\/uploads\\\/2026\\\/03\\\/mha-sari-beyaz-3572.png\",\"datePublished\":\"2026-03-02T11:26:39+00:00\",\"author\":{\"@id\":\"https:\\\/\\\/kibrisdakik.com\\\/#\\\/schema\\\/person\\\/9cd9d437bbb44f72b73ba127e06d8e79\"},\"breadcrumb\":{\"@id\":\"https:\\\/\\\/kibrisdakik.com\\\/?p=107355#breadcrumb\"},\"inLanguage\":\"tr\",\"potentialAction\":[{\"@type\":\"ReadAction\",\"target\":[\"https:\\\/\\\/kibrisdakik.com\\\/?p=107355\"]}]},{\"@type\":\"ImageObject\",\"inLanguage\":\"tr\",\"@id\":\"https:\\\/\\\/kibrisdakik.com\\\/?p=107355#primaryimage\",\"url\":\"https:\\\/\\\/kibrisdakik.com\\\/wp-content\\\/uploads\\\/2026\\\/03\\\/mha-sari-beyaz-3572.png\",\"contentUrl\":\"https:\\\/\\\/kibrisdakik.com\\\/wp-content\\\/uploads\\\/2026\\\/03\\\/mha-sari-beyaz-3572.png\",\"width\":1280,\"height\":720},{\"@type\":\"BreadcrumbList\",\"@id\":\"https:\\\/\\\/kibrisdakik.com\\\/?p=107355#breadcrumb\",\"itemListElement\":[{\"@type\":\"ListItem\",\"position\":1,\"name\":\"Home\",\"item\":\"https:\\\/\\\/kibrisdakik.com\\\/\"},{\"@type\":\"ListItem\",\"position\":2,\"name\":\"MECL\u0130S KOM\u0130TES\u0130NDE M\u00dcCAH\u0130TLER YASA TASARISI G\u00d6R\u00dc\u015e\u00dcLD\u00dc\"}]},{\"@type\":\"WebSite\",\"@id\":\"https:\\\/\\\/kibrisdakik.com\\\/#website\",\"url\":\"https:\\\/\\\/kibrisdakik.com\\\/\",\"name\":\"\",\"description\":\"Tam vaktinde haber\",\"potentialAction\":[{\"@type\":\"SearchAction\",\"target\":{\"@type\":\"EntryPoint\",\"urlTemplate\":\"https:\\\/\\\/kibrisdakik.com\\\/?s={search_term_string}\"},\"query-input\":{\"@type\":\"PropertyValueSpecification\",\"valueRequired\":true,\"valueName\":\"search_term_string\"}}],\"inLanguage\":\"tr\"},{\"@type\":\"Person\",\"@id\":\"https:\\\/\\\/kibrisdakik.com\\\/#\\\/schema\\\/person\\\/9cd9d437bbb44f72b73ba127e06d8e79\",\"name\":\"admin\",\"image\":{\"@type\":\"ImageObject\",\"inLanguage\":\"tr\",\"@id\":\"https:\\\/\\\/secure.gravatar.com\\\/avatar\\\/ccc17943b9d660506c869530f897617f7cb1c21a4bf30023f252596d83e1f007?s=96&d=mm&r=g\",\"url\":\"https:\\\/\\\/secure.gravatar.com\\\/avatar\\\/ccc17943b9d660506c869530f897617f7cb1c21a4bf30023f252596d83e1f007?s=96&d=mm&r=g\",\"contentUrl\":\"https:\\\/\\\/secure.gravatar.com\\\/avatar\\\/ccc17943b9d660506c869530f897617f7cb1c21a4bf30023f252596d83e1f007?s=96&d=mm&r=g\",\"caption\":\"admin\"},\"sameAs\":[\"https:\\\/\\\/kibrisdakik.com\"],\"url\":\"https:\\\/\\\/kibrisdakik.com\\\/?author=1\"}]}<\/script>\n<!-- \/ Yoast SEO plugin. -->","yoast_head_json":{"title":"MECL\u0130S KOM\u0130TES\u0130NDE M\u00dcCAH\u0130TLER YASA TASARISI G\u00d6R\u00dc\u015e\u00dcLD\u00dc -","robots":{"index":"index","follow":"follow","max-snippet":"max-snippet:-1","max-image-preview":"max-image-preview:large","max-video-preview":"max-video-preview:-1"},"canonical":"https:\/\/kibrisdakik.com\/?p=107355","og_locale":"tr_TR","og_type":"article","og_title":"MECL\u0130S KOM\u0130TES\u0130NDE M\u00dcCAH\u0130TLER YASA TASARISI G\u00d6R\u00dc\u015e\u00dcLD\u00dc -","og_description":"Cumhuriyet Meclisi, \u0130dari, Kamu ve Sa\u011fl\u0131k \u0130\u015fleri Komitesi bug\u00fcn UBP Milletvekili Komite Ba\u015fkan\u0131 Sunat Atun ba\u015fkanl\u0131\u011f\u0131nda toplanarak g\u00fcndeminde bulunan \u201cM\u00fccahitlerin Tazmini ile Gazilerin Hak ve Menfaatlerinin Belirlenmesi (De\u011fi\u015fiklik) Yasa Tasar\u0131s\u0131\u201dn\u0131n ikinci g\u00f6r\u00fc\u015fmesini tamamlad\u0131. S\u00f6z konusu Yasa Tasar\u0131s\u0131n\u0131n ivedili\u011fi bulunmad\u0131\u011f\u0131ndan \u00fc\u00e7\u00fcnc\u00fc g\u00f6r\u00fc\u015fmesinin bir sonraki toplant\u0131da yap\u0131laca\u011f\u0131 bildirildi. Meclisten verilen bilgiye g\u00f6re, toplant\u0131ya davetli olarak Maliye Bakanl\u0131\u011f\u0131","og_url":"https:\/\/kibrisdakik.com\/?p=107355","article_published_time":"2026-03-02T11:26:39+00:00","og_image":[{"url":"https:\/\/mhahabercom.teimg.com\/crop\/1280x720\/mhahaber-com\/uploads\/2026\/03\/mha-sari-beyaz-3572.png","type":"","width":"","height":""}],"author":"admin","twitter_card":"summary_large_image","twitter_misc":{"Yazan:":"admin","Tahmini okuma s\u00fcresi":"1 dakika"},"schema":{"@context":"https:\/\/schema.org","@graph":[{"@type":"Article","@id":"https:\/\/kibrisdakik.com\/?p=107355#article","isPartOf":{"@id":"https:\/\/kibrisdakik.com\/?p=107355"},"author":{"name":"admin","@id":"https:\/\/kibrisdakik.com\/#\/schema\/person\/9cd9d437bbb44f72b73ba127e06d8e79"},"headline":"MECL\u0130S KOM\u0130TES\u0130NDE M\u00dcCAH\u0130TLER YASA TASARISI G\u00d6R\u00dc\u015e\u00dcLD\u00dc","datePublished":"2026-03-02T11:26:39+00:00","mainEntityOfPage":{"@id":"https:\/\/kibrisdakik.com\/?p=107355"},"wordCount":164,"commentCount":0,"image":{"@id":"https:\/\/kibrisdakik.com\/?p=107355#primaryimage"},"thumbnailUrl":"https:\/\/kibrisdakik.com\/wp-content\/uploads\/2026\/03\/mha-sari-beyaz-3572.png","articleSection":["K\u0131br\u0131s"],"inLanguage":"tr","potentialAction":[{"@type":"CommentAction","name":"Comment","target":["https:\/\/kibrisdakik.com\/?p=107355#respond"]}]},{"@type":"WebPage","@id":"https:\/\/kibrisdakik.com\/?p=107355","url":"https:\/\/kibrisdakik.com\/?p=107355","name":"MECL\u0130S KOM\u0130TES\u0130NDE M\u00dcCAH\u0130TLER YASA TASARISI G\u00d6R\u00dc\u015e\u00dcLD\u00dc -","isPartOf":{"@id":"https:\/\/kibrisdakik.com\/#website"},"primaryImageOfPage":{"@id":"https:\/\/kibrisdakik.com\/?p=107355#primaryimage"},"image":{"@id":"https:\/\/kibrisdakik.com\/?p=107355#primaryimage"},"thumbnailUrl":"https:\/\/kibrisdakik.com\/wp-content\/uploads\/2026\/03\/mha-sari-beyaz-3572.png","datePublished":"2026-03-02T11:26:39+00:00","author":{"@id":"https:\/\/kibrisdakik.com\/#\/schema\/person\/9cd9d437bbb44f72b73ba127e06d8e79"},"breadcrumb":{"@id":"https:\/\/kibrisdakik.com\/?p=107355#breadcrumb"},"inLanguage":"tr","potentialAction":[{"@type":"ReadAction","target":["https:\/\/kibrisdakik.com\/?p=107355"]}]},{"@type":"ImageObject","inLanguage":"tr","@id":"https:\/\/kibrisdakik.com\/?p=107355#primaryimage","url":"https:\/\/kibrisdakik.com\/wp-content\/uploads\/2026\/03\/mha-sari-beyaz-3572.png","contentUrl":"https:\/\/kibrisdakik.com\/wp-content\/uploads\/2026\/03\/mha-sari-beyaz-3572.png","width":1280,"height":720},{"@type":"BreadcrumbList","@id":"https:\/\/kibrisdakik.com\/?p=107355#breadcrumb","itemListElement":[{"@type":"ListItem","position":1,"name":"Home","item":"https:\/\/kibrisdakik.com\/"},{"@type":"ListItem","position":2,"name":"MECL\u0130S KOM\u0130TES\u0130NDE M\u00dcCAH\u0130TLER YASA TASARISI G\u00d6R\u00dc\u015e\u00dcLD\u00dc"}]},{"@type":"WebSite","@id":"https:\/\/kibrisdakik.com\/#website","url":"https:\/\/kibrisdakik.com\/","name":"","description":"Tam vaktinde haber","potentialAction":[{"@type":"SearchAction","target":{"@type":"EntryPoint","urlTemplate":"https:\/\/kibrisdakik.com\/?s={search_term_string}"},"query-input":{"@type":"PropertyValueSpecification","valueRequired":true,"valueName":"search_term_string"}}],"inLanguage":"tr"},{"@type":"Person","@id":"https:\/\/kibrisdakik.com\/#\/schema\/person\/9cd9d437bbb44f72b73ba127e06d8e79","name":"admin","image":{"@type":"ImageObject","inLanguage":"tr","@id":"https:\/\/secure.gravatar.com\/avatar\/ccc17943b9d660506c869530f897617f7cb1c21a4bf30023f252596d83e1f007?s=96&d=mm&r=g","url":"https:\/\/secure.gravatar.com\/avatar\/ccc17943b9d660506c869530f897617f7cb1c21a4bf30023f252596d83e1f007?s=96&d=mm&r=g","contentUrl":"https:\/\/secure.gravatar.com\/avatar\/ccc17943b9d660506c869530f897617f7cb1c21a4bf30023f252596d83e1f007?s=96&d=mm&r=g","caption":"admin"},"sameAs":["https:\/\/kibrisdakik.com"],"url":"https:\/\/kibrisdakik.com\/?author=1"}]}},"_links":{"self":[{"href":"https:\/\/kibrisdakik.com\/index.php?rest_route=\/wp\/v2\/posts\/107355","targetHints":{"allow":["GET"]}}],"collection":[{"href":"https:\/\/kibrisdakik.com\/index.php?rest_route=\/wp\/v2\/posts"}],"about":[{"href":"https:\/\/kibrisdakik.com\/index.php?rest_route=\/wp\/v2\/types\/post"}],"author":[{"embeddable":true,"href":"https:\/\/kibrisdakik.com\/index.php?rest_route=\/wp\/v2\/users\/1"}],"replies":[{"embeddable":true,"href":"https:\/\/kibrisdakik.com\/index.php?rest_route=%2Fwp%2Fv2%2Fcomments&post=107355"}],"version-history":[{"count":0,"href":"https:\/\/kibrisdakik.com\/index.php?rest_route=\/wp\/v2\/posts\/107355\/revisions"}],"wp:featuredmedia":[{"embeddable":true,"href":"https:\/\/kibrisdakik.com\/index.php?rest_route=\/wp\/v2\/media\/107356"}],"wp:attachment":[{"href":"https:\/\/kibrisdakik.com\/index.php?rest_route=%2Fwp%2Fv2%2Fmedia&parent=107355"}],"wp:term":[{"taxonomy":"category","embeddable":true,"href":"https:\/\/kibrisdakik.com\/index.php?rest_route=%2Fwp%2Fv2%2Fcategories&post=107355"},{"taxonomy":"post_tag","embeddable":true,"href":"https:\/\/kibrisdakik.com\/index.php?rest_route=%2Fwp%2Fv2%2Ftags&post=107355"}],"curies":[{"name":"wp","href":"https:\/\/api.w.org\/{rel}","templated":true}]}}