{"id":107409,"date":"2026-03-03T10:23:14","date_gmt":"2026-03-03T08:23:14","guid":{"rendered":"https:\/\/kibrisdakik.com\/?p=107409"},"modified":"2026-03-03T10:23:14","modified_gmt":"2026-03-03T08:23:14","slug":"israil-lubnanin-guneyinde-kara-harekati-baslatti","status":"publish","type":"post","link":"https:\/\/kibrisdakik.com\/?p=107409","title":{"rendered":"\u0130SRA\u0130L L\u00dcBNAN\u2019IN G\u00dcNEY\u0130NDE KARA HAREK\u00c2TI BA\u015eLATTI"},"content":{"rendered":"<p><\/p>\n<div data-text-id=\"197186\" property=\"articleBody\">\n<article dir=\"auto\" tabindex=\"-1\">&#13;<\/p>\n<p>\u0130srail, L\u00fcbnan\u2019a y\u00f6nelik sald\u0131r\u0131lar\u0131n\u0131 geni\u015fleterek \u00fclkenin g\u00fcneyinde kara harek\u00e2t\u0131 ba\u015flatt\u0131\u011f\u0131n\u0131 duyurdu. \u0130srail ordusu, birliklerin \u201cstratejik noktalarda\u201d konu\u015fland\u0131\u011f\u0131n\u0131 a\u00e7\u0131klad\u0131.<\/p>\n<p>                                &#13;<br \/>\n&#13;<\/p>\n<p>\u0130srail ile \u0130ran aras\u0131nda s\u00fcren gerilim devam ederken, L\u00fcbnan\u2019a y\u00f6nelik hava sald\u0131r\u0131lar\u0131n\u0131n ard\u0131ndan kara operasyonu karar\u0131 al\u0131nd\u0131. Sald\u0131r\u0131lar\u0131n, Hizbullah taraf\u0131ndan at\u0131lan f\u00fczeler sonras\u0131nda yo\u011funla\u015ft\u0131\u011f\u0131 bildirildi.<\/p>\n<p>&#13;<br \/>\n&#13;<\/p>\n<p>\u0130srail ordusu sabah saatlerinden itibaren Beyrut\u2019un g\u00fcneyinde \u201cHizbullah\u2019\u0131n kalesi\u201d olarak bilinen Dahiye b\u00f6lgesindeki Hureyk ve Hedes mahallelerine hava sald\u0131r\u0131lar\u0131 d\u00fczenledi. Sald\u0131r\u0131lar sonras\u0131 b\u00f6lgede \u015fiddetli patlamalar meydana gelirken, yo\u011fun duman y\u00fckseldi\u011fi aktar\u0131ld\u0131.<\/p>\n<p>&#13;<br \/>\n&#13;<\/p>\n<p>Israel Katz yapt\u0131\u011f\u0131 a\u00e7\u0131klamada, \u0130srail ordusuna L\u00fcbnan\u2019da ilerleme ve \u00e7e\u015fitli noktalar\u0131 kontrol alt\u0131na alma yetkisi verildi\u011fini belirtti.<\/p>\n<p>&#13;<br \/>\n&#13;<\/p>\n<p>\u00d6te yandan \u0130srail ordusu, L\u00fcbnan\u2019\u0131n g\u00fcneyindeki 59 k\u00f6y ve belde i\u00e7in sald\u0131r\u0131 tehdidinde bulunarak, b\u00f6lge sakinlerine evlerini terk etmeleri \u00e7a\u011fr\u0131s\u0131 yapt\u0131. B\u00f6lgedeki geli\u015fmeler yak\u0131ndan takip ediliyor.<\/p>\n<p>&#13;<br \/>\n<\/article>\n<\/p><\/div>\n","protected":false},"excerpt":{"rendered":"<p>&#13; \u0130srail, L\u00fcbnan\u2019a y\u00f6nelik sald\u0131r\u0131lar\u0131n\u0131 geni\u015fleterek \u00fclkenin g\u00fcneyinde kara harek\u00e2t\u0131 ba\u015flatt\u0131\u011f\u0131n\u0131 duyurdu. \u0130srail ordusu, birliklerin \u201cstratejik noktalarda\u201d konu\u015fland\u0131\u011f\u0131n\u0131 a\u00e7\u0131klad\u0131. &#13; &#13; \u0130srail ile \u0130ran aras\u0131nda s\u00fcren gerilim devam ederken, L\u00fcbnan\u2019a y\u00f6nelik hava sald\u0131r\u0131lar\u0131n\u0131n ard\u0131ndan kara operasyonu karar\u0131 al\u0131nd\u0131. Sald\u0131r\u0131lar\u0131n, Hizbullah taraf\u0131ndan at\u0131lan f\u00fczeler sonras\u0131nda yo\u011funla\u015ft\u0131\u011f\u0131 bildirildi. &#13; &#13; \u0130srail ordusu sabah saatlerinden itibaren Beyrut\u2019un g\u00fcneyinde<\/p>\n","protected":false},"author":1,"featured_media":107410,"comment_status":"open","ping_status":"open","sticky":false,"template":"","format":"standard","meta":{"footnotes":""},"categories":[81],"tags":[],"class_list":["post-107409","post","type-post","status-publish","format-standard","has-post-thumbnail","hentry","category-kibris"],"yoast_head":"<!-- This site is optimized with the Yoast SEO plugin v27.4 - https:\/\/yoast.com\/product\/yoast-seo-wordpress\/ -->\n<title>\u0130SRA\u0130L L\u00dcBNAN\u2019IN G\u00dcNEY\u0130NDE KARA HAREK\u00c2TI BA\u015eLATTI -<\/title>\n<meta name=\"robots\" content=\"index, follow, max-snippet:-1, max-image-preview:large, max-video-preview:-1\" \/>\n<link rel=\"canonical\" href=\"https:\/\/kibrisdakik.com\/?p=107409\" \/>\n<meta property=\"og:locale\" content=\"tr_TR\" \/>\n<meta property=\"og:type\" content=\"article\" \/>\n<meta property=\"og:title\" content=\"\u0130SRA\u0130L L\u00dcBNAN\u2019IN G\u00dcNEY\u0130NDE KARA HAREK\u00c2TI BA\u015eLATTI -\" \/>\n<meta property=\"og:description\" content=\"&#013; \u0130srail, L\u00fcbnan\u2019a y\u00f6nelik sald\u0131r\u0131lar\u0131n\u0131 geni\u015fleterek \u00fclkenin g\u00fcneyinde kara harek\u00e2t\u0131 ba\u015flatt\u0131\u011f\u0131n\u0131 duyurdu. \u0130srail ordusu, birliklerin \u201cstratejik noktalarda\u201d konu\u015fland\u0131\u011f\u0131n\u0131 a\u00e7\u0131klad\u0131. &#013; &#013; \u0130srail ile \u0130ran aras\u0131nda s\u00fcren gerilim devam ederken, L\u00fcbnan\u2019a y\u00f6nelik hava sald\u0131r\u0131lar\u0131n\u0131n ard\u0131ndan kara operasyonu karar\u0131 al\u0131nd\u0131. Sald\u0131r\u0131lar\u0131n, Hizbullah taraf\u0131ndan at\u0131lan f\u00fczeler sonras\u0131nda yo\u011funla\u015ft\u0131\u011f\u0131 bildirildi. &#013; &#013; \u0130srail ordusu sabah saatlerinden itibaren Beyrut\u2019un g\u00fcneyinde\" \/>\n<meta property=\"og:url\" content=\"https:\/\/kibrisdakik.com\/?p=107409\" \/>\n<meta property=\"article:published_time\" content=\"2026-03-03T08:23:14+00:00\" \/>\n<meta property=\"og:image\" content=\"https:\/\/mhahabercom.teimg.com\/crop\/1280x720\/mhahaber-com\/uploads\/2026\/03\/mha-sari-beyaz-3590.png\" \/>\n<meta name=\"author\" content=\"admin\" \/>\n<meta name=\"twitter:card\" content=\"summary_large_image\" \/>\n<meta name=\"twitter:label1\" content=\"Yazan:\" \/>\n\t<meta name=\"twitter:data1\" content=\"admin\" \/>\n\t<meta name=\"twitter:label2\" content=\"Tahmini okuma s\u00fcresi\" \/>\n\t<meta name=\"twitter:data2\" content=\"1 dakika\" \/>\n<script type=\"application\/ld+json\" class=\"yoast-schema-graph\">{\"@context\":\"https:\\\/\\\/schema.org\",\"@graph\":[{\"@type\":\"Article\",\"@id\":\"https:\\\/\\\/kibrisdakik.com\\\/?p=107409#article\",\"isPartOf\":{\"@id\":\"https:\\\/\\\/kibrisdakik.com\\\/?p=107409\"},\"author\":{\"name\":\"admin\",\"@id\":\"https:\\\/\\\/kibrisdakik.com\\\/#\\\/schema\\\/person\\\/9cd9d437bbb44f72b73ba127e06d8e79\"},\"headline\":\"\u0130SRA\u0130L L\u00dcBNAN\u2019IN G\u00dcNEY\u0130NDE KARA HAREK\u00c2TI BA\u015eLATTI\",\"datePublished\":\"2026-03-03T08:23:14+00:00\",\"mainEntityOfPage\":{\"@id\":\"https:\\\/\\\/kibrisdakik.com\\\/?p=107409\"},\"wordCount\":195,\"commentCount\":0,\"image\":{\"@id\":\"https:\\\/\\\/kibrisdakik.com\\\/?p=107409#primaryimage\"},\"thumbnailUrl\":\"https:\\\/\\\/kibrisdakik.com\\\/wp-content\\\/uploads\\\/2026\\\/03\\\/mha-sari-beyaz-3590.png\",\"articleSection\":[\"K\u0131br\u0131s\"],\"inLanguage\":\"tr\",\"potentialAction\":[{\"@type\":\"CommentAction\",\"name\":\"Comment\",\"target\":[\"https:\\\/\\\/kibrisdakik.com\\\/?p=107409#respond\"]}]},{\"@type\":\"WebPage\",\"@id\":\"https:\\\/\\\/kibrisdakik.com\\\/?p=107409\",\"url\":\"https:\\\/\\\/kibrisdakik.com\\\/?p=107409\",\"name\":\"\u0130SRA\u0130L L\u00dcBNAN\u2019IN G\u00dcNEY\u0130NDE KARA HAREK\u00c2TI BA\u015eLATTI -\",\"isPartOf\":{\"@id\":\"https:\\\/\\\/kibrisdakik.com\\\/#website\"},\"primaryImageOfPage\":{\"@id\":\"https:\\\/\\\/kibrisdakik.com\\\/?p=107409#primaryimage\"},\"image\":{\"@id\":\"https:\\\/\\\/kibrisdakik.com\\\/?p=107409#primaryimage\"},\"thumbnailUrl\":\"https:\\\/\\\/kibrisdakik.com\\\/wp-content\\\/uploads\\\/2026\\\/03\\\/mha-sari-beyaz-3590.png\",\"datePublished\":\"2026-03-03T08:23:14+00:00\",\"author\":{\"@id\":\"https:\\\/\\\/kibrisdakik.com\\\/#\\\/schema\\\/person\\\/9cd9d437bbb44f72b73ba127e06d8e79\"},\"breadcrumb\":{\"@id\":\"https:\\\/\\\/kibrisdakik.com\\\/?p=107409#breadcrumb\"},\"inLanguage\":\"tr\",\"potentialAction\":[{\"@type\":\"ReadAction\",\"target\":[\"https:\\\/\\\/kibrisdakik.com\\\/?p=107409\"]}]},{\"@type\":\"ImageObject\",\"inLanguage\":\"tr\",\"@id\":\"https:\\\/\\\/kibrisdakik.com\\\/?p=107409#primaryimage\",\"url\":\"https:\\\/\\\/kibrisdakik.com\\\/wp-content\\\/uploads\\\/2026\\\/03\\\/mha-sari-beyaz-3590.png\",\"contentUrl\":\"https:\\\/\\\/kibrisdakik.com\\\/wp-content\\\/uploads\\\/2026\\\/03\\\/mha-sari-beyaz-3590.png\",\"width\":1280,\"height\":720},{\"@type\":\"BreadcrumbList\",\"@id\":\"https:\\\/\\\/kibrisdakik.com\\\/?p=107409#breadcrumb\",\"itemListElement\":[{\"@type\":\"ListItem\",\"position\":1,\"name\":\"Home\",\"item\":\"https:\\\/\\\/kibrisdakik.com\\\/\"},{\"@type\":\"ListItem\",\"position\":2,\"name\":\"\u0130SRA\u0130L L\u00dcBNAN\u2019IN G\u00dcNEY\u0130NDE KARA HAREK\u00c2TI BA\u015eLATTI\"}]},{\"@type\":\"WebSite\",\"@id\":\"https:\\\/\\\/kibrisdakik.com\\\/#website\",\"url\":\"https:\\\/\\\/kibrisdakik.com\\\/\",\"name\":\"\",\"description\":\"Tam vaktinde haber\",\"potentialAction\":[{\"@type\":\"SearchAction\",\"target\":{\"@type\":\"EntryPoint\",\"urlTemplate\":\"https:\\\/\\\/kibrisdakik.com\\\/?s={search_term_string}\"},\"query-input\":{\"@type\":\"PropertyValueSpecification\",\"valueRequired\":true,\"valueName\":\"search_term_string\"}}],\"inLanguage\":\"tr\"},{\"@type\":\"Person\",\"@id\":\"https:\\\/\\\/kibrisdakik.com\\\/#\\\/schema\\\/person\\\/9cd9d437bbb44f72b73ba127e06d8e79\",\"name\":\"admin\",\"image\":{\"@type\":\"ImageObject\",\"inLanguage\":\"tr\",\"@id\":\"https:\\\/\\\/secure.gravatar.com\\\/avatar\\\/ccc17943b9d660506c869530f897617f7cb1c21a4bf30023f252596d83e1f007?s=96&d=mm&r=g\",\"url\":\"https:\\\/\\\/secure.gravatar.com\\\/avatar\\\/ccc17943b9d660506c869530f897617f7cb1c21a4bf30023f252596d83e1f007?s=96&d=mm&r=g\",\"contentUrl\":\"https:\\\/\\\/secure.gravatar.com\\\/avatar\\\/ccc17943b9d660506c869530f897617f7cb1c21a4bf30023f252596d83e1f007?s=96&d=mm&r=g\",\"caption\":\"admin\"},\"sameAs\":[\"https:\\\/\\\/kibrisdakik.com\"],\"url\":\"https:\\\/\\\/kibrisdakik.com\\\/?author=1\"}]}<\/script>\n<!-- \/ Yoast SEO plugin. -->","yoast_head_json":{"title":"\u0130SRA\u0130L L\u00dcBNAN\u2019IN G\u00dcNEY\u0130NDE KARA HAREK\u00c2TI BA\u015eLATTI -","robots":{"index":"index","follow":"follow","max-snippet":"max-snippet:-1","max-image-preview":"max-image-preview:large","max-video-preview":"max-video-preview:-1"},"canonical":"https:\/\/kibrisdakik.com\/?p=107409","og_locale":"tr_TR","og_type":"article","og_title":"\u0130SRA\u0130L L\u00dcBNAN\u2019IN G\u00dcNEY\u0130NDE KARA HAREK\u00c2TI BA\u015eLATTI -","og_description":"&#13; \u0130srail, L\u00fcbnan\u2019a y\u00f6nelik sald\u0131r\u0131lar\u0131n\u0131 geni\u015fleterek \u00fclkenin g\u00fcneyinde kara harek\u00e2t\u0131 ba\u015flatt\u0131\u011f\u0131n\u0131 duyurdu. \u0130srail ordusu, birliklerin \u201cstratejik noktalarda\u201d konu\u015fland\u0131\u011f\u0131n\u0131 a\u00e7\u0131klad\u0131. &#13; &#13; \u0130srail ile \u0130ran aras\u0131nda s\u00fcren gerilim devam ederken, L\u00fcbnan\u2019a y\u00f6nelik hava sald\u0131r\u0131lar\u0131n\u0131n ard\u0131ndan kara operasyonu karar\u0131 al\u0131nd\u0131. Sald\u0131r\u0131lar\u0131n, Hizbullah taraf\u0131ndan at\u0131lan f\u00fczeler sonras\u0131nda yo\u011funla\u015ft\u0131\u011f\u0131 bildirildi. &#13; &#13; \u0130srail ordusu sabah saatlerinden itibaren Beyrut\u2019un g\u00fcneyinde","og_url":"https:\/\/kibrisdakik.com\/?p=107409","article_published_time":"2026-03-03T08:23:14+00:00","og_image":[{"url":"https:\/\/mhahabercom.teimg.com\/crop\/1280x720\/mhahaber-com\/uploads\/2026\/03\/mha-sari-beyaz-3590.png","type":"","width":"","height":""}],"author":"admin","twitter_card":"summary_large_image","twitter_misc":{"Yazan:":"admin","Tahmini okuma s\u00fcresi":"1 dakika"},"schema":{"@context":"https:\/\/schema.org","@graph":[{"@type":"Article","@id":"https:\/\/kibrisdakik.com\/?p=107409#article","isPartOf":{"@id":"https:\/\/kibrisdakik.com\/?p=107409"},"author":{"name":"admin","@id":"https:\/\/kibrisdakik.com\/#\/schema\/person\/9cd9d437bbb44f72b73ba127e06d8e79"},"headline":"\u0130SRA\u0130L L\u00dcBNAN\u2019IN G\u00dcNEY\u0130NDE KARA HAREK\u00c2TI BA\u015eLATTI","datePublished":"2026-03-03T08:23:14+00:00","mainEntityOfPage":{"@id":"https:\/\/kibrisdakik.com\/?p=107409"},"wordCount":195,"commentCount":0,"image":{"@id":"https:\/\/kibrisdakik.com\/?p=107409#primaryimage"},"thumbnailUrl":"https:\/\/kibrisdakik.com\/wp-content\/uploads\/2026\/03\/mha-sari-beyaz-3590.png","articleSection":["K\u0131br\u0131s"],"inLanguage":"tr","potentialAction":[{"@type":"CommentAction","name":"Comment","target":["https:\/\/kibrisdakik.com\/?p=107409#respond"]}]},{"@type":"WebPage","@id":"https:\/\/kibrisdakik.com\/?p=107409","url":"https:\/\/kibrisdakik.com\/?p=107409","name":"\u0130SRA\u0130L L\u00dcBNAN\u2019IN G\u00dcNEY\u0130NDE KARA HAREK\u00c2TI BA\u015eLATTI -","isPartOf":{"@id":"https:\/\/kibrisdakik.com\/#website"},"primaryImageOfPage":{"@id":"https:\/\/kibrisdakik.com\/?p=107409#primaryimage"},"image":{"@id":"https:\/\/kibrisdakik.com\/?p=107409#primaryimage"},"thumbnailUrl":"https:\/\/kibrisdakik.com\/wp-content\/uploads\/2026\/03\/mha-sari-beyaz-3590.png","datePublished":"2026-03-03T08:23:14+00:00","author":{"@id":"https:\/\/kibrisdakik.com\/#\/schema\/person\/9cd9d437bbb44f72b73ba127e06d8e79"},"breadcrumb":{"@id":"https:\/\/kibrisdakik.com\/?p=107409#breadcrumb"},"inLanguage":"tr","potentialAction":[{"@type":"ReadAction","target":["https:\/\/kibrisdakik.com\/?p=107409"]}]},{"@type":"ImageObject","inLanguage":"tr","@id":"https:\/\/kibrisdakik.com\/?p=107409#primaryimage","url":"https:\/\/kibrisdakik.com\/wp-content\/uploads\/2026\/03\/mha-sari-beyaz-3590.png","contentUrl":"https:\/\/kibrisdakik.com\/wp-content\/uploads\/2026\/03\/mha-sari-beyaz-3590.png","width":1280,"height":720},{"@type":"BreadcrumbList","@id":"https:\/\/kibrisdakik.com\/?p=107409#breadcrumb","itemListElement":[{"@type":"ListItem","position":1,"name":"Home","item":"https:\/\/kibrisdakik.com\/"},{"@type":"ListItem","position":2,"name":"\u0130SRA\u0130L L\u00dcBNAN\u2019IN G\u00dcNEY\u0130NDE KARA HAREK\u00c2TI BA\u015eLATTI"}]},{"@type":"WebSite","@id":"https:\/\/kibrisdakik.com\/#website","url":"https:\/\/kibrisdakik.com\/","name":"","description":"Tam vaktinde haber","potentialAction":[{"@type":"SearchAction","target":{"@type":"EntryPoint","urlTemplate":"https:\/\/kibrisdakik.com\/?s={search_term_string}"},"query-input":{"@type":"PropertyValueSpecification","valueRequired":true,"valueName":"search_term_string"}}],"inLanguage":"tr"},{"@type":"Person","@id":"https:\/\/kibrisdakik.com\/#\/schema\/person\/9cd9d437bbb44f72b73ba127e06d8e79","name":"admin","image":{"@type":"ImageObject","inLanguage":"tr","@id":"https:\/\/secure.gravatar.com\/avatar\/ccc17943b9d660506c869530f897617f7cb1c21a4bf30023f252596d83e1f007?s=96&d=mm&r=g","url":"https:\/\/secure.gravatar.com\/avatar\/ccc17943b9d660506c869530f897617f7cb1c21a4bf30023f252596d83e1f007?s=96&d=mm&r=g","contentUrl":"https:\/\/secure.gravatar.com\/avatar\/ccc17943b9d660506c869530f897617f7cb1c21a4bf30023f252596d83e1f007?s=96&d=mm&r=g","caption":"admin"},"sameAs":["https:\/\/kibrisdakik.com"],"url":"https:\/\/kibrisdakik.com\/?author=1"}]}},"_links":{"self":[{"href":"https:\/\/kibrisdakik.com\/index.php?rest_route=\/wp\/v2\/posts\/107409","targetHints":{"allow":["GET"]}}],"collection":[{"href":"https:\/\/kibrisdakik.com\/index.php?rest_route=\/wp\/v2\/posts"}],"about":[{"href":"https:\/\/kibrisdakik.com\/index.php?rest_route=\/wp\/v2\/types\/post"}],"author":[{"embeddable":true,"href":"https:\/\/kibrisdakik.com\/index.php?rest_route=\/wp\/v2\/users\/1"}],"replies":[{"embeddable":true,"href":"https:\/\/kibrisdakik.com\/index.php?rest_route=%2Fwp%2Fv2%2Fcomments&post=107409"}],"version-history":[{"count":0,"href":"https:\/\/kibrisdakik.com\/index.php?rest_route=\/wp\/v2\/posts\/107409\/revisions"}],"wp:featuredmedia":[{"embeddable":true,"href":"https:\/\/kibrisdakik.com\/index.php?rest_route=\/wp\/v2\/media\/107410"}],"wp:attachment":[{"href":"https:\/\/kibrisdakik.com\/index.php?rest_route=%2Fwp%2Fv2%2Fmedia&parent=107409"}],"wp:term":[{"taxonomy":"category","embeddable":true,"href":"https:\/\/kibrisdakik.com\/index.php?rest_route=%2Fwp%2Fv2%2Fcategories&post=107409"},{"taxonomy":"post_tag","embeddable":true,"href":"https:\/\/kibrisdakik.com\/index.php?rest_route=%2Fwp%2Fv2%2Ftags&post=107409"}],"curies":[{"name":"wp","href":"https:\/\/api.w.org\/{rel}","templated":true}]}}