{"id":107429,"date":"2026-03-03T12:06:16","date_gmt":"2026-03-03T10:06:16","guid":{"rendered":"https:\/\/kibrisdakik.com\/?p=107429"},"modified":"2026-03-03T12:06:16","modified_gmt":"2026-03-03T10:06:16","slug":"fidan-kuzey-kibris-icin-risk-cok-sinirli","status":"publish","type":"post","link":"https:\/\/kibrisdakik.com\/?p=107429","title":{"rendered":"F\u0130DAN: \u201cKUZEY KIBRIS \u0130\u00c7\u0130N R\u0130SK \u00c7OK SINIRLI\u201d"},"content":{"rendered":"<p><\/p>\n<div data-text-id=\"197202\" property=\"articleBody\">\n<p>TC D\u0131\u015fi\u015fleri Bakan\u0131 Fidan, \u0130ran&#8217;\u0131n K\u0131br\u0131s adas\u0131n\u0131 hedef alma ihtimaline ili\u015fkin, &#8220;Kuzey K\u0131br\u0131s i\u00e7in \u00e7ok fazla risk oldu\u011funu d\u00fc\u015f\u00fcnm\u00fcyorum an itibar\u0131yla. G\u00fcney&#8217;de de riskin s\u0131n\u0131rl\u0131 oldu\u011funu d\u00fc\u015f\u00fcn\u00fcyorum, \u00e7ok s\u0131n\u0131rl\u0131. Sivil tesisler i\u00e7in \u00e7ok fazla bir \u015fey olmayabilir.&#8221; dedi.<\/p>\n<p>Medya kurulu\u015flar\u0131n\u0131n Ankara temsilcileriyle d\u00fczenlenen iftar program\u0131nda konu\u015fan D\u0131\u015fi\u015fleri Bakan\u0131 Hakan Fidan, \u0130ran&#8217;da ve b\u00f6lgede istikrar\u0131n korunmas\u0131n\u0131n kritik oldu\u011funu belirterek s\u00fckunetin sa\u011flanmas\u0131 ve yeniden bar\u0131\u015f ortam\u0131n\u0131n tesis edilmesi i\u00e7in yo\u011fun \u00e7aba harcad\u0131klar\u0131n\u0131 vurgulad\u0131.<\/p>\n<p>Son geli\u015fmelerin hem b\u00f6lgenin gelece\u011fini hem de k\u00fcresel istikrar\u0131 riske atabilecek nitelikte oldu\u011funa dikkati \u00e7eken Fidan, ABD ve \u0130srail&#8217;in \u0130ran&#8217;\u0131 hedef alan sald\u0131r\u0131lar\u0131n ilk a\u015famada \u0130ran&#8217;\u0131n b\u00f6lgedeki vekil unsurlar\u0131nda \u00e7ok belirgin bir hareketlenmeye yol a\u00e7mad\u0131\u011f\u0131n\u0131n g\u00f6r\u00fcld\u00fc\u011f\u00fcn\u00fc belirterek buna ra\u011fmen Hizbullah taraf\u0131nda baz\u0131 hareketlilikler oldu\u011funa dikkati \u00e7ekti.<\/p>\n<p>&#8220;\u0130ran halk\u0131 i\u00e7inde, &#8216;rejim de\u011fi\u015fikli\u011fi sonucunu do\u011furacak&#8217; \u00f6l\u00e7ekte bir dalgalanma ise \u015fu an i\u00e7in g\u00f6r\u00fcnm\u00fcyor.&#8221; diyen Fidan, mevcut \u015fartlarda en olumsuz senaryonun, \u00e7at\u0131\u015fman\u0131n t\u0131rmanarak s\u00fcrmesi ve \u0130ran&#8217;la birlikte t\u00fcm b\u00f6lgeyi i\u00e7ine \u00e7eken bir istikrars\u0131zl\u0131k ortam\u0131n\u0131n olu\u015fmas\u0131 oldu\u011funu kaydetti.<\/p>\n<p>Fidan, enerji boyutu meselesine ili\u015fkin, &#8220;\u0130ran&#8217;dan do\u011fal gaz ak\u0131\u015f\u0131n\u0131n kesilmesi ya da K\u00f6rfez \u00fclkelerinden enerji ithalat\u0131nda ciddi bir aksama ya\u015fanmas\u0131, k\u00fcresel \u00f6l\u00e7ekte enerji arz g\u00fcvenli\u011fi a\u00e7\u0131s\u0131ndan \u00f6nemli bir risk do\u011furabilir.&#8221; dedi.<\/p>\n<p>Bakan Fidan, &#8220;\u0130ran&#8217;\u0131n b\u00f6lgedeki Arap \u00fclkelerinde bulunan ABD \u00fcslerini do\u011frudan hedef almas\u0131, at\u0131lan ad\u0131mlar\u0131n daha b\u00fcy\u00fck bir b\u00f6lgesel g\u00fcvenlik krizine d\u00f6n\u00fc\u015fme ihtimalini art\u0131r\u0131yor. Bir ba\u015fka ba\u015fl\u0131k da H\u00fcrm\u00fcz Bo\u011faz\u0131. Bo\u011faz\u0131n kapanmas\u0131, k\u00fcresel finans ve enerji piyasalar\u0131nda ciddi dalgalanmalara yol a\u00e7abilir. Bu da ABD\u2019yi k\u0131sa s\u00fcrede bir \u015fekilde sonu\u00e7 almaya zorlayabilir.&#8221; diye konu\u015ftu.<\/p>\n<p>Meselenin askeri, g\u00fcvenlik, siyasi, ekonomik ve enerji boyutlar\u0131n\u0131 ayr\u0131 ayr\u0131 \u00e7al\u0131\u015ft\u0131klar\u0131n\u0131 ve olas\u0131 senaryolara g\u00f6re at\u0131labilecek ad\u0131mlar \u00fczerinde haz\u0131rl\u0131klar\u0131n s\u00fcrd\u00fcr\u00fcld\u00fc\u011f\u00fcn\u00fc aktaran Fidan, &#8220;Bizim temel iste\u011fimiz, talebimiz net: Kar\u015f\u0131l\u0131kl\u0131 sald\u0131r\u0131lar bir an \u00f6nce dursun ve yeniden diplomasiye d\u00f6n\u00fcls\u00fcn. Bunu da b\u00fct\u00fcn g\u00f6r\u00fc\u015fmelerimizde a\u00e7\u0131k \u015fekilde vurguluyoruz.&#8221; ifadelerini kulland\u0131.<\/p>\n<p>-\u00c7at\u0131\u015fmalar\u0131n gidi\u015fat\u0131<\/p>\n<p>Hakan Fidan, &#8220;(\u0130srail Ba\u015fbakan\u0131 Binyamin) Netanyahu tabii ki \u0130ran diye bir tehdidin ortadan kalkmas\u0131n\u0131 istiyor, tamam\u0131yla hem bug\u00fcn i\u00e7in hem gelecek i\u00e7in. Tehdidi ne olarak tan\u0131ml\u0131yordu, \u0130ran&#8217;\u0131n sahip oldu\u011fu yetenekler olarak tan\u0131ml\u0131yordu. \u015eimdi yeteneklerin de \u00f6tesine ge\u00e7ip rejimin kendisi olarak tan\u0131ml\u0131yor. Rejim de\u011fi\u015fikli\u011fi hedefi var.&#8221; de\u011ferlendirmesini yapt\u0131.<\/p>\n<p>T\u00fcrkiye&#8217;nin bunun m\u00fccadelesini verdi\u011fini ve yarat\u0131c\u0131 \u00e7\u00f6z\u00fcmler de sundu\u011funu an\u0131msatan Fidan, \u015funlar\u0131 s\u00f6yledi:<\/p>\n<p>&#8220;Hatta sava\u015f\u0131n ba\u015flang\u0131c\u0131n\u0131 geciktirmi\u015f de olduk. Asl\u0131nda sava\u015f daha erken ba\u015flayacakt\u0131, biz biraz daha geciktirmi\u015f olduk bu \u00e7abalarla. Belki bir neticeye ula\u015fabilirdi ama eski y\u00f6nteme d\u00f6nmeyi tercih ettiler. Yine m\u00fczakerenin ortas\u0131nda bu sava\u015f ba\u015flad\u0131. \u0130ranl\u0131lar, m\u00fczakerenin ortas\u0131nda sava\u015f ba\u015flamas\u0131 meselesini bir \u015fekilde asl\u0131nda diplomasinin ihanete u\u011framas\u0131 olarak da nitelendiriyorlar. Bundan sonra ne olaca\u011f\u0131na ciddi \u015fekilde bakmak laz\u0131m. Tabi burada sald\u0131ran g\u00fc\u00e7lerin niyetine bakmak gerekir. Bence \u0130srail ve ABD, \u0130ran&#8217;\u0131 ilerisi i\u00e7in de tehdit olu\u015fturacak bir \u0130ran olmaktan \u00e7\u0131kartmak isteyeceklerdir.&#8221;<\/p>\n<p>\u0130ran&#8217;\u0131n da &#8220;maliyet \u00fcretmek&#8221; i\u00e7in \u00e7aba harcad\u0131\u011f\u0131n\u0131n alt\u0131n\u0131 \u00e7izen Bakan Fidan, &#8220;O da K\u00f6rfez&#8217;deki enerji hedeflerini bombalayarak \u015fu anda maliyet \u00fcretiyor. A\u00e7\u0131k\u00e7as\u0131 bu maliyet ne kadar daha devam eder ne olur ona bakaca\u011f\u0131z ama \u0130ran&#8217;\u0131n bekledi\u011fi cevap gelmeyecek gibi. \u0130ran hani buralar\u0131 bombalayarak bunlar da Amerika&#8217;ya bask\u0131 yaps\u0131nlar, sava\u015f\u0131 durdursunlar falan diyecek ama o olmayacak gibi. \u0130ran&#8217;\u0131n elinde, bilmiyorum ne kadar kald\u0131. Ancak \u0130ran, f\u00fcze ve dronlar ile \u0130srail&#8217;i ger\u00e7ekten rahats\u0131z edebilir, bunlar\u0131 ciddi bir \u015fekilde kullan\u0131rsa.&#8221; dedi.<\/p>\n<p>-Ter\u00f6rs\u00fcz b\u00f6lge meselesi biraz Suriye&#8217;yi, Irak&#8217;\u0131, \u0130ran&#8217;\u0131 ilgilendiren bir husus<\/p>\n<p>D\u0131\u015fi\u015fleri Bakan\u0131 Fidan, b\u00f6lgedeki birinci sava\u015fta da buna benzer bir k\u0131p\u0131rdanman\u0131n emaresini g\u00f6rd\u00fcklerini s\u00f6yleyerek &#8220;\u015eimdi bir k\u0131m\u0131ldama olur mu, olmaz m\u0131, bunu yak\u0131ndan takip ediyoruz. Yani farkl\u0131 \u00e7izgideki K\u00fcrt gruplar\u0131n bir araya gelerek bir ittifak kurduklar\u0131n\u0131, ortak a\u00e7\u0131klamalar yapt\u0131klar\u0131n\u0131 da g\u00f6r\u00fcyoruz. Bunlar\u0131 tabii ki yak\u0131ndan takip ediyoruz. Bunlar rejimle ne kadar sava\u015facaklar, bulunduklar\u0131 yerdeki di\u011fer etnisitelerle ne kadar sava\u015facaklar ne olacak, neyi hedefliyorlar, nereden ne \u00e7\u0131kar, hepsini takip ediyoruz, analiz ediyoruz.&#8221; diye konu\u015ftu.<\/p>\n<p>Ter\u00f6r \u00f6rg\u00fct\u00fc PKK&#8217;n\u0131n b\u00fct\u00fcn ter\u00f6r \u00f6rg\u00fctleri gibi \u00f6zellikle bulunduklar\u0131 \u00fclkelerdeki zay\u0131fl\u0131klardan, b\u00f6l\u00fcnm\u00fc\u015flerden istifade eden bir yap\u0131 oldu\u011funun alt\u0131n\u0131 \u00e7izen Fidan, &#8220;Ter\u00f6rs\u00fcz T\u00fcrkiye&#8217;yle alakal\u0131 \u00f6zellikle \u015fu anda Meclis\u2019te devam eden bir s\u00fcre\u00e7 var, komisyon raporunu tamamlad\u0131. Bundan sonra art\u0131k siyasi partilerin kendi aralar\u0131ndaki uzla\u015fmalar\u0131, fikirleri, uyumlar\u0131&#8230; Ne t\u00fcrden kararlar alacaklar? Art\u0131k o \u015fekilde bir tart\u0131\u015fma zemini olacak ama bizim g\u00f6rd\u00fc\u011f\u00fcm\u00fcz, tabii Ter\u00f6rs\u00fcz T\u00fcrkiye\u2019nin olmas\u0131 i\u00e7in ter\u00f6rs\u00fcz b\u00f6lgenin olmas\u0131 gerekiyor, bunu hep teknik dili biraz d\u00fczeltmek i\u00e7in kullanmak zorunda kal\u0131yoruz.&#8221; ifadelerini kulland\u0131.<\/p>\n<p>Fidan, ter\u00f6rs\u00fcz b\u00f6lge meselesinin biraz Suriye&#8217;yi, Irak&#8217;\u0131, \u0130ran&#8217;\u0131 ilgilendiren bir husus oldu\u011funa dikkati \u00e7ekerek &#8220;Buralardaki denklemde \u00f6rg\u00fct kendili\u011finden irade koymad\u0131\u011f\u0131 s\u00fcrece, Ter\u00f6rs\u00fcz T\u00fcrkiye&#8217;de belli ad\u0131mlar\u0131 atmak m\u00fcmk\u00fcn olmuyor.&#8221; dedi.<\/p>\n<p>S\u00fcreci yak\u0131ndan takip ettiklerini s\u00f6yleyen Fidan, i\u00e7erideki siyasal s\u00fcrecin ayr\u0131 bir konu oldu\u011funu, siyasi partilerin raporunu ald\u0131klar\u0131 ve konunun yeni d\u00f6nemde belli olaca\u011f\u0131 mesaj\u0131n\u0131 verdi.<\/p>\n<p>-&#8220;T\u00fcrkiye kendini her zaman korur&#8221;<\/p>\n<p>\u0130ran&#8217;\u0131n K\u0131br\u0131s adas\u0131n\u0131 hedef alma ihtimaline ili\u015fkin soruya Fidan, &#8220;Kuzey K\u0131br\u0131s i\u00e7in \u00e7ok fazla risk oldu\u011funu d\u00fc\u015f\u00fcnm\u00fcyorum an itibar\u0131yla. G\u00fcney&#8217;de de riskin s\u0131n\u0131rl\u0131 oldu\u011funu d\u00fc\u015f\u00fcn\u00fcyorum, \u00e7ok s\u0131n\u0131rl\u0131. Sivil tesisler i\u00e7in \u00e7ok fazla bir \u015fey olmayabilir.&#8221; yan\u0131t\u0131n\u0131 verdi.<\/p>\n<p>Bakan Fidan, K\u00f6rfez \u00fclkelerinin \u0130ran&#8217;a yan\u0131t verip vermeyece\u011fine ili\u015fkin soruyu &#8220;Resmi olarak deklare etmiyorlar ama b\u00f6lge \u00fclkelerinin \u0130ran&#8217;a kar\u015f\u0131l\u0131k verdi\u011fine dair baz\u0131 iddialar var. Bu iddialar\u0131 biz de duyuyoruz. Bu, do\u011fru da olabilir.&#8221; \u015feklinde cevaplad\u0131.<\/p>\n<p>ABD-\u0130srail&#8217;in \u0130ran&#8217;a sald\u0131r\u0131lar\u0131n\u0131n ard\u0131ndan \u0130ran&#8217;\u0131n baz\u0131 b\u00f6lge \u00fclkelerinde belirledi\u011fi hedeflere kar\u015f\u0131l\u0131k vermesinin T\u00fcrkiye&#8217;yi hedef al\u0131p almayaca\u011f\u0131 ihtimalinin sorulmas\u0131 \u00fczerine Fidan, &#8220;\u0130ran konusundan ba\u011f\u0131ms\u0131z olarak konu\u015fuyorum, T\u00fcrkiye kendini her zaman korur. Bunun i\u00e7in gerekli iradeye de yetene\u011fe de sahibiz.&#8221; diye konu\u015ftu.<\/p>\n<p>-&#8220;S\u00fck\u00fbnetin sa\u011flanmas\u0131 i\u00e7in yo\u011fun bir \u00e7aba i\u00e7indeyiz&#8221;<\/p>\n<p>Hakan Fidan, b\u00f6lgedeki gerginli\u011fin azalt\u0131lmas\u0131na y\u00f6nelik uluslararas\u0131 \u00e7abalara ili\u015fkin &#8220;muhataplar\u0131yla gerekli giri\u015fimleri hassasiyetle s\u00fcrd\u00fcrd\u00fcklerini&#8221; belirterek &#8220;S\u00fckunetin sa\u011flanmas\u0131 ve yeniden bir bar\u0131\u015f ortam\u0131 olu\u015fmas\u0131 i\u00e7in yo\u011fun bir \u00e7aba i\u00e7indeyiz. \u0130ran&#8217;da ve genel olarak b\u00f6lgemizde istikrar\u0131n korunmas\u0131 kritik. Bu nedenle \u00e7at\u0131\u015fmalar\u0131n bir an \u00f6nce bitmesi ve diplomatik s\u00fcrecin ba\u015flamas\u0131 gerekti\u011fini her f\u0131rsatta s\u00f6yl\u00fcyoruz.&#8221; de\u011ferlendirmesini yapt\u0131.<\/p>\n<p>Burada &#8220;\u00e7ok katmanl\u0131 m\u00fczakerenin&#8221; oldu\u011funa i\u015faret eden Fidan, \u015f\u00f6yle devam etti:<\/p>\n<p>&#8220;Birincisi sava\u015fan taraflar\u0131 tekrar masaya getirebilir miyiz? Sald\u0131ran taraf, sald\u0131r\u0131s\u0131n\u0131 ne zaman durduracak veya durdurmaya haz\u0131r? Minimumu bunun, onlar\u0131 tatmin edecek bir askeri yetersizli\u011fe ula\u015ft\u0131rmak. Minimum sava\u015f\u0131 durdurma \u015fart\u0131. Maksimumu da rejim de\u011fi\u015fikli\u011fi. Yani sava\u015f, en erken temel askeri kabiliyetlerin yok edilmesi veya etkisiz hale getirilmesiyle, en ge\u00e7 ise \u0130ran&#8217;da bir rejim de\u011fi\u015fikli\u011fiyle sona erebilir. Bu minimum \u015fart\u0131n ger\u00e7ekle\u015fmesi belli bir s\u00fcre, belli bir askeri operasyon silsilesi isteyecek. \u0130ran geni\u015f bir co\u011frafya. F\u00fcze sistemleri, radar sistemleri, hava savunma sistemleri, elektronik harp sistemleri, deniz kuvvetleri \u00e7ok yere da\u011f\u0131lm\u0131\u015f.&#8221;<\/p>\n<p>Bakan Fidan, Avrupal\u0131 yetkililerle de ileti\u015fim halinde olduklar\u0131n\u0131, Avrupa Birli\u011fi (AB) D\u0131\u015f \u0130li\u015fkiler ve G\u00fcvenlik Politikas\u0131 Y\u00fcksek Temsilcisi Kaja Kallas&#8217;\u0131n kendisini arad\u0131\u011f\u0131n\u0131 ve b\u00f6lgedeki durumu sordu\u011funu belirterek \u015funlar\u0131 kaydetti:<\/p>\n<p>&#8220;Bug\u00fcn Fransa arad\u0131, \u00e7ok uzun konu\u015ftuk. \u015eimdi Alman konu\u015fmak istiyor. (Almanya \u015eans\u00f6lyesi Friedrich) Merz Cumhurba\u015fkan\u0131m\u0131zla (Recep Tayyip Erdo\u011fan) konu\u015ftu. (AB Komisyonu Ba\u015fkan\u0131) Ursula von der Leyen arad\u0131 ayn\u0131 \u015fekilde. Bar\u0131\u015f istiyorsan\u0131z, beraber \u00e7al\u0131\u015fal\u0131m. Onlar\u0131 bir harekete sevk ediyoruz. \u015eu anda K\u00f6rfez \u00fclkeleri ciddi bir durumla kar\u015f\u0131 kar\u015f\u0131ya. Ummanl\u0131yla konu\u015fuyoruz. Orada, Umman da hala bir \u015feyler yapmaya \u00e7al\u0131\u015f\u0131yor. Amerikal\u0131larla konu\u015fuyoruz.&#8221;<\/p>\n<p>-B\u00f6lgede ya\u015fayan T\u00fcrk vatanda\u015flar\u0131n\u0131n durumu<\/p>\n<p>Fidan, bir yandan diplomatik \u00e7\u00f6z\u00fcm i\u00e7in temaslar\u0131 s\u00fcrd\u00fcrd\u00fcklerini, di\u011fer yandan da \u00e7at\u0131\u015fma b\u00f6lgelerindeki vatanda\u015flar\u0131 yak\u0131ndan izlediklerini belirterek &#8220;\u015eu ana kadar olaylarda yaralanan ya da hayat\u0131n\u0131 kaybeden herhangi bir vatanda\u015f\u0131m\u0131z yok.&#8221; dedi.<\/p>\n<p>Bakan Fidan, &#8220;\u0130ran&#8217;da, \u00e7ifte vatanda\u015flar dahil, yakla\u015f\u0131k 20 bin civar\u0131nda vatanda\u015f\u0131m\u0131z bulunuyor. \u0130ran&#8217;la olan \u00fc\u00e7 s\u0131n\u0131r kap\u0131m\u0131zdan hem T\u00fcrk vatanda\u015flar\u0131m\u0131z hem de \u00fc\u00e7\u00fcnc\u00fc \u00fclke vatanda\u015flar\u0131 \u00fclkemize \u015fu an itibar\u0131yla sorunsuz \u015fekilde ge\u00e7i\u015f yapabiliyor.&#8221; diye konu\u015ftu.<\/p>\n<p>D\u0131\u015fi\u015fleri Bakanl\u0131\u011f\u0131 Konsolosluk \u00c7a\u011fr\u0131 Merkezi, ba\u015fkonsolosluklar, b\u00fcy\u00fckel\u00e7ilikler ve Konsolosluk \u0130\u015fleri ve Vatanda\u015fl\u0131k \u0130\u015fleri Genel M\u00fcd\u00fcrl\u00fc\u011f\u00fc&#8217;n\u00fcn 24 saat esas\u0131na g\u00f6re hizmet verdi\u011fini vurgulayan Fidan, &#8220;Her saatte bir rapor al\u0131yoruz. \u015eu anda asl\u0131nda can g\u00fcvenli\u011fi a\u00e7\u0131s\u0131ndan \u00e7ok b\u00fcy\u00fck bir s\u0131k\u0131nt\u0131 yok ama \u00f6zellikle Dubai&#8217;de tatilde bulunan vatanda\u015flar\u0131m\u0131z\u0131n geri d\u00f6n\u00fc\u015f\u00fcnde bir s\u0131k\u0131nt\u0131 oldu \u00e7\u00fcnk\u00fc Suudi Arabistan hari\u00e7 hava sahas\u0131 kapat\u0131lm\u0131\u015f durumda. D\u00fcnden itibaren Suudi Arabistan zannediyorum a\u00e7t\u0131 hava sahas\u0131n\u0131. Riyad \u00fczerinden, Cidde \u00fczerinden u\u00e7akla gelebiliyor bizim vatanda\u015flar\u0131m\u0131z.&#8221; ifadelerini kulland\u0131.<\/p>\n<p>Bakan Fidan, \u00f6te yandan b\u00f6lgede ya\u015fayan ve \u00e7al\u0131\u015fan vatanda\u015flar\u0131n da bulundu\u011funu belirterek &#8220;Tatilde olanlar \u00e7ok fazla olmayabilir. Onlarla yak\u0131n haberle\u015fme, ileti\u015fim halindeyiz. Bizim Konsolosluk \u00c7a\u011fr\u0131 Merkezimize t\u00fcm b\u00f6lgeden 1500 vatanda\u015f\u0131m\u0131z ula\u015farak bilgi talep etti.&#8221; dedi.<\/p>\n<p>-\u0130ran\u2019dan T\u00fcrkiye\u2019ye y\u00f6nelik g\u00f6\u00e7 dalgas\u0131 ihtimali<\/p>\n<p>Hazirandaki sava\u015ftan beri D\u0131\u015fi\u015fleri Bakanl\u0131\u011f\u0131 koordinasyonunda \u0130\u00e7i\u015fleri Bakanl\u0131\u011f\u0131, AFAD, K\u0131z\u0131lay, Milli \u0130stihbarat Te\u015fkilat\u0131 (M\u0130T) gibi ilgili birimlerle koordine toplant\u0131s\u0131 d\u00fczenlendi\u011fini hat\u0131rlatan Fidan, her t\u00fcrl\u00fc planlaman\u0131n yap\u0131ld\u0131\u011f\u0131n\u0131, T\u00fcrk halk\u0131n\u0131n bu konuda m\u00fcsterih olmas\u0131n\u0131 s\u00f6yledi.<\/p>\n<p>Bakan Fidan, &#8220;Gerekli imkanlara ve planlamalara sahibiz. \u015eu anda \u0130ran kendi vatanda\u015flar\u0131n\u0131 s\u0131n\u0131rdan \u00e7\u0131karm\u0131yor. \u0130ran izin vermiyor \u015fu anda. Dolay\u0131s\u0131yla \u0130ran&#8217;dan hi\u00e7 kimse gelmiyor \u015fu anda bize ama \u015fu anda \u0130ran halk\u0131, bir \u00f6nceki sava\u015fta da g\u00f6rd\u00fck, 12-13 g\u00fcn boyunca hi\u00e7bir \u015fey yapmad\u0131lar.\u201d diye konu\u015ftu.<\/p>\n<p>Gazze&#8217;ye etkilerini de de\u011ferlendiren Fidan, Gazze&#8217;nin sava\u015ftan &#8220;k\u00f6t\u00fc&#8221; etkilenece\u011fini, \u0130srail&#8217;in Gazze&#8217;ye giri\u015f \u00e7\u0131k\u0131\u015flar\u0131 durdurdu\u011funu belirtti.<\/p>\n<p>Fidan, Gazze konusunda Suudi Arabistan, Katar, M\u0131s\u0131r ve \u00dcrd\u00fcn&#8217;\u00fcn T\u00fcrkiye ile beraber \u00e7al\u0131\u015ft\u0131\u011f\u0131n\u0131 an\u0131msatarak &#8220;M\u0131s\u0131r hari\u00e7, \u015fimdi bu \u00fclkelerin ba\u015f\u0131nda ba\u015fka acil ate\u015fleri var ve ister istemez g\u00fcndemleri de\u011fi\u015fiyor.&#8221; dedi.<\/p>\n<p>-Gazze Bar\u0131\u015f S\u00fcreci<\/p>\n<p>Filistin meselesinde, T\u00fcrkiye&#8217;nin her t\u00fcrl\u00fc platforma destek sa\u011flama iradesine sahip oldu\u011funa dikkati \u00e7eken Fidan, insani yard\u0131mlar\u0131n en ba\u015f\u0131ndan beri devam etti\u011fini, T\u00fcrkiye&#8217;den fazla destek sa\u011flayan bir \u00fclkenin olmayabilece\u011fini kaydetti.<\/p>\n<p>Hakan Fidan, &#8220;Dolay\u0131s\u0131yla bizim bir de ayr\u0131ca nakdi deklarasyona girmemize gerek yok, ayni yard\u0131m s\u00fcrekli yap\u0131l\u0131yor. Onun d\u0131\u015f\u0131nda Uluslararas\u0131 Bar\u0131\u015f G\u00fcc\u00fc ile alakal\u0131 \u015fu anda olu\u015fan kompozisyonda halihaz\u0131rda bizden bir talep olmad\u0131. \u0130nsani yard\u0131m konusunda oldu. Bunu da yap\u0131yoruz.&#8221; ifadelerini kulland\u0131.<\/p>\n<p>-CAATSA yapt\u0131r\u0131mlar\u0131<\/p>\n<p>\u0130srail&#8217;in b\u00f6lgedeki baz\u0131 \u00fclkelerin belli kapasitelere kavu\u015fmas\u0131n\u0131 istemedi\u011fini, halihaz\u0131rda bu tutumla ilerledi\u011fini vurgulayan D\u0131\u015fi\u015fleri Bakan\u0131 Fidan, \u015funlar\u0131 kaydetti:<\/p>\n<p>&#8220;Bu m\u00fccadeleler devam edecek. Herkes kendi elindeki kart\u0131 bir \u015fekilde oynayacak. Ara se\u00e7imden \u00f6nce CAATSA&#8217;dan bir sonu\u00e7 elde etmek i\u00e7in \u00e7al\u0131\u015f\u0131l\u0131yor. Biz siyasi ad\u0131mlar\u0131 att\u0131k, g\u00f6rece\u011fiz. Avrupa G\u00fcvenlik Mimarisi, Avrupal\u0131lar bunu kendi aralar\u0131nda daha \u00e7ok, ileri savunma sanayii alan\u0131nda ileri g\u00f6t\u00fcrd\u00fcler, SAFE gibi. Biraz daha i\u015fte Amerikan savunma sistemlerinden ba\u011f\u0131ms\u0131z hale gelelim ama NATO&#8217;nun d\u0131\u015f\u0131nda NATO birliklerinin olmad\u0131\u011f\u0131, Avrupa&#8217;n\u0131n kendi birlikleri ile bir \u015feyler yapmaya ili\u015fkin kapsaml\u0131 bir \u00e7al\u0131\u015fma ve plan halihaz\u0131rda yok. Aray\u0131\u015flar var, tart\u0131\u015fmalar var. Biz de tart\u0131\u015fmalar\u0131 yak\u0131ndan takip edip ediyoruz. Gerekli yerlerde gerek biz gerek diplomatlar\u0131m\u0131z m\u00fcdahil oluyoruz. Bizim duru\u015fumuz, Cumhurba\u015fkan\u0131m\u0131z\u0131n duru\u015fu bu: Kendi mahallemizde bir olu\u015fum olacaksa biz de bunun i\u00e7erisinde hep beraber olmaya haz\u0131r\u0131z.&#8221;<\/p>\n<\/p><\/div>\n","protected":false},"excerpt":{"rendered":"<p>TC D\u0131\u015fi\u015fleri Bakan\u0131 Fidan, \u0130ran&#8217;\u0131n K\u0131br\u0131s adas\u0131n\u0131 hedef alma ihtimaline ili\u015fkin, &#8220;Kuzey K\u0131br\u0131s i\u00e7in \u00e7ok fazla risk oldu\u011funu d\u00fc\u015f\u00fcnm\u00fcyorum an itibar\u0131yla. G\u00fcney&#8217;de de riskin s\u0131n\u0131rl\u0131 oldu\u011funu d\u00fc\u015f\u00fcn\u00fcyorum, \u00e7ok s\u0131n\u0131rl\u0131. Sivil tesisler i\u00e7in \u00e7ok fazla bir \u015fey olmayabilir.&#8221; dedi. Medya kurulu\u015flar\u0131n\u0131n Ankara temsilcileriyle d\u00fczenlenen iftar program\u0131nda konu\u015fan D\u0131\u015fi\u015fleri Bakan\u0131 Hakan Fidan, \u0130ran&#8217;da ve b\u00f6lgede istikrar\u0131n korunmas\u0131n\u0131n<\/p>\n","protected":false},"author":1,"featured_media":107430,"comment_status":"open","ping_status":"open","sticky":false,"template":"","format":"standard","meta":{"footnotes":""},"categories":[81],"tags":[],"class_list":["post-107429","post","type-post","status-publish","format-standard","has-post-thumbnail","hentry","category-kibris"],"yoast_head":"<!-- This site is optimized with the Yoast SEO plugin v27.4 - https:\/\/yoast.com\/product\/yoast-seo-wordpress\/ -->\n<title>F\u0130DAN: \u201cKUZEY KIBRIS \u0130\u00c7\u0130N R\u0130SK \u00c7OK SINIRLI\u201d -<\/title>\n<meta name=\"robots\" content=\"index, follow, max-snippet:-1, max-image-preview:large, max-video-preview:-1\" \/>\n<link rel=\"canonical\" href=\"https:\/\/kibrisdakik.com\/?p=107429\" \/>\n<meta property=\"og:locale\" content=\"tr_TR\" \/>\n<meta property=\"og:type\" content=\"article\" \/>\n<meta property=\"og:title\" content=\"F\u0130DAN: \u201cKUZEY KIBRIS \u0130\u00c7\u0130N R\u0130SK \u00c7OK SINIRLI\u201d -\" \/>\n<meta property=\"og:description\" content=\"TC D\u0131\u015fi\u015fleri Bakan\u0131 Fidan, \u0130ran&#8217;\u0131n K\u0131br\u0131s adas\u0131n\u0131 hedef alma ihtimaline ili\u015fkin, &#8220;Kuzey K\u0131br\u0131s i\u00e7in \u00e7ok fazla risk oldu\u011funu d\u00fc\u015f\u00fcnm\u00fcyorum an itibar\u0131yla. G\u00fcney&#8217;de de riskin s\u0131n\u0131rl\u0131 oldu\u011funu d\u00fc\u015f\u00fcn\u00fcyorum, \u00e7ok s\u0131n\u0131rl\u0131. Sivil tesisler i\u00e7in \u00e7ok fazla bir \u015fey olmayabilir.&#8221; dedi. Medya kurulu\u015flar\u0131n\u0131n Ankara temsilcileriyle d\u00fczenlenen iftar program\u0131nda konu\u015fan D\u0131\u015fi\u015fleri Bakan\u0131 Hakan Fidan, \u0130ran&#8217;da ve b\u00f6lgede istikrar\u0131n korunmas\u0131n\u0131n\" \/>\n<meta property=\"og:url\" content=\"https:\/\/kibrisdakik.com\/?p=107429\" \/>\n<meta property=\"article:published_time\" content=\"2026-03-03T10:06:16+00:00\" \/>\n<meta property=\"og:image\" content=\"https:\/\/mhahabercom.teimg.com\/crop\/1280x720\/mhahaber-com\/uploads\/2026\/03\/mha-sari-beyaz-3596.png\" \/>\n<meta name=\"author\" content=\"admin\" \/>\n<meta name=\"twitter:card\" content=\"summary_large_image\" \/>\n<meta name=\"twitter:label1\" content=\"Yazan:\" \/>\n\t<meta name=\"twitter:data1\" content=\"admin\" \/>\n\t<meta name=\"twitter:label2\" content=\"Tahmini okuma s\u00fcresi\" \/>\n\t<meta name=\"twitter:data2\" content=\"11 dakika\" \/>\n<script type=\"application\/ld+json\" class=\"yoast-schema-graph\">{\"@context\":\"https:\\\/\\\/schema.org\",\"@graph\":[{\"@type\":\"Article\",\"@id\":\"https:\\\/\\\/kibrisdakik.com\\\/?p=107429#article\",\"isPartOf\":{\"@id\":\"https:\\\/\\\/kibrisdakik.com\\\/?p=107429\"},\"author\":{\"name\":\"admin\",\"@id\":\"https:\\\/\\\/kibrisdakik.com\\\/#\\\/schema\\\/person\\\/9cd9d437bbb44f72b73ba127e06d8e79\"},\"headline\":\"F\u0130DAN: \u201cKUZEY KIBRIS \u0130\u00c7\u0130N R\u0130SK \u00c7OK SINIRLI\u201d\",\"datePublished\":\"2026-03-03T10:06:16+00:00\",\"mainEntityOfPage\":{\"@id\":\"https:\\\/\\\/kibrisdakik.com\\\/?p=107429\"},\"wordCount\":2299,\"commentCount\":0,\"image\":{\"@id\":\"https:\\\/\\\/kibrisdakik.com\\\/?p=107429#primaryimage\"},\"thumbnailUrl\":\"https:\\\/\\\/kibrisdakik.com\\\/wp-content\\\/uploads\\\/2026\\\/03\\\/mha-sari-beyaz-3596.png\",\"articleSection\":[\"K\u0131br\u0131s\"],\"inLanguage\":\"tr\",\"potentialAction\":[{\"@type\":\"CommentAction\",\"name\":\"Comment\",\"target\":[\"https:\\\/\\\/kibrisdakik.com\\\/?p=107429#respond\"]}]},{\"@type\":\"WebPage\",\"@id\":\"https:\\\/\\\/kibrisdakik.com\\\/?p=107429\",\"url\":\"https:\\\/\\\/kibrisdakik.com\\\/?p=107429\",\"name\":\"F\u0130DAN: \u201cKUZEY KIBRIS \u0130\u00c7\u0130N R\u0130SK \u00c7OK SINIRLI\u201d -\",\"isPartOf\":{\"@id\":\"https:\\\/\\\/kibrisdakik.com\\\/#website\"},\"primaryImageOfPage\":{\"@id\":\"https:\\\/\\\/kibrisdakik.com\\\/?p=107429#primaryimage\"},\"image\":{\"@id\":\"https:\\\/\\\/kibrisdakik.com\\\/?p=107429#primaryimage\"},\"thumbnailUrl\":\"https:\\\/\\\/kibrisdakik.com\\\/wp-content\\\/uploads\\\/2026\\\/03\\\/mha-sari-beyaz-3596.png\",\"datePublished\":\"2026-03-03T10:06:16+00:00\",\"author\":{\"@id\":\"https:\\\/\\\/kibrisdakik.com\\\/#\\\/schema\\\/person\\\/9cd9d437bbb44f72b73ba127e06d8e79\"},\"breadcrumb\":{\"@id\":\"https:\\\/\\\/kibrisdakik.com\\\/?p=107429#breadcrumb\"},\"inLanguage\":\"tr\",\"potentialAction\":[{\"@type\":\"ReadAction\",\"target\":[\"https:\\\/\\\/kibrisdakik.com\\\/?p=107429\"]}]},{\"@type\":\"ImageObject\",\"inLanguage\":\"tr\",\"@id\":\"https:\\\/\\\/kibrisdakik.com\\\/?p=107429#primaryimage\",\"url\":\"https:\\\/\\\/kibrisdakik.com\\\/wp-content\\\/uploads\\\/2026\\\/03\\\/mha-sari-beyaz-3596.png\",\"contentUrl\":\"https:\\\/\\\/kibrisdakik.com\\\/wp-content\\\/uploads\\\/2026\\\/03\\\/mha-sari-beyaz-3596.png\",\"width\":1280,\"height\":720},{\"@type\":\"BreadcrumbList\",\"@id\":\"https:\\\/\\\/kibrisdakik.com\\\/?p=107429#breadcrumb\",\"itemListElement\":[{\"@type\":\"ListItem\",\"position\":1,\"name\":\"Home\",\"item\":\"https:\\\/\\\/kibrisdakik.com\\\/\"},{\"@type\":\"ListItem\",\"position\":2,\"name\":\"F\u0130DAN: \u201cKUZEY KIBRIS \u0130\u00c7\u0130N R\u0130SK \u00c7OK SINIRLI\u201d\"}]},{\"@type\":\"WebSite\",\"@id\":\"https:\\\/\\\/kibrisdakik.com\\\/#website\",\"url\":\"https:\\\/\\\/kibrisdakik.com\\\/\",\"name\":\"\",\"description\":\"Tam vaktinde haber\",\"potentialAction\":[{\"@type\":\"SearchAction\",\"target\":{\"@type\":\"EntryPoint\",\"urlTemplate\":\"https:\\\/\\\/kibrisdakik.com\\\/?s={search_term_string}\"},\"query-input\":{\"@type\":\"PropertyValueSpecification\",\"valueRequired\":true,\"valueName\":\"search_term_string\"}}],\"inLanguage\":\"tr\"},{\"@type\":\"Person\",\"@id\":\"https:\\\/\\\/kibrisdakik.com\\\/#\\\/schema\\\/person\\\/9cd9d437bbb44f72b73ba127e06d8e79\",\"name\":\"admin\",\"image\":{\"@type\":\"ImageObject\",\"inLanguage\":\"tr\",\"@id\":\"https:\\\/\\\/secure.gravatar.com\\\/avatar\\\/ccc17943b9d660506c869530f897617f7cb1c21a4bf30023f252596d83e1f007?s=96&d=mm&r=g\",\"url\":\"https:\\\/\\\/secure.gravatar.com\\\/avatar\\\/ccc17943b9d660506c869530f897617f7cb1c21a4bf30023f252596d83e1f007?s=96&d=mm&r=g\",\"contentUrl\":\"https:\\\/\\\/secure.gravatar.com\\\/avatar\\\/ccc17943b9d660506c869530f897617f7cb1c21a4bf30023f252596d83e1f007?s=96&d=mm&r=g\",\"caption\":\"admin\"},\"sameAs\":[\"https:\\\/\\\/kibrisdakik.com\"],\"url\":\"https:\\\/\\\/kibrisdakik.com\\\/?author=1\"}]}<\/script>\n<!-- \/ Yoast SEO plugin. -->","yoast_head_json":{"title":"F\u0130DAN: \u201cKUZEY KIBRIS \u0130\u00c7\u0130N R\u0130SK \u00c7OK SINIRLI\u201d -","robots":{"index":"index","follow":"follow","max-snippet":"max-snippet:-1","max-image-preview":"max-image-preview:large","max-video-preview":"max-video-preview:-1"},"canonical":"https:\/\/kibrisdakik.com\/?p=107429","og_locale":"tr_TR","og_type":"article","og_title":"F\u0130DAN: \u201cKUZEY KIBRIS \u0130\u00c7\u0130N R\u0130SK \u00c7OK SINIRLI\u201d -","og_description":"TC D\u0131\u015fi\u015fleri Bakan\u0131 Fidan, \u0130ran&#8217;\u0131n K\u0131br\u0131s adas\u0131n\u0131 hedef alma ihtimaline ili\u015fkin, &#8220;Kuzey K\u0131br\u0131s i\u00e7in \u00e7ok fazla risk oldu\u011funu d\u00fc\u015f\u00fcnm\u00fcyorum an itibar\u0131yla. G\u00fcney&#8217;de de riskin s\u0131n\u0131rl\u0131 oldu\u011funu d\u00fc\u015f\u00fcn\u00fcyorum, \u00e7ok s\u0131n\u0131rl\u0131. Sivil tesisler i\u00e7in \u00e7ok fazla bir \u015fey olmayabilir.&#8221; dedi. Medya kurulu\u015flar\u0131n\u0131n Ankara temsilcileriyle d\u00fczenlenen iftar program\u0131nda konu\u015fan D\u0131\u015fi\u015fleri Bakan\u0131 Hakan Fidan, \u0130ran&#8217;da ve b\u00f6lgede istikrar\u0131n korunmas\u0131n\u0131n","og_url":"https:\/\/kibrisdakik.com\/?p=107429","article_published_time":"2026-03-03T10:06:16+00:00","og_image":[{"url":"https:\/\/mhahabercom.teimg.com\/crop\/1280x720\/mhahaber-com\/uploads\/2026\/03\/mha-sari-beyaz-3596.png","type":"","width":"","height":""}],"author":"admin","twitter_card":"summary_large_image","twitter_misc":{"Yazan:":"admin","Tahmini okuma s\u00fcresi":"11 dakika"},"schema":{"@context":"https:\/\/schema.org","@graph":[{"@type":"Article","@id":"https:\/\/kibrisdakik.com\/?p=107429#article","isPartOf":{"@id":"https:\/\/kibrisdakik.com\/?p=107429"},"author":{"name":"admin","@id":"https:\/\/kibrisdakik.com\/#\/schema\/person\/9cd9d437bbb44f72b73ba127e06d8e79"},"headline":"F\u0130DAN: \u201cKUZEY KIBRIS \u0130\u00c7\u0130N R\u0130SK \u00c7OK SINIRLI\u201d","datePublished":"2026-03-03T10:06:16+00:00","mainEntityOfPage":{"@id":"https:\/\/kibrisdakik.com\/?p=107429"},"wordCount":2299,"commentCount":0,"image":{"@id":"https:\/\/kibrisdakik.com\/?p=107429#primaryimage"},"thumbnailUrl":"https:\/\/kibrisdakik.com\/wp-content\/uploads\/2026\/03\/mha-sari-beyaz-3596.png","articleSection":["K\u0131br\u0131s"],"inLanguage":"tr","potentialAction":[{"@type":"CommentAction","name":"Comment","target":["https:\/\/kibrisdakik.com\/?p=107429#respond"]}]},{"@type":"WebPage","@id":"https:\/\/kibrisdakik.com\/?p=107429","url":"https:\/\/kibrisdakik.com\/?p=107429","name":"F\u0130DAN: \u201cKUZEY KIBRIS \u0130\u00c7\u0130N R\u0130SK \u00c7OK SINIRLI\u201d -","isPartOf":{"@id":"https:\/\/kibrisdakik.com\/#website"},"primaryImageOfPage":{"@id":"https:\/\/kibrisdakik.com\/?p=107429#primaryimage"},"image":{"@id":"https:\/\/kibrisdakik.com\/?p=107429#primaryimage"},"thumbnailUrl":"https:\/\/kibrisdakik.com\/wp-content\/uploads\/2026\/03\/mha-sari-beyaz-3596.png","datePublished":"2026-03-03T10:06:16+00:00","author":{"@id":"https:\/\/kibrisdakik.com\/#\/schema\/person\/9cd9d437bbb44f72b73ba127e06d8e79"},"breadcrumb":{"@id":"https:\/\/kibrisdakik.com\/?p=107429#breadcrumb"},"inLanguage":"tr","potentialAction":[{"@type":"ReadAction","target":["https:\/\/kibrisdakik.com\/?p=107429"]}]},{"@type":"ImageObject","inLanguage":"tr","@id":"https:\/\/kibrisdakik.com\/?p=107429#primaryimage","url":"https:\/\/kibrisdakik.com\/wp-content\/uploads\/2026\/03\/mha-sari-beyaz-3596.png","contentUrl":"https:\/\/kibrisdakik.com\/wp-content\/uploads\/2026\/03\/mha-sari-beyaz-3596.png","width":1280,"height":720},{"@type":"BreadcrumbList","@id":"https:\/\/kibrisdakik.com\/?p=107429#breadcrumb","itemListElement":[{"@type":"ListItem","position":1,"name":"Home","item":"https:\/\/kibrisdakik.com\/"},{"@type":"ListItem","position":2,"name":"F\u0130DAN: \u201cKUZEY KIBRIS \u0130\u00c7\u0130N R\u0130SK \u00c7OK SINIRLI\u201d"}]},{"@type":"WebSite","@id":"https:\/\/kibrisdakik.com\/#website","url":"https:\/\/kibrisdakik.com\/","name":"","description":"Tam vaktinde haber","potentialAction":[{"@type":"SearchAction","target":{"@type":"EntryPoint","urlTemplate":"https:\/\/kibrisdakik.com\/?s={search_term_string}"},"query-input":{"@type":"PropertyValueSpecification","valueRequired":true,"valueName":"search_term_string"}}],"inLanguage":"tr"},{"@type":"Person","@id":"https:\/\/kibrisdakik.com\/#\/schema\/person\/9cd9d437bbb44f72b73ba127e06d8e79","name":"admin","image":{"@type":"ImageObject","inLanguage":"tr","@id":"https:\/\/secure.gravatar.com\/avatar\/ccc17943b9d660506c869530f897617f7cb1c21a4bf30023f252596d83e1f007?s=96&d=mm&r=g","url":"https:\/\/secure.gravatar.com\/avatar\/ccc17943b9d660506c869530f897617f7cb1c21a4bf30023f252596d83e1f007?s=96&d=mm&r=g","contentUrl":"https:\/\/secure.gravatar.com\/avatar\/ccc17943b9d660506c869530f897617f7cb1c21a4bf30023f252596d83e1f007?s=96&d=mm&r=g","caption":"admin"},"sameAs":["https:\/\/kibrisdakik.com"],"url":"https:\/\/kibrisdakik.com\/?author=1"}]}},"_links":{"self":[{"href":"https:\/\/kibrisdakik.com\/index.php?rest_route=\/wp\/v2\/posts\/107429","targetHints":{"allow":["GET"]}}],"collection":[{"href":"https:\/\/kibrisdakik.com\/index.php?rest_route=\/wp\/v2\/posts"}],"about":[{"href":"https:\/\/kibrisdakik.com\/index.php?rest_route=\/wp\/v2\/types\/post"}],"author":[{"embeddable":true,"href":"https:\/\/kibrisdakik.com\/index.php?rest_route=\/wp\/v2\/users\/1"}],"replies":[{"embeddable":true,"href":"https:\/\/kibrisdakik.com\/index.php?rest_route=%2Fwp%2Fv2%2Fcomments&post=107429"}],"version-history":[{"count":0,"href":"https:\/\/kibrisdakik.com\/index.php?rest_route=\/wp\/v2\/posts\/107429\/revisions"}],"wp:featuredmedia":[{"embeddable":true,"href":"https:\/\/kibrisdakik.com\/index.php?rest_route=\/wp\/v2\/media\/107430"}],"wp:attachment":[{"href":"https:\/\/kibrisdakik.com\/index.php?rest_route=%2Fwp%2Fv2%2Fmedia&parent=107429"}],"wp:term":[{"taxonomy":"category","embeddable":true,"href":"https:\/\/kibrisdakik.com\/index.php?rest_route=%2Fwp%2Fv2%2Fcategories&post=107429"},{"taxonomy":"post_tag","embeddable":true,"href":"https:\/\/kibrisdakik.com\/index.php?rest_route=%2Fwp%2Fv2%2Ftags&post=107429"}],"curies":[{"name":"wp","href":"https:\/\/api.w.org\/{rel}","templated":true}]}}