{"id":107433,"date":"2026-03-03T12:26:17","date_gmt":"2026-03-03T10:26:17","guid":{"rendered":"https:\/\/kibrisdakik.com\/?p=107433"},"modified":"2026-03-03T12:26:17","modified_gmt":"2026-03-03T10:26:17","slug":"uc-farkli-bolgede-yangin-meydana-geldi","status":"publish","type":"post","link":"https:\/\/kibrisdakik.com\/?p=107433","title":{"rendered":"\u00dc\u00c7 FARKLI B\u00d6LGEDE YANGIN MEYDANA GELD\u0130"},"content":{"rendered":"<p><\/p>\n<div data-text-id=\"197205\" property=\"articleBody\">\n<p>Polis Bas\u0131n Subayl\u0131\u011f\u0131\u2019ndan al\u0131nan bilgiye g\u00f6re  02.03.2026 tarihinde, saat 19.00 s\u0131ralar\u0131nda, Yedikonuk\u2019ta bir ikametgah\u0131n salon odas\u0131 i\u00e7erisinde, odun sobas\u0131n\u0131n benzin d\u00f6k\u00fcl\u00fcp yak\u0131lmaya \u00e7al\u0131\u015f\u0131ld\u0131\u011f\u0131 s\u0131rada, benzin kab\u0131n\u0131n yere d\u00fc\u015ferek alevlerin koltuklara sirayet edip tutu\u015fturmas\u0131 sonucu yang\u0131n meydana gelmi\u015ftir.<\/p>\n<p>Yang\u0131n ev ve \u00e7evre sakinleri ile \u0130tfaiye Ekiplerinin m\u00fcdahalesiyle s\u00f6nd\u00fcr\u00fclm\u00fc\u015f olup \u00e7\u0131kan  yang\u0131n sonucu, salon odas\u0131nda bulunan muhtelif mobilyalar ve elektrikli cihazlar, iki adet kap\u0131 ve 3 adet pencere yanarak zarar g\u00f6rm\u00fc\u015ft\u00fcr. Yang\u0131ndan etkilenen bir ikametgah sakini ise, kald\u0131r\u0131ld\u0131\u011f\u0131 Gazima\u011fusa Devlet Hastanesi\u2019nde yap\u0131lan tedavisinin ard\u0131ndan taburcu olmu\u015ftur. Soru\u015fturma devam etmektedir.<\/p>\n<p>\u00d6te yandan 02.03.2026 tarihinde, saat 22.30 s\u0131ralar\u0131nda, Alayk\u00f6y&#8217;de bir \u015fahsa ait deponun garaj k\u0131sm\u0131nda, muhtemelen faal durumundaki \u015f\u00f6mineden at\u0131lan k\u0131v\u0131lc\u0131mlar\u0131n in\u015faat tahtalar\u0131 \u00fczerine d\u00fc\u015ferek alevlenmesi sonucu yang\u0131n meydana gelmi\u015ftir.<\/p>\n<p>Yang\u0131n \u0130tfaiye Ekipleri taraf\u0131ndan s\u00f6nd\u00fcr\u00fclm\u00fc\u015f olup \u00e7\u0131kan yang\u0131n sonucu, yakla\u015f\u0131k 1 ton a\u011f\u0131rl\u0131\u011f\u0131nda in\u015faat tahtas\u0131 yanarak zarar g\u00f6rm\u00fc\u015ft\u00fcr. Soru\u015fturma devam etmektedir.<\/p>\n<p>Bir di\u011fer olay ise 03.03.2026 tarihinde, saat 04.00 s\u0131ralar\u0131nda, \u0130skele\u2019de bir apartman dairesinin mutfa\u011f\u0131nda,  faal durumdaki ocak \u00fczerinde unutulan tencerenin \u0131s\u0131n\u0131p alevlenmesi sonucu yang\u0131n meydana gelmi\u015ftir. Yang\u0131n \u0130tfaiye Ekipleri taraf\u0131ndan s\u00f6nd\u00fcr\u00fclm\u00fc\u015f olup \u00e7\u0131kan yang\u0131n sonucu, s\u00f6z konusu tencere ve ocak yanarak zarar g\u00f6r\u00fcrken, \u00e7\u0131kan dumandan dolay\u0131 ise mutfak dolab\u0131 da islenmi\u015ftir. Soru\u015fturma devam etmektedir.<\/p>\n<\/p><\/div>\n","protected":false},"excerpt":{"rendered":"<p>Polis Bas\u0131n Subayl\u0131\u011f\u0131\u2019ndan al\u0131nan bilgiye g\u00f6re 02.03.2026 tarihinde, saat 19.00 s\u0131ralar\u0131nda, Yedikonuk\u2019ta bir ikametgah\u0131n salon odas\u0131 i\u00e7erisinde, odun sobas\u0131n\u0131n benzin d\u00f6k\u00fcl\u00fcp yak\u0131lmaya \u00e7al\u0131\u015f\u0131ld\u0131\u011f\u0131 s\u0131rada, benzin kab\u0131n\u0131n yere d\u00fc\u015ferek alevlerin koltuklara sirayet edip tutu\u015fturmas\u0131 sonucu yang\u0131n meydana gelmi\u015ftir. Yang\u0131n ev ve \u00e7evre sakinleri ile \u0130tfaiye Ekiplerinin m\u00fcdahalesiyle s\u00f6nd\u00fcr\u00fclm\u00fc\u015f olup \u00e7\u0131kan yang\u0131n sonucu, salon odas\u0131nda bulunan muhtelif<\/p>\n","protected":false},"author":1,"featured_media":107434,"comment_status":"open","ping_status":"open","sticky":false,"template":"","format":"standard","meta":{"footnotes":""},"categories":[81],"tags":[],"class_list":["post-107433","post","type-post","status-publish","format-standard","has-post-thumbnail","hentry","category-kibris"],"yoast_head":"<!-- This site is optimized with the Yoast SEO plugin v27.4 - https:\/\/yoast.com\/product\/yoast-seo-wordpress\/ -->\n<title>\u00dc\u00c7 FARKLI B\u00d6LGEDE YANGIN MEYDANA GELD\u0130 -<\/title>\n<meta name=\"robots\" content=\"index, follow, max-snippet:-1, max-image-preview:large, max-video-preview:-1\" \/>\n<link rel=\"canonical\" href=\"https:\/\/kibrisdakik.com\/?p=107433\" \/>\n<meta property=\"og:locale\" content=\"tr_TR\" \/>\n<meta property=\"og:type\" content=\"article\" \/>\n<meta property=\"og:title\" content=\"\u00dc\u00c7 FARKLI B\u00d6LGEDE YANGIN MEYDANA GELD\u0130 -\" \/>\n<meta property=\"og:description\" content=\"Polis Bas\u0131n Subayl\u0131\u011f\u0131\u2019ndan al\u0131nan bilgiye g\u00f6re 02.03.2026 tarihinde, saat 19.00 s\u0131ralar\u0131nda, Yedikonuk\u2019ta bir ikametgah\u0131n salon odas\u0131 i\u00e7erisinde, odun sobas\u0131n\u0131n benzin d\u00f6k\u00fcl\u00fcp yak\u0131lmaya \u00e7al\u0131\u015f\u0131ld\u0131\u011f\u0131 s\u0131rada, benzin kab\u0131n\u0131n yere d\u00fc\u015ferek alevlerin koltuklara sirayet edip tutu\u015fturmas\u0131 sonucu yang\u0131n meydana gelmi\u015ftir. Yang\u0131n ev ve \u00e7evre sakinleri ile \u0130tfaiye Ekiplerinin m\u00fcdahalesiyle s\u00f6nd\u00fcr\u00fclm\u00fc\u015f olup \u00e7\u0131kan yang\u0131n sonucu, salon odas\u0131nda bulunan muhtelif\" \/>\n<meta property=\"og:url\" content=\"https:\/\/kibrisdakik.com\/?p=107433\" \/>\n<meta property=\"article:published_time\" content=\"2026-03-03T10:26:17+00:00\" \/>\n<meta property=\"og:image\" content=\"https:\/\/mhahabercom.teimg.com\/crop\/1280x720\/mhahaber-com\/uploads\/2026\/03\/mha-sari-beyaz-3598.png\" \/>\n<meta name=\"author\" content=\"admin\" \/>\n<meta name=\"twitter:card\" content=\"summary_large_image\" \/>\n<meta name=\"twitter:label1\" content=\"Yazan:\" \/>\n\t<meta name=\"twitter:data1\" content=\"admin\" \/>\n\t<meta name=\"twitter:label2\" content=\"Tahmini okuma s\u00fcresi\" \/>\n\t<meta name=\"twitter:data2\" content=\"1 dakika\" \/>\n<script type=\"application\/ld+json\" class=\"yoast-schema-graph\">{\"@context\":\"https:\\\/\\\/schema.org\",\"@graph\":[{\"@type\":\"Article\",\"@id\":\"https:\\\/\\\/kibrisdakik.com\\\/?p=107433#article\",\"isPartOf\":{\"@id\":\"https:\\\/\\\/kibrisdakik.com\\\/?p=107433\"},\"author\":{\"name\":\"admin\",\"@id\":\"https:\\\/\\\/kibrisdakik.com\\\/#\\\/schema\\\/person\\\/9cd9d437bbb44f72b73ba127e06d8e79\"},\"headline\":\"\u00dc\u00c7 FARKLI B\u00d6LGEDE YANGIN MEYDANA GELD\u0130\",\"datePublished\":\"2026-03-03T10:26:17+00:00\",\"mainEntityOfPage\":{\"@id\":\"https:\\\/\\\/kibrisdakik.com\\\/?p=107433\"},\"wordCount\":279,\"commentCount\":0,\"image\":{\"@id\":\"https:\\\/\\\/kibrisdakik.com\\\/?p=107433#primaryimage\"},\"thumbnailUrl\":\"https:\\\/\\\/kibrisdakik.com\\\/wp-content\\\/uploads\\\/2026\\\/03\\\/mha-sari-beyaz-3598.png\",\"articleSection\":[\"K\u0131br\u0131s\"],\"inLanguage\":\"tr\",\"potentialAction\":[{\"@type\":\"CommentAction\",\"name\":\"Comment\",\"target\":[\"https:\\\/\\\/kibrisdakik.com\\\/?p=107433#respond\"]}]},{\"@type\":\"WebPage\",\"@id\":\"https:\\\/\\\/kibrisdakik.com\\\/?p=107433\",\"url\":\"https:\\\/\\\/kibrisdakik.com\\\/?p=107433\",\"name\":\"\u00dc\u00c7 FARKLI B\u00d6LGEDE YANGIN MEYDANA GELD\u0130 -\",\"isPartOf\":{\"@id\":\"https:\\\/\\\/kibrisdakik.com\\\/#website\"},\"primaryImageOfPage\":{\"@id\":\"https:\\\/\\\/kibrisdakik.com\\\/?p=107433#primaryimage\"},\"image\":{\"@id\":\"https:\\\/\\\/kibrisdakik.com\\\/?p=107433#primaryimage\"},\"thumbnailUrl\":\"https:\\\/\\\/kibrisdakik.com\\\/wp-content\\\/uploads\\\/2026\\\/03\\\/mha-sari-beyaz-3598.png\",\"datePublished\":\"2026-03-03T10:26:17+00:00\",\"author\":{\"@id\":\"https:\\\/\\\/kibrisdakik.com\\\/#\\\/schema\\\/person\\\/9cd9d437bbb44f72b73ba127e06d8e79\"},\"breadcrumb\":{\"@id\":\"https:\\\/\\\/kibrisdakik.com\\\/?p=107433#breadcrumb\"},\"inLanguage\":\"tr\",\"potentialAction\":[{\"@type\":\"ReadAction\",\"target\":[\"https:\\\/\\\/kibrisdakik.com\\\/?p=107433\"]}]},{\"@type\":\"ImageObject\",\"inLanguage\":\"tr\",\"@id\":\"https:\\\/\\\/kibrisdakik.com\\\/?p=107433#primaryimage\",\"url\":\"https:\\\/\\\/kibrisdakik.com\\\/wp-content\\\/uploads\\\/2026\\\/03\\\/mha-sari-beyaz-3598.png\",\"contentUrl\":\"https:\\\/\\\/kibrisdakik.com\\\/wp-content\\\/uploads\\\/2026\\\/03\\\/mha-sari-beyaz-3598.png\",\"width\":1280,\"height\":720},{\"@type\":\"BreadcrumbList\",\"@id\":\"https:\\\/\\\/kibrisdakik.com\\\/?p=107433#breadcrumb\",\"itemListElement\":[{\"@type\":\"ListItem\",\"position\":1,\"name\":\"Home\",\"item\":\"https:\\\/\\\/kibrisdakik.com\\\/\"},{\"@type\":\"ListItem\",\"position\":2,\"name\":\"\u00dc\u00c7 FARKLI B\u00d6LGEDE YANGIN MEYDANA GELD\u0130\"}]},{\"@type\":\"WebSite\",\"@id\":\"https:\\\/\\\/kibrisdakik.com\\\/#website\",\"url\":\"https:\\\/\\\/kibrisdakik.com\\\/\",\"name\":\"\",\"description\":\"Tam vaktinde haber\",\"potentialAction\":[{\"@type\":\"SearchAction\",\"target\":{\"@type\":\"EntryPoint\",\"urlTemplate\":\"https:\\\/\\\/kibrisdakik.com\\\/?s={search_term_string}\"},\"query-input\":{\"@type\":\"PropertyValueSpecification\",\"valueRequired\":true,\"valueName\":\"search_term_string\"}}],\"inLanguage\":\"tr\"},{\"@type\":\"Person\",\"@id\":\"https:\\\/\\\/kibrisdakik.com\\\/#\\\/schema\\\/person\\\/9cd9d437bbb44f72b73ba127e06d8e79\",\"name\":\"admin\",\"image\":{\"@type\":\"ImageObject\",\"inLanguage\":\"tr\",\"@id\":\"https:\\\/\\\/secure.gravatar.com\\\/avatar\\\/ccc17943b9d660506c869530f897617f7cb1c21a4bf30023f252596d83e1f007?s=96&d=mm&r=g\",\"url\":\"https:\\\/\\\/secure.gravatar.com\\\/avatar\\\/ccc17943b9d660506c869530f897617f7cb1c21a4bf30023f252596d83e1f007?s=96&d=mm&r=g\",\"contentUrl\":\"https:\\\/\\\/secure.gravatar.com\\\/avatar\\\/ccc17943b9d660506c869530f897617f7cb1c21a4bf30023f252596d83e1f007?s=96&d=mm&r=g\",\"caption\":\"admin\"},\"sameAs\":[\"https:\\\/\\\/kibrisdakik.com\"],\"url\":\"https:\\\/\\\/kibrisdakik.com\\\/?author=1\"}]}<\/script>\n<!-- \/ Yoast SEO plugin. -->","yoast_head_json":{"title":"\u00dc\u00c7 FARKLI B\u00d6LGEDE YANGIN MEYDANA GELD\u0130 -","robots":{"index":"index","follow":"follow","max-snippet":"max-snippet:-1","max-image-preview":"max-image-preview:large","max-video-preview":"max-video-preview:-1"},"canonical":"https:\/\/kibrisdakik.com\/?p=107433","og_locale":"tr_TR","og_type":"article","og_title":"\u00dc\u00c7 FARKLI B\u00d6LGEDE YANGIN MEYDANA GELD\u0130 -","og_description":"Polis Bas\u0131n Subayl\u0131\u011f\u0131\u2019ndan al\u0131nan bilgiye g\u00f6re 02.03.2026 tarihinde, saat 19.00 s\u0131ralar\u0131nda, Yedikonuk\u2019ta bir ikametgah\u0131n salon odas\u0131 i\u00e7erisinde, odun sobas\u0131n\u0131n benzin d\u00f6k\u00fcl\u00fcp yak\u0131lmaya \u00e7al\u0131\u015f\u0131ld\u0131\u011f\u0131 s\u0131rada, benzin kab\u0131n\u0131n yere d\u00fc\u015ferek alevlerin koltuklara sirayet edip tutu\u015fturmas\u0131 sonucu yang\u0131n meydana gelmi\u015ftir. Yang\u0131n ev ve \u00e7evre sakinleri ile \u0130tfaiye Ekiplerinin m\u00fcdahalesiyle s\u00f6nd\u00fcr\u00fclm\u00fc\u015f olup \u00e7\u0131kan yang\u0131n sonucu, salon odas\u0131nda bulunan muhtelif","og_url":"https:\/\/kibrisdakik.com\/?p=107433","article_published_time":"2026-03-03T10:26:17+00:00","og_image":[{"url":"https:\/\/mhahabercom.teimg.com\/crop\/1280x720\/mhahaber-com\/uploads\/2026\/03\/mha-sari-beyaz-3598.png","type":"","width":"","height":""}],"author":"admin","twitter_card":"summary_large_image","twitter_misc":{"Yazan:":"admin","Tahmini okuma s\u00fcresi":"1 dakika"},"schema":{"@context":"https:\/\/schema.org","@graph":[{"@type":"Article","@id":"https:\/\/kibrisdakik.com\/?p=107433#article","isPartOf":{"@id":"https:\/\/kibrisdakik.com\/?p=107433"},"author":{"name":"admin","@id":"https:\/\/kibrisdakik.com\/#\/schema\/person\/9cd9d437bbb44f72b73ba127e06d8e79"},"headline":"\u00dc\u00c7 FARKLI B\u00d6LGEDE YANGIN MEYDANA GELD\u0130","datePublished":"2026-03-03T10:26:17+00:00","mainEntityOfPage":{"@id":"https:\/\/kibrisdakik.com\/?p=107433"},"wordCount":279,"commentCount":0,"image":{"@id":"https:\/\/kibrisdakik.com\/?p=107433#primaryimage"},"thumbnailUrl":"https:\/\/kibrisdakik.com\/wp-content\/uploads\/2026\/03\/mha-sari-beyaz-3598.png","articleSection":["K\u0131br\u0131s"],"inLanguage":"tr","potentialAction":[{"@type":"CommentAction","name":"Comment","target":["https:\/\/kibrisdakik.com\/?p=107433#respond"]}]},{"@type":"WebPage","@id":"https:\/\/kibrisdakik.com\/?p=107433","url":"https:\/\/kibrisdakik.com\/?p=107433","name":"\u00dc\u00c7 FARKLI B\u00d6LGEDE YANGIN MEYDANA GELD\u0130 -","isPartOf":{"@id":"https:\/\/kibrisdakik.com\/#website"},"primaryImageOfPage":{"@id":"https:\/\/kibrisdakik.com\/?p=107433#primaryimage"},"image":{"@id":"https:\/\/kibrisdakik.com\/?p=107433#primaryimage"},"thumbnailUrl":"https:\/\/kibrisdakik.com\/wp-content\/uploads\/2026\/03\/mha-sari-beyaz-3598.png","datePublished":"2026-03-03T10:26:17+00:00","author":{"@id":"https:\/\/kibrisdakik.com\/#\/schema\/person\/9cd9d437bbb44f72b73ba127e06d8e79"},"breadcrumb":{"@id":"https:\/\/kibrisdakik.com\/?p=107433#breadcrumb"},"inLanguage":"tr","potentialAction":[{"@type":"ReadAction","target":["https:\/\/kibrisdakik.com\/?p=107433"]}]},{"@type":"ImageObject","inLanguage":"tr","@id":"https:\/\/kibrisdakik.com\/?p=107433#primaryimage","url":"https:\/\/kibrisdakik.com\/wp-content\/uploads\/2026\/03\/mha-sari-beyaz-3598.png","contentUrl":"https:\/\/kibrisdakik.com\/wp-content\/uploads\/2026\/03\/mha-sari-beyaz-3598.png","width":1280,"height":720},{"@type":"BreadcrumbList","@id":"https:\/\/kibrisdakik.com\/?p=107433#breadcrumb","itemListElement":[{"@type":"ListItem","position":1,"name":"Home","item":"https:\/\/kibrisdakik.com\/"},{"@type":"ListItem","position":2,"name":"\u00dc\u00c7 FARKLI B\u00d6LGEDE YANGIN MEYDANA GELD\u0130"}]},{"@type":"WebSite","@id":"https:\/\/kibrisdakik.com\/#website","url":"https:\/\/kibrisdakik.com\/","name":"","description":"Tam vaktinde haber","potentialAction":[{"@type":"SearchAction","target":{"@type":"EntryPoint","urlTemplate":"https:\/\/kibrisdakik.com\/?s={search_term_string}"},"query-input":{"@type":"PropertyValueSpecification","valueRequired":true,"valueName":"search_term_string"}}],"inLanguage":"tr"},{"@type":"Person","@id":"https:\/\/kibrisdakik.com\/#\/schema\/person\/9cd9d437bbb44f72b73ba127e06d8e79","name":"admin","image":{"@type":"ImageObject","inLanguage":"tr","@id":"https:\/\/secure.gravatar.com\/avatar\/ccc17943b9d660506c869530f897617f7cb1c21a4bf30023f252596d83e1f007?s=96&d=mm&r=g","url":"https:\/\/secure.gravatar.com\/avatar\/ccc17943b9d660506c869530f897617f7cb1c21a4bf30023f252596d83e1f007?s=96&d=mm&r=g","contentUrl":"https:\/\/secure.gravatar.com\/avatar\/ccc17943b9d660506c869530f897617f7cb1c21a4bf30023f252596d83e1f007?s=96&d=mm&r=g","caption":"admin"},"sameAs":["https:\/\/kibrisdakik.com"],"url":"https:\/\/kibrisdakik.com\/?author=1"}]}},"_links":{"self":[{"href":"https:\/\/kibrisdakik.com\/index.php?rest_route=\/wp\/v2\/posts\/107433","targetHints":{"allow":["GET"]}}],"collection":[{"href":"https:\/\/kibrisdakik.com\/index.php?rest_route=\/wp\/v2\/posts"}],"about":[{"href":"https:\/\/kibrisdakik.com\/index.php?rest_route=\/wp\/v2\/types\/post"}],"author":[{"embeddable":true,"href":"https:\/\/kibrisdakik.com\/index.php?rest_route=\/wp\/v2\/users\/1"}],"replies":[{"embeddable":true,"href":"https:\/\/kibrisdakik.com\/index.php?rest_route=%2Fwp%2Fv2%2Fcomments&post=107433"}],"version-history":[{"count":0,"href":"https:\/\/kibrisdakik.com\/index.php?rest_route=\/wp\/v2\/posts\/107433\/revisions"}],"wp:featuredmedia":[{"embeddable":true,"href":"https:\/\/kibrisdakik.com\/index.php?rest_route=\/wp\/v2\/media\/107434"}],"wp:attachment":[{"href":"https:\/\/kibrisdakik.com\/index.php?rest_route=%2Fwp%2Fv2%2Fmedia&parent=107433"}],"wp:term":[{"taxonomy":"category","embeddable":true,"href":"https:\/\/kibrisdakik.com\/index.php?rest_route=%2Fwp%2Fv2%2Fcategories&post=107433"},{"taxonomy":"post_tag","embeddable":true,"href":"https:\/\/kibrisdakik.com\/index.php?rest_route=%2Fwp%2Fv2%2Ftags&post=107433"}],"curies":[{"name":"wp","href":"https:\/\/api.w.org\/{rel}","templated":true}]}}