{"id":107443,"date":"2026-03-03T14:07:30","date_gmt":"2026-03-03T12:07:30","guid":{"rendered":"https:\/\/kibrisdakik.com\/?p=107443"},"modified":"2026-03-03T14:07:30","modified_gmt":"2026-03-03T12:07:30","slug":"iran-kizilayi-abd-israil-saldirilarinda-olenlerin-sayisi-787ye-yukseldi","status":"publish","type":"post","link":"https:\/\/kibrisdakik.com\/?p=107443","title":{"rendered":"\u0130RAN KIZILAYI: \u201cABD-\u0130SRA\u0130L SALDIRILARINDA \u00d6LENLER\u0130N SAYISI 787\u2019YE Y\u00dcKSELD\u0130\u201d"},"content":{"rendered":"<p><\/p>\n<div data-text-id=\"197218\" property=\"articleBody\">\n<p>Tesnim Haber Ajans\u0131, \u0130ran K\u0131z\u0131lay Kurumu taraf\u0131ndan yap\u0131lan yaz\u0131l\u0131 a\u00e7\u0131klamay\u0131 yay\u0131mlad\u0131.<\/p>\n<p>A\u00e7\u0131klamada, &#8220;153 yerle\u015fim biriminde 504 noktan\u0131n hedef al\u0131nd\u0131\u011f\u0131 sald\u0131r\u0131larda 787 ki\u015fi hayat\u0131n\u0131 kaybetti.&#8221; ifadelerine yer verildi.<\/p>\n<p>Vurulan binalar\u0131n enkazlar\u0131nda arama kurtarma \u00e7al\u0131\u015fmalar\u0131n\u0131n s\u00fcrd\u00fc\u011f\u00fc belirtilirken, sald\u0131r\u0131larda yaralananlar\u0131n say\u0131s\u0131na ili\u015fkin bilgi verilmedi.<\/p>\n<p>\u0130ran K\u0131z\u0131lay\u0131 taraf\u0131ndan, 2 Mart&#8217;ta yap\u0131lan a\u00e7\u0131klamada, ABD-\u0130srail sald\u0131r\u0131lar\u0131nda 555 ki\u015finin hayat\u0131n\u0131 kaybetti\u011fi duyurulmu\u015ftu.<\/p>\n<p>&#8211; ABD-\u0130srail\u2019in \u0130ran\u2019a sald\u0131r\u0131lar\u0131<\/p>\n<p>\u0130srail ve ABD, Tahran ile Washington y\u00f6netimleri aras\u0131nda m\u00fczakereler s\u00fcrerken 28 \u015eubat&#8217;ta \u0130ran&#8217;a askeri sald\u0131r\u0131 ba\u015flatt\u0131.<\/p>\n<p>\u0130ran da \u0130srail&#8217;in yan\u0131 s\u0131ra ABD \u00fcslerinin bulundu\u011fu Katar, Birle\u015fik Arap Emirlikleri (BAE) ve Bahreyn ba\u015fta olmak \u00fczere baz\u0131 b\u00f6lge \u00fclkelerinde belirledi\u011fi hedeflere sald\u0131r\u0131larla kar\u015f\u0131l\u0131k verdi.<\/p>\n<p>ABD-\u0130srail sald\u0131r\u0131lar\u0131nda, \u0130ran lideri Ayetullah Ali Hamaney&#8217;in yan\u0131 s\u0131ra \u00e7ok say\u0131da \u00fcst d\u00fczey yetkili \u00f6ld\u00fc.<\/p>\n<\/p><\/div>\n","protected":false},"excerpt":{"rendered":"<p>Tesnim Haber Ajans\u0131, \u0130ran K\u0131z\u0131lay Kurumu taraf\u0131ndan yap\u0131lan yaz\u0131l\u0131 a\u00e7\u0131klamay\u0131 yay\u0131mlad\u0131. A\u00e7\u0131klamada, &#8220;153 yerle\u015fim biriminde 504 noktan\u0131n hedef al\u0131nd\u0131\u011f\u0131 sald\u0131r\u0131larda 787 ki\u015fi hayat\u0131n\u0131 kaybetti.&#8221; ifadelerine yer verildi. Vurulan binalar\u0131n enkazlar\u0131nda arama kurtarma \u00e7al\u0131\u015fmalar\u0131n\u0131n s\u00fcrd\u00fc\u011f\u00fc belirtilirken, sald\u0131r\u0131larda yaralananlar\u0131n say\u0131s\u0131na ili\u015fkin bilgi verilmedi. \u0130ran K\u0131z\u0131lay\u0131 taraf\u0131ndan, 2 Mart&#8217;ta yap\u0131lan a\u00e7\u0131klamada, ABD-\u0130srail sald\u0131r\u0131lar\u0131nda 555 ki\u015finin hayat\u0131n\u0131 kaybetti\u011fi duyurulmu\u015ftu.<\/p>\n","protected":false},"author":1,"featured_media":107444,"comment_status":"open","ping_status":"open","sticky":false,"template":"","format":"standard","meta":{"footnotes":""},"categories":[81],"tags":[],"class_list":["post-107443","post","type-post","status-publish","format-standard","has-post-thumbnail","hentry","category-kibris"],"yoast_head":"<!-- This site is optimized with the Yoast SEO plugin v27.5 - https:\/\/yoast.com\/product\/yoast-seo-wordpress\/ -->\n<title>\u0130RAN KIZILAYI: \u201cABD-\u0130SRA\u0130L SALDIRILARINDA \u00d6LENLER\u0130N SAYISI 787\u2019YE Y\u00dcKSELD\u0130\u201d -<\/title>\n<meta name=\"robots\" content=\"index, follow, max-snippet:-1, max-image-preview:large, max-video-preview:-1\" \/>\n<link rel=\"canonical\" href=\"https:\/\/kibrisdakik.com\/?p=107443\" \/>\n<meta property=\"og:locale\" content=\"tr_TR\" \/>\n<meta property=\"og:type\" content=\"article\" \/>\n<meta property=\"og:title\" content=\"\u0130RAN KIZILAYI: \u201cABD-\u0130SRA\u0130L SALDIRILARINDA \u00d6LENLER\u0130N SAYISI 787\u2019YE Y\u00dcKSELD\u0130\u201d -\" \/>\n<meta property=\"og:description\" content=\"Tesnim Haber Ajans\u0131, \u0130ran K\u0131z\u0131lay Kurumu taraf\u0131ndan yap\u0131lan yaz\u0131l\u0131 a\u00e7\u0131klamay\u0131 yay\u0131mlad\u0131. A\u00e7\u0131klamada, &#8220;153 yerle\u015fim biriminde 504 noktan\u0131n hedef al\u0131nd\u0131\u011f\u0131 sald\u0131r\u0131larda 787 ki\u015fi hayat\u0131n\u0131 kaybetti.&#8221; ifadelerine yer verildi. Vurulan binalar\u0131n enkazlar\u0131nda arama kurtarma \u00e7al\u0131\u015fmalar\u0131n\u0131n s\u00fcrd\u00fc\u011f\u00fc belirtilirken, sald\u0131r\u0131larda yaralananlar\u0131n say\u0131s\u0131na ili\u015fkin bilgi verilmedi. \u0130ran K\u0131z\u0131lay\u0131 taraf\u0131ndan, 2 Mart&#8217;ta yap\u0131lan a\u00e7\u0131klamada, ABD-\u0130srail sald\u0131r\u0131lar\u0131nda 555 ki\u015finin hayat\u0131n\u0131 kaybetti\u011fi duyurulmu\u015ftu.\" \/>\n<meta property=\"og:url\" content=\"https:\/\/kibrisdakik.com\/?p=107443\" \/>\n<meta property=\"article:published_time\" content=\"2026-03-03T12:07:30+00:00\" \/>\n<meta property=\"og:image\" content=\"https:\/\/mhahabercom.teimg.com\/crop\/1280x720\/mhahaber-com\/uploads\/2026\/03\/253-2.png\" \/>\n<meta name=\"author\" content=\"admin\" \/>\n<meta name=\"twitter:card\" content=\"summary_large_image\" \/>\n<meta name=\"twitter:label1\" content=\"Yazan:\" \/>\n\t<meta name=\"twitter:data1\" content=\"admin\" \/>\n\t<meta name=\"twitter:label2\" content=\"Tahmini okuma s\u00fcresi\" \/>\n\t<meta name=\"twitter:data2\" content=\"1 dakika\" \/>\n<script type=\"application\/ld+json\" class=\"yoast-schema-graph\">{\"@context\":\"https:\\\/\\\/schema.org\",\"@graph\":[{\"@type\":\"Article\",\"@id\":\"https:\\\/\\\/kibrisdakik.com\\\/?p=107443#article\",\"isPartOf\":{\"@id\":\"https:\\\/\\\/kibrisdakik.com\\\/?p=107443\"},\"author\":{\"name\":\"admin\",\"@id\":\"https:\\\/\\\/kibrisdakik.com\\\/#\\\/schema\\\/person\\\/9cd9d437bbb44f72b73ba127e06d8e79\"},\"headline\":\"\u0130RAN KIZILAYI: \u201cABD-\u0130SRA\u0130L SALDIRILARINDA \u00d6LENLER\u0130N SAYISI 787\u2019YE Y\u00dcKSELD\u0130\u201d\",\"datePublished\":\"2026-03-03T12:07:30+00:00\",\"mainEntityOfPage\":{\"@id\":\"https:\\\/\\\/kibrisdakik.com\\\/?p=107443\"},\"wordCount\":190,\"commentCount\":0,\"image\":{\"@id\":\"https:\\\/\\\/kibrisdakik.com\\\/?p=107443#primaryimage\"},\"thumbnailUrl\":\"https:\\\/\\\/kibrisdakik.com\\\/wp-content\\\/uploads\\\/2026\\\/03\\\/253-2.png\",\"articleSection\":[\"K\u0131br\u0131s\"],\"inLanguage\":\"tr\",\"potentialAction\":[{\"@type\":\"CommentAction\",\"name\":\"Comment\",\"target\":[\"https:\\\/\\\/kibrisdakik.com\\\/?p=107443#respond\"]}]},{\"@type\":\"WebPage\",\"@id\":\"https:\\\/\\\/kibrisdakik.com\\\/?p=107443\",\"url\":\"https:\\\/\\\/kibrisdakik.com\\\/?p=107443\",\"name\":\"\u0130RAN KIZILAYI: \u201cABD-\u0130SRA\u0130L SALDIRILARINDA \u00d6LENLER\u0130N SAYISI 787\u2019YE Y\u00dcKSELD\u0130\u201d -\",\"isPartOf\":{\"@id\":\"https:\\\/\\\/kibrisdakik.com\\\/#website\"},\"primaryImageOfPage\":{\"@id\":\"https:\\\/\\\/kibrisdakik.com\\\/?p=107443#primaryimage\"},\"image\":{\"@id\":\"https:\\\/\\\/kibrisdakik.com\\\/?p=107443#primaryimage\"},\"thumbnailUrl\":\"https:\\\/\\\/kibrisdakik.com\\\/wp-content\\\/uploads\\\/2026\\\/03\\\/253-2.png\",\"datePublished\":\"2026-03-03T12:07:30+00:00\",\"author\":{\"@id\":\"https:\\\/\\\/kibrisdakik.com\\\/#\\\/schema\\\/person\\\/9cd9d437bbb44f72b73ba127e06d8e79\"},\"breadcrumb\":{\"@id\":\"https:\\\/\\\/kibrisdakik.com\\\/?p=107443#breadcrumb\"},\"inLanguage\":\"tr\",\"potentialAction\":[{\"@type\":\"ReadAction\",\"target\":[\"https:\\\/\\\/kibrisdakik.com\\\/?p=107443\"]}]},{\"@type\":\"ImageObject\",\"inLanguage\":\"tr\",\"@id\":\"https:\\\/\\\/kibrisdakik.com\\\/?p=107443#primaryimage\",\"url\":\"https:\\\/\\\/kibrisdakik.com\\\/wp-content\\\/uploads\\\/2026\\\/03\\\/253-2.png\",\"contentUrl\":\"https:\\\/\\\/kibrisdakik.com\\\/wp-content\\\/uploads\\\/2026\\\/03\\\/253-2.png\",\"width\":1280,\"height\":720},{\"@type\":\"BreadcrumbList\",\"@id\":\"https:\\\/\\\/kibrisdakik.com\\\/?p=107443#breadcrumb\",\"itemListElement\":[{\"@type\":\"ListItem\",\"position\":1,\"name\":\"Home\",\"item\":\"https:\\\/\\\/kibrisdakik.com\\\/\"},{\"@type\":\"ListItem\",\"position\":2,\"name\":\"\u0130RAN KIZILAYI: \u201cABD-\u0130SRA\u0130L SALDIRILARINDA \u00d6LENLER\u0130N SAYISI 787\u2019YE Y\u00dcKSELD\u0130\u201d\"}]},{\"@type\":\"WebSite\",\"@id\":\"https:\\\/\\\/kibrisdakik.com\\\/#website\",\"url\":\"https:\\\/\\\/kibrisdakik.com\\\/\",\"name\":\"\",\"description\":\"Tam vaktinde haber\",\"potentialAction\":[{\"@type\":\"SearchAction\",\"target\":{\"@type\":\"EntryPoint\",\"urlTemplate\":\"https:\\\/\\\/kibrisdakik.com\\\/?s={search_term_string}\"},\"query-input\":{\"@type\":\"PropertyValueSpecification\",\"valueRequired\":true,\"valueName\":\"search_term_string\"}}],\"inLanguage\":\"tr\"},{\"@type\":\"Person\",\"@id\":\"https:\\\/\\\/kibrisdakik.com\\\/#\\\/schema\\\/person\\\/9cd9d437bbb44f72b73ba127e06d8e79\",\"name\":\"admin\",\"image\":{\"@type\":\"ImageObject\",\"inLanguage\":\"tr\",\"@id\":\"https:\\\/\\\/secure.gravatar.com\\\/avatar\\\/ccc17943b9d660506c869530f897617f7cb1c21a4bf30023f252596d83e1f007?s=96&d=mm&r=g\",\"url\":\"https:\\\/\\\/secure.gravatar.com\\\/avatar\\\/ccc17943b9d660506c869530f897617f7cb1c21a4bf30023f252596d83e1f007?s=96&d=mm&r=g\",\"contentUrl\":\"https:\\\/\\\/secure.gravatar.com\\\/avatar\\\/ccc17943b9d660506c869530f897617f7cb1c21a4bf30023f252596d83e1f007?s=96&d=mm&r=g\",\"caption\":\"admin\"},\"sameAs\":[\"https:\\\/\\\/kibrisdakik.com\"],\"url\":\"https:\\\/\\\/kibrisdakik.com\\\/?author=1\"}]}<\/script>\n<!-- \/ Yoast SEO plugin. -->","yoast_head_json":{"title":"\u0130RAN KIZILAYI: \u201cABD-\u0130SRA\u0130L SALDIRILARINDA \u00d6LENLER\u0130N SAYISI 787\u2019YE Y\u00dcKSELD\u0130\u201d -","robots":{"index":"index","follow":"follow","max-snippet":"max-snippet:-1","max-image-preview":"max-image-preview:large","max-video-preview":"max-video-preview:-1"},"canonical":"https:\/\/kibrisdakik.com\/?p=107443","og_locale":"tr_TR","og_type":"article","og_title":"\u0130RAN KIZILAYI: \u201cABD-\u0130SRA\u0130L SALDIRILARINDA \u00d6LENLER\u0130N SAYISI 787\u2019YE Y\u00dcKSELD\u0130\u201d -","og_description":"Tesnim Haber Ajans\u0131, \u0130ran K\u0131z\u0131lay Kurumu taraf\u0131ndan yap\u0131lan yaz\u0131l\u0131 a\u00e7\u0131klamay\u0131 yay\u0131mlad\u0131. A\u00e7\u0131klamada, &#8220;153 yerle\u015fim biriminde 504 noktan\u0131n hedef al\u0131nd\u0131\u011f\u0131 sald\u0131r\u0131larda 787 ki\u015fi hayat\u0131n\u0131 kaybetti.&#8221; ifadelerine yer verildi. Vurulan binalar\u0131n enkazlar\u0131nda arama kurtarma \u00e7al\u0131\u015fmalar\u0131n\u0131n s\u00fcrd\u00fc\u011f\u00fc belirtilirken, sald\u0131r\u0131larda yaralananlar\u0131n say\u0131s\u0131na ili\u015fkin bilgi verilmedi. \u0130ran K\u0131z\u0131lay\u0131 taraf\u0131ndan, 2 Mart&#8217;ta yap\u0131lan a\u00e7\u0131klamada, ABD-\u0130srail sald\u0131r\u0131lar\u0131nda 555 ki\u015finin hayat\u0131n\u0131 kaybetti\u011fi duyurulmu\u015ftu.","og_url":"https:\/\/kibrisdakik.com\/?p=107443","article_published_time":"2026-03-03T12:07:30+00:00","og_image":[{"url":"https:\/\/mhahabercom.teimg.com\/crop\/1280x720\/mhahaber-com\/uploads\/2026\/03\/253-2.png","type":"","width":"","height":""}],"author":"admin","twitter_card":"summary_large_image","twitter_misc":{"Yazan:":"admin","Tahmini okuma s\u00fcresi":"1 dakika"},"schema":{"@context":"https:\/\/schema.org","@graph":[{"@type":"Article","@id":"https:\/\/kibrisdakik.com\/?p=107443#article","isPartOf":{"@id":"https:\/\/kibrisdakik.com\/?p=107443"},"author":{"name":"admin","@id":"https:\/\/kibrisdakik.com\/#\/schema\/person\/9cd9d437bbb44f72b73ba127e06d8e79"},"headline":"\u0130RAN KIZILAYI: \u201cABD-\u0130SRA\u0130L SALDIRILARINDA \u00d6LENLER\u0130N SAYISI 787\u2019YE Y\u00dcKSELD\u0130\u201d","datePublished":"2026-03-03T12:07:30+00:00","mainEntityOfPage":{"@id":"https:\/\/kibrisdakik.com\/?p=107443"},"wordCount":190,"commentCount":0,"image":{"@id":"https:\/\/kibrisdakik.com\/?p=107443#primaryimage"},"thumbnailUrl":"https:\/\/kibrisdakik.com\/wp-content\/uploads\/2026\/03\/253-2.png","articleSection":["K\u0131br\u0131s"],"inLanguage":"tr","potentialAction":[{"@type":"CommentAction","name":"Comment","target":["https:\/\/kibrisdakik.com\/?p=107443#respond"]}]},{"@type":"WebPage","@id":"https:\/\/kibrisdakik.com\/?p=107443","url":"https:\/\/kibrisdakik.com\/?p=107443","name":"\u0130RAN KIZILAYI: \u201cABD-\u0130SRA\u0130L SALDIRILARINDA \u00d6LENLER\u0130N SAYISI 787\u2019YE Y\u00dcKSELD\u0130\u201d -","isPartOf":{"@id":"https:\/\/kibrisdakik.com\/#website"},"primaryImageOfPage":{"@id":"https:\/\/kibrisdakik.com\/?p=107443#primaryimage"},"image":{"@id":"https:\/\/kibrisdakik.com\/?p=107443#primaryimage"},"thumbnailUrl":"https:\/\/kibrisdakik.com\/wp-content\/uploads\/2026\/03\/253-2.png","datePublished":"2026-03-03T12:07:30+00:00","author":{"@id":"https:\/\/kibrisdakik.com\/#\/schema\/person\/9cd9d437bbb44f72b73ba127e06d8e79"},"breadcrumb":{"@id":"https:\/\/kibrisdakik.com\/?p=107443#breadcrumb"},"inLanguage":"tr","potentialAction":[{"@type":"ReadAction","target":["https:\/\/kibrisdakik.com\/?p=107443"]}]},{"@type":"ImageObject","inLanguage":"tr","@id":"https:\/\/kibrisdakik.com\/?p=107443#primaryimage","url":"https:\/\/kibrisdakik.com\/wp-content\/uploads\/2026\/03\/253-2.png","contentUrl":"https:\/\/kibrisdakik.com\/wp-content\/uploads\/2026\/03\/253-2.png","width":1280,"height":720},{"@type":"BreadcrumbList","@id":"https:\/\/kibrisdakik.com\/?p=107443#breadcrumb","itemListElement":[{"@type":"ListItem","position":1,"name":"Home","item":"https:\/\/kibrisdakik.com\/"},{"@type":"ListItem","position":2,"name":"\u0130RAN KIZILAYI: \u201cABD-\u0130SRA\u0130L SALDIRILARINDA \u00d6LENLER\u0130N SAYISI 787\u2019YE Y\u00dcKSELD\u0130\u201d"}]},{"@type":"WebSite","@id":"https:\/\/kibrisdakik.com\/#website","url":"https:\/\/kibrisdakik.com\/","name":"","description":"Tam vaktinde haber","potentialAction":[{"@type":"SearchAction","target":{"@type":"EntryPoint","urlTemplate":"https:\/\/kibrisdakik.com\/?s={search_term_string}"},"query-input":{"@type":"PropertyValueSpecification","valueRequired":true,"valueName":"search_term_string"}}],"inLanguage":"tr"},{"@type":"Person","@id":"https:\/\/kibrisdakik.com\/#\/schema\/person\/9cd9d437bbb44f72b73ba127e06d8e79","name":"admin","image":{"@type":"ImageObject","inLanguage":"tr","@id":"https:\/\/secure.gravatar.com\/avatar\/ccc17943b9d660506c869530f897617f7cb1c21a4bf30023f252596d83e1f007?s=96&d=mm&r=g","url":"https:\/\/secure.gravatar.com\/avatar\/ccc17943b9d660506c869530f897617f7cb1c21a4bf30023f252596d83e1f007?s=96&d=mm&r=g","contentUrl":"https:\/\/secure.gravatar.com\/avatar\/ccc17943b9d660506c869530f897617f7cb1c21a4bf30023f252596d83e1f007?s=96&d=mm&r=g","caption":"admin"},"sameAs":["https:\/\/kibrisdakik.com"],"url":"https:\/\/kibrisdakik.com\/?author=1"}]}},"_links":{"self":[{"href":"https:\/\/kibrisdakik.com\/index.php?rest_route=\/wp\/v2\/posts\/107443","targetHints":{"allow":["GET"]}}],"collection":[{"href":"https:\/\/kibrisdakik.com\/index.php?rest_route=\/wp\/v2\/posts"}],"about":[{"href":"https:\/\/kibrisdakik.com\/index.php?rest_route=\/wp\/v2\/types\/post"}],"author":[{"embeddable":true,"href":"https:\/\/kibrisdakik.com\/index.php?rest_route=\/wp\/v2\/users\/1"}],"replies":[{"embeddable":true,"href":"https:\/\/kibrisdakik.com\/index.php?rest_route=%2Fwp%2Fv2%2Fcomments&post=107443"}],"version-history":[{"count":0,"href":"https:\/\/kibrisdakik.com\/index.php?rest_route=\/wp\/v2\/posts\/107443\/revisions"}],"wp:featuredmedia":[{"embeddable":true,"href":"https:\/\/kibrisdakik.com\/index.php?rest_route=\/wp\/v2\/media\/107444"}],"wp:attachment":[{"href":"https:\/\/kibrisdakik.com\/index.php?rest_route=%2Fwp%2Fv2%2Fmedia&parent=107443"}],"wp:term":[{"taxonomy":"category","embeddable":true,"href":"https:\/\/kibrisdakik.com\/index.php?rest_route=%2Fwp%2Fv2%2Fcategories&post=107443"},{"taxonomy":"post_tag","embeddable":true,"href":"https:\/\/kibrisdakik.com\/index.php?rest_route=%2Fwp%2Fv2%2Ftags&post=107443"}],"curies":[{"name":"wp","href":"https:\/\/api.w.org\/{rel}","templated":true}]}}