{"id":10746,"date":"2023-07-19T18:41:50","date_gmt":"2023-07-19T18:41:50","guid":{"rendered":"https:\/\/kibrisdakik.com\/index.php\/2023\/07\/19\/lapta-sakini-tirmik-hayatini-kaybetti\/"},"modified":"2023-07-19T18:41:50","modified_gmt":"2023-07-19T18:41:50","slug":"lapta-sakini-tirmik-hayatini-kaybetti","status":"publish","type":"post","link":"https:\/\/kibrisdakik.com\/?p=10746","title":{"rendered":"Lapta sakini T\u0131rm\u0131k hayat\u0131n\u0131 kaybetti"},"content":{"rendered":"<p><\/p>\n<div>\n<div class=\"mariselle-image-container none\">\n                <img width=\"886\" height=\"538\" class=\"lazy-image\" alt=\"\" decoding=\"async\" loading=\"lazy\" sizes=\"auto, (max-width: 886px) 100vw, 886px\" src=\"https:\/\/brtk.net\/wp-content\/uploads\/2023\/07\/19\/polis-958x53829-1.jpg?ver=78bcf48f4b41067ed5391f1872891180\" srcset=\"https:\/\/brtk.net\/wp-content\/uploads\/2023\/07\/19\/polis-958x53829-1.jpg?ver=78bcf48f4b41067ed5391f1872891180 886w, https:\/\/brtk.net\/wp-content\/uploads\/2023\/07\/19\/polis-958x53829-1-300x182.jpg?ver=78bcf48f4b41067ed5391f1872891180 300w, https:\/\/brtk.net\/wp-content\/uploads\/2023\/07\/19\/polis-958x53829-1-768x466.jpg?ver=78bcf48f4b41067ed5391f1872891180 768w\"\/>                            <\/div>\n<p>Lapta sakini 77 ya\u015f\u0131ndaki Hatice T\u0131rm\u0131k d\u00fcn hayat\u0131n\u0131 kaybetti.<\/p>\n<p>Polis Bas\u0131n Subayl\u0131\u011f\u0131\u2019ndan yap\u0131lan a\u00e7\u0131klamaya g\u00f6re, saat 20.30 s\u0131ralar\u0131nda ikametgah\u0131nda aniden rahats\u0131zlanarak, ya\u015fam\u0131n\u0131 yitiren T\u0131rm\u0131k\u2019\u0131n \u00f6l\u00fcm sebebi \u201c\u00e7oklu organ yetmezli\u011fi\u201d olarak tespit edildi.<\/p>\n<p>-Esetova\u2019n\u0131n \u00f6l\u00fcm nedeni \u201csuda bo\u011fulma\u201d<\/p>\n<p>Pazar g\u00fcn\u00fc saat 05.30 s\u0131ralar\u0131nda Karao\u011flano\u011flu\u2019nda denizde ya\u015fam\u0131n\u0131 yitiren Altyn Esetova\u2019ya (K-39) yap\u0131lan otopside, \u00f6l\u00fcm sebebinin \u201csuda bo\u011fulma\u201d oldu\u011fu tespit edildi. Polis, soru\u015fturman\u0131n devam etti\u011fini bildirdi.<\/p>\n<p>pgm\/brt<\/p>\n<\/p><\/div>\n<p><script async\n                    defer\n                    crossorigin=\"anonymous\"\n                    src=\"https:\/\/connect.facebook.net\/tr_TR\/sdk.js#xfbml=1&#038;version=v3.3\"\n            ><\/script><\/p>\n","protected":false},"excerpt":{"rendered":"<p>Lapta sakini 77 ya\u015f\u0131ndaki Hatice T\u0131rm\u0131k d\u00fcn hayat\u0131n\u0131 kaybetti. Polis Bas\u0131n Subayl\u0131\u011f\u0131\u2019ndan yap\u0131lan a\u00e7\u0131klamaya g\u00f6re, saat 20.30 s\u0131ralar\u0131nda ikametgah\u0131nda aniden rahats\u0131zlanarak, ya\u015fam\u0131n\u0131 yitiren T\u0131rm\u0131k\u2019\u0131n \u00f6l\u00fcm sebebi \u201c\u00e7oklu organ yetmezli\u011fi\u201d olarak tespit edildi. -Esetova\u2019n\u0131n \u00f6l\u00fcm nedeni \u201csuda bo\u011fulma\u201d Pazar g\u00fcn\u00fc saat 05.30 s\u0131ralar\u0131nda Karao\u011flano\u011flu\u2019nda denizde ya\u015fam\u0131n\u0131 yitiren Altyn Esetova\u2019ya (K-39) yap\u0131lan otopside, \u00f6l\u00fcm sebebinin \u201csuda bo\u011fulma\u201d<\/p>\n","protected":false},"author":1,"featured_media":4160,"comment_status":"open","ping_status":"open","sticky":false,"template":"","format":"standard","meta":{"footnotes":""},"categories":[1],"tags":[],"class_list":["post-10746","post","type-post","status-publish","format-standard","has-post-thumbnail","hentry","category-gundem"],"yoast_head":"<!-- This site is optimized with the Yoast SEO plugin v27.5 - https:\/\/yoast.com\/product\/yoast-seo-wordpress\/ -->\n<title>Lapta sakini T\u0131rm\u0131k hayat\u0131n\u0131 kaybetti -<\/title>\n<meta name=\"robots\" content=\"index, follow, max-snippet:-1, max-image-preview:large, max-video-preview:-1\" \/>\n<link rel=\"canonical\" href=\"https:\/\/kibrisdakik.com\/?p=10746\" \/>\n<meta property=\"og:locale\" content=\"tr_TR\" \/>\n<meta property=\"og:type\" content=\"article\" \/>\n<meta property=\"og:title\" content=\"Lapta sakini T\u0131rm\u0131k hayat\u0131n\u0131 kaybetti -\" \/>\n<meta property=\"og:description\" content=\"Lapta sakini 77 ya\u015f\u0131ndaki Hatice T\u0131rm\u0131k d\u00fcn hayat\u0131n\u0131 kaybetti. Polis Bas\u0131n Subayl\u0131\u011f\u0131\u2019ndan yap\u0131lan a\u00e7\u0131klamaya g\u00f6re, saat 20.30 s\u0131ralar\u0131nda ikametgah\u0131nda aniden rahats\u0131zlanarak, ya\u015fam\u0131n\u0131 yitiren T\u0131rm\u0131k\u2019\u0131n \u00f6l\u00fcm sebebi \u201c\u00e7oklu organ yetmezli\u011fi\u201d olarak tespit edildi. -Esetova\u2019n\u0131n \u00f6l\u00fcm nedeni \u201csuda bo\u011fulma\u201d Pazar g\u00fcn\u00fc saat 05.30 s\u0131ralar\u0131nda Karao\u011flano\u011flu\u2019nda denizde ya\u015fam\u0131n\u0131 yitiren Altyn Esetova\u2019ya (K-39) yap\u0131lan otopside, \u00f6l\u00fcm sebebinin \u201csuda bo\u011fulma\u201d\" \/>\n<meta property=\"og:url\" content=\"https:\/\/kibrisdakik.com\/?p=10746\" \/>\n<meta property=\"article:published_time\" content=\"2023-07-19T18:41:50+00:00\" \/>\n<meta property=\"og:image\" content=\"https:\/\/kibrisdakik.com\/wp-content\/uploads\/2023\/03\/olum7-1.jpg\" \/>\n\t<meta property=\"og:image:width\" content=\"460\" \/>\n\t<meta property=\"og:image:height\" content=\"276\" \/>\n\t<meta property=\"og:image:type\" content=\"image\/jpeg\" \/>\n<meta name=\"author\" content=\"admin\" \/>\n<meta name=\"twitter:card\" content=\"summary_large_image\" \/>\n<meta name=\"twitter:label1\" content=\"Yazan:\" \/>\n\t<meta name=\"twitter:data1\" content=\"admin\" \/>\n\t<meta name=\"twitter:label2\" content=\"Tahmini okuma s\u00fcresi\" \/>\n\t<meta name=\"twitter:data2\" content=\"1 dakika\" \/>\n<script type=\"application\/ld+json\" class=\"yoast-schema-graph\">{\"@context\":\"https:\\\/\\\/schema.org\",\"@graph\":[{\"@type\":\"Article\",\"@id\":\"https:\\\/\\\/kibrisdakik.com\\\/?p=10746#article\",\"isPartOf\":{\"@id\":\"https:\\\/\\\/kibrisdakik.com\\\/?p=10746\"},\"author\":{\"name\":\"admin\",\"@id\":\"https:\\\/\\\/kibrisdakik.com\\\/#\\\/schema\\\/person\\\/9cd9d437bbb44f72b73ba127e06d8e79\"},\"headline\":\"Lapta sakini T\u0131rm\u0131k hayat\u0131n\u0131 kaybetti\",\"datePublished\":\"2023-07-19T18:41:50+00:00\",\"mainEntityOfPage\":{\"@id\":\"https:\\\/\\\/kibrisdakik.com\\\/?p=10746\"},\"wordCount\":111,\"commentCount\":0,\"image\":{\"@id\":\"https:\\\/\\\/kibrisdakik.com\\\/?p=10746#primaryimage\"},\"thumbnailUrl\":\"https:\\\/\\\/kibrisdakik.com\\\/wp-content\\\/uploads\\\/2023\\\/03\\\/olum7-1.jpg\",\"articleSection\":[\"G\u00fcndem\"],\"inLanguage\":\"tr\",\"potentialAction\":[{\"@type\":\"CommentAction\",\"name\":\"Comment\",\"target\":[\"https:\\\/\\\/kibrisdakik.com\\\/?p=10746#respond\"]}]},{\"@type\":\"WebPage\",\"@id\":\"https:\\\/\\\/kibrisdakik.com\\\/?p=10746\",\"url\":\"https:\\\/\\\/kibrisdakik.com\\\/?p=10746\",\"name\":\"Lapta sakini T\u0131rm\u0131k hayat\u0131n\u0131 kaybetti -\",\"isPartOf\":{\"@id\":\"https:\\\/\\\/kibrisdakik.com\\\/#website\"},\"primaryImageOfPage\":{\"@id\":\"https:\\\/\\\/kibrisdakik.com\\\/?p=10746#primaryimage\"},\"image\":{\"@id\":\"https:\\\/\\\/kibrisdakik.com\\\/?p=10746#primaryimage\"},\"thumbnailUrl\":\"https:\\\/\\\/kibrisdakik.com\\\/wp-content\\\/uploads\\\/2023\\\/03\\\/olum7-1.jpg\",\"datePublished\":\"2023-07-19T18:41:50+00:00\",\"author\":{\"@id\":\"https:\\\/\\\/kibrisdakik.com\\\/#\\\/schema\\\/person\\\/9cd9d437bbb44f72b73ba127e06d8e79\"},\"breadcrumb\":{\"@id\":\"https:\\\/\\\/kibrisdakik.com\\\/?p=10746#breadcrumb\"},\"inLanguage\":\"tr\",\"potentialAction\":[{\"@type\":\"ReadAction\",\"target\":[\"https:\\\/\\\/kibrisdakik.com\\\/?p=10746\"]}]},{\"@type\":\"ImageObject\",\"inLanguage\":\"tr\",\"@id\":\"https:\\\/\\\/kibrisdakik.com\\\/?p=10746#primaryimage\",\"url\":\"https:\\\/\\\/kibrisdakik.com\\\/wp-content\\\/uploads\\\/2023\\\/03\\\/olum7-1.jpg\",\"contentUrl\":\"https:\\\/\\\/kibrisdakik.com\\\/wp-content\\\/uploads\\\/2023\\\/03\\\/olum7-1.jpg\",\"width\":460,\"height\":276},{\"@type\":\"BreadcrumbList\",\"@id\":\"https:\\\/\\\/kibrisdakik.com\\\/?p=10746#breadcrumb\",\"itemListElement\":[{\"@type\":\"ListItem\",\"position\":1,\"name\":\"Home\",\"item\":\"https:\\\/\\\/kibrisdakik.com\\\/\"},{\"@type\":\"ListItem\",\"position\":2,\"name\":\"Lapta sakini T\u0131rm\u0131k hayat\u0131n\u0131 kaybetti\"}]},{\"@type\":\"WebSite\",\"@id\":\"https:\\\/\\\/kibrisdakik.com\\\/#website\",\"url\":\"https:\\\/\\\/kibrisdakik.com\\\/\",\"name\":\"\",\"description\":\"Tam vaktinde haber\",\"potentialAction\":[{\"@type\":\"SearchAction\",\"target\":{\"@type\":\"EntryPoint\",\"urlTemplate\":\"https:\\\/\\\/kibrisdakik.com\\\/?s={search_term_string}\"},\"query-input\":{\"@type\":\"PropertyValueSpecification\",\"valueRequired\":true,\"valueName\":\"search_term_string\"}}],\"inLanguage\":\"tr\"},{\"@type\":\"Person\",\"@id\":\"https:\\\/\\\/kibrisdakik.com\\\/#\\\/schema\\\/person\\\/9cd9d437bbb44f72b73ba127e06d8e79\",\"name\":\"admin\",\"image\":{\"@type\":\"ImageObject\",\"inLanguage\":\"tr\",\"@id\":\"https:\\\/\\\/secure.gravatar.com\\\/avatar\\\/ccc17943b9d660506c869530f897617f7cb1c21a4bf30023f252596d83e1f007?s=96&d=mm&r=g\",\"url\":\"https:\\\/\\\/secure.gravatar.com\\\/avatar\\\/ccc17943b9d660506c869530f897617f7cb1c21a4bf30023f252596d83e1f007?s=96&d=mm&r=g\",\"contentUrl\":\"https:\\\/\\\/secure.gravatar.com\\\/avatar\\\/ccc17943b9d660506c869530f897617f7cb1c21a4bf30023f252596d83e1f007?s=96&d=mm&r=g\",\"caption\":\"admin\"},\"sameAs\":[\"https:\\\/\\\/kibrisdakik.com\"],\"url\":\"https:\\\/\\\/kibrisdakik.com\\\/?author=1\"}]}<\/script>\n<!-- \/ Yoast SEO plugin. -->","yoast_head_json":{"title":"Lapta sakini T\u0131rm\u0131k hayat\u0131n\u0131 kaybetti -","robots":{"index":"index","follow":"follow","max-snippet":"max-snippet:-1","max-image-preview":"max-image-preview:large","max-video-preview":"max-video-preview:-1"},"canonical":"https:\/\/kibrisdakik.com\/?p=10746","og_locale":"tr_TR","og_type":"article","og_title":"Lapta sakini T\u0131rm\u0131k hayat\u0131n\u0131 kaybetti -","og_description":"Lapta sakini 77 ya\u015f\u0131ndaki Hatice T\u0131rm\u0131k d\u00fcn hayat\u0131n\u0131 kaybetti. Polis Bas\u0131n Subayl\u0131\u011f\u0131\u2019ndan yap\u0131lan a\u00e7\u0131klamaya g\u00f6re, saat 20.30 s\u0131ralar\u0131nda ikametgah\u0131nda aniden rahats\u0131zlanarak, ya\u015fam\u0131n\u0131 yitiren T\u0131rm\u0131k\u2019\u0131n \u00f6l\u00fcm sebebi \u201c\u00e7oklu organ yetmezli\u011fi\u201d olarak tespit edildi. -Esetova\u2019n\u0131n \u00f6l\u00fcm nedeni \u201csuda bo\u011fulma\u201d Pazar g\u00fcn\u00fc saat 05.30 s\u0131ralar\u0131nda Karao\u011flano\u011flu\u2019nda denizde ya\u015fam\u0131n\u0131 yitiren Altyn Esetova\u2019ya (K-39) yap\u0131lan otopside, \u00f6l\u00fcm sebebinin \u201csuda bo\u011fulma\u201d","og_url":"https:\/\/kibrisdakik.com\/?p=10746","article_published_time":"2023-07-19T18:41:50+00:00","og_image":[{"width":460,"height":276,"url":"https:\/\/kibrisdakik.com\/wp-content\/uploads\/2023\/03\/olum7-1.jpg","type":"image\/jpeg"}],"author":"admin","twitter_card":"summary_large_image","twitter_misc":{"Yazan:":"admin","Tahmini okuma s\u00fcresi":"1 dakika"},"schema":{"@context":"https:\/\/schema.org","@graph":[{"@type":"Article","@id":"https:\/\/kibrisdakik.com\/?p=10746#article","isPartOf":{"@id":"https:\/\/kibrisdakik.com\/?p=10746"},"author":{"name":"admin","@id":"https:\/\/kibrisdakik.com\/#\/schema\/person\/9cd9d437bbb44f72b73ba127e06d8e79"},"headline":"Lapta sakini T\u0131rm\u0131k hayat\u0131n\u0131 kaybetti","datePublished":"2023-07-19T18:41:50+00:00","mainEntityOfPage":{"@id":"https:\/\/kibrisdakik.com\/?p=10746"},"wordCount":111,"commentCount":0,"image":{"@id":"https:\/\/kibrisdakik.com\/?p=10746#primaryimage"},"thumbnailUrl":"https:\/\/kibrisdakik.com\/wp-content\/uploads\/2023\/03\/olum7-1.jpg","articleSection":["G\u00fcndem"],"inLanguage":"tr","potentialAction":[{"@type":"CommentAction","name":"Comment","target":["https:\/\/kibrisdakik.com\/?p=10746#respond"]}]},{"@type":"WebPage","@id":"https:\/\/kibrisdakik.com\/?p=10746","url":"https:\/\/kibrisdakik.com\/?p=10746","name":"Lapta sakini T\u0131rm\u0131k hayat\u0131n\u0131 kaybetti -","isPartOf":{"@id":"https:\/\/kibrisdakik.com\/#website"},"primaryImageOfPage":{"@id":"https:\/\/kibrisdakik.com\/?p=10746#primaryimage"},"image":{"@id":"https:\/\/kibrisdakik.com\/?p=10746#primaryimage"},"thumbnailUrl":"https:\/\/kibrisdakik.com\/wp-content\/uploads\/2023\/03\/olum7-1.jpg","datePublished":"2023-07-19T18:41:50+00:00","author":{"@id":"https:\/\/kibrisdakik.com\/#\/schema\/person\/9cd9d437bbb44f72b73ba127e06d8e79"},"breadcrumb":{"@id":"https:\/\/kibrisdakik.com\/?p=10746#breadcrumb"},"inLanguage":"tr","potentialAction":[{"@type":"ReadAction","target":["https:\/\/kibrisdakik.com\/?p=10746"]}]},{"@type":"ImageObject","inLanguage":"tr","@id":"https:\/\/kibrisdakik.com\/?p=10746#primaryimage","url":"https:\/\/kibrisdakik.com\/wp-content\/uploads\/2023\/03\/olum7-1.jpg","contentUrl":"https:\/\/kibrisdakik.com\/wp-content\/uploads\/2023\/03\/olum7-1.jpg","width":460,"height":276},{"@type":"BreadcrumbList","@id":"https:\/\/kibrisdakik.com\/?p=10746#breadcrumb","itemListElement":[{"@type":"ListItem","position":1,"name":"Home","item":"https:\/\/kibrisdakik.com\/"},{"@type":"ListItem","position":2,"name":"Lapta sakini T\u0131rm\u0131k hayat\u0131n\u0131 kaybetti"}]},{"@type":"WebSite","@id":"https:\/\/kibrisdakik.com\/#website","url":"https:\/\/kibrisdakik.com\/","name":"","description":"Tam vaktinde haber","potentialAction":[{"@type":"SearchAction","target":{"@type":"EntryPoint","urlTemplate":"https:\/\/kibrisdakik.com\/?s={search_term_string}"},"query-input":{"@type":"PropertyValueSpecification","valueRequired":true,"valueName":"search_term_string"}}],"inLanguage":"tr"},{"@type":"Person","@id":"https:\/\/kibrisdakik.com\/#\/schema\/person\/9cd9d437bbb44f72b73ba127e06d8e79","name":"admin","image":{"@type":"ImageObject","inLanguage":"tr","@id":"https:\/\/secure.gravatar.com\/avatar\/ccc17943b9d660506c869530f897617f7cb1c21a4bf30023f252596d83e1f007?s=96&d=mm&r=g","url":"https:\/\/secure.gravatar.com\/avatar\/ccc17943b9d660506c869530f897617f7cb1c21a4bf30023f252596d83e1f007?s=96&d=mm&r=g","contentUrl":"https:\/\/secure.gravatar.com\/avatar\/ccc17943b9d660506c869530f897617f7cb1c21a4bf30023f252596d83e1f007?s=96&d=mm&r=g","caption":"admin"},"sameAs":["https:\/\/kibrisdakik.com"],"url":"https:\/\/kibrisdakik.com\/?author=1"}]}},"_links":{"self":[{"href":"https:\/\/kibrisdakik.com\/index.php?rest_route=\/wp\/v2\/posts\/10746","targetHints":{"allow":["GET"]}}],"collection":[{"href":"https:\/\/kibrisdakik.com\/index.php?rest_route=\/wp\/v2\/posts"}],"about":[{"href":"https:\/\/kibrisdakik.com\/index.php?rest_route=\/wp\/v2\/types\/post"}],"author":[{"embeddable":true,"href":"https:\/\/kibrisdakik.com\/index.php?rest_route=\/wp\/v2\/users\/1"}],"replies":[{"embeddable":true,"href":"https:\/\/kibrisdakik.com\/index.php?rest_route=%2Fwp%2Fv2%2Fcomments&post=10746"}],"version-history":[{"count":0,"href":"https:\/\/kibrisdakik.com\/index.php?rest_route=\/wp\/v2\/posts\/10746\/revisions"}],"wp:featuredmedia":[{"embeddable":true,"href":"https:\/\/kibrisdakik.com\/index.php?rest_route=\/wp\/v2\/media\/4160"}],"wp:attachment":[{"href":"https:\/\/kibrisdakik.com\/index.php?rest_route=%2Fwp%2Fv2%2Fmedia&parent=10746"}],"wp:term":[{"taxonomy":"category","embeddable":true,"href":"https:\/\/kibrisdakik.com\/index.php?rest_route=%2Fwp%2Fv2%2Fcategories&post=10746"},{"taxonomy":"post_tag","embeddable":true,"href":"https:\/\/kibrisdakik.com\/index.php?rest_route=%2Fwp%2Fv2%2Ftags&post=10746"}],"curies":[{"name":"wp","href":"https:\/\/api.w.org\/{rel}","templated":true}]}}