{"id":107479,"date":"2026-03-03T21:20:20","date_gmt":"2026-03-03T19:20:20","guid":{"rendered":"https:\/\/kibrisdakik.com\/?p=107479"},"modified":"2026-03-03T21:20:20","modified_gmt":"2026-03-03T19:20:20","slug":"incirli-kar-is-baskani-topaloglu-ile-sektorun-taleplerini-degerlendirdi-2","status":"publish","type":"post","link":"https:\/\/kibrisdakik.com\/?p=107479","title":{"rendered":"\u0130NC\u0130RL\u0130, KAR-\u0130\u015e BA\u015eKANI TOPALO\u011eLU \u0130LE SEKT\u00d6R\u00dcN TALEPLER\u0130N\u0130 DE\u011eERLEND\u0130RD\u0130"},"content":{"rendered":"<p><\/p>\n<div data-text-id=\"197258\" property=\"articleBody\">\n<p>Cumhuriyet\u00e7i T\u00fcrk Partisi (CTP) Genel Ba\u015fkan\u0131 S\u0131la Usar \u0130ncirli ve beraberindeki heyet, K\u0131br\u0131s T\u00fcrk \u00c7a\u011fda\u015f Kamu Ara\u00e7lar\u0131 \u0130\u015fletmecileri Derne\u011fi\u2019ni (Kar-\u0130\u015f) ziyaret etti.<\/p>\n<p>\u0130ncirli, ziyaretteki konu\u015fmas\u0131nda bu alan\u0131 kaderine terk eden anlay\u0131\u015f\u0131 kabul etmediklerini kaydederek, ortak ak\u0131lla \u00e7\u00f6z\u00fcm \u00fcretmeye haz\u0131r olduklar\u0131n\u0131 belirtti.<\/p>\n<p>\u0130ktidara gelmesi halinde CTP&#8217;nin toplu ta\u015f\u0131mac\u0131l\u0131kla ilgili hedeflediklerini de aktaran \u0130ncirli, &#8220;Planl\u0131, denetlenebilir ve mali a\u00e7\u0131dan s\u00fcrd\u00fcr\u00fclebilir bir yap\u0131 olu\u015fturaca\u011f\u0131z.&#8221; dedi.<\/p>\n<p>CTP&#8217;den verilen bilgiye g\u00f6re, sekt\u00f6r\u00fcn genel durumu, mevcut uygulamalar, \u2018T\u2019 izinleri ve gelece\u011fe y\u00f6nelik beklentiler hakk\u0131nda kar\u015f\u0131l\u0131kl\u0131 fikir al\u0131\u015fveri\u015finde bulunulan ziyarette \u0130ncirli\u2019ye CTP Genel Sekreteri Mehmet Kale Ki\u015fi ile milletvekilleri Fazilet \u00d6zdenefe, Filiz Besim, Sami \u00d6zuslu, Devrim Bar\u00e7\u0131n, Fide K\u00fcr\u015fat, \u00dcr\u00fcn Solyal\u0131 ve Biray Hamzao\u011fullar\u0131 e\u015flik etti.<\/p>\n<p>-\u0130ncirli: \u201c\u00dclke y\u00f6netilemiyor, sekt\u00f6rler yaln\u0131z b\u0131rak\u0131ld\u0131\u201d<\/p>\n<p>Ziyarette konu\u015fan CTP Genel Ba\u015fkan\u0131 S\u0131la Usar \u0130ncirli, mevcut h\u00fck\u00fcmetin \u00fclkeyi y\u00f6netmekte yetersiz kald\u0131\u011f\u0131n\u0131, hemen hemen her sekt\u00f6r\u00fcn ciddi bir krizle kar\u015f\u0131 kar\u015f\u0131ya b\u0131rak\u0131ld\u0131\u011f\u0131n\u0131 savundu.<\/p>\n<p>Ekonomik belirsizlik, artan maliyetler ve plans\u0131zl\u0131k nedeniyle ta\u015f\u0131mac\u0131l\u0131k ba\u015fta olmak \u00fczere bir\u00e7ok alanda s\u00fcrd\u00fcr\u00fclebilirli\u011fin zedelendi\u011fini s\u00f6yleyen \u0130ncirli, \u201cH\u00fck\u00fcmet, sorunlar\u0131 dinlemek yerine g\u00f6rmezden gelmeyi tercih ediyor. Toplu ta\u015f\u0131mac\u0131l\u0131k gibi do\u011frudan halk\u0131 ilgilendiren bir alanda dahi kapsaml\u0131 ve kal\u0131c\u0131 bir politika ortaya konmu\u015f de\u011fil\u201d dedi.<\/p>\n<p>H\u00fck\u00fcmetin uzun s\u00fcredir toplumun ger\u00e7ek g\u00fcndeminden koptu\u011funu, sekt\u00f6rel isti\u015fare mekanizmalar\u0131n\u0131n i\u015fletilmedi\u011fini ve payda\u015flar\u0131n karar alma s\u00fcre\u00e7lerine dahil edilmedi\u011fini savunan. \u0130ncirli, \u201cOlas\u0131 erken genel se\u00e7imde CTP\u2019nin tek ba\u015f\u0131na iktidara gelmesinin ard\u0131ndan toplu ta\u015f\u0131mac\u0131l\u0131k alan\u0131nda planl\u0131, denetlenebilir ve mali a\u00e7\u0131dan s\u00fcrd\u00fcr\u00fclebilir bir yap\u0131 olu\u015fturaca\u011f\u0131z.\u201d dedi.<\/p>\n<p>Kar-\u0130\u015f temsilcileriyle yap\u0131lan toplant\u0131da, yak\u0131t maliyetleri, ara\u00e7 yenileme destekleri, ruhsat ve izin s\u00fcre\u00e7leri, denetim mekanizmalar\u0131 ile sosyal g\u00fcvence konular\u0131nda at\u0131labilecek somut ad\u0131mlar\u0131 payla\u015ft\u0131klar\u0131n\u0131 belirten \u0130ncirli, \u201cToplu ta\u015f\u0131mac\u0131l\u0131k kamu hizmetidir. Bu alan\u0131 kaderine terk eden bir anlay\u0131\u015f\u0131 kabul etmiyoruz. Sekt\u00f6rle birlikte, ortak ak\u0131lla \u00e7\u00f6z\u00fcm \u00fcretmeye haz\u0131r\u0131z.\u201d \u015feklinde konu\u015ftu.<\/p>\n<p>-Topalo\u011flu: \u201cSekt\u00f6r\u00fcn beklentilerini CTP ile payla\u015ft\u0131k\u201d<\/p>\n<p>Toplant\u0131da s\u00f6z alan Kar-\u0130\u015f Ba\u015fkan\u0131 Fuat Topalo\u011flu, sekt\u00f6rdeki s\u0131k\u0131nt\u0131lara de\u011finerek ta\u015f\u0131mac\u0131lar\u0131n ko\u015fullar\u0131n\u0131n her ge\u00e7en g\u00fcn daha da zorla\u015ft\u0131\u011f\u0131n\u0131 s\u00f6yledi.<\/p>\n<p>Toplu ta\u015f\u0131mac\u0131l\u0131\u011f\u0131n \u00fclke genelinde \u00f6nemli bir hizmet alan\u0131 oldu\u011funu ve sekt\u00f6r temsilcilerinin beklenti ile taleplerini heyetle payla\u015ft\u0131klar\u0131n\u0131 belirten Topalo\u011flu, ta\u015f\u0131mac\u0131lar\u0131n ya\u015fad\u0131\u011f\u0131 sorunlar\u0131n diyalog ve i\u015f birli\u011fi i\u00e7erisinde ele al\u0131nmas\u0131n\u0131n \u00f6nemine i\u015faret etti.<\/p>\n<p>Fuat Topalo\u011flu, \u00e7\u00f6z\u00fcm noktas\u0131nda t\u00fcm payda\u015flar\u0131n katk\u0131s\u0131n\u0131n de\u011ferli oldu\u011funu kaydetti.<\/p>\n<\/p><\/div>\n","protected":false},"excerpt":{"rendered":"<p>Cumhuriyet\u00e7i T\u00fcrk Partisi (CTP) Genel Ba\u015fkan\u0131 S\u0131la Usar \u0130ncirli ve beraberindeki heyet, K\u0131br\u0131s T\u00fcrk \u00c7a\u011fda\u015f Kamu Ara\u00e7lar\u0131 \u0130\u015fletmecileri Derne\u011fi\u2019ni (Kar-\u0130\u015f) ziyaret etti. \u0130ncirli, ziyaretteki konu\u015fmas\u0131nda bu alan\u0131 kaderine terk eden anlay\u0131\u015f\u0131 kabul etmediklerini kaydederek, ortak ak\u0131lla \u00e7\u00f6z\u00fcm \u00fcretmeye haz\u0131r olduklar\u0131n\u0131 belirtti. \u0130ktidara gelmesi halinde CTP&#8217;nin toplu ta\u015f\u0131mac\u0131l\u0131kla ilgili hedeflediklerini de aktaran \u0130ncirli, &#8220;Planl\u0131, denetlenebilir ve<\/p>\n","protected":false},"author":1,"featured_media":107476,"comment_status":"open","ping_status":"open","sticky":false,"template":"","format":"standard","meta":{"footnotes":""},"categories":[81],"tags":[],"class_list":["post-107479","post","type-post","status-publish","format-standard","has-post-thumbnail","hentry","category-kibris"],"yoast_head":"<!-- This site is optimized with the Yoast SEO plugin v27.4 - https:\/\/yoast.com\/product\/yoast-seo-wordpress\/ -->\n<title>\u0130NC\u0130RL\u0130, KAR-\u0130\u015e BA\u015eKANI TOPALO\u011eLU \u0130LE SEKT\u00d6R\u00dcN TALEPLER\u0130N\u0130 DE\u011eERLEND\u0130RD\u0130 -<\/title>\n<meta name=\"robots\" content=\"index, follow, max-snippet:-1, max-image-preview:large, max-video-preview:-1\" \/>\n<link rel=\"canonical\" href=\"https:\/\/kibrisdakik.com\/?p=107479\" \/>\n<meta property=\"og:locale\" content=\"tr_TR\" \/>\n<meta property=\"og:type\" content=\"article\" \/>\n<meta property=\"og:title\" content=\"\u0130NC\u0130RL\u0130, KAR-\u0130\u015e BA\u015eKANI TOPALO\u011eLU \u0130LE SEKT\u00d6R\u00dcN TALEPLER\u0130N\u0130 DE\u011eERLEND\u0130RD\u0130 -\" \/>\n<meta property=\"og:description\" content=\"Cumhuriyet\u00e7i T\u00fcrk Partisi (CTP) Genel Ba\u015fkan\u0131 S\u0131la Usar \u0130ncirli ve beraberindeki heyet, K\u0131br\u0131s T\u00fcrk \u00c7a\u011fda\u015f Kamu Ara\u00e7lar\u0131 \u0130\u015fletmecileri Derne\u011fi\u2019ni (Kar-\u0130\u015f) ziyaret etti. \u0130ncirli, ziyaretteki konu\u015fmas\u0131nda bu alan\u0131 kaderine terk eden anlay\u0131\u015f\u0131 kabul etmediklerini kaydederek, ortak ak\u0131lla \u00e7\u00f6z\u00fcm \u00fcretmeye haz\u0131r olduklar\u0131n\u0131 belirtti. \u0130ktidara gelmesi halinde CTP&#8217;nin toplu ta\u015f\u0131mac\u0131l\u0131kla ilgili hedeflediklerini de aktaran \u0130ncirli, &#8220;Planl\u0131, denetlenebilir ve\" \/>\n<meta property=\"og:url\" content=\"https:\/\/kibrisdakik.com\/?p=107479\" \/>\n<meta property=\"article:published_time\" content=\"2026-03-03T19:20:20+00:00\" \/>\n<meta property=\"og:image\" content=\"https:\/\/mhahabercom.teimg.com\/crop\/1280x720\/mhahaber-com\/uploads\/2026\/03\/mha-sari-beyaz-3615.png\" \/>\n<meta name=\"author\" content=\"admin\" \/>\n<meta name=\"twitter:card\" content=\"summary_large_image\" \/>\n<meta name=\"twitter:label1\" content=\"Yazan:\" \/>\n\t<meta name=\"twitter:data1\" content=\"admin\" \/>\n\t<meta name=\"twitter:label2\" content=\"Tahmini okuma s\u00fcresi\" \/>\n\t<meta name=\"twitter:data2\" content=\"3 dakika\" \/>\n<script type=\"application\/ld+json\" class=\"yoast-schema-graph\">{\"@context\":\"https:\\\/\\\/schema.org\",\"@graph\":[{\"@type\":\"Article\",\"@id\":\"https:\\\/\\\/kibrisdakik.com\\\/?p=107479#article\",\"isPartOf\":{\"@id\":\"https:\\\/\\\/kibrisdakik.com\\\/?p=107479\"},\"author\":{\"name\":\"admin\",\"@id\":\"https:\\\/\\\/kibrisdakik.com\\\/#\\\/schema\\\/person\\\/9cd9d437bbb44f72b73ba127e06d8e79\"},\"headline\":\"\u0130NC\u0130RL\u0130, KAR-\u0130\u015e BA\u015eKANI TOPALO\u011eLU \u0130LE SEKT\u00d6R\u00dcN TALEPLER\u0130N\u0130 DE\u011eERLEND\u0130RD\u0130\",\"datePublished\":\"2026-03-03T19:20:20+00:00\",\"mainEntityOfPage\":{\"@id\":\"https:\\\/\\\/kibrisdakik.com\\\/?p=107479\"},\"wordCount\":549,\"commentCount\":0,\"image\":{\"@id\":\"https:\\\/\\\/kibrisdakik.com\\\/?p=107479#primaryimage\"},\"thumbnailUrl\":\"https:\\\/\\\/kibrisdakik.com\\\/wp-content\\\/uploads\\\/2026\\\/03\\\/mha-sari-beyaz-3615.png\",\"articleSection\":[\"K\u0131br\u0131s\"],\"inLanguage\":\"tr\",\"potentialAction\":[{\"@type\":\"CommentAction\",\"name\":\"Comment\",\"target\":[\"https:\\\/\\\/kibrisdakik.com\\\/?p=107479#respond\"]}]},{\"@type\":\"WebPage\",\"@id\":\"https:\\\/\\\/kibrisdakik.com\\\/?p=107479\",\"url\":\"https:\\\/\\\/kibrisdakik.com\\\/?p=107479\",\"name\":\"\u0130NC\u0130RL\u0130, KAR-\u0130\u015e BA\u015eKANI TOPALO\u011eLU \u0130LE SEKT\u00d6R\u00dcN TALEPLER\u0130N\u0130 DE\u011eERLEND\u0130RD\u0130 -\",\"isPartOf\":{\"@id\":\"https:\\\/\\\/kibrisdakik.com\\\/#website\"},\"primaryImageOfPage\":{\"@id\":\"https:\\\/\\\/kibrisdakik.com\\\/?p=107479#primaryimage\"},\"image\":{\"@id\":\"https:\\\/\\\/kibrisdakik.com\\\/?p=107479#primaryimage\"},\"thumbnailUrl\":\"https:\\\/\\\/kibrisdakik.com\\\/wp-content\\\/uploads\\\/2026\\\/03\\\/mha-sari-beyaz-3615.png\",\"datePublished\":\"2026-03-03T19:20:20+00:00\",\"author\":{\"@id\":\"https:\\\/\\\/kibrisdakik.com\\\/#\\\/schema\\\/person\\\/9cd9d437bbb44f72b73ba127e06d8e79\"},\"breadcrumb\":{\"@id\":\"https:\\\/\\\/kibrisdakik.com\\\/?p=107479#breadcrumb\"},\"inLanguage\":\"tr\",\"potentialAction\":[{\"@type\":\"ReadAction\",\"target\":[\"https:\\\/\\\/kibrisdakik.com\\\/?p=107479\"]}]},{\"@type\":\"ImageObject\",\"inLanguage\":\"tr\",\"@id\":\"https:\\\/\\\/kibrisdakik.com\\\/?p=107479#primaryimage\",\"url\":\"https:\\\/\\\/kibrisdakik.com\\\/wp-content\\\/uploads\\\/2026\\\/03\\\/mha-sari-beyaz-3615.png\",\"contentUrl\":\"https:\\\/\\\/kibrisdakik.com\\\/wp-content\\\/uploads\\\/2026\\\/03\\\/mha-sari-beyaz-3615.png\",\"width\":1280,\"height\":720},{\"@type\":\"BreadcrumbList\",\"@id\":\"https:\\\/\\\/kibrisdakik.com\\\/?p=107479#breadcrumb\",\"itemListElement\":[{\"@type\":\"ListItem\",\"position\":1,\"name\":\"Home\",\"item\":\"https:\\\/\\\/kibrisdakik.com\\\/\"},{\"@type\":\"ListItem\",\"position\":2,\"name\":\"\u0130NC\u0130RL\u0130, KAR-\u0130\u015e BA\u015eKANI TOPALO\u011eLU \u0130LE SEKT\u00d6R\u00dcN TALEPLER\u0130N\u0130 DE\u011eERLEND\u0130RD\u0130\"}]},{\"@type\":\"WebSite\",\"@id\":\"https:\\\/\\\/kibrisdakik.com\\\/#website\",\"url\":\"https:\\\/\\\/kibrisdakik.com\\\/\",\"name\":\"\",\"description\":\"Tam vaktinde haber\",\"potentialAction\":[{\"@type\":\"SearchAction\",\"target\":{\"@type\":\"EntryPoint\",\"urlTemplate\":\"https:\\\/\\\/kibrisdakik.com\\\/?s={search_term_string}\"},\"query-input\":{\"@type\":\"PropertyValueSpecification\",\"valueRequired\":true,\"valueName\":\"search_term_string\"}}],\"inLanguage\":\"tr\"},{\"@type\":\"Person\",\"@id\":\"https:\\\/\\\/kibrisdakik.com\\\/#\\\/schema\\\/person\\\/9cd9d437bbb44f72b73ba127e06d8e79\",\"name\":\"admin\",\"image\":{\"@type\":\"ImageObject\",\"inLanguage\":\"tr\",\"@id\":\"https:\\\/\\\/secure.gravatar.com\\\/avatar\\\/ccc17943b9d660506c869530f897617f7cb1c21a4bf30023f252596d83e1f007?s=96&d=mm&r=g\",\"url\":\"https:\\\/\\\/secure.gravatar.com\\\/avatar\\\/ccc17943b9d660506c869530f897617f7cb1c21a4bf30023f252596d83e1f007?s=96&d=mm&r=g\",\"contentUrl\":\"https:\\\/\\\/secure.gravatar.com\\\/avatar\\\/ccc17943b9d660506c869530f897617f7cb1c21a4bf30023f252596d83e1f007?s=96&d=mm&r=g\",\"caption\":\"admin\"},\"sameAs\":[\"https:\\\/\\\/kibrisdakik.com\"],\"url\":\"https:\\\/\\\/kibrisdakik.com\\\/?author=1\"}]}<\/script>\n<!-- \/ Yoast SEO plugin. -->","yoast_head_json":{"title":"\u0130NC\u0130RL\u0130, KAR-\u0130\u015e BA\u015eKANI TOPALO\u011eLU \u0130LE SEKT\u00d6R\u00dcN TALEPLER\u0130N\u0130 DE\u011eERLEND\u0130RD\u0130 -","robots":{"index":"index","follow":"follow","max-snippet":"max-snippet:-1","max-image-preview":"max-image-preview:large","max-video-preview":"max-video-preview:-1"},"canonical":"https:\/\/kibrisdakik.com\/?p=107479","og_locale":"tr_TR","og_type":"article","og_title":"\u0130NC\u0130RL\u0130, KAR-\u0130\u015e BA\u015eKANI TOPALO\u011eLU \u0130LE SEKT\u00d6R\u00dcN TALEPLER\u0130N\u0130 DE\u011eERLEND\u0130RD\u0130 -","og_description":"Cumhuriyet\u00e7i T\u00fcrk Partisi (CTP) Genel Ba\u015fkan\u0131 S\u0131la Usar \u0130ncirli ve beraberindeki heyet, K\u0131br\u0131s T\u00fcrk \u00c7a\u011fda\u015f Kamu Ara\u00e7lar\u0131 \u0130\u015fletmecileri Derne\u011fi\u2019ni (Kar-\u0130\u015f) ziyaret etti. \u0130ncirli, ziyaretteki konu\u015fmas\u0131nda bu alan\u0131 kaderine terk eden anlay\u0131\u015f\u0131 kabul etmediklerini kaydederek, ortak ak\u0131lla \u00e7\u00f6z\u00fcm \u00fcretmeye haz\u0131r olduklar\u0131n\u0131 belirtti. \u0130ktidara gelmesi halinde CTP&#8217;nin toplu ta\u015f\u0131mac\u0131l\u0131kla ilgili hedeflediklerini de aktaran \u0130ncirli, &#8220;Planl\u0131, denetlenebilir ve","og_url":"https:\/\/kibrisdakik.com\/?p=107479","article_published_time":"2026-03-03T19:20:20+00:00","og_image":[{"url":"https:\/\/mhahabercom.teimg.com\/crop\/1280x720\/mhahaber-com\/uploads\/2026\/03\/mha-sari-beyaz-3615.png","type":"","width":"","height":""}],"author":"admin","twitter_card":"summary_large_image","twitter_misc":{"Yazan:":"admin","Tahmini okuma s\u00fcresi":"3 dakika"},"schema":{"@context":"https:\/\/schema.org","@graph":[{"@type":"Article","@id":"https:\/\/kibrisdakik.com\/?p=107479#article","isPartOf":{"@id":"https:\/\/kibrisdakik.com\/?p=107479"},"author":{"name":"admin","@id":"https:\/\/kibrisdakik.com\/#\/schema\/person\/9cd9d437bbb44f72b73ba127e06d8e79"},"headline":"\u0130NC\u0130RL\u0130, KAR-\u0130\u015e BA\u015eKANI TOPALO\u011eLU \u0130LE SEKT\u00d6R\u00dcN TALEPLER\u0130N\u0130 DE\u011eERLEND\u0130RD\u0130","datePublished":"2026-03-03T19:20:20+00:00","mainEntityOfPage":{"@id":"https:\/\/kibrisdakik.com\/?p=107479"},"wordCount":549,"commentCount":0,"image":{"@id":"https:\/\/kibrisdakik.com\/?p=107479#primaryimage"},"thumbnailUrl":"https:\/\/kibrisdakik.com\/wp-content\/uploads\/2026\/03\/mha-sari-beyaz-3615.png","articleSection":["K\u0131br\u0131s"],"inLanguage":"tr","potentialAction":[{"@type":"CommentAction","name":"Comment","target":["https:\/\/kibrisdakik.com\/?p=107479#respond"]}]},{"@type":"WebPage","@id":"https:\/\/kibrisdakik.com\/?p=107479","url":"https:\/\/kibrisdakik.com\/?p=107479","name":"\u0130NC\u0130RL\u0130, KAR-\u0130\u015e BA\u015eKANI TOPALO\u011eLU \u0130LE SEKT\u00d6R\u00dcN TALEPLER\u0130N\u0130 DE\u011eERLEND\u0130RD\u0130 -","isPartOf":{"@id":"https:\/\/kibrisdakik.com\/#website"},"primaryImageOfPage":{"@id":"https:\/\/kibrisdakik.com\/?p=107479#primaryimage"},"image":{"@id":"https:\/\/kibrisdakik.com\/?p=107479#primaryimage"},"thumbnailUrl":"https:\/\/kibrisdakik.com\/wp-content\/uploads\/2026\/03\/mha-sari-beyaz-3615.png","datePublished":"2026-03-03T19:20:20+00:00","author":{"@id":"https:\/\/kibrisdakik.com\/#\/schema\/person\/9cd9d437bbb44f72b73ba127e06d8e79"},"breadcrumb":{"@id":"https:\/\/kibrisdakik.com\/?p=107479#breadcrumb"},"inLanguage":"tr","potentialAction":[{"@type":"ReadAction","target":["https:\/\/kibrisdakik.com\/?p=107479"]}]},{"@type":"ImageObject","inLanguage":"tr","@id":"https:\/\/kibrisdakik.com\/?p=107479#primaryimage","url":"https:\/\/kibrisdakik.com\/wp-content\/uploads\/2026\/03\/mha-sari-beyaz-3615.png","contentUrl":"https:\/\/kibrisdakik.com\/wp-content\/uploads\/2026\/03\/mha-sari-beyaz-3615.png","width":1280,"height":720},{"@type":"BreadcrumbList","@id":"https:\/\/kibrisdakik.com\/?p=107479#breadcrumb","itemListElement":[{"@type":"ListItem","position":1,"name":"Home","item":"https:\/\/kibrisdakik.com\/"},{"@type":"ListItem","position":2,"name":"\u0130NC\u0130RL\u0130, KAR-\u0130\u015e BA\u015eKANI TOPALO\u011eLU \u0130LE SEKT\u00d6R\u00dcN TALEPLER\u0130N\u0130 DE\u011eERLEND\u0130RD\u0130"}]},{"@type":"WebSite","@id":"https:\/\/kibrisdakik.com\/#website","url":"https:\/\/kibrisdakik.com\/","name":"","description":"Tam vaktinde haber","potentialAction":[{"@type":"SearchAction","target":{"@type":"EntryPoint","urlTemplate":"https:\/\/kibrisdakik.com\/?s={search_term_string}"},"query-input":{"@type":"PropertyValueSpecification","valueRequired":true,"valueName":"search_term_string"}}],"inLanguage":"tr"},{"@type":"Person","@id":"https:\/\/kibrisdakik.com\/#\/schema\/person\/9cd9d437bbb44f72b73ba127e06d8e79","name":"admin","image":{"@type":"ImageObject","inLanguage":"tr","@id":"https:\/\/secure.gravatar.com\/avatar\/ccc17943b9d660506c869530f897617f7cb1c21a4bf30023f252596d83e1f007?s=96&d=mm&r=g","url":"https:\/\/secure.gravatar.com\/avatar\/ccc17943b9d660506c869530f897617f7cb1c21a4bf30023f252596d83e1f007?s=96&d=mm&r=g","contentUrl":"https:\/\/secure.gravatar.com\/avatar\/ccc17943b9d660506c869530f897617f7cb1c21a4bf30023f252596d83e1f007?s=96&d=mm&r=g","caption":"admin"},"sameAs":["https:\/\/kibrisdakik.com"],"url":"https:\/\/kibrisdakik.com\/?author=1"}]}},"_links":{"self":[{"href":"https:\/\/kibrisdakik.com\/index.php?rest_route=\/wp\/v2\/posts\/107479","targetHints":{"allow":["GET"]}}],"collection":[{"href":"https:\/\/kibrisdakik.com\/index.php?rest_route=\/wp\/v2\/posts"}],"about":[{"href":"https:\/\/kibrisdakik.com\/index.php?rest_route=\/wp\/v2\/types\/post"}],"author":[{"embeddable":true,"href":"https:\/\/kibrisdakik.com\/index.php?rest_route=\/wp\/v2\/users\/1"}],"replies":[{"embeddable":true,"href":"https:\/\/kibrisdakik.com\/index.php?rest_route=%2Fwp%2Fv2%2Fcomments&post=107479"}],"version-history":[{"count":0,"href":"https:\/\/kibrisdakik.com\/index.php?rest_route=\/wp\/v2\/posts\/107479\/revisions"}],"wp:featuredmedia":[{"embeddable":true,"href":"https:\/\/kibrisdakik.com\/index.php?rest_route=\/wp\/v2\/media\/107476"}],"wp:attachment":[{"href":"https:\/\/kibrisdakik.com\/index.php?rest_route=%2Fwp%2Fv2%2Fmedia&parent=107479"}],"wp:term":[{"taxonomy":"category","embeddable":true,"href":"https:\/\/kibrisdakik.com\/index.php?rest_route=%2Fwp%2Fv2%2Fcategories&post=107479"},{"taxonomy":"post_tag","embeddable":true,"href":"https:\/\/kibrisdakik.com\/index.php?rest_route=%2Fwp%2Fv2%2Ftags&post=107479"}],"curies":[{"name":"wp","href":"https:\/\/api.w.org\/{rel}","templated":true}]}}