{"id":107542,"date":"2026-03-04T15:28:14","date_gmt":"2026-03-04T13:28:14","guid":{"rendered":"https:\/\/kibrisdakik.com\/?p=107542"},"modified":"2026-03-04T15:28:14","modified_gmt":"2026-03-04T13:28:14","slug":"iki-ayri-yerde-arac-yangini","status":"publish","type":"post","link":"https:\/\/kibrisdakik.com\/?p=107542","title":{"rendered":"\u0130K\u0130 AYRI YERDE ARA\u00c7 YANGINI\u2026"},"content":{"rendered":"<p><\/p>\n<div data-text-id=\"197320\" property=\"articleBody\">\n<p>Lefko\u015fa\u2019da seyir halinde olan bir ara\u00e7 ile G\u00fczelyurt-Alayk\u00f6y ana yolunda bir geri d\u00f6n\u00fc\u015f\u00fcm \u015firketine ait depoda park halinde bulunan teleskopik y\u00fckleyici ara\u00e7ta, d\u00fcn yang\u0131n \u00e7\u0131kt\u0131.<\/p>\n<p>Polisten verilen bilgiye g\u00f6re, Lefko\u015fa\u2019da Mahmut Rubiul Alam\u2019\u0131n kullan\u0131m\u0131ndaki ER 251 plakal\u0131 ara\u00e7, seyir halindeyken motor b\u00f6l\u00fcm\u00fcndeki elektrik aksamlar\u0131n\u0131n k\u0131sa devre yapmas\u0131 sonucu alev ald\u0131.<\/p>\n<p>Ayn\u0131 g\u00fcn, G\u00fczelyurt-Alayk\u00f6y ana yolu \u00fczerinde faaliyet g\u00f6steren bir geri d\u00f6n\u00fc\u015f\u00fcm \u015firketine ait depo i\u00e7erisinde park halindeki teleskopik y\u00fckleyici ara\u00e7 ise, arka k\u0131sm\u0131ndaki elektrik aksamlar\u0131n\u0131n k\u0131sa devre yap\u0131p alevlenmesi sonucu yand\u0131.<\/p>\n<p>\u0130tfaiye ekipleri taraf\u0131ndan s\u00f6nd\u00fcr\u00fclen yang\u0131nlarda, konu ara\u00e7larda hasar meydana geldi.<\/p>\n<p>Polisin yang\u0131nlarla ilgili soru\u015fturmas\u0131 s\u00fcr\u00fcyor.<\/p>\n<\/p><\/div>\n","protected":false},"excerpt":{"rendered":"<p>Lefko\u015fa\u2019da seyir halinde olan bir ara\u00e7 ile G\u00fczelyurt-Alayk\u00f6y ana yolunda bir geri d\u00f6n\u00fc\u015f\u00fcm \u015firketine ait depoda park halinde bulunan teleskopik y\u00fckleyici ara\u00e7ta, d\u00fcn yang\u0131n \u00e7\u0131kt\u0131. Polisten verilen bilgiye g\u00f6re, Lefko\u015fa\u2019da Mahmut Rubiul Alam\u2019\u0131n kullan\u0131m\u0131ndaki ER 251 plakal\u0131 ara\u00e7, seyir halindeyken motor b\u00f6l\u00fcm\u00fcndeki elektrik aksamlar\u0131n\u0131n k\u0131sa devre yapmas\u0131 sonucu alev ald\u0131. Ayn\u0131 g\u00fcn, G\u00fczelyurt-Alayk\u00f6y ana yolu<\/p>\n","protected":false},"author":1,"featured_media":107543,"comment_status":"open","ping_status":"open","sticky":false,"template":"","format":"standard","meta":{"footnotes":""},"categories":[81],"tags":[],"class_list":["post-107542","post","type-post","status-publish","format-standard","has-post-thumbnail","hentry","category-kibris"],"yoast_head":"<!-- This site is optimized with the Yoast SEO plugin v27.5 - https:\/\/yoast.com\/product\/yoast-seo-wordpress\/ -->\n<title>\u0130K\u0130 AYRI YERDE ARA\u00c7 YANGINI\u2026 -<\/title>\n<meta name=\"robots\" content=\"index, follow, max-snippet:-1, max-image-preview:large, max-video-preview:-1\" \/>\n<link rel=\"canonical\" href=\"https:\/\/kibrisdakik.com\/?p=107542\" \/>\n<meta property=\"og:locale\" content=\"tr_TR\" \/>\n<meta property=\"og:type\" content=\"article\" \/>\n<meta property=\"og:title\" content=\"\u0130K\u0130 AYRI YERDE ARA\u00c7 YANGINI\u2026 -\" \/>\n<meta property=\"og:description\" content=\"Lefko\u015fa\u2019da seyir halinde olan bir ara\u00e7 ile G\u00fczelyurt-Alayk\u00f6y ana yolunda bir geri d\u00f6n\u00fc\u015f\u00fcm \u015firketine ait depoda park halinde bulunan teleskopik y\u00fckleyici ara\u00e7ta, d\u00fcn yang\u0131n \u00e7\u0131kt\u0131. Polisten verilen bilgiye g\u00f6re, Lefko\u015fa\u2019da Mahmut Rubiul Alam\u2019\u0131n kullan\u0131m\u0131ndaki ER 251 plakal\u0131 ara\u00e7, seyir halindeyken motor b\u00f6l\u00fcm\u00fcndeki elektrik aksamlar\u0131n\u0131n k\u0131sa devre yapmas\u0131 sonucu alev ald\u0131. Ayn\u0131 g\u00fcn, G\u00fczelyurt-Alayk\u00f6y ana yolu\" \/>\n<meta property=\"og:url\" content=\"https:\/\/kibrisdakik.com\/?p=107542\" \/>\n<meta property=\"article:published_time\" content=\"2026-03-04T13:28:14+00:00\" \/>\n<meta property=\"og:image\" content=\"https:\/\/mhahabercom.teimg.com\/crop\/1280x720\/mhahaber-com\/uploads\/2026\/03\/mha-sari-beyaz-3633.png\" \/>\n<meta name=\"author\" content=\"admin\" \/>\n<meta name=\"twitter:card\" content=\"summary_large_image\" \/>\n<meta name=\"twitter:label1\" content=\"Yazan:\" \/>\n\t<meta name=\"twitter:data1\" content=\"admin\" \/>\n\t<meta name=\"twitter:label2\" content=\"Tahmini okuma s\u00fcresi\" \/>\n\t<meta name=\"twitter:data2\" content=\"1 dakika\" \/>\n<script type=\"application\/ld+json\" class=\"yoast-schema-graph\">{\"@context\":\"https:\\\/\\\/schema.org\",\"@graph\":[{\"@type\":\"Article\",\"@id\":\"https:\\\/\\\/kibrisdakik.com\\\/?p=107542#article\",\"isPartOf\":{\"@id\":\"https:\\\/\\\/kibrisdakik.com\\\/?p=107542\"},\"author\":{\"name\":\"admin\",\"@id\":\"https:\\\/\\\/kibrisdakik.com\\\/#\\\/schema\\\/person\\\/9cd9d437bbb44f72b73ba127e06d8e79\"},\"headline\":\"\u0130K\u0130 AYRI YERDE ARA\u00c7 YANGINI\u2026\",\"datePublished\":\"2026-03-04T13:28:14+00:00\",\"mainEntityOfPage\":{\"@id\":\"https:\\\/\\\/kibrisdakik.com\\\/?p=107542\"},\"wordCount\":146,\"commentCount\":0,\"image\":{\"@id\":\"https:\\\/\\\/kibrisdakik.com\\\/?p=107542#primaryimage\"},\"thumbnailUrl\":\"https:\\\/\\\/kibrisdakik.com\\\/wp-content\\\/uploads\\\/2026\\\/03\\\/mha-sari-beyaz-3633.png\",\"articleSection\":[\"K\u0131br\u0131s\"],\"inLanguage\":\"tr\",\"potentialAction\":[{\"@type\":\"CommentAction\",\"name\":\"Comment\",\"target\":[\"https:\\\/\\\/kibrisdakik.com\\\/?p=107542#respond\"]}]},{\"@type\":\"WebPage\",\"@id\":\"https:\\\/\\\/kibrisdakik.com\\\/?p=107542\",\"url\":\"https:\\\/\\\/kibrisdakik.com\\\/?p=107542\",\"name\":\"\u0130K\u0130 AYRI YERDE ARA\u00c7 YANGINI\u2026 -\",\"isPartOf\":{\"@id\":\"https:\\\/\\\/kibrisdakik.com\\\/#website\"},\"primaryImageOfPage\":{\"@id\":\"https:\\\/\\\/kibrisdakik.com\\\/?p=107542#primaryimage\"},\"image\":{\"@id\":\"https:\\\/\\\/kibrisdakik.com\\\/?p=107542#primaryimage\"},\"thumbnailUrl\":\"https:\\\/\\\/kibrisdakik.com\\\/wp-content\\\/uploads\\\/2026\\\/03\\\/mha-sari-beyaz-3633.png\",\"datePublished\":\"2026-03-04T13:28:14+00:00\",\"author\":{\"@id\":\"https:\\\/\\\/kibrisdakik.com\\\/#\\\/schema\\\/person\\\/9cd9d437bbb44f72b73ba127e06d8e79\"},\"breadcrumb\":{\"@id\":\"https:\\\/\\\/kibrisdakik.com\\\/?p=107542#breadcrumb\"},\"inLanguage\":\"tr\",\"potentialAction\":[{\"@type\":\"ReadAction\",\"target\":[\"https:\\\/\\\/kibrisdakik.com\\\/?p=107542\"]}]},{\"@type\":\"ImageObject\",\"inLanguage\":\"tr\",\"@id\":\"https:\\\/\\\/kibrisdakik.com\\\/?p=107542#primaryimage\",\"url\":\"https:\\\/\\\/kibrisdakik.com\\\/wp-content\\\/uploads\\\/2026\\\/03\\\/mha-sari-beyaz-3633.png\",\"contentUrl\":\"https:\\\/\\\/kibrisdakik.com\\\/wp-content\\\/uploads\\\/2026\\\/03\\\/mha-sari-beyaz-3633.png\",\"width\":1280,\"height\":720},{\"@type\":\"BreadcrumbList\",\"@id\":\"https:\\\/\\\/kibrisdakik.com\\\/?p=107542#breadcrumb\",\"itemListElement\":[{\"@type\":\"ListItem\",\"position\":1,\"name\":\"Home\",\"item\":\"https:\\\/\\\/kibrisdakik.com\\\/\"},{\"@type\":\"ListItem\",\"position\":2,\"name\":\"\u0130K\u0130 AYRI YERDE ARA\u00c7 YANGINI\u2026\"}]},{\"@type\":\"WebSite\",\"@id\":\"https:\\\/\\\/kibrisdakik.com\\\/#website\",\"url\":\"https:\\\/\\\/kibrisdakik.com\\\/\",\"name\":\"\",\"description\":\"Tam vaktinde haber\",\"potentialAction\":[{\"@type\":\"SearchAction\",\"target\":{\"@type\":\"EntryPoint\",\"urlTemplate\":\"https:\\\/\\\/kibrisdakik.com\\\/?s={search_term_string}\"},\"query-input\":{\"@type\":\"PropertyValueSpecification\",\"valueRequired\":true,\"valueName\":\"search_term_string\"}}],\"inLanguage\":\"tr\"},{\"@type\":\"Person\",\"@id\":\"https:\\\/\\\/kibrisdakik.com\\\/#\\\/schema\\\/person\\\/9cd9d437bbb44f72b73ba127e06d8e79\",\"name\":\"admin\",\"image\":{\"@type\":\"ImageObject\",\"inLanguage\":\"tr\",\"@id\":\"https:\\\/\\\/secure.gravatar.com\\\/avatar\\\/ccc17943b9d660506c869530f897617f7cb1c21a4bf30023f252596d83e1f007?s=96&d=mm&r=g\",\"url\":\"https:\\\/\\\/secure.gravatar.com\\\/avatar\\\/ccc17943b9d660506c869530f897617f7cb1c21a4bf30023f252596d83e1f007?s=96&d=mm&r=g\",\"contentUrl\":\"https:\\\/\\\/secure.gravatar.com\\\/avatar\\\/ccc17943b9d660506c869530f897617f7cb1c21a4bf30023f252596d83e1f007?s=96&d=mm&r=g\",\"caption\":\"admin\"},\"sameAs\":[\"https:\\\/\\\/kibrisdakik.com\"],\"url\":\"https:\\\/\\\/kibrisdakik.com\\\/?author=1\"}]}<\/script>\n<!-- \/ Yoast SEO plugin. -->","yoast_head_json":{"title":"\u0130K\u0130 AYRI YERDE ARA\u00c7 YANGINI\u2026 -","robots":{"index":"index","follow":"follow","max-snippet":"max-snippet:-1","max-image-preview":"max-image-preview:large","max-video-preview":"max-video-preview:-1"},"canonical":"https:\/\/kibrisdakik.com\/?p=107542","og_locale":"tr_TR","og_type":"article","og_title":"\u0130K\u0130 AYRI YERDE ARA\u00c7 YANGINI\u2026 -","og_description":"Lefko\u015fa\u2019da seyir halinde olan bir ara\u00e7 ile G\u00fczelyurt-Alayk\u00f6y ana yolunda bir geri d\u00f6n\u00fc\u015f\u00fcm \u015firketine ait depoda park halinde bulunan teleskopik y\u00fckleyici ara\u00e7ta, d\u00fcn yang\u0131n \u00e7\u0131kt\u0131. Polisten verilen bilgiye g\u00f6re, Lefko\u015fa\u2019da Mahmut Rubiul Alam\u2019\u0131n kullan\u0131m\u0131ndaki ER 251 plakal\u0131 ara\u00e7, seyir halindeyken motor b\u00f6l\u00fcm\u00fcndeki elektrik aksamlar\u0131n\u0131n k\u0131sa devre yapmas\u0131 sonucu alev ald\u0131. Ayn\u0131 g\u00fcn, G\u00fczelyurt-Alayk\u00f6y ana yolu","og_url":"https:\/\/kibrisdakik.com\/?p=107542","article_published_time":"2026-03-04T13:28:14+00:00","og_image":[{"url":"https:\/\/mhahabercom.teimg.com\/crop\/1280x720\/mhahaber-com\/uploads\/2026\/03\/mha-sari-beyaz-3633.png","type":"","width":"","height":""}],"author":"admin","twitter_card":"summary_large_image","twitter_misc":{"Yazan:":"admin","Tahmini okuma s\u00fcresi":"1 dakika"},"schema":{"@context":"https:\/\/schema.org","@graph":[{"@type":"Article","@id":"https:\/\/kibrisdakik.com\/?p=107542#article","isPartOf":{"@id":"https:\/\/kibrisdakik.com\/?p=107542"},"author":{"name":"admin","@id":"https:\/\/kibrisdakik.com\/#\/schema\/person\/9cd9d437bbb44f72b73ba127e06d8e79"},"headline":"\u0130K\u0130 AYRI YERDE ARA\u00c7 YANGINI\u2026","datePublished":"2026-03-04T13:28:14+00:00","mainEntityOfPage":{"@id":"https:\/\/kibrisdakik.com\/?p=107542"},"wordCount":146,"commentCount":0,"image":{"@id":"https:\/\/kibrisdakik.com\/?p=107542#primaryimage"},"thumbnailUrl":"https:\/\/kibrisdakik.com\/wp-content\/uploads\/2026\/03\/mha-sari-beyaz-3633.png","articleSection":["K\u0131br\u0131s"],"inLanguage":"tr","potentialAction":[{"@type":"CommentAction","name":"Comment","target":["https:\/\/kibrisdakik.com\/?p=107542#respond"]}]},{"@type":"WebPage","@id":"https:\/\/kibrisdakik.com\/?p=107542","url":"https:\/\/kibrisdakik.com\/?p=107542","name":"\u0130K\u0130 AYRI YERDE ARA\u00c7 YANGINI\u2026 -","isPartOf":{"@id":"https:\/\/kibrisdakik.com\/#website"},"primaryImageOfPage":{"@id":"https:\/\/kibrisdakik.com\/?p=107542#primaryimage"},"image":{"@id":"https:\/\/kibrisdakik.com\/?p=107542#primaryimage"},"thumbnailUrl":"https:\/\/kibrisdakik.com\/wp-content\/uploads\/2026\/03\/mha-sari-beyaz-3633.png","datePublished":"2026-03-04T13:28:14+00:00","author":{"@id":"https:\/\/kibrisdakik.com\/#\/schema\/person\/9cd9d437bbb44f72b73ba127e06d8e79"},"breadcrumb":{"@id":"https:\/\/kibrisdakik.com\/?p=107542#breadcrumb"},"inLanguage":"tr","potentialAction":[{"@type":"ReadAction","target":["https:\/\/kibrisdakik.com\/?p=107542"]}]},{"@type":"ImageObject","inLanguage":"tr","@id":"https:\/\/kibrisdakik.com\/?p=107542#primaryimage","url":"https:\/\/kibrisdakik.com\/wp-content\/uploads\/2026\/03\/mha-sari-beyaz-3633.png","contentUrl":"https:\/\/kibrisdakik.com\/wp-content\/uploads\/2026\/03\/mha-sari-beyaz-3633.png","width":1280,"height":720},{"@type":"BreadcrumbList","@id":"https:\/\/kibrisdakik.com\/?p=107542#breadcrumb","itemListElement":[{"@type":"ListItem","position":1,"name":"Home","item":"https:\/\/kibrisdakik.com\/"},{"@type":"ListItem","position":2,"name":"\u0130K\u0130 AYRI YERDE ARA\u00c7 YANGINI\u2026"}]},{"@type":"WebSite","@id":"https:\/\/kibrisdakik.com\/#website","url":"https:\/\/kibrisdakik.com\/","name":"","description":"Tam vaktinde haber","potentialAction":[{"@type":"SearchAction","target":{"@type":"EntryPoint","urlTemplate":"https:\/\/kibrisdakik.com\/?s={search_term_string}"},"query-input":{"@type":"PropertyValueSpecification","valueRequired":true,"valueName":"search_term_string"}}],"inLanguage":"tr"},{"@type":"Person","@id":"https:\/\/kibrisdakik.com\/#\/schema\/person\/9cd9d437bbb44f72b73ba127e06d8e79","name":"admin","image":{"@type":"ImageObject","inLanguage":"tr","@id":"https:\/\/secure.gravatar.com\/avatar\/ccc17943b9d660506c869530f897617f7cb1c21a4bf30023f252596d83e1f007?s=96&d=mm&r=g","url":"https:\/\/secure.gravatar.com\/avatar\/ccc17943b9d660506c869530f897617f7cb1c21a4bf30023f252596d83e1f007?s=96&d=mm&r=g","contentUrl":"https:\/\/secure.gravatar.com\/avatar\/ccc17943b9d660506c869530f897617f7cb1c21a4bf30023f252596d83e1f007?s=96&d=mm&r=g","caption":"admin"},"sameAs":["https:\/\/kibrisdakik.com"],"url":"https:\/\/kibrisdakik.com\/?author=1"}]}},"_links":{"self":[{"href":"https:\/\/kibrisdakik.com\/index.php?rest_route=\/wp\/v2\/posts\/107542","targetHints":{"allow":["GET"]}}],"collection":[{"href":"https:\/\/kibrisdakik.com\/index.php?rest_route=\/wp\/v2\/posts"}],"about":[{"href":"https:\/\/kibrisdakik.com\/index.php?rest_route=\/wp\/v2\/types\/post"}],"author":[{"embeddable":true,"href":"https:\/\/kibrisdakik.com\/index.php?rest_route=\/wp\/v2\/users\/1"}],"replies":[{"embeddable":true,"href":"https:\/\/kibrisdakik.com\/index.php?rest_route=%2Fwp%2Fv2%2Fcomments&post=107542"}],"version-history":[{"count":0,"href":"https:\/\/kibrisdakik.com\/index.php?rest_route=\/wp\/v2\/posts\/107542\/revisions"}],"wp:featuredmedia":[{"embeddable":true,"href":"https:\/\/kibrisdakik.com\/index.php?rest_route=\/wp\/v2\/media\/107543"}],"wp:attachment":[{"href":"https:\/\/kibrisdakik.com\/index.php?rest_route=%2Fwp%2Fv2%2Fmedia&parent=107542"}],"wp:term":[{"taxonomy":"category","embeddable":true,"href":"https:\/\/kibrisdakik.com\/index.php?rest_route=%2Fwp%2Fv2%2Fcategories&post=107542"},{"taxonomy":"post_tag","embeddable":true,"href":"https:\/\/kibrisdakik.com\/index.php?rest_route=%2Fwp%2Fv2%2Ftags&post=107542"}],"curies":[{"name":"wp","href":"https:\/\/api.w.org\/{rel}","templated":true}]}}