{"id":107554,"date":"2026-03-04T17:20:14","date_gmt":"2026-03-04T15:20:14","guid":{"rendered":"https:\/\/kibrisdakik.com\/?p=107554"},"modified":"2026-03-04T17:20:14","modified_gmt":"2026-03-04T15:20:14","slug":"ctp-gonyelide-calisanlarin-sorunlarini-dinledi","status":"publish","type":"post","link":"https:\/\/kibrisdakik.com\/?p=107554","title":{"rendered":"CTP G\u00d6NYEL\u0130\u2019DE \u00c7ALI\u015eANLARIN SORUNLARINI D\u0130NLED\u0130"},"content":{"rendered":"<p><\/p>\n<p>Cumhuriyet\u00e7i T\u00fcrk Partisi (CTP) G\u00f6nyeli Ocak \u00d6rg\u00fct\u00fc, CTP G\u00f6nyeli Alayk\u00f6y Belediyesi Belediye Meclis \u00fcyeleri ile CTP Lefko\u015fa \u0130l\u00e7esi, G\u00f6nyeli\u2013Alayk\u00f6y Belediyesi At\u00f6lyesi\u2019nde g\u00f6rev yapan \u00e7al\u0131\u015fanlar\u0131 ziyaret etti.<\/p>\n<p>Ziyarette, \u00e7al\u0131\u015fanlar\u0131n sorunlar\u0131 ele al\u0131narak g\u00fcndemdeki ekonomik uygulamalar\u0131n emek\u00e7iler \u00fczerindeki etkileri de\u011ferlendirildi.<\/p>\n<p>\u00d6zellikle \u201ch\u00fck\u00fcmet taraf\u0131ndan hayata ge\u00e7irilen ve \u00e7al\u0131\u015fanlar\u0131 ma\u011fdur edecek \u015fekilde uygulamaya konulan\u201d vergi d\u00fczenlemesinin yaratt\u0131\u011f\u0131 s\u0131k\u0131nt\u0131lar \u00fczerinde durulan ziyarette, emek\u00e7ilerin al\u0131m g\u00fcc\u00fcn\u00fc daha da d\u00fc\u015f\u00fcren ve gelir adaletini zedeleyen bu uygulaman\u0131n \u00e7al\u0131\u015fanlar \u00fczerinde ciddi bir ekonomik bask\u0131 yaratt\u0131\u011f\u0131 belirtildi.<\/p>\n<div id=\"ad_121\" data-channel=\"121\" data-advert=\"temedya\" data-rotation=\"120\" class=\"mb-3 text-center\"><\/div>\n<div id=\"ad_121_mobile\" data-channel=\"121\" data-advert=\"temedya\" data-rotation=\"120\" class=\"mb-3 text-center\"><\/div>\n<p>CTP, \u00e7al\u0131\u015fanlar\u0131n ya\u015fam ko\u015fullar\u0131n\u0131 zorla\u015ft\u0131ran bu t\u00fcr uygulamalara kar\u015f\u0131 neler yap\u0131labilece\u011fine dair g\u00f6r\u00fc\u015f ve \u00e7\u00f6z\u00fcm \u00f6nerilerini payla\u015ft\u0131.<\/p>\n<p>Vergi politikalar\u0131n\u0131n adil, dengeli ve emek\u00e7iyi koruyan bir anlay\u0131\u015fla d\u00fczenlenmesi gerekti\u011fini bir kez daha vurgulayan CTP, \u201cemek\u00e7ilerin haklar\u0131n\u0131 savunmaya, \u00e7al\u0131\u015fanlar\u0131n yan\u0131nda durmaya ve onlar\u0131n ya\u015fam ko\u015fullar\u0131n\u0131 iyile\u015ftirecek politikalar\u0131 savunmaya kararl\u0131l\u0131kla devam edece\u011finin\u201d alt\u0131n\u0131 \u00e7izdi. <\/p>\n<\/p>\n<div class=\"article-source py-3 small \">\n                <\/div>\n","protected":false},"excerpt":{"rendered":"<p>Cumhuriyet\u00e7i T\u00fcrk Partisi (CTP) G\u00f6nyeli Ocak \u00d6rg\u00fct\u00fc, CTP G\u00f6nyeli Alayk\u00f6y Belediyesi Belediye Meclis \u00fcyeleri ile CTP Lefko\u015fa \u0130l\u00e7esi, G\u00f6nyeli\u2013Alayk\u00f6y Belediyesi At\u00f6lyesi\u2019nde g\u00f6rev yapan \u00e7al\u0131\u015fanlar\u0131 ziyaret etti. Ziyarette, \u00e7al\u0131\u015fanlar\u0131n sorunlar\u0131 ele al\u0131narak g\u00fcndemdeki ekonomik uygulamalar\u0131n emek\u00e7iler \u00fczerindeki etkileri de\u011ferlendirildi. \u00d6zellikle \u201ch\u00fck\u00fcmet taraf\u0131ndan hayata ge\u00e7irilen ve \u00e7al\u0131\u015fanlar\u0131 ma\u011fdur edecek \u015fekilde uygulamaya konulan\u201d vergi d\u00fczenlemesinin yaratt\u0131\u011f\u0131 s\u0131k\u0131nt\u0131lar \u00fczerinde<\/p>\n","protected":false},"author":1,"featured_media":107555,"comment_status":"open","ping_status":"open","sticky":false,"template":"","format":"standard","meta":{"footnotes":""},"categories":[81],"tags":[],"class_list":["post-107554","post","type-post","status-publish","format-standard","has-post-thumbnail","hentry","category-kibris"],"yoast_head":"<!-- This site is optimized with the Yoast SEO plugin v27.4 - https:\/\/yoast.com\/product\/yoast-seo-wordpress\/ -->\n<title>CTP G\u00d6NYEL\u0130\u2019DE \u00c7ALI\u015eANLARIN SORUNLARINI D\u0130NLED\u0130 -<\/title>\n<meta name=\"robots\" content=\"index, follow, max-snippet:-1, max-image-preview:large, max-video-preview:-1\" \/>\n<link rel=\"canonical\" href=\"https:\/\/kibrisdakik.com\/?p=107554\" \/>\n<meta property=\"og:locale\" content=\"tr_TR\" \/>\n<meta property=\"og:type\" content=\"article\" \/>\n<meta property=\"og:title\" content=\"CTP G\u00d6NYEL\u0130\u2019DE \u00c7ALI\u015eANLARIN SORUNLARINI D\u0130NLED\u0130 -\" \/>\n<meta property=\"og:description\" content=\"Cumhuriyet\u00e7i T\u00fcrk Partisi (CTP) G\u00f6nyeli Ocak \u00d6rg\u00fct\u00fc, CTP G\u00f6nyeli Alayk\u00f6y Belediyesi Belediye Meclis \u00fcyeleri ile CTP Lefko\u015fa \u0130l\u00e7esi, G\u00f6nyeli\u2013Alayk\u00f6y Belediyesi At\u00f6lyesi\u2019nde g\u00f6rev yapan \u00e7al\u0131\u015fanlar\u0131 ziyaret etti. Ziyarette, \u00e7al\u0131\u015fanlar\u0131n sorunlar\u0131 ele al\u0131narak g\u00fcndemdeki ekonomik uygulamalar\u0131n emek\u00e7iler \u00fczerindeki etkileri de\u011ferlendirildi. \u00d6zellikle \u201ch\u00fck\u00fcmet taraf\u0131ndan hayata ge\u00e7irilen ve \u00e7al\u0131\u015fanlar\u0131 ma\u011fdur edecek \u015fekilde uygulamaya konulan\u201d vergi d\u00fczenlemesinin yaratt\u0131\u011f\u0131 s\u0131k\u0131nt\u0131lar \u00fczerinde\" \/>\n<meta property=\"og:url\" content=\"https:\/\/kibrisdakik.com\/?p=107554\" \/>\n<meta property=\"article:published_time\" content=\"2026-03-04T15:20:14+00:00\" \/>\n<meta property=\"og:image\" content=\"https:\/\/mhahabercom.teimg.com\/crop\/1280x720\/mhahaber-com\/uploads\/2026\/03\/mha-sari-beyaz-3639.png\" \/>\n<meta name=\"author\" content=\"admin\" \/>\n<meta name=\"twitter:card\" content=\"summary_large_image\" \/>\n<meta name=\"twitter:label1\" content=\"Yazan:\" \/>\n\t<meta name=\"twitter:data1\" content=\"admin\" \/>\n\t<meta name=\"twitter:label2\" content=\"Tahmini okuma s\u00fcresi\" \/>\n\t<meta name=\"twitter:data2\" content=\"1 dakika\" \/>\n<script type=\"application\/ld+json\" class=\"yoast-schema-graph\">{\"@context\":\"https:\\\/\\\/schema.org\",\"@graph\":[{\"@type\":\"Article\",\"@id\":\"https:\\\/\\\/kibrisdakik.com\\\/?p=107554#article\",\"isPartOf\":{\"@id\":\"https:\\\/\\\/kibrisdakik.com\\\/?p=107554\"},\"author\":{\"name\":\"admin\",\"@id\":\"https:\\\/\\\/kibrisdakik.com\\\/#\\\/schema\\\/person\\\/9cd9d437bbb44f72b73ba127e06d8e79\"},\"headline\":\"CTP G\u00d6NYEL\u0130\u2019DE \u00c7ALI\u015eANLARIN SORUNLARINI D\u0130NLED\u0130\",\"datePublished\":\"2026-03-04T15:20:14+00:00\",\"mainEntityOfPage\":{\"@id\":\"https:\\\/\\\/kibrisdakik.com\\\/?p=107554\"},\"wordCount\":209,\"commentCount\":0,\"image\":{\"@id\":\"https:\\\/\\\/kibrisdakik.com\\\/?p=107554#primaryimage\"},\"thumbnailUrl\":\"https:\\\/\\\/kibrisdakik.com\\\/wp-content\\\/uploads\\\/2026\\\/03\\\/mha-sari-beyaz-3639.png\",\"articleSection\":[\"K\u0131br\u0131s\"],\"inLanguage\":\"tr\",\"potentialAction\":[{\"@type\":\"CommentAction\",\"name\":\"Comment\",\"target\":[\"https:\\\/\\\/kibrisdakik.com\\\/?p=107554#respond\"]}]},{\"@type\":\"WebPage\",\"@id\":\"https:\\\/\\\/kibrisdakik.com\\\/?p=107554\",\"url\":\"https:\\\/\\\/kibrisdakik.com\\\/?p=107554\",\"name\":\"CTP G\u00d6NYEL\u0130\u2019DE \u00c7ALI\u015eANLARIN SORUNLARINI D\u0130NLED\u0130 -\",\"isPartOf\":{\"@id\":\"https:\\\/\\\/kibrisdakik.com\\\/#website\"},\"primaryImageOfPage\":{\"@id\":\"https:\\\/\\\/kibrisdakik.com\\\/?p=107554#primaryimage\"},\"image\":{\"@id\":\"https:\\\/\\\/kibrisdakik.com\\\/?p=107554#primaryimage\"},\"thumbnailUrl\":\"https:\\\/\\\/kibrisdakik.com\\\/wp-content\\\/uploads\\\/2026\\\/03\\\/mha-sari-beyaz-3639.png\",\"datePublished\":\"2026-03-04T15:20:14+00:00\",\"author\":{\"@id\":\"https:\\\/\\\/kibrisdakik.com\\\/#\\\/schema\\\/person\\\/9cd9d437bbb44f72b73ba127e06d8e79\"},\"breadcrumb\":{\"@id\":\"https:\\\/\\\/kibrisdakik.com\\\/?p=107554#breadcrumb\"},\"inLanguage\":\"tr\",\"potentialAction\":[{\"@type\":\"ReadAction\",\"target\":[\"https:\\\/\\\/kibrisdakik.com\\\/?p=107554\"]}]},{\"@type\":\"ImageObject\",\"inLanguage\":\"tr\",\"@id\":\"https:\\\/\\\/kibrisdakik.com\\\/?p=107554#primaryimage\",\"url\":\"https:\\\/\\\/kibrisdakik.com\\\/wp-content\\\/uploads\\\/2026\\\/03\\\/mha-sari-beyaz-3639.png\",\"contentUrl\":\"https:\\\/\\\/kibrisdakik.com\\\/wp-content\\\/uploads\\\/2026\\\/03\\\/mha-sari-beyaz-3639.png\",\"width\":1280,\"height\":720},{\"@type\":\"BreadcrumbList\",\"@id\":\"https:\\\/\\\/kibrisdakik.com\\\/?p=107554#breadcrumb\",\"itemListElement\":[{\"@type\":\"ListItem\",\"position\":1,\"name\":\"Home\",\"item\":\"https:\\\/\\\/kibrisdakik.com\\\/\"},{\"@type\":\"ListItem\",\"position\":2,\"name\":\"CTP G\u00d6NYEL\u0130\u2019DE \u00c7ALI\u015eANLARIN SORUNLARINI D\u0130NLED\u0130\"}]},{\"@type\":\"WebSite\",\"@id\":\"https:\\\/\\\/kibrisdakik.com\\\/#website\",\"url\":\"https:\\\/\\\/kibrisdakik.com\\\/\",\"name\":\"\",\"description\":\"Tam vaktinde haber\",\"potentialAction\":[{\"@type\":\"SearchAction\",\"target\":{\"@type\":\"EntryPoint\",\"urlTemplate\":\"https:\\\/\\\/kibrisdakik.com\\\/?s={search_term_string}\"},\"query-input\":{\"@type\":\"PropertyValueSpecification\",\"valueRequired\":true,\"valueName\":\"search_term_string\"}}],\"inLanguage\":\"tr\"},{\"@type\":\"Person\",\"@id\":\"https:\\\/\\\/kibrisdakik.com\\\/#\\\/schema\\\/person\\\/9cd9d437bbb44f72b73ba127e06d8e79\",\"name\":\"admin\",\"image\":{\"@type\":\"ImageObject\",\"inLanguage\":\"tr\",\"@id\":\"https:\\\/\\\/secure.gravatar.com\\\/avatar\\\/ccc17943b9d660506c869530f897617f7cb1c21a4bf30023f252596d83e1f007?s=96&d=mm&r=g\",\"url\":\"https:\\\/\\\/secure.gravatar.com\\\/avatar\\\/ccc17943b9d660506c869530f897617f7cb1c21a4bf30023f252596d83e1f007?s=96&d=mm&r=g\",\"contentUrl\":\"https:\\\/\\\/secure.gravatar.com\\\/avatar\\\/ccc17943b9d660506c869530f897617f7cb1c21a4bf30023f252596d83e1f007?s=96&d=mm&r=g\",\"caption\":\"admin\"},\"sameAs\":[\"https:\\\/\\\/kibrisdakik.com\"],\"url\":\"https:\\\/\\\/kibrisdakik.com\\\/?author=1\"}]}<\/script>\n<!-- \/ Yoast SEO plugin. -->","yoast_head_json":{"title":"CTP G\u00d6NYEL\u0130\u2019DE \u00c7ALI\u015eANLARIN SORUNLARINI D\u0130NLED\u0130 -","robots":{"index":"index","follow":"follow","max-snippet":"max-snippet:-1","max-image-preview":"max-image-preview:large","max-video-preview":"max-video-preview:-1"},"canonical":"https:\/\/kibrisdakik.com\/?p=107554","og_locale":"tr_TR","og_type":"article","og_title":"CTP G\u00d6NYEL\u0130\u2019DE \u00c7ALI\u015eANLARIN SORUNLARINI D\u0130NLED\u0130 -","og_description":"Cumhuriyet\u00e7i T\u00fcrk Partisi (CTP) G\u00f6nyeli Ocak \u00d6rg\u00fct\u00fc, CTP G\u00f6nyeli Alayk\u00f6y Belediyesi Belediye Meclis \u00fcyeleri ile CTP Lefko\u015fa \u0130l\u00e7esi, G\u00f6nyeli\u2013Alayk\u00f6y Belediyesi At\u00f6lyesi\u2019nde g\u00f6rev yapan \u00e7al\u0131\u015fanlar\u0131 ziyaret etti. Ziyarette, \u00e7al\u0131\u015fanlar\u0131n sorunlar\u0131 ele al\u0131narak g\u00fcndemdeki ekonomik uygulamalar\u0131n emek\u00e7iler \u00fczerindeki etkileri de\u011ferlendirildi. \u00d6zellikle \u201ch\u00fck\u00fcmet taraf\u0131ndan hayata ge\u00e7irilen ve \u00e7al\u0131\u015fanlar\u0131 ma\u011fdur edecek \u015fekilde uygulamaya konulan\u201d vergi d\u00fczenlemesinin yaratt\u0131\u011f\u0131 s\u0131k\u0131nt\u0131lar \u00fczerinde","og_url":"https:\/\/kibrisdakik.com\/?p=107554","article_published_time":"2026-03-04T15:20:14+00:00","og_image":[{"url":"https:\/\/mhahabercom.teimg.com\/crop\/1280x720\/mhahaber-com\/uploads\/2026\/03\/mha-sari-beyaz-3639.png","type":"","width":"","height":""}],"author":"admin","twitter_card":"summary_large_image","twitter_misc":{"Yazan:":"admin","Tahmini okuma s\u00fcresi":"1 dakika"},"schema":{"@context":"https:\/\/schema.org","@graph":[{"@type":"Article","@id":"https:\/\/kibrisdakik.com\/?p=107554#article","isPartOf":{"@id":"https:\/\/kibrisdakik.com\/?p=107554"},"author":{"name":"admin","@id":"https:\/\/kibrisdakik.com\/#\/schema\/person\/9cd9d437bbb44f72b73ba127e06d8e79"},"headline":"CTP G\u00d6NYEL\u0130\u2019DE \u00c7ALI\u015eANLARIN SORUNLARINI D\u0130NLED\u0130","datePublished":"2026-03-04T15:20:14+00:00","mainEntityOfPage":{"@id":"https:\/\/kibrisdakik.com\/?p=107554"},"wordCount":209,"commentCount":0,"image":{"@id":"https:\/\/kibrisdakik.com\/?p=107554#primaryimage"},"thumbnailUrl":"https:\/\/kibrisdakik.com\/wp-content\/uploads\/2026\/03\/mha-sari-beyaz-3639.png","articleSection":["K\u0131br\u0131s"],"inLanguage":"tr","potentialAction":[{"@type":"CommentAction","name":"Comment","target":["https:\/\/kibrisdakik.com\/?p=107554#respond"]}]},{"@type":"WebPage","@id":"https:\/\/kibrisdakik.com\/?p=107554","url":"https:\/\/kibrisdakik.com\/?p=107554","name":"CTP G\u00d6NYEL\u0130\u2019DE \u00c7ALI\u015eANLARIN SORUNLARINI D\u0130NLED\u0130 -","isPartOf":{"@id":"https:\/\/kibrisdakik.com\/#website"},"primaryImageOfPage":{"@id":"https:\/\/kibrisdakik.com\/?p=107554#primaryimage"},"image":{"@id":"https:\/\/kibrisdakik.com\/?p=107554#primaryimage"},"thumbnailUrl":"https:\/\/kibrisdakik.com\/wp-content\/uploads\/2026\/03\/mha-sari-beyaz-3639.png","datePublished":"2026-03-04T15:20:14+00:00","author":{"@id":"https:\/\/kibrisdakik.com\/#\/schema\/person\/9cd9d437bbb44f72b73ba127e06d8e79"},"breadcrumb":{"@id":"https:\/\/kibrisdakik.com\/?p=107554#breadcrumb"},"inLanguage":"tr","potentialAction":[{"@type":"ReadAction","target":["https:\/\/kibrisdakik.com\/?p=107554"]}]},{"@type":"ImageObject","inLanguage":"tr","@id":"https:\/\/kibrisdakik.com\/?p=107554#primaryimage","url":"https:\/\/kibrisdakik.com\/wp-content\/uploads\/2026\/03\/mha-sari-beyaz-3639.png","contentUrl":"https:\/\/kibrisdakik.com\/wp-content\/uploads\/2026\/03\/mha-sari-beyaz-3639.png","width":1280,"height":720},{"@type":"BreadcrumbList","@id":"https:\/\/kibrisdakik.com\/?p=107554#breadcrumb","itemListElement":[{"@type":"ListItem","position":1,"name":"Home","item":"https:\/\/kibrisdakik.com\/"},{"@type":"ListItem","position":2,"name":"CTP G\u00d6NYEL\u0130\u2019DE \u00c7ALI\u015eANLARIN SORUNLARINI D\u0130NLED\u0130"}]},{"@type":"WebSite","@id":"https:\/\/kibrisdakik.com\/#website","url":"https:\/\/kibrisdakik.com\/","name":"","description":"Tam vaktinde haber","potentialAction":[{"@type":"SearchAction","target":{"@type":"EntryPoint","urlTemplate":"https:\/\/kibrisdakik.com\/?s={search_term_string}"},"query-input":{"@type":"PropertyValueSpecification","valueRequired":true,"valueName":"search_term_string"}}],"inLanguage":"tr"},{"@type":"Person","@id":"https:\/\/kibrisdakik.com\/#\/schema\/person\/9cd9d437bbb44f72b73ba127e06d8e79","name":"admin","image":{"@type":"ImageObject","inLanguage":"tr","@id":"https:\/\/secure.gravatar.com\/avatar\/ccc17943b9d660506c869530f897617f7cb1c21a4bf30023f252596d83e1f007?s=96&d=mm&r=g","url":"https:\/\/secure.gravatar.com\/avatar\/ccc17943b9d660506c869530f897617f7cb1c21a4bf30023f252596d83e1f007?s=96&d=mm&r=g","contentUrl":"https:\/\/secure.gravatar.com\/avatar\/ccc17943b9d660506c869530f897617f7cb1c21a4bf30023f252596d83e1f007?s=96&d=mm&r=g","caption":"admin"},"sameAs":["https:\/\/kibrisdakik.com"],"url":"https:\/\/kibrisdakik.com\/?author=1"}]}},"_links":{"self":[{"href":"https:\/\/kibrisdakik.com\/index.php?rest_route=\/wp\/v2\/posts\/107554","targetHints":{"allow":["GET"]}}],"collection":[{"href":"https:\/\/kibrisdakik.com\/index.php?rest_route=\/wp\/v2\/posts"}],"about":[{"href":"https:\/\/kibrisdakik.com\/index.php?rest_route=\/wp\/v2\/types\/post"}],"author":[{"embeddable":true,"href":"https:\/\/kibrisdakik.com\/index.php?rest_route=\/wp\/v2\/users\/1"}],"replies":[{"embeddable":true,"href":"https:\/\/kibrisdakik.com\/index.php?rest_route=%2Fwp%2Fv2%2Fcomments&post=107554"}],"version-history":[{"count":0,"href":"https:\/\/kibrisdakik.com\/index.php?rest_route=\/wp\/v2\/posts\/107554\/revisions"}],"wp:featuredmedia":[{"embeddable":true,"href":"https:\/\/kibrisdakik.com\/index.php?rest_route=\/wp\/v2\/media\/107555"}],"wp:attachment":[{"href":"https:\/\/kibrisdakik.com\/index.php?rest_route=%2Fwp%2Fv2%2Fmedia&parent=107554"}],"wp:term":[{"taxonomy":"category","embeddable":true,"href":"https:\/\/kibrisdakik.com\/index.php?rest_route=%2Fwp%2Fv2%2Fcategories&post=107554"},{"taxonomy":"post_tag","embeddable":true,"href":"https:\/\/kibrisdakik.com\/index.php?rest_route=%2Fwp%2Fv2%2Ftags&post=107554"}],"curies":[{"name":"wp","href":"https:\/\/api.w.org\/{rel}","templated":true}]}}