{"id":107556,"date":"2026-03-04T17:44:17","date_gmt":"2026-03-04T15:44:17","guid":{"rendered":"https:\/\/kibrisdakik.com\/?p=107556"},"modified":"2026-03-04T17:44:17","modified_gmt":"2026-03-04T15:44:17","slug":"rahvancioglu-hukumet-kamuoyunu-bilgilendirmedi","status":"publish","type":"post","link":"https:\/\/kibrisdakik.com\/?p=107556","title":{"rendered":"RAHVANCIO\u011eLU: H\u00dcK\u00dcMET KAMUOYUNU B\u0130LG\u0130LEND\u0130RMED\u0130"},"content":{"rendered":"<p><\/p>\n<div data-text-id=\"197332\" property=\"articleBody\">\n<p>Ba\u011f\u0131ms\u0131zl\u0131k Yolu Mali Sekreteri M\u00fcn\u00fcr Rahvanc\u0131o\u011flu, 30 Ocak\u2019ta Resmi Gazete\u2019de yay\u0131mlanan ve y\u00fcr\u00fcrl\u00fc\u011fe giren Yasa G\u00fcc\u00fcnde Kararname\u2019nin \u00fc\u00e7\u00fcnc\u00fc uyruklu i\u015f\u00e7ilerin maa\u015flar\u0131nda kesintiye yol a\u00e7t\u0131\u011f\u0131n\u0131 savundu.<\/p>\n<p>Ba\u011f\u0131ms\u0131zl\u0131k Yolu\u2019ndan yap\u0131lan a\u00e7\u0131klamaya g\u00f6re Rahvanc\u0131o\u011flu, s\u00f6z konusu d\u00fczenlemeye ili\u015fkin h\u00fck\u00fcmet taraf\u0131ndan kamuoyuna herhangi bir bilgilendirme yap\u0131lmad\u0131\u011f\u0131n\u0131 ve konunun yeterince g\u00fcndeme ta\u015f\u0131nmad\u0131\u011f\u0131n\u0131 \u00f6ne s\u00fcrd\u00fc.<\/p>\n<p>Bunun nedeninin kararname kapsam\u0131n\u0131n yaln\u0131zca \u00fc\u00e7\u00fcnc\u00fc uyruklu i\u015f\u00e7ileri ilgilendirmesi oldu\u011funu ileri s\u00fcren Rahvanc\u0131o\u011flu, d\u00fczenlemenin do\u011frudan emek\u00e7ilerin gelirini etkiledi\u011fini iddia etti.<\/p>\n<p>Rahvanc\u0131o\u011flu, kararname \u00f6ncesinde devletin t\u00fcm i\u015f\u00e7iler i\u00e7in sigorta primlerine y\u00fczde 6 oran\u0131nda katk\u0131 sa\u011flad\u0131\u011f\u0131n\u0131, yeni d\u00fczenleme ile birlikte \u00fc\u00e7\u00fcnc\u00fc uyruklu i\u015f\u00e7ilere yap\u0131lan katk\u0131n\u0131n y\u00fczde 1,25\u2019e d\u00fc\u015f\u00fcr\u00fcld\u00fc\u011f\u00fcn\u00fc ileri s\u00fcrd\u00fc.<\/p>\n<p>Bu de\u011fi\u015fiklik nedeniyle daha \u00f6nce maa\u015flar\u0131ndan y\u00fczde 8,25 oran\u0131nda sigorta primi kesilen \u00fc\u00e7\u00fcnc\u00fc uyruklu i\u015f\u00e7ilerden art\u0131k y\u00fczde 13 oran\u0131nda kesinti yap\u0131ld\u0131\u011f\u0131n\u0131 iddia eden Rahvanc\u0131o\u011flu, bunun net maa\u015flarda d\u00fc\u015f\u00fc\u015fe yol a\u00e7t\u0131\u011f\u0131n\u0131 s\u00f6yledi.<\/p>\n<p>Yakla\u015f\u0131k 80 bin \u00fc\u00e7\u00fcnc\u00fc uyruklu emek\u00e7inin d\u00fczenlemeden etkilendi\u011fini savunan Rahvanc\u0131o\u011flu, \u201cprim \u00f6demelerindeki de\u011fi\u015fiklik sayesinde devletin ayl\u0131k yakla\u015f\u0131k 230 milyon 348 bin 400 TL, y\u0131ll\u0131k ise 2 milyar 764 milyon 180 bin 800 TL tutar\u0131nda bir mali kazan\u00e7 elde edece\u011fini\u201d ileri s\u00fcrd\u00fc. Rahvanc\u0131o\u011flu, s\u00f6z konusu d\u00fczenlemenin sosyal devlet anlay\u0131\u015f\u0131yla ba\u011fda\u015fmad\u0131\u011f\u0131n\u0131 savundu.<\/p>\n<p>Rahvanc\u0131o\u011flu, kararnamede kullan\u0131lan \u201cKKTC vatanda\u015f\u0131 olmayan veya KKTC ile sosyal g\u00fcvenlik anla\u015fmas\u0131 bulunan \u00fclke vatanda\u015f\u0131 olmayan ki\u015filer\u201d ifadesinin daha \u00f6nce Anayasa Mahkemesi taraf\u0131ndan ara emriyle durdurulan bir ba\u015fka kararnamede de yer ald\u0131\u011f\u0131n\u0131 belirtti.<\/p>\n<p>Anayasa Mahkemesi\u2019nin maa\u015f ayr\u0131mc\u0131l\u0131\u011f\u0131n\u0131 durdurmas\u0131n\u0131n ard\u0131ndan yaln\u0131zca iki g\u00fcn sonra h\u00fck\u00fcmetin bu kez prim oranlar\u0131 \u00fczerinden ayr\u0131mc\u0131l\u0131k yaratan yeni bir d\u00fczenlemeyi y\u00fcr\u00fcrl\u00fc\u011fe koydu\u011funu ileri s\u00fcren Rahvanc\u0131o\u011flu, bunun bilin\u00e7li bir politika tercihi oldu\u011funu s\u00f6yledi.<\/p>\n<p>Ge\u00e7mi\u015fte \u00fc\u00e7\u00fcnc\u00fc uyruklu \u00e7al\u0131\u015fanlar\u0131n baz\u0131 sosyal haklardan yararlanamad\u0131\u011f\u0131n\u0131 da \u00f6ne s\u00fcren Rahvanc\u0131o\u011flu, bu d\u00fczenlemenin benzer bir yakla\u015f\u0131m\u0131n devam\u0131 oldu\u011funu savundu.<\/p>\n<p>\u201cEmek\u00e7ilerin \u0131rk\u00e7\u0131l\u0131k ve ayr\u0131mc\u0131l\u0131k \u00fczerinden b\u00f6l\u00fcnmesi yaln\u0131zca \u00fc\u00e7\u00fcnc\u00fc uyruklular\u0131 de\u011fil t\u00fcm toplumu etkileyecek tehlikeli sonu\u00e7lar do\u011furacakt\u0131r\u201d ifadelerini kullanan Rahvanc\u0131o\u011flu, bu politikalara kar\u015f\u0131 ortak m\u00fccadele \u00e7a\u011fr\u0131s\u0131 yapt\u0131.<\/p>\n<\/p><\/div>\n","protected":false},"excerpt":{"rendered":"<p>Ba\u011f\u0131ms\u0131zl\u0131k Yolu Mali Sekreteri M\u00fcn\u00fcr Rahvanc\u0131o\u011flu, 30 Ocak\u2019ta Resmi Gazete\u2019de yay\u0131mlanan ve y\u00fcr\u00fcrl\u00fc\u011fe giren Yasa G\u00fcc\u00fcnde Kararname\u2019nin \u00fc\u00e7\u00fcnc\u00fc uyruklu i\u015f\u00e7ilerin maa\u015flar\u0131nda kesintiye yol a\u00e7t\u0131\u011f\u0131n\u0131 savundu. Ba\u011f\u0131ms\u0131zl\u0131k Yolu\u2019ndan yap\u0131lan a\u00e7\u0131klamaya g\u00f6re Rahvanc\u0131o\u011flu, s\u00f6z konusu d\u00fczenlemeye ili\u015fkin h\u00fck\u00fcmet taraf\u0131ndan kamuoyuna herhangi bir bilgilendirme yap\u0131lmad\u0131\u011f\u0131n\u0131 ve konunun yeterince g\u00fcndeme ta\u015f\u0131nmad\u0131\u011f\u0131n\u0131 \u00f6ne s\u00fcrd\u00fc. Bunun nedeninin kararname kapsam\u0131n\u0131n yaln\u0131zca \u00fc\u00e7\u00fcnc\u00fc<\/p>\n","protected":false},"author":1,"featured_media":107557,"comment_status":"open","ping_status":"open","sticky":false,"template":"","format":"standard","meta":{"footnotes":""},"categories":[81],"tags":[],"class_list":["post-107556","post","type-post","status-publish","format-standard","has-post-thumbnail","hentry","category-kibris"],"yoast_head":"<!-- This site is optimized with the Yoast SEO plugin v27.5 - https:\/\/yoast.com\/product\/yoast-seo-wordpress\/ -->\n<title>RAHVANCIO\u011eLU: H\u00dcK\u00dcMET KAMUOYUNU B\u0130LG\u0130LEND\u0130RMED\u0130 -<\/title>\n<meta name=\"robots\" content=\"index, follow, max-snippet:-1, max-image-preview:large, max-video-preview:-1\" \/>\n<link rel=\"canonical\" href=\"https:\/\/kibrisdakik.com\/?p=107556\" \/>\n<meta property=\"og:locale\" content=\"tr_TR\" \/>\n<meta property=\"og:type\" content=\"article\" \/>\n<meta property=\"og:title\" content=\"RAHVANCIO\u011eLU: H\u00dcK\u00dcMET KAMUOYUNU B\u0130LG\u0130LEND\u0130RMED\u0130 -\" \/>\n<meta property=\"og:description\" content=\"Ba\u011f\u0131ms\u0131zl\u0131k Yolu Mali Sekreteri M\u00fcn\u00fcr Rahvanc\u0131o\u011flu, 30 Ocak\u2019ta Resmi Gazete\u2019de yay\u0131mlanan ve y\u00fcr\u00fcrl\u00fc\u011fe giren Yasa G\u00fcc\u00fcnde Kararname\u2019nin \u00fc\u00e7\u00fcnc\u00fc uyruklu i\u015f\u00e7ilerin maa\u015flar\u0131nda kesintiye yol a\u00e7t\u0131\u011f\u0131n\u0131 savundu. Ba\u011f\u0131ms\u0131zl\u0131k Yolu\u2019ndan yap\u0131lan a\u00e7\u0131klamaya g\u00f6re Rahvanc\u0131o\u011flu, s\u00f6z konusu d\u00fczenlemeye ili\u015fkin h\u00fck\u00fcmet taraf\u0131ndan kamuoyuna herhangi bir bilgilendirme yap\u0131lmad\u0131\u011f\u0131n\u0131 ve konunun yeterince g\u00fcndeme ta\u015f\u0131nmad\u0131\u011f\u0131n\u0131 \u00f6ne s\u00fcrd\u00fc. Bunun nedeninin kararname kapsam\u0131n\u0131n yaln\u0131zca \u00fc\u00e7\u00fcnc\u00fc\" \/>\n<meta property=\"og:url\" content=\"https:\/\/kibrisdakik.com\/?p=107556\" \/>\n<meta property=\"article:published_time\" content=\"2026-03-04T15:44:17+00:00\" \/>\n<meta property=\"og:image\" content=\"https:\/\/mhahabercom.teimg.com\/crop\/1280x720\/mhahaber-com\/uploads\/2026\/03\/mha-sari-beyaz-3640.png\" \/>\n<meta name=\"author\" content=\"admin\" \/>\n<meta name=\"twitter:card\" content=\"summary_large_image\" \/>\n<meta name=\"twitter:label1\" content=\"Yazan:\" \/>\n\t<meta name=\"twitter:data1\" content=\"admin\" \/>\n\t<meta name=\"twitter:label2\" content=\"Tahmini okuma s\u00fcresi\" \/>\n\t<meta name=\"twitter:data2\" content=\"2 dakika\" \/>\n<script type=\"application\/ld+json\" class=\"yoast-schema-graph\">{\"@context\":\"https:\\\/\\\/schema.org\",\"@graph\":[{\"@type\":\"Article\",\"@id\":\"https:\\\/\\\/kibrisdakik.com\\\/?p=107556#article\",\"isPartOf\":{\"@id\":\"https:\\\/\\\/kibrisdakik.com\\\/?p=107556\"},\"author\":{\"name\":\"admin\",\"@id\":\"https:\\\/\\\/kibrisdakik.com\\\/#\\\/schema\\\/person\\\/9cd9d437bbb44f72b73ba127e06d8e79\"},\"headline\":\"RAHVANCIO\u011eLU: H\u00dcK\u00dcMET KAMUOYUNU B\u0130LG\u0130LEND\u0130RMED\u0130\",\"datePublished\":\"2026-03-04T15:44:17+00:00\",\"mainEntityOfPage\":{\"@id\":\"https:\\\/\\\/kibrisdakik.com\\\/?p=107556\"},\"wordCount\":468,\"commentCount\":0,\"image\":{\"@id\":\"https:\\\/\\\/kibrisdakik.com\\\/?p=107556#primaryimage\"},\"thumbnailUrl\":\"https:\\\/\\\/kibrisdakik.com\\\/wp-content\\\/uploads\\\/2026\\\/03\\\/mha-sari-beyaz-3640.png\",\"articleSection\":[\"K\u0131br\u0131s\"],\"inLanguage\":\"tr\",\"potentialAction\":[{\"@type\":\"CommentAction\",\"name\":\"Comment\",\"target\":[\"https:\\\/\\\/kibrisdakik.com\\\/?p=107556#respond\"]}]},{\"@type\":\"WebPage\",\"@id\":\"https:\\\/\\\/kibrisdakik.com\\\/?p=107556\",\"url\":\"https:\\\/\\\/kibrisdakik.com\\\/?p=107556\",\"name\":\"RAHVANCIO\u011eLU: H\u00dcK\u00dcMET KAMUOYUNU B\u0130LG\u0130LEND\u0130RMED\u0130 -\",\"isPartOf\":{\"@id\":\"https:\\\/\\\/kibrisdakik.com\\\/#website\"},\"primaryImageOfPage\":{\"@id\":\"https:\\\/\\\/kibrisdakik.com\\\/?p=107556#primaryimage\"},\"image\":{\"@id\":\"https:\\\/\\\/kibrisdakik.com\\\/?p=107556#primaryimage\"},\"thumbnailUrl\":\"https:\\\/\\\/kibrisdakik.com\\\/wp-content\\\/uploads\\\/2026\\\/03\\\/mha-sari-beyaz-3640.png\",\"datePublished\":\"2026-03-04T15:44:17+00:00\",\"author\":{\"@id\":\"https:\\\/\\\/kibrisdakik.com\\\/#\\\/schema\\\/person\\\/9cd9d437bbb44f72b73ba127e06d8e79\"},\"breadcrumb\":{\"@id\":\"https:\\\/\\\/kibrisdakik.com\\\/?p=107556#breadcrumb\"},\"inLanguage\":\"tr\",\"potentialAction\":[{\"@type\":\"ReadAction\",\"target\":[\"https:\\\/\\\/kibrisdakik.com\\\/?p=107556\"]}]},{\"@type\":\"ImageObject\",\"inLanguage\":\"tr\",\"@id\":\"https:\\\/\\\/kibrisdakik.com\\\/?p=107556#primaryimage\",\"url\":\"https:\\\/\\\/kibrisdakik.com\\\/wp-content\\\/uploads\\\/2026\\\/03\\\/mha-sari-beyaz-3640.png\",\"contentUrl\":\"https:\\\/\\\/kibrisdakik.com\\\/wp-content\\\/uploads\\\/2026\\\/03\\\/mha-sari-beyaz-3640.png\",\"width\":1280,\"height\":720},{\"@type\":\"BreadcrumbList\",\"@id\":\"https:\\\/\\\/kibrisdakik.com\\\/?p=107556#breadcrumb\",\"itemListElement\":[{\"@type\":\"ListItem\",\"position\":1,\"name\":\"Home\",\"item\":\"https:\\\/\\\/kibrisdakik.com\\\/\"},{\"@type\":\"ListItem\",\"position\":2,\"name\":\"RAHVANCIO\u011eLU: H\u00dcK\u00dcMET KAMUOYUNU B\u0130LG\u0130LEND\u0130RMED\u0130\"}]},{\"@type\":\"WebSite\",\"@id\":\"https:\\\/\\\/kibrisdakik.com\\\/#website\",\"url\":\"https:\\\/\\\/kibrisdakik.com\\\/\",\"name\":\"\",\"description\":\"Tam vaktinde haber\",\"potentialAction\":[{\"@type\":\"SearchAction\",\"target\":{\"@type\":\"EntryPoint\",\"urlTemplate\":\"https:\\\/\\\/kibrisdakik.com\\\/?s={search_term_string}\"},\"query-input\":{\"@type\":\"PropertyValueSpecification\",\"valueRequired\":true,\"valueName\":\"search_term_string\"}}],\"inLanguage\":\"tr\"},{\"@type\":\"Person\",\"@id\":\"https:\\\/\\\/kibrisdakik.com\\\/#\\\/schema\\\/person\\\/9cd9d437bbb44f72b73ba127e06d8e79\",\"name\":\"admin\",\"image\":{\"@type\":\"ImageObject\",\"inLanguage\":\"tr\",\"@id\":\"https:\\\/\\\/secure.gravatar.com\\\/avatar\\\/ccc17943b9d660506c869530f897617f7cb1c21a4bf30023f252596d83e1f007?s=96&d=mm&r=g\",\"url\":\"https:\\\/\\\/secure.gravatar.com\\\/avatar\\\/ccc17943b9d660506c869530f897617f7cb1c21a4bf30023f252596d83e1f007?s=96&d=mm&r=g\",\"contentUrl\":\"https:\\\/\\\/secure.gravatar.com\\\/avatar\\\/ccc17943b9d660506c869530f897617f7cb1c21a4bf30023f252596d83e1f007?s=96&d=mm&r=g\",\"caption\":\"admin\"},\"sameAs\":[\"https:\\\/\\\/kibrisdakik.com\"],\"url\":\"https:\\\/\\\/kibrisdakik.com\\\/?author=1\"}]}<\/script>\n<!-- \/ Yoast SEO plugin. -->","yoast_head_json":{"title":"RAHVANCIO\u011eLU: H\u00dcK\u00dcMET KAMUOYUNU B\u0130LG\u0130LEND\u0130RMED\u0130 -","robots":{"index":"index","follow":"follow","max-snippet":"max-snippet:-1","max-image-preview":"max-image-preview:large","max-video-preview":"max-video-preview:-1"},"canonical":"https:\/\/kibrisdakik.com\/?p=107556","og_locale":"tr_TR","og_type":"article","og_title":"RAHVANCIO\u011eLU: H\u00dcK\u00dcMET KAMUOYUNU B\u0130LG\u0130LEND\u0130RMED\u0130 -","og_description":"Ba\u011f\u0131ms\u0131zl\u0131k Yolu Mali Sekreteri M\u00fcn\u00fcr Rahvanc\u0131o\u011flu, 30 Ocak\u2019ta Resmi Gazete\u2019de yay\u0131mlanan ve y\u00fcr\u00fcrl\u00fc\u011fe giren Yasa G\u00fcc\u00fcnde Kararname\u2019nin \u00fc\u00e7\u00fcnc\u00fc uyruklu i\u015f\u00e7ilerin maa\u015flar\u0131nda kesintiye yol a\u00e7t\u0131\u011f\u0131n\u0131 savundu. Ba\u011f\u0131ms\u0131zl\u0131k Yolu\u2019ndan yap\u0131lan a\u00e7\u0131klamaya g\u00f6re Rahvanc\u0131o\u011flu, s\u00f6z konusu d\u00fczenlemeye ili\u015fkin h\u00fck\u00fcmet taraf\u0131ndan kamuoyuna herhangi bir bilgilendirme yap\u0131lmad\u0131\u011f\u0131n\u0131 ve konunun yeterince g\u00fcndeme ta\u015f\u0131nmad\u0131\u011f\u0131n\u0131 \u00f6ne s\u00fcrd\u00fc. Bunun nedeninin kararname kapsam\u0131n\u0131n yaln\u0131zca \u00fc\u00e7\u00fcnc\u00fc","og_url":"https:\/\/kibrisdakik.com\/?p=107556","article_published_time":"2026-03-04T15:44:17+00:00","og_image":[{"url":"https:\/\/mhahabercom.teimg.com\/crop\/1280x720\/mhahaber-com\/uploads\/2026\/03\/mha-sari-beyaz-3640.png","type":"","width":"","height":""}],"author":"admin","twitter_card":"summary_large_image","twitter_misc":{"Yazan:":"admin","Tahmini okuma s\u00fcresi":"2 dakika"},"schema":{"@context":"https:\/\/schema.org","@graph":[{"@type":"Article","@id":"https:\/\/kibrisdakik.com\/?p=107556#article","isPartOf":{"@id":"https:\/\/kibrisdakik.com\/?p=107556"},"author":{"name":"admin","@id":"https:\/\/kibrisdakik.com\/#\/schema\/person\/9cd9d437bbb44f72b73ba127e06d8e79"},"headline":"RAHVANCIO\u011eLU: H\u00dcK\u00dcMET KAMUOYUNU B\u0130LG\u0130LEND\u0130RMED\u0130","datePublished":"2026-03-04T15:44:17+00:00","mainEntityOfPage":{"@id":"https:\/\/kibrisdakik.com\/?p=107556"},"wordCount":468,"commentCount":0,"image":{"@id":"https:\/\/kibrisdakik.com\/?p=107556#primaryimage"},"thumbnailUrl":"https:\/\/kibrisdakik.com\/wp-content\/uploads\/2026\/03\/mha-sari-beyaz-3640.png","articleSection":["K\u0131br\u0131s"],"inLanguage":"tr","potentialAction":[{"@type":"CommentAction","name":"Comment","target":["https:\/\/kibrisdakik.com\/?p=107556#respond"]}]},{"@type":"WebPage","@id":"https:\/\/kibrisdakik.com\/?p=107556","url":"https:\/\/kibrisdakik.com\/?p=107556","name":"RAHVANCIO\u011eLU: H\u00dcK\u00dcMET KAMUOYUNU B\u0130LG\u0130LEND\u0130RMED\u0130 -","isPartOf":{"@id":"https:\/\/kibrisdakik.com\/#website"},"primaryImageOfPage":{"@id":"https:\/\/kibrisdakik.com\/?p=107556#primaryimage"},"image":{"@id":"https:\/\/kibrisdakik.com\/?p=107556#primaryimage"},"thumbnailUrl":"https:\/\/kibrisdakik.com\/wp-content\/uploads\/2026\/03\/mha-sari-beyaz-3640.png","datePublished":"2026-03-04T15:44:17+00:00","author":{"@id":"https:\/\/kibrisdakik.com\/#\/schema\/person\/9cd9d437bbb44f72b73ba127e06d8e79"},"breadcrumb":{"@id":"https:\/\/kibrisdakik.com\/?p=107556#breadcrumb"},"inLanguage":"tr","potentialAction":[{"@type":"ReadAction","target":["https:\/\/kibrisdakik.com\/?p=107556"]}]},{"@type":"ImageObject","inLanguage":"tr","@id":"https:\/\/kibrisdakik.com\/?p=107556#primaryimage","url":"https:\/\/kibrisdakik.com\/wp-content\/uploads\/2026\/03\/mha-sari-beyaz-3640.png","contentUrl":"https:\/\/kibrisdakik.com\/wp-content\/uploads\/2026\/03\/mha-sari-beyaz-3640.png","width":1280,"height":720},{"@type":"BreadcrumbList","@id":"https:\/\/kibrisdakik.com\/?p=107556#breadcrumb","itemListElement":[{"@type":"ListItem","position":1,"name":"Home","item":"https:\/\/kibrisdakik.com\/"},{"@type":"ListItem","position":2,"name":"RAHVANCIO\u011eLU: H\u00dcK\u00dcMET KAMUOYUNU B\u0130LG\u0130LEND\u0130RMED\u0130"}]},{"@type":"WebSite","@id":"https:\/\/kibrisdakik.com\/#website","url":"https:\/\/kibrisdakik.com\/","name":"","description":"Tam vaktinde haber","potentialAction":[{"@type":"SearchAction","target":{"@type":"EntryPoint","urlTemplate":"https:\/\/kibrisdakik.com\/?s={search_term_string}"},"query-input":{"@type":"PropertyValueSpecification","valueRequired":true,"valueName":"search_term_string"}}],"inLanguage":"tr"},{"@type":"Person","@id":"https:\/\/kibrisdakik.com\/#\/schema\/person\/9cd9d437bbb44f72b73ba127e06d8e79","name":"admin","image":{"@type":"ImageObject","inLanguage":"tr","@id":"https:\/\/secure.gravatar.com\/avatar\/ccc17943b9d660506c869530f897617f7cb1c21a4bf30023f252596d83e1f007?s=96&d=mm&r=g","url":"https:\/\/secure.gravatar.com\/avatar\/ccc17943b9d660506c869530f897617f7cb1c21a4bf30023f252596d83e1f007?s=96&d=mm&r=g","contentUrl":"https:\/\/secure.gravatar.com\/avatar\/ccc17943b9d660506c869530f897617f7cb1c21a4bf30023f252596d83e1f007?s=96&d=mm&r=g","caption":"admin"},"sameAs":["https:\/\/kibrisdakik.com"],"url":"https:\/\/kibrisdakik.com\/?author=1"}]}},"_links":{"self":[{"href":"https:\/\/kibrisdakik.com\/index.php?rest_route=\/wp\/v2\/posts\/107556","targetHints":{"allow":["GET"]}}],"collection":[{"href":"https:\/\/kibrisdakik.com\/index.php?rest_route=\/wp\/v2\/posts"}],"about":[{"href":"https:\/\/kibrisdakik.com\/index.php?rest_route=\/wp\/v2\/types\/post"}],"author":[{"embeddable":true,"href":"https:\/\/kibrisdakik.com\/index.php?rest_route=\/wp\/v2\/users\/1"}],"replies":[{"embeddable":true,"href":"https:\/\/kibrisdakik.com\/index.php?rest_route=%2Fwp%2Fv2%2Fcomments&post=107556"}],"version-history":[{"count":0,"href":"https:\/\/kibrisdakik.com\/index.php?rest_route=\/wp\/v2\/posts\/107556\/revisions"}],"wp:featuredmedia":[{"embeddable":true,"href":"https:\/\/kibrisdakik.com\/index.php?rest_route=\/wp\/v2\/media\/107557"}],"wp:attachment":[{"href":"https:\/\/kibrisdakik.com\/index.php?rest_route=%2Fwp%2Fv2%2Fmedia&parent=107556"}],"wp:term":[{"taxonomy":"category","embeddable":true,"href":"https:\/\/kibrisdakik.com\/index.php?rest_route=%2Fwp%2Fv2%2Fcategories&post=107556"},{"taxonomy":"post_tag","embeddable":true,"href":"https:\/\/kibrisdakik.com\/index.php?rest_route=%2Fwp%2Fv2%2Ftags&post=107556"}],"curies":[{"name":"wp","href":"https:\/\/api.w.org\/{rel}","templated":true}]}}