{"id":10759,"date":"2023-07-20T01:22:50","date_gmt":"2023-07-20T01:22:50","guid":{"rendered":"https:\/\/kibrisdakik.com\/index.php\/2023\/07\/20\/basbakan-ustel-20-temmuz-baris-ve-ozgurluk-bayrami-nedeniyle-mesaj-yayimladi\/"},"modified":"2023-07-20T01:22:50","modified_gmt":"2023-07-20T01:22:50","slug":"basbakan-ustel-20-temmuz-baris-ve-ozgurluk-bayrami-nedeniyle-mesaj-yayimladi","status":"publish","type":"post","link":"https:\/\/kibrisdakik.com\/?p=10759","title":{"rendered":"Ba\u015fbakan \u00dcstel 20 Temmuz Bar\u0131\u015f ve \u00d6zg\u00fcrl\u00fck Bayram\u0131 nedeniyle mesaj yay\u0131mlad\u0131"},"content":{"rendered":"<p><\/p>\n<div>\n<div class=\"mariselle-image-container center\">\n                <img width=\"1849\" height=\"1040\" class=\"lazy-image\" alt=\"\" decoding=\"async\" loading=\"lazy\" sizes=\"auto, (max-width: 1849px) 100vw, 1849px\" src=\"https:\/\/brtk.net\/wp-content\/uploads\/2023\/02\/02\/UNAL-USTEL-YAZI-YAZARKEN.png?ver=7daffe9769ea3f175a81c16e4b2e0f85\" srcset=\"https:\/\/brtk.net\/wp-content\/uploads\/2023\/02\/02\/UNAL-USTEL-YAZI-YAZARKEN.png?ver=7daffe9769ea3f175a81c16e4b2e0f85 1849w, https:\/\/brtk.net\/wp-content\/uploads\/2023\/02\/02\/UNAL-USTEL-YAZI-YAZARKEN-300x169.png?ver=79675dcd70c5da62e2bf20fdf408a523 300w, https:\/\/brtk.net\/wp-content\/uploads\/2023\/02\/02\/UNAL-USTEL-YAZI-YAZARKEN-1024x576.png?ver=79675dcd70c5da62e2bf20fdf408a523 1024w, https:\/\/brtk.net\/wp-content\/uploads\/2023\/02\/02\/UNAL-USTEL-YAZI-YAZARKEN-768x432.png?ver=2dcd1acdec6f671e84aea829839935c0 768w, https:\/\/brtk.net\/wp-content\/uploads\/2023\/02\/02\/UNAL-USTEL-YAZI-YAZARKEN-1536x864.png?ver=2b35f1ece421e827e8445f5d0f294e1a 1536w\"\/>                            <\/div>\n<p>Ba\u015fbakan \u00dcnal \u00dcstel 20 Temmuz Bar\u0131\u015f ve \u00d6zg\u00fcrl\u00fck Bayram\u0131 nedeniyle mesaj yay\u0131mlad\u0131.  <\/p>\n<p>20 Temmuz Mutlu Bar\u0131\u015f Harekat\u0131\u2019n\u0131n esaretten \u00f6zg\u00fcrl\u00fc\u011fe y\u00fcr\u00fcyen, yok edilmeye \u00e7al\u0131\u015f\u0131lan bir toplumdan, kendi kendini y\u00f6netme iradesini eline alm\u0131\u015f devlet sahibi bir halka d\u00f6n\u00fc\u015f\u00fclmesininen \u00f6nemli mihenk ta\u015flar\u0131ndan biri oldu\u011funa i\u015faret eden Ba\u015fbakan, harekat\u0131n 49. y\u0131l\u0131n\u0131 idrak etmenin onur ve mutlulu\u011funu ya\u015fad\u0131klar\u0131n\u0131 s\u00f6yledi. <\/p>\n<p>Mesaj\u0131nda \u201cBug\u00fcn, bundan tam 49 y\u0131l \u00f6nce, Anavatan T\u00fcrkiye Cumhuriyeti\u2019nin \u201cGaranti ve \u0130ttifak Anla\u015fmalar\u0131ndan\u201d do\u011fan hukuki hakk\u0131n\u0131 kullanarak, K\u0131br\u0131s T\u00fcrk Halk\u0131na kar\u015f\u0131 giri\u015filen sistematik sald\u0131r\u0131lara, soyk\u0131r\u0131mlara ve Yunan Cuntas\u0131\u2019n\u0131n aday\u0131 tek yanl\u0131 Yunanistan\u2019a ba\u011flama giri\u015fimlerine son verdi\u011fi g\u00fcnd\u00fcr.\u201d Diyen Ba\u015fbakan \u00dcstel s\u00f6zlerini \u015f\u00f6yle s\u00fcrd\u00fcrd\u00fc; <\/p>\n<p>\u201c20 Temmuz sadece T\u00fcrklere de\u011fil Rumlara da Bar\u0131\u015f getiren, insanlar\u0131m\u0131z\u0131n can ve mal g\u00fcvenli\u011fini sa\u011flayarak, adaya yeniden bar\u0131\u015f ve huzur ortam\u0131n\u0131 tesis edilmesine imkan sa\u011flayan d\u00fcnyada e\u015fine az rastlan\u0131r ger\u00e7ek bir Bar\u0131\u015f Harekat\u0131d\u0131r.<br \/>Tarihi bir d\u00f6n\u00fcm noktas\u0131 olan 20 Temmuz Mutlu Bar\u0131\u015f Harekat\u0131 sayesinde bug\u00fcn halk\u0131m\u0131z egemen devlet \u00e7at\u0131s\u0131 alt\u0131nda, kendi kimli\u011fi ile g\u00fcven i\u00e7inde hak etti\u011fi ya\u015fama kavu\u015fmu\u015ftur.\u201d <\/p>\n<p>\u201cAnavatan T\u00fcrkiye\u2019nin ger\u00e7ekle\u015ftirdi\u011fi destans\u0131 harekat sayesinde bug\u00fcn, \u00f6zg\u00fcr bi\u00e7imde ve g\u00fcven i\u00e7inde gelece\u011fe b\u00fcy\u00fck bir umutla bak\u0131yoruz\u201d diyen Ba\u015fbakan \u00dcstel, T\u00fcrkiye Cumhuriyeti ile Kuzey K\u0131br\u0131s T\u00fcrk Cumhuriyeti halklar\u0131n\u0131n sars\u0131lmaz ba\u011flarla geli\u015ftirdi\u011fi ili\u015fkileri, kar\u015f\u0131l\u0131kl\u0131 sevgi sayg\u0131 ve karde\u015flik hukukuna dayal\u0131 olarak geli\u015ftirmeye devam ettiklerini belirtti. <\/p>\n<p>Ba\u015fbakan \u00dcstel mesaj\u0131na \u015f\u00f6yle devam etti; <\/p>\n<p>\u201cAradan ge\u00e7en 49 y\u0131lda, Anavatan T\u00fcrkiye Cumhuriyeti\u2019nin b\u00fcy\u00fck deste\u011fi ile halk\u0131m\u0131z uygulanan t\u00fcm haks\u0131z bask\u0131 ve ambargolara ra\u011fmen bu y\u0131l 40. ya\u015f\u0131n\u0131 idrak etti\u011fimiz cumhuriyetimizi, hak etti\u011fi gibi d\u00fcnyan\u0131n bir par\u00e7as\u0131 yapmak i\u00e7in canla ba\u015fla \u00e7al\u0131\u015f\u0131yoruz.<\/p>\n<p>Yan\u0131m\u0131zda hissetmekten her zaman b\u00fcy\u00fck bir g\u00fcven duydu\u011fumuz Anavatan T\u00fcrkiye\u2019nin destekleri ile \u00fclkemizi, e\u011fitimden, ula\u015ft\u0131rmaya, sa\u011fl\u0131ktan turizme, tar\u0131mdan, ekonomiye kadar t\u00fcm alanlarda geli\u015ftiriyor ve T\u00fcrkiye Y\u00fczy\u0131l\u0131n\u0131n bir par\u00e7as\u0131 olarak halk\u0131m\u0131z\u0131 ve devletimizi sayg\u0131n d\u00fcnya \u00fclkeleri ailesinin tart\u0131\u015f\u0131lmaz bir par\u00e7as\u0131 yapmaya haz\u0131rl\u0131yoruz.<\/p>\n<p>Kuzey K\u0131br\u0131s T\u00fcrk Cumhuriyet ve T\u00fcrkiye olarak, uluslararas\u0131 d\u00fczeyde ortak y\u00fcr\u00fctt\u00fc\u011f\u00fcm\u00fcz iki devletli \u00e7\u00f6z\u00fcm vizyonunuza s\u0131k\u0131 s\u0131k\u0131ya ba\u011fl\u0131 kalarak, kom\u015fular\u0131m\u0131za kar\u015f\u0131 bar\u0131\u015f\u00e7\u0131l ve uzla\u015f\u0131c\u0131 tutumumuzu s\u00fcrd\u00fcr\u00fcyoruz\u201d.<\/p>\n<p>Mesaj\u0131nda adadaki ger\u00e7eklere uygun iki devletli \u00e7\u00f6z\u00fcm modeli temelinde bir \u00e7\u00f6z\u00fcme ula\u015fma \u00e7a\u011fr\u0131lar\u0131n\u0131 yineleyenBa\u015fbakan \u00dcstel, \u201cBilinmelidir ki; \u015fartlar ne olursa olsun, K\u0131br\u0131s T\u00fcrk\u00fc b\u00fcy\u00fck ac\u0131larla ve fedakarl\u0131klarla elde edilen devletine sahip \u00e7\u0131karak onu her daim koruyacak ve y\u00fcceltecektir\u201d dedi.<\/p>\n<p>\u00dcstel Mesaj\u0131n\u0131 \u015f\u00f6yle s\u00fcrd\u00fcrd\u00fc;<br \/>\u201cBu duygu ve d\u00fc\u015f\u00fcncelerle, varolu\u015f m\u00fccadelemizin unutulmaz liderleri Dr. Faz\u0131l K\u00fc\u00e7\u00fck ve Rauf R. Denkta\u015f\u2019\u0131, t\u00fcm zorluklara ra\u011fmen b\u00fcy\u00fck bir cesaret ve kararl\u0131l\u0131kla harekat emrini veren d\u00f6nemin T.C. Ba\u015fbakan\u0131 B\u00fclent Ecevit ve Ba\u015fbakan Yard\u0131mc\u0131s\u0131 Necmettin Erbakan\u2019\u0131, Genelkurmay Ba\u015fkan\u0131 Orgeneral Semih Sancar ve T\u00fcrk Silahl\u0131 Kuvvetleri\u2019nin o d\u00f6neminde g\u00f6rev yapm\u0131\u015f t\u00fcm  komuta kademesi ile birlikte, \u00f6zg\u00fcrl\u00fc\u011f\u00fcm\u00fcz i\u00e7in canlar\u0131n\u0131 ortaya koyan M\u00fccahit ve Mehmet\u00e7iklerimizi, t\u00fcm aziz \u015fehitlerimizi ve gazilerimizi minnet ve \u015f\u00fckranla an\u0131yor, onlar\u0131n manevi \u015fahsiyetleri \u00f6n\u00fcnde sayg\u0131yla e\u011filiyorum.<\/p>\n<p>Bu anlaml\u0131 g\u00fcn\u00fcn co\u015fkusu ile t\u00fcm 20 Temmuz Mutlu Bar\u0131\u015f Harekat\u0131\u2019n\u0131 selaml\u0131yor, halk\u0131m\u0131z\u0131n Bar\u0131\u015f ve \u00d6zg\u00fcrl\u00fck bayram\u0131n\u0131 en i\u00e7ten dileklerimle kutluyorum.\u201d<\/p>\n<\/p><\/div>\n<p><script async\n                    defer\n                    crossorigin=\"anonymous\"\n                    src=\"https:\/\/connect.facebook.net\/tr_TR\/sdk.js#xfbml=1&#038;version=v3.3\"\n            ><\/script><\/p>\n","protected":false},"excerpt":{"rendered":"<p>Ba\u015fbakan \u00dcnal \u00dcstel 20 Temmuz Bar\u0131\u015f ve \u00d6zg\u00fcrl\u00fck Bayram\u0131 nedeniyle mesaj yay\u0131mlad\u0131. 20 Temmuz Mutlu Bar\u0131\u015f Harekat\u0131\u2019n\u0131n esaretten \u00f6zg\u00fcrl\u00fc\u011fe y\u00fcr\u00fcyen, yok edilmeye \u00e7al\u0131\u015f\u0131lan bir toplumdan, kendi kendini y\u00f6netme iradesini eline alm\u0131\u015f devlet sahibi bir halka d\u00f6n\u00fc\u015f\u00fclmesininen \u00f6nemli mihenk ta\u015flar\u0131ndan biri oldu\u011funa i\u015faret eden Ba\u015fbakan, harekat\u0131n 49. y\u0131l\u0131n\u0131 idrak etmenin onur ve mutlulu\u011funu ya\u015fad\u0131klar\u0131n\u0131 s\u00f6yledi. Mesaj\u0131nda<\/p>\n","protected":false},"author":1,"featured_media":2463,"comment_status":"open","ping_status":"open","sticky":false,"template":"","format":"standard","meta":{"footnotes":""},"categories":[1],"tags":[],"class_list":["post-10759","post","type-post","status-publish","format-standard","has-post-thumbnail","hentry","category-gundem"],"yoast_head":"<!-- This site is optimized with the Yoast SEO plugin v27.4 - https:\/\/yoast.com\/product\/yoast-seo-wordpress\/ -->\n<title>Ba\u015fbakan \u00dcstel 20 Temmuz Bar\u0131\u015f ve \u00d6zg\u00fcrl\u00fck Bayram\u0131 nedeniyle mesaj yay\u0131mlad\u0131 -<\/title>\n<meta name=\"robots\" content=\"index, follow, max-snippet:-1, max-image-preview:large, max-video-preview:-1\" \/>\n<link rel=\"canonical\" href=\"https:\/\/kibrisdakik.com\/?p=10759\" \/>\n<meta property=\"og:locale\" content=\"tr_TR\" \/>\n<meta property=\"og:type\" content=\"article\" \/>\n<meta property=\"og:title\" content=\"Ba\u015fbakan \u00dcstel 20 Temmuz Bar\u0131\u015f ve \u00d6zg\u00fcrl\u00fck Bayram\u0131 nedeniyle mesaj yay\u0131mlad\u0131 -\" \/>\n<meta property=\"og:description\" content=\"Ba\u015fbakan \u00dcnal \u00dcstel 20 Temmuz Bar\u0131\u015f ve \u00d6zg\u00fcrl\u00fck Bayram\u0131 nedeniyle mesaj yay\u0131mlad\u0131. 20 Temmuz Mutlu Bar\u0131\u015f Harekat\u0131\u2019n\u0131n esaretten \u00f6zg\u00fcrl\u00fc\u011fe y\u00fcr\u00fcyen, yok edilmeye \u00e7al\u0131\u015f\u0131lan bir toplumdan, kendi kendini y\u00f6netme iradesini eline alm\u0131\u015f devlet sahibi bir halka d\u00f6n\u00fc\u015f\u00fclmesininen \u00f6nemli mihenk ta\u015flar\u0131ndan biri oldu\u011funa i\u015faret eden Ba\u015fbakan, harekat\u0131n 49. y\u0131l\u0131n\u0131 idrak etmenin onur ve mutlulu\u011funu ya\u015fad\u0131klar\u0131n\u0131 s\u00f6yledi. Mesaj\u0131nda\" \/>\n<meta property=\"og:url\" content=\"https:\/\/kibrisdakik.com\/?p=10759\" \/>\n<meta property=\"article:published_time\" content=\"2023-07-20T01:22:50+00:00\" \/>\n<meta property=\"og:image\" content=\"https:\/\/kibrisdakik.com\/wp-content\/uploads\/2023\/03\/UNAL-USTEL-YAZI-YAZARKEN-1024x576.png\" \/>\n\t<meta property=\"og:image:width\" content=\"1024\" \/>\n\t<meta property=\"og:image:height\" content=\"576\" \/>\n\t<meta property=\"og:image:type\" content=\"image\/png\" \/>\n<meta name=\"author\" content=\"admin\" \/>\n<meta name=\"twitter:card\" content=\"summary_large_image\" \/>\n<meta name=\"twitter:label1\" content=\"Yazan:\" \/>\n\t<meta name=\"twitter:data1\" content=\"admin\" \/>\n\t<meta name=\"twitter:label2\" content=\"Tahmini okuma s\u00fcresi\" \/>\n\t<meta name=\"twitter:data2\" content=\"4 dakika\" \/>\n<script type=\"application\/ld+json\" class=\"yoast-schema-graph\">{\"@context\":\"https:\\\/\\\/schema.org\",\"@graph\":[{\"@type\":\"Article\",\"@id\":\"https:\\\/\\\/kibrisdakik.com\\\/?p=10759#article\",\"isPartOf\":{\"@id\":\"https:\\\/\\\/kibrisdakik.com\\\/?p=10759\"},\"author\":{\"name\":\"admin\",\"@id\":\"https:\\\/\\\/kibrisdakik.com\\\/#\\\/schema\\\/person\\\/9cd9d437bbb44f72b73ba127e06d8e79\"},\"headline\":\"Ba\u015fbakan \u00dcstel 20 Temmuz Bar\u0131\u015f ve \u00d6zg\u00fcrl\u00fck Bayram\u0131 nedeniyle mesaj yay\u0131mlad\u0131\",\"datePublished\":\"2023-07-20T01:22:50+00:00\",\"mainEntityOfPage\":{\"@id\":\"https:\\\/\\\/kibrisdakik.com\\\/?p=10759\"},\"wordCount\":718,\"commentCount\":0,\"image\":{\"@id\":\"https:\\\/\\\/kibrisdakik.com\\\/?p=10759#primaryimage\"},\"thumbnailUrl\":\"https:\\\/\\\/kibrisdakik.com\\\/wp-content\\\/uploads\\\/2023\\\/03\\\/UNAL-USTEL-YAZI-YAZARKEN-740x420.png\",\"articleSection\":[\"G\u00fcndem\"],\"inLanguage\":\"tr\",\"potentialAction\":[{\"@type\":\"CommentAction\",\"name\":\"Comment\",\"target\":[\"https:\\\/\\\/kibrisdakik.com\\\/?p=10759#respond\"]}]},{\"@type\":\"WebPage\",\"@id\":\"https:\\\/\\\/kibrisdakik.com\\\/?p=10759\",\"url\":\"https:\\\/\\\/kibrisdakik.com\\\/?p=10759\",\"name\":\"Ba\u015fbakan \u00dcstel 20 Temmuz Bar\u0131\u015f ve \u00d6zg\u00fcrl\u00fck Bayram\u0131 nedeniyle mesaj yay\u0131mlad\u0131 -\",\"isPartOf\":{\"@id\":\"https:\\\/\\\/kibrisdakik.com\\\/#website\"},\"primaryImageOfPage\":{\"@id\":\"https:\\\/\\\/kibrisdakik.com\\\/?p=10759#primaryimage\"},\"image\":{\"@id\":\"https:\\\/\\\/kibrisdakik.com\\\/?p=10759#primaryimage\"},\"thumbnailUrl\":\"https:\\\/\\\/kibrisdakik.com\\\/wp-content\\\/uploads\\\/2023\\\/03\\\/UNAL-USTEL-YAZI-YAZARKEN-740x420.png\",\"datePublished\":\"2023-07-20T01:22:50+00:00\",\"author\":{\"@id\":\"https:\\\/\\\/kibrisdakik.com\\\/#\\\/schema\\\/person\\\/9cd9d437bbb44f72b73ba127e06d8e79\"},\"breadcrumb\":{\"@id\":\"https:\\\/\\\/kibrisdakik.com\\\/?p=10759#breadcrumb\"},\"inLanguage\":\"tr\",\"potentialAction\":[{\"@type\":\"ReadAction\",\"target\":[\"https:\\\/\\\/kibrisdakik.com\\\/?p=10759\"]}]},{\"@type\":\"ImageObject\",\"inLanguage\":\"tr\",\"@id\":\"https:\\\/\\\/kibrisdakik.com\\\/?p=10759#primaryimage\",\"url\":\"https:\\\/\\\/kibrisdakik.com\\\/wp-content\\\/uploads\\\/2023\\\/03\\\/UNAL-USTEL-YAZI-YAZARKEN-740x420.png\",\"contentUrl\":\"https:\\\/\\\/kibrisdakik.com\\\/wp-content\\\/uploads\\\/2023\\\/03\\\/UNAL-USTEL-YAZI-YAZARKEN-740x420.png\",\"width\":1849,\"height\":1040},{\"@type\":\"BreadcrumbList\",\"@id\":\"https:\\\/\\\/kibrisdakik.com\\\/?p=10759#breadcrumb\",\"itemListElement\":[{\"@type\":\"ListItem\",\"position\":1,\"name\":\"Home\",\"item\":\"https:\\\/\\\/kibrisdakik.com\\\/\"},{\"@type\":\"ListItem\",\"position\":2,\"name\":\"Ba\u015fbakan \u00dcstel 20 Temmuz Bar\u0131\u015f ve \u00d6zg\u00fcrl\u00fck Bayram\u0131 nedeniyle mesaj yay\u0131mlad\u0131\"}]},{\"@type\":\"WebSite\",\"@id\":\"https:\\\/\\\/kibrisdakik.com\\\/#website\",\"url\":\"https:\\\/\\\/kibrisdakik.com\\\/\",\"name\":\"\",\"description\":\"Tam vaktinde haber\",\"potentialAction\":[{\"@type\":\"SearchAction\",\"target\":{\"@type\":\"EntryPoint\",\"urlTemplate\":\"https:\\\/\\\/kibrisdakik.com\\\/?s={search_term_string}\"},\"query-input\":{\"@type\":\"PropertyValueSpecification\",\"valueRequired\":true,\"valueName\":\"search_term_string\"}}],\"inLanguage\":\"tr\"},{\"@type\":\"Person\",\"@id\":\"https:\\\/\\\/kibrisdakik.com\\\/#\\\/schema\\\/person\\\/9cd9d437bbb44f72b73ba127e06d8e79\",\"name\":\"admin\",\"image\":{\"@type\":\"ImageObject\",\"inLanguage\":\"tr\",\"@id\":\"https:\\\/\\\/secure.gravatar.com\\\/avatar\\\/ccc17943b9d660506c869530f897617f7cb1c21a4bf30023f252596d83e1f007?s=96&d=mm&r=g\",\"url\":\"https:\\\/\\\/secure.gravatar.com\\\/avatar\\\/ccc17943b9d660506c869530f897617f7cb1c21a4bf30023f252596d83e1f007?s=96&d=mm&r=g\",\"contentUrl\":\"https:\\\/\\\/secure.gravatar.com\\\/avatar\\\/ccc17943b9d660506c869530f897617f7cb1c21a4bf30023f252596d83e1f007?s=96&d=mm&r=g\",\"caption\":\"admin\"},\"sameAs\":[\"https:\\\/\\\/kibrisdakik.com\"],\"url\":\"https:\\\/\\\/kibrisdakik.com\\\/?author=1\"}]}<\/script>\n<!-- \/ Yoast SEO plugin. -->","yoast_head_json":{"title":"Ba\u015fbakan \u00dcstel 20 Temmuz Bar\u0131\u015f ve \u00d6zg\u00fcrl\u00fck Bayram\u0131 nedeniyle mesaj yay\u0131mlad\u0131 -","robots":{"index":"index","follow":"follow","max-snippet":"max-snippet:-1","max-image-preview":"max-image-preview:large","max-video-preview":"max-video-preview:-1"},"canonical":"https:\/\/kibrisdakik.com\/?p=10759","og_locale":"tr_TR","og_type":"article","og_title":"Ba\u015fbakan \u00dcstel 20 Temmuz Bar\u0131\u015f ve \u00d6zg\u00fcrl\u00fck Bayram\u0131 nedeniyle mesaj yay\u0131mlad\u0131 -","og_description":"Ba\u015fbakan \u00dcnal \u00dcstel 20 Temmuz Bar\u0131\u015f ve \u00d6zg\u00fcrl\u00fck Bayram\u0131 nedeniyle mesaj yay\u0131mlad\u0131. 20 Temmuz Mutlu Bar\u0131\u015f Harekat\u0131\u2019n\u0131n esaretten \u00f6zg\u00fcrl\u00fc\u011fe y\u00fcr\u00fcyen, yok edilmeye \u00e7al\u0131\u015f\u0131lan bir toplumdan, kendi kendini y\u00f6netme iradesini eline alm\u0131\u015f devlet sahibi bir halka d\u00f6n\u00fc\u015f\u00fclmesininen \u00f6nemli mihenk ta\u015flar\u0131ndan biri oldu\u011funa i\u015faret eden Ba\u015fbakan, harekat\u0131n 49. y\u0131l\u0131n\u0131 idrak etmenin onur ve mutlulu\u011funu ya\u015fad\u0131klar\u0131n\u0131 s\u00f6yledi. Mesaj\u0131nda","og_url":"https:\/\/kibrisdakik.com\/?p=10759","article_published_time":"2023-07-20T01:22:50+00:00","og_image":[{"width":1024,"height":576,"url":"https:\/\/kibrisdakik.com\/wp-content\/uploads\/2023\/03\/UNAL-USTEL-YAZI-YAZARKEN-1024x576.png","type":"image\/png"}],"author":"admin","twitter_card":"summary_large_image","twitter_misc":{"Yazan:":"admin","Tahmini okuma s\u00fcresi":"4 dakika"},"schema":{"@context":"https:\/\/schema.org","@graph":[{"@type":"Article","@id":"https:\/\/kibrisdakik.com\/?p=10759#article","isPartOf":{"@id":"https:\/\/kibrisdakik.com\/?p=10759"},"author":{"name":"admin","@id":"https:\/\/kibrisdakik.com\/#\/schema\/person\/9cd9d437bbb44f72b73ba127e06d8e79"},"headline":"Ba\u015fbakan \u00dcstel 20 Temmuz Bar\u0131\u015f ve \u00d6zg\u00fcrl\u00fck Bayram\u0131 nedeniyle mesaj yay\u0131mlad\u0131","datePublished":"2023-07-20T01:22:50+00:00","mainEntityOfPage":{"@id":"https:\/\/kibrisdakik.com\/?p=10759"},"wordCount":718,"commentCount":0,"image":{"@id":"https:\/\/kibrisdakik.com\/?p=10759#primaryimage"},"thumbnailUrl":"https:\/\/kibrisdakik.com\/wp-content\/uploads\/2023\/03\/UNAL-USTEL-YAZI-YAZARKEN-740x420.png","articleSection":["G\u00fcndem"],"inLanguage":"tr","potentialAction":[{"@type":"CommentAction","name":"Comment","target":["https:\/\/kibrisdakik.com\/?p=10759#respond"]}]},{"@type":"WebPage","@id":"https:\/\/kibrisdakik.com\/?p=10759","url":"https:\/\/kibrisdakik.com\/?p=10759","name":"Ba\u015fbakan \u00dcstel 20 Temmuz Bar\u0131\u015f ve \u00d6zg\u00fcrl\u00fck Bayram\u0131 nedeniyle mesaj yay\u0131mlad\u0131 -","isPartOf":{"@id":"https:\/\/kibrisdakik.com\/#website"},"primaryImageOfPage":{"@id":"https:\/\/kibrisdakik.com\/?p=10759#primaryimage"},"image":{"@id":"https:\/\/kibrisdakik.com\/?p=10759#primaryimage"},"thumbnailUrl":"https:\/\/kibrisdakik.com\/wp-content\/uploads\/2023\/03\/UNAL-USTEL-YAZI-YAZARKEN-740x420.png","datePublished":"2023-07-20T01:22:50+00:00","author":{"@id":"https:\/\/kibrisdakik.com\/#\/schema\/person\/9cd9d437bbb44f72b73ba127e06d8e79"},"breadcrumb":{"@id":"https:\/\/kibrisdakik.com\/?p=10759#breadcrumb"},"inLanguage":"tr","potentialAction":[{"@type":"ReadAction","target":["https:\/\/kibrisdakik.com\/?p=10759"]}]},{"@type":"ImageObject","inLanguage":"tr","@id":"https:\/\/kibrisdakik.com\/?p=10759#primaryimage","url":"https:\/\/kibrisdakik.com\/wp-content\/uploads\/2023\/03\/UNAL-USTEL-YAZI-YAZARKEN-740x420.png","contentUrl":"https:\/\/kibrisdakik.com\/wp-content\/uploads\/2023\/03\/UNAL-USTEL-YAZI-YAZARKEN-740x420.png","width":1849,"height":1040},{"@type":"BreadcrumbList","@id":"https:\/\/kibrisdakik.com\/?p=10759#breadcrumb","itemListElement":[{"@type":"ListItem","position":1,"name":"Home","item":"https:\/\/kibrisdakik.com\/"},{"@type":"ListItem","position":2,"name":"Ba\u015fbakan \u00dcstel 20 Temmuz Bar\u0131\u015f ve \u00d6zg\u00fcrl\u00fck Bayram\u0131 nedeniyle mesaj yay\u0131mlad\u0131"}]},{"@type":"WebSite","@id":"https:\/\/kibrisdakik.com\/#website","url":"https:\/\/kibrisdakik.com\/","name":"","description":"Tam vaktinde haber","potentialAction":[{"@type":"SearchAction","target":{"@type":"EntryPoint","urlTemplate":"https:\/\/kibrisdakik.com\/?s={search_term_string}"},"query-input":{"@type":"PropertyValueSpecification","valueRequired":true,"valueName":"search_term_string"}}],"inLanguage":"tr"},{"@type":"Person","@id":"https:\/\/kibrisdakik.com\/#\/schema\/person\/9cd9d437bbb44f72b73ba127e06d8e79","name":"admin","image":{"@type":"ImageObject","inLanguage":"tr","@id":"https:\/\/secure.gravatar.com\/avatar\/ccc17943b9d660506c869530f897617f7cb1c21a4bf30023f252596d83e1f007?s=96&d=mm&r=g","url":"https:\/\/secure.gravatar.com\/avatar\/ccc17943b9d660506c869530f897617f7cb1c21a4bf30023f252596d83e1f007?s=96&d=mm&r=g","contentUrl":"https:\/\/secure.gravatar.com\/avatar\/ccc17943b9d660506c869530f897617f7cb1c21a4bf30023f252596d83e1f007?s=96&d=mm&r=g","caption":"admin"},"sameAs":["https:\/\/kibrisdakik.com"],"url":"https:\/\/kibrisdakik.com\/?author=1"}]}},"_links":{"self":[{"href":"https:\/\/kibrisdakik.com\/index.php?rest_route=\/wp\/v2\/posts\/10759","targetHints":{"allow":["GET"]}}],"collection":[{"href":"https:\/\/kibrisdakik.com\/index.php?rest_route=\/wp\/v2\/posts"}],"about":[{"href":"https:\/\/kibrisdakik.com\/index.php?rest_route=\/wp\/v2\/types\/post"}],"author":[{"embeddable":true,"href":"https:\/\/kibrisdakik.com\/index.php?rest_route=\/wp\/v2\/users\/1"}],"replies":[{"embeddable":true,"href":"https:\/\/kibrisdakik.com\/index.php?rest_route=%2Fwp%2Fv2%2Fcomments&post=10759"}],"version-history":[{"count":0,"href":"https:\/\/kibrisdakik.com\/index.php?rest_route=\/wp\/v2\/posts\/10759\/revisions"}],"wp:featuredmedia":[{"embeddable":true,"href":"https:\/\/kibrisdakik.com\/index.php?rest_route=\/wp\/v2\/media\/2463"}],"wp:attachment":[{"href":"https:\/\/kibrisdakik.com\/index.php?rest_route=%2Fwp%2Fv2%2Fmedia&parent=10759"}],"wp:term":[{"taxonomy":"category","embeddable":true,"href":"https:\/\/kibrisdakik.com\/index.php?rest_route=%2Fwp%2Fv2%2Fcategories&post=10759"},{"taxonomy":"post_tag","embeddable":true,"href":"https:\/\/kibrisdakik.com\/index.php?rest_route=%2Fwp%2Fv2%2Ftags&post=10759"}],"curies":[{"name":"wp","href":"https:\/\/api.w.org\/{rel}","templated":true}]}}