{"id":10762,"date":"2023-07-20T07:28:41","date_gmt":"2023-07-20T07:28:41","guid":{"rendered":"https:\/\/kibrisdakik.com\/index.php\/2023\/07\/20\/adaya-barisi-getiren-harekatin-uzerinden-49-yil-gecti\/"},"modified":"2023-07-20T07:28:41","modified_gmt":"2023-07-20T07:28:41","slug":"adaya-barisi-getiren-harekatin-uzerinden-49-yil-gecti","status":"publish","type":"post","link":"https:\/\/kibrisdakik.com\/?p=10762","title":{"rendered":"Adaya bar\u0131\u015f\u0131 getiren harekat\u0131n \u00fczerinden 49 y\u0131l ge\u00e7ti\u2026"},"content":{"rendered":"<p><\/p>\n<div>\n<div class=\"mariselle-image-container center\">\n                <img width=\"930\" height=\"397\" class=\"lazy-image\" alt=\"\" decoding=\"async\" loading=\"lazy\" sizes=\"auto, (max-width: 930px) 100vw, 930px\" src=\"https:\/\/brtk.net\/wp-content\/uploads\/2023\/07\/18\/20-temmuz.jpg?ver=7a430eee9ea77dbb695294f130b09e43\" srcset=\"https:\/\/brtk.net\/wp-content\/uploads\/2023\/07\/18\/20-temmuz.jpg?ver=7a430eee9ea77dbb695294f130b09e43 930w, https:\/\/brtk.net\/wp-content\/uploads\/2023\/07\/18\/20-temmuz-300x128.jpg?ver=c162b6f1687ef565f311a85ea0f26643 300w, https:\/\/brtk.net\/wp-content\/uploads\/2023\/07\/18\/20-temmuz-768x328.jpg?ver=c162b6f1687ef565f311a85ea0f26643 768w\"\/>                            <\/div>\n<p>K\u0131br\u0131s T\u00fcrk\u00fc\u2019n\u00fc \u00f6zg\u00fcrl\u00fc\u011fe ve g\u00fcvenli\u011fe kavu\u015fturan Bar\u0131\u015f Harek\u00e2t\u0131\u2019n\u0131n 49\u2019uncu y\u0131l d\u00f6n\u00fcm\u00fcnde, \u201c20 Temmuz Bar\u0131\u015f ve \u00d6zg\u00fcrl\u00fck Bayram\u0131\u201d, t\u00f6ren ve etkinliklerle kutlan\u0131yor.<\/p>\n<p>Bar\u0131\u015f ve \u00d6zg\u00fcrl\u00fck Bayram\u0131 kutlama program\u0131, 21 pare top at\u0131\u015f\u0131 ve Cumhurba\u015fkan\u0131 <a href=\"https:\/\/brtk.net\/\" target=\"_blank\" rel=\"noopener\"><a href=\"https:\/\/brtk.net\/\" target=\"_blank\" rel=\"noopener\"><a href=\"https:\/\/brtk.net\/\" target=\"_blank\" rel=\"noopener\">Ersin <\/a><a href=\"https:\/\/brtk.net\/\"\/><a href=\"https:\/\/brtk.net\/\"\/><a href=\"https:\/\/brtk.net\/\"\/><a href=\"https:\/\/brtk.net\/\"\/><a href=\"https:\/\/brtk.net\/\">Tatar<\/a>\u2019\u0131n <a href=\"https:\/\/brtk.net\/\">BRT<\/a>\u2019den yapt\u0131\u011f\u0131 konu\u015fma ile ba\u015flad\u0131.<\/p>\n<p>20 Temmuz nedeniyle Bo\u011faz \u015eehitli\u011fi\u2019nde t\u00f6ren ger\u00e7ekle\u015ftirildi.<\/p>\n<p>T\u00f6ren, protokol s\u0131ras\u0131na g\u00f6re \u00e7elenklerin \u015eehitli\u011fe sunulmas\u0131yla ba\u015flad\u0131. <\/p>\n<p>Sayg\u0131 duru\u015fu, sayg\u0131 at\u0131\u015f\u0131 ve \u0130stiklal Mar\u015f\u0131 e\u015fli\u011finde bayraklar\u0131n g\u00f6ndere \u00e7ekilmesiyle s\u00fcren t\u00f6ren, Cumhurba\u015fkan\u0131 <a href=\"https:\/\/brtk.net\/\"\/><a href=\"https:\/\/brtk.net\/\"\/><a href=\"https:\/\/brtk.net\/\"\/><a href=\"https:\/\/brtk.net\/\"\/><a href=\"https:\/\/brtk.net\/\">Tatar<\/a>\u2019\u0131n An\u0131t \u00d6zel Defteri\u2019ni imzalamas\u0131yla sona erdi.<\/p>\n<p>Bar\u0131\u015f ve \u00d6zg\u00fcrl\u00fck Bayram\u0131 nedeniyle Dr. Faz\u0131l K\u00fc\u00e7\u00fck\u2019\u00fcn An\u0131t Mezar\u0131\u2019nda ve Kurucu Cumhurba\u015fkan\u0131 Rauf Raif Denkta\u015f\u2019\u0131n An\u0131t Mezar\u0131\u2019nda t\u00f6ren ger\u00e7ekle\u015ftirildi. <\/p>\n<p>T\u00f6renlerde sayg\u0131 duru\u015fu, sayg\u0131 at\u0131\u015f\u0131 ve \u0130stiklal Mar\u015f\u0131 e\u015fli\u011finde bayraklar g\u00f6ndere \u00e7ekildi. T\u00f6renler, Cumhurba\u015fkan\u0131 <a href=\"https:\/\/brtk.net\/\"\/><a href=\"https:\/\/brtk.net\/\"\/><a href=\"https:\/\/brtk.net\/\"\/><a href=\"https:\/\/brtk.net\/\"\/><a href=\"https:\/\/brtk.net\/\">Tatar<\/a>\u2019\u0131n An\u0131t \u00d6zel Defteri\u2019ni imzalamas\u0131yla son buldu.<\/p>\n<p>Meclis Ba\u015fkan\u0131 Zorlu T\u00f6re, de d\u00fcn ak\u015fam Girne\u2019de konuk heyetler onuruna 20 Temmuz resepsiyonu verdi.  <\/p>\n<p>Alsancak\u2019taki Yavuz \u00c7\u0131karma Plaj\u0131\u2019nda ise d\u00fcn gece \u015eafak N\u00f6beti tutuldu. <\/p>\n<p>K\u0131br\u0131s T\u00fcrklerinin bar\u0131\u015f ve \u00f6zg\u00fcrl\u00fc\u011fe kavu\u015fmas\u0131n\u0131n 49\u2019uncu y\u0131l d\u00f6n\u00fcm\u00fc olan bug\u00fcn t\u00fcm yurtta t\u00f6renler ger\u00e7ekle\u015ftirilecek.<\/p>\n<p>Anavatan T\u00fcrkiye Cumhuriyeti yetkilileri de 20 Temmuz\u2019da her zaman oldu\u011fu gibi K\u0131br\u0131s T\u00fcrk halk\u0131n\u0131n yan\u0131nda olacak.<\/p>\n<p>T\u00fcrkiye Cumhurba\u015fkan\u0131 Recep Tayyip Erdo\u011fan bug\u00fcn  \u00f6\u011fle saatlerinde <a href=\"https:\/\/brtk.net\/\">KKTC<\/a>\u2019ye gelecek. 20 Temmuz nedeniyle T\u00fcrkiye Cumhuriyeti\u2019nden heyetler de \u00fclkede bulunuyor.<\/p>\n<p>20 Temmuz Bar\u0131\u015f ve \u00d6zg\u00fcrl\u00fck Bayram\u0131 dolay\u0131s\u0131yla saat 09.00\u2019da Lefko\u015fa \u015eehitler An\u0131t\u0131 \u00f6n\u00fcnde de t\u00f6ren yap\u0131lacak. <\/p>\n<p>Kutlamalar \u00e7er\u00e7evesinde saat 17.45\u2019te Cumhurba\u015fkan\u0131 <a href=\"https:\/\/brtk.net\/\" target=\"_blank\" rel=\"noopener\"><a href=\"https:\/\/brtk.net\/\" target=\"_blank\" rel=\"noopener\"><a href=\"https:\/\/brtk.net\/\" target=\"_blank\" rel=\"noopener\">Ersin <\/a><a href=\"https:\/\/brtk.net\/\"\/><a href=\"https:\/\/brtk.net\/\"\/><a href=\"https:\/\/brtk.net\/\"\/><a href=\"https:\/\/brtk.net\/\"\/><a href=\"https:\/\/brtk.net\/\">Tatar<\/a> ve T\u00fcrkiye Cumhurba\u015fkan\u0131 Recep Tayyip Erdo\u011fan\u2019\u0131n kat\u0131l\u0131m\u0131 ile Lefko\u015fa Atat\u00fcrk An\u0131t\u0131 \u00f6n\u00fcnde t\u00f6ren d\u00fczenlenecek.<\/p>\n<p>Lefko\u015fa Dr. Faz\u0131l K\u00fc\u00e7\u00fck Bulvar\u0131\u2019ndaki Resmige\u00e7it T\u00f6reni ise saat 18.00\u2019de ba\u015flayacak.<\/p>\n<p>Cumhurba\u015fkan\u0131 <a href=\"https:\/\/brtk.net\/\" target=\"_blank\" rel=\"noopener\"><a href=\"https:\/\/brtk.net\/\" target=\"_blank\" rel=\"noopener\"><a href=\"https:\/\/brtk.net\/\" target=\"_blank\" rel=\"noopener\">Ersin <\/a><a href=\"https:\/\/brtk.net\/\"\/><a href=\"https:\/\/brtk.net\/\"\/><a href=\"https:\/\/brtk.net\/\"\/><a href=\"https:\/\/brtk.net\/\"\/><a href=\"https:\/\/brtk.net\/\">Tatar<\/a> ve E\u015fi Sibel <a href=\"https:\/\/brtk.net\/\"\/><a href=\"https:\/\/brtk.net\/\"\/><a href=\"https:\/\/brtk.net\/\"\/><a href=\"https:\/\/brtk.net\/\"\/><a href=\"https:\/\/brtk.net\/\">Tatar<\/a>, 20 Temmuz Bar\u0131\u015f ve \u00d6zg\u00fcrl\u00fck Bayram\u0131 Resepsiyonu d\u00fczenleyecek. Resepsiyon, bug\u00fcn saat 20.00\u2019de Lefko\u015fa\u2019da Concorde Tower\u2019de yer alacak.<\/p>\n<p>20 Temmuz Bar\u0131\u015f ve \u00d6zg\u00fcrl\u00fck Bayram\u0131, il\u00e7elerde ve yerle\u015fim yerlerinde de t\u00f6renler ve etkinliklerle kutlanacak.<\/p>\n<\/p><\/div>\n<p><script async\n                    defer\n                    crossorigin=\"anonymous\"\n                    src=\"https:\/\/connect.facebook.net\/tr_TR\/sdk.js#xfbml=1&#038;version=v3.3\"\n            ><\/script><\/p>\n","protected":false},"excerpt":{"rendered":"<p>K\u0131br\u0131s T\u00fcrk\u00fc\u2019n\u00fc \u00f6zg\u00fcrl\u00fc\u011fe ve g\u00fcvenli\u011fe kavu\u015fturan Bar\u0131\u015f Harek\u00e2t\u0131\u2019n\u0131n 49\u2019uncu y\u0131l d\u00f6n\u00fcm\u00fcnde, \u201c20 Temmuz Bar\u0131\u015f ve \u00d6zg\u00fcrl\u00fck Bayram\u0131\u201d, t\u00f6ren ve etkinliklerle kutlan\u0131yor. Bar\u0131\u015f ve \u00d6zg\u00fcrl\u00fck Bayram\u0131 kutlama program\u0131, 21 pare top at\u0131\u015f\u0131 ve Cumhurba\u015fkan\u0131 Ersin Tatar\u2019\u0131n BRT\u2019den yapt\u0131\u011f\u0131 konu\u015fma ile ba\u015flad\u0131. 20 Temmuz nedeniyle Bo\u011faz \u015eehitli\u011fi\u2019nde t\u00f6ren ger\u00e7ekle\u015ftirildi. T\u00f6ren, protokol s\u0131ras\u0131na g\u00f6re \u00e7elenklerin \u015eehitli\u011fe sunulmas\u0131yla ba\u015flad\u0131.<\/p>\n","protected":false},"author":1,"featured_media":10763,"comment_status":"open","ping_status":"open","sticky":false,"template":"","format":"standard","meta":{"footnotes":""},"categories":[1],"tags":[],"class_list":["post-10762","post","type-post","status-publish","format-standard","has-post-thumbnail","hentry","category-gundem"],"yoast_head":"<!-- This site is optimized with the Yoast SEO plugin v27.5 - https:\/\/yoast.com\/product\/yoast-seo-wordpress\/ -->\n<title>Adaya bar\u0131\u015f\u0131 getiren harekat\u0131n \u00fczerinden 49 y\u0131l ge\u00e7ti\u2026 -<\/title>\n<meta name=\"robots\" content=\"index, follow, max-snippet:-1, max-image-preview:large, max-video-preview:-1\" \/>\n<link rel=\"canonical\" href=\"https:\/\/kibrisdakik.com\/?p=10762\" \/>\n<meta property=\"og:locale\" content=\"tr_TR\" \/>\n<meta property=\"og:type\" content=\"article\" \/>\n<meta property=\"og:title\" content=\"Adaya bar\u0131\u015f\u0131 getiren harekat\u0131n \u00fczerinden 49 y\u0131l ge\u00e7ti\u2026 -\" \/>\n<meta property=\"og:description\" content=\"K\u0131br\u0131s T\u00fcrk\u00fc\u2019n\u00fc \u00f6zg\u00fcrl\u00fc\u011fe ve g\u00fcvenli\u011fe kavu\u015fturan Bar\u0131\u015f Harek\u00e2t\u0131\u2019n\u0131n 49\u2019uncu y\u0131l d\u00f6n\u00fcm\u00fcnde, \u201c20 Temmuz Bar\u0131\u015f ve \u00d6zg\u00fcrl\u00fck Bayram\u0131\u201d, t\u00f6ren ve etkinliklerle kutlan\u0131yor. Bar\u0131\u015f ve \u00d6zg\u00fcrl\u00fck Bayram\u0131 kutlama program\u0131, 21 pare top at\u0131\u015f\u0131 ve Cumhurba\u015fkan\u0131 Ersin Tatar\u2019\u0131n BRT\u2019den yapt\u0131\u011f\u0131 konu\u015fma ile ba\u015flad\u0131. 20 Temmuz nedeniyle Bo\u011faz \u015eehitli\u011fi\u2019nde t\u00f6ren ger\u00e7ekle\u015ftirildi. T\u00f6ren, protokol s\u0131ras\u0131na g\u00f6re \u00e7elenklerin \u015eehitli\u011fe sunulmas\u0131yla ba\u015flad\u0131.\" \/>\n<meta property=\"og:url\" content=\"https:\/\/kibrisdakik.com\/?p=10762\" \/>\n<meta property=\"article:published_time\" content=\"2023-07-20T07:28:41+00:00\" \/>\n<meta property=\"og:image\" content=\"https:\/\/kibrisdakik.com\/wp-content\/uploads\/2023\/07\/20-temmuz-740x397.jpg\" \/>\n\t<meta property=\"og:image:width\" content=\"930\" \/>\n\t<meta property=\"og:image:height\" content=\"397\" \/>\n\t<meta property=\"og:image:type\" content=\"image\/jpeg\" \/>\n<meta name=\"author\" content=\"admin\" \/>\n<meta name=\"twitter:card\" content=\"summary_large_image\" \/>\n<meta name=\"twitter:label1\" content=\"Yazan:\" \/>\n\t<meta name=\"twitter:data1\" content=\"admin\" \/>\n\t<meta name=\"twitter:label2\" content=\"Tahmini okuma s\u00fcresi\" \/>\n\t<meta name=\"twitter:data2\" content=\"2 dakika\" \/>\n<script type=\"application\/ld+json\" class=\"yoast-schema-graph\">{\"@context\":\"https:\\\/\\\/schema.org\",\"@graph\":[{\"@type\":\"Article\",\"@id\":\"https:\\\/\\\/kibrisdakik.com\\\/?p=10762#article\",\"isPartOf\":{\"@id\":\"https:\\\/\\\/kibrisdakik.com\\\/?p=10762\"},\"author\":{\"name\":\"admin\",\"@id\":\"https:\\\/\\\/kibrisdakik.com\\\/#\\\/schema\\\/person\\\/9cd9d437bbb44f72b73ba127e06d8e79\"},\"headline\":\"Adaya bar\u0131\u015f\u0131 getiren harekat\u0131n \u00fczerinden 49 y\u0131l ge\u00e7ti\u2026\",\"datePublished\":\"2023-07-20T07:28:41+00:00\",\"mainEntityOfPage\":{\"@id\":\"https:\\\/\\\/kibrisdakik.com\\\/?p=10762\"},\"wordCount\":442,\"commentCount\":0,\"image\":{\"@id\":\"https:\\\/\\\/kibrisdakik.com\\\/?p=10762#primaryimage\"},\"thumbnailUrl\":\"https:\\\/\\\/kibrisdakik.com\\\/wp-content\\\/uploads\\\/2023\\\/07\\\/20-temmuz-740x397.jpg\",\"articleSection\":[\"G\u00fcndem\"],\"inLanguage\":\"tr\",\"potentialAction\":[{\"@type\":\"CommentAction\",\"name\":\"Comment\",\"target\":[\"https:\\\/\\\/kibrisdakik.com\\\/?p=10762#respond\"]}]},{\"@type\":\"WebPage\",\"@id\":\"https:\\\/\\\/kibrisdakik.com\\\/?p=10762\",\"url\":\"https:\\\/\\\/kibrisdakik.com\\\/?p=10762\",\"name\":\"Adaya bar\u0131\u015f\u0131 getiren harekat\u0131n \u00fczerinden 49 y\u0131l ge\u00e7ti\u2026 -\",\"isPartOf\":{\"@id\":\"https:\\\/\\\/kibrisdakik.com\\\/#website\"},\"primaryImageOfPage\":{\"@id\":\"https:\\\/\\\/kibrisdakik.com\\\/?p=10762#primaryimage\"},\"image\":{\"@id\":\"https:\\\/\\\/kibrisdakik.com\\\/?p=10762#primaryimage\"},\"thumbnailUrl\":\"https:\\\/\\\/kibrisdakik.com\\\/wp-content\\\/uploads\\\/2023\\\/07\\\/20-temmuz-740x397.jpg\",\"datePublished\":\"2023-07-20T07:28:41+00:00\",\"author\":{\"@id\":\"https:\\\/\\\/kibrisdakik.com\\\/#\\\/schema\\\/person\\\/9cd9d437bbb44f72b73ba127e06d8e79\"},\"breadcrumb\":{\"@id\":\"https:\\\/\\\/kibrisdakik.com\\\/?p=10762#breadcrumb\"},\"inLanguage\":\"tr\",\"potentialAction\":[{\"@type\":\"ReadAction\",\"target\":[\"https:\\\/\\\/kibrisdakik.com\\\/?p=10762\"]}]},{\"@type\":\"ImageObject\",\"inLanguage\":\"tr\",\"@id\":\"https:\\\/\\\/kibrisdakik.com\\\/?p=10762#primaryimage\",\"url\":\"https:\\\/\\\/kibrisdakik.com\\\/wp-content\\\/uploads\\\/2023\\\/07\\\/20-temmuz-740x397.jpg\",\"contentUrl\":\"https:\\\/\\\/kibrisdakik.com\\\/wp-content\\\/uploads\\\/2023\\\/07\\\/20-temmuz-740x397.jpg\",\"width\":930,\"height\":397},{\"@type\":\"BreadcrumbList\",\"@id\":\"https:\\\/\\\/kibrisdakik.com\\\/?p=10762#breadcrumb\",\"itemListElement\":[{\"@type\":\"ListItem\",\"position\":1,\"name\":\"Home\",\"item\":\"https:\\\/\\\/kibrisdakik.com\\\/\"},{\"@type\":\"ListItem\",\"position\":2,\"name\":\"Adaya bar\u0131\u015f\u0131 getiren harekat\u0131n \u00fczerinden 49 y\u0131l ge\u00e7ti\u2026\"}]},{\"@type\":\"WebSite\",\"@id\":\"https:\\\/\\\/kibrisdakik.com\\\/#website\",\"url\":\"https:\\\/\\\/kibrisdakik.com\\\/\",\"name\":\"\",\"description\":\"Tam vaktinde haber\",\"potentialAction\":[{\"@type\":\"SearchAction\",\"target\":{\"@type\":\"EntryPoint\",\"urlTemplate\":\"https:\\\/\\\/kibrisdakik.com\\\/?s={search_term_string}\"},\"query-input\":{\"@type\":\"PropertyValueSpecification\",\"valueRequired\":true,\"valueName\":\"search_term_string\"}}],\"inLanguage\":\"tr\"},{\"@type\":\"Person\",\"@id\":\"https:\\\/\\\/kibrisdakik.com\\\/#\\\/schema\\\/person\\\/9cd9d437bbb44f72b73ba127e06d8e79\",\"name\":\"admin\",\"image\":{\"@type\":\"ImageObject\",\"inLanguage\":\"tr\",\"@id\":\"https:\\\/\\\/secure.gravatar.com\\\/avatar\\\/ccc17943b9d660506c869530f897617f7cb1c21a4bf30023f252596d83e1f007?s=96&d=mm&r=g\",\"url\":\"https:\\\/\\\/secure.gravatar.com\\\/avatar\\\/ccc17943b9d660506c869530f897617f7cb1c21a4bf30023f252596d83e1f007?s=96&d=mm&r=g\",\"contentUrl\":\"https:\\\/\\\/secure.gravatar.com\\\/avatar\\\/ccc17943b9d660506c869530f897617f7cb1c21a4bf30023f252596d83e1f007?s=96&d=mm&r=g\",\"caption\":\"admin\"},\"sameAs\":[\"https:\\\/\\\/kibrisdakik.com\"],\"url\":\"https:\\\/\\\/kibrisdakik.com\\\/?author=1\"}]}<\/script>\n<!-- \/ Yoast SEO plugin. -->","yoast_head_json":{"title":"Adaya bar\u0131\u015f\u0131 getiren harekat\u0131n \u00fczerinden 49 y\u0131l ge\u00e7ti\u2026 -","robots":{"index":"index","follow":"follow","max-snippet":"max-snippet:-1","max-image-preview":"max-image-preview:large","max-video-preview":"max-video-preview:-1"},"canonical":"https:\/\/kibrisdakik.com\/?p=10762","og_locale":"tr_TR","og_type":"article","og_title":"Adaya bar\u0131\u015f\u0131 getiren harekat\u0131n \u00fczerinden 49 y\u0131l ge\u00e7ti\u2026 -","og_description":"K\u0131br\u0131s T\u00fcrk\u00fc\u2019n\u00fc \u00f6zg\u00fcrl\u00fc\u011fe ve g\u00fcvenli\u011fe kavu\u015fturan Bar\u0131\u015f Harek\u00e2t\u0131\u2019n\u0131n 49\u2019uncu y\u0131l d\u00f6n\u00fcm\u00fcnde, \u201c20 Temmuz Bar\u0131\u015f ve \u00d6zg\u00fcrl\u00fck Bayram\u0131\u201d, t\u00f6ren ve etkinliklerle kutlan\u0131yor. Bar\u0131\u015f ve \u00d6zg\u00fcrl\u00fck Bayram\u0131 kutlama program\u0131, 21 pare top at\u0131\u015f\u0131 ve Cumhurba\u015fkan\u0131 Ersin Tatar\u2019\u0131n BRT\u2019den yapt\u0131\u011f\u0131 konu\u015fma ile ba\u015flad\u0131. 20 Temmuz nedeniyle Bo\u011faz \u015eehitli\u011fi\u2019nde t\u00f6ren ger\u00e7ekle\u015ftirildi. T\u00f6ren, protokol s\u0131ras\u0131na g\u00f6re \u00e7elenklerin \u015eehitli\u011fe sunulmas\u0131yla ba\u015flad\u0131.","og_url":"https:\/\/kibrisdakik.com\/?p=10762","article_published_time":"2023-07-20T07:28:41+00:00","og_image":[{"width":930,"height":397,"url":"https:\/\/kibrisdakik.com\/wp-content\/uploads\/2023\/07\/20-temmuz-740x397.jpg","type":"image\/jpeg"}],"author":"admin","twitter_card":"summary_large_image","twitter_misc":{"Yazan:":"admin","Tahmini okuma s\u00fcresi":"2 dakika"},"schema":{"@context":"https:\/\/schema.org","@graph":[{"@type":"Article","@id":"https:\/\/kibrisdakik.com\/?p=10762#article","isPartOf":{"@id":"https:\/\/kibrisdakik.com\/?p=10762"},"author":{"name":"admin","@id":"https:\/\/kibrisdakik.com\/#\/schema\/person\/9cd9d437bbb44f72b73ba127e06d8e79"},"headline":"Adaya bar\u0131\u015f\u0131 getiren harekat\u0131n \u00fczerinden 49 y\u0131l ge\u00e7ti\u2026","datePublished":"2023-07-20T07:28:41+00:00","mainEntityOfPage":{"@id":"https:\/\/kibrisdakik.com\/?p=10762"},"wordCount":442,"commentCount":0,"image":{"@id":"https:\/\/kibrisdakik.com\/?p=10762#primaryimage"},"thumbnailUrl":"https:\/\/kibrisdakik.com\/wp-content\/uploads\/2023\/07\/20-temmuz-740x397.jpg","articleSection":["G\u00fcndem"],"inLanguage":"tr","potentialAction":[{"@type":"CommentAction","name":"Comment","target":["https:\/\/kibrisdakik.com\/?p=10762#respond"]}]},{"@type":"WebPage","@id":"https:\/\/kibrisdakik.com\/?p=10762","url":"https:\/\/kibrisdakik.com\/?p=10762","name":"Adaya bar\u0131\u015f\u0131 getiren harekat\u0131n \u00fczerinden 49 y\u0131l ge\u00e7ti\u2026 -","isPartOf":{"@id":"https:\/\/kibrisdakik.com\/#website"},"primaryImageOfPage":{"@id":"https:\/\/kibrisdakik.com\/?p=10762#primaryimage"},"image":{"@id":"https:\/\/kibrisdakik.com\/?p=10762#primaryimage"},"thumbnailUrl":"https:\/\/kibrisdakik.com\/wp-content\/uploads\/2023\/07\/20-temmuz-740x397.jpg","datePublished":"2023-07-20T07:28:41+00:00","author":{"@id":"https:\/\/kibrisdakik.com\/#\/schema\/person\/9cd9d437bbb44f72b73ba127e06d8e79"},"breadcrumb":{"@id":"https:\/\/kibrisdakik.com\/?p=10762#breadcrumb"},"inLanguage":"tr","potentialAction":[{"@type":"ReadAction","target":["https:\/\/kibrisdakik.com\/?p=10762"]}]},{"@type":"ImageObject","inLanguage":"tr","@id":"https:\/\/kibrisdakik.com\/?p=10762#primaryimage","url":"https:\/\/kibrisdakik.com\/wp-content\/uploads\/2023\/07\/20-temmuz-740x397.jpg","contentUrl":"https:\/\/kibrisdakik.com\/wp-content\/uploads\/2023\/07\/20-temmuz-740x397.jpg","width":930,"height":397},{"@type":"BreadcrumbList","@id":"https:\/\/kibrisdakik.com\/?p=10762#breadcrumb","itemListElement":[{"@type":"ListItem","position":1,"name":"Home","item":"https:\/\/kibrisdakik.com\/"},{"@type":"ListItem","position":2,"name":"Adaya bar\u0131\u015f\u0131 getiren harekat\u0131n \u00fczerinden 49 y\u0131l ge\u00e7ti\u2026"}]},{"@type":"WebSite","@id":"https:\/\/kibrisdakik.com\/#website","url":"https:\/\/kibrisdakik.com\/","name":"","description":"Tam vaktinde haber","potentialAction":[{"@type":"SearchAction","target":{"@type":"EntryPoint","urlTemplate":"https:\/\/kibrisdakik.com\/?s={search_term_string}"},"query-input":{"@type":"PropertyValueSpecification","valueRequired":true,"valueName":"search_term_string"}}],"inLanguage":"tr"},{"@type":"Person","@id":"https:\/\/kibrisdakik.com\/#\/schema\/person\/9cd9d437bbb44f72b73ba127e06d8e79","name":"admin","image":{"@type":"ImageObject","inLanguage":"tr","@id":"https:\/\/secure.gravatar.com\/avatar\/ccc17943b9d660506c869530f897617f7cb1c21a4bf30023f252596d83e1f007?s=96&d=mm&r=g","url":"https:\/\/secure.gravatar.com\/avatar\/ccc17943b9d660506c869530f897617f7cb1c21a4bf30023f252596d83e1f007?s=96&d=mm&r=g","contentUrl":"https:\/\/secure.gravatar.com\/avatar\/ccc17943b9d660506c869530f897617f7cb1c21a4bf30023f252596d83e1f007?s=96&d=mm&r=g","caption":"admin"},"sameAs":["https:\/\/kibrisdakik.com"],"url":"https:\/\/kibrisdakik.com\/?author=1"}]}},"_links":{"self":[{"href":"https:\/\/kibrisdakik.com\/index.php?rest_route=\/wp\/v2\/posts\/10762","targetHints":{"allow":["GET"]}}],"collection":[{"href":"https:\/\/kibrisdakik.com\/index.php?rest_route=\/wp\/v2\/posts"}],"about":[{"href":"https:\/\/kibrisdakik.com\/index.php?rest_route=\/wp\/v2\/types\/post"}],"author":[{"embeddable":true,"href":"https:\/\/kibrisdakik.com\/index.php?rest_route=\/wp\/v2\/users\/1"}],"replies":[{"embeddable":true,"href":"https:\/\/kibrisdakik.com\/index.php?rest_route=%2Fwp%2Fv2%2Fcomments&post=10762"}],"version-history":[{"count":0,"href":"https:\/\/kibrisdakik.com\/index.php?rest_route=\/wp\/v2\/posts\/10762\/revisions"}],"wp:featuredmedia":[{"embeddable":true,"href":"https:\/\/kibrisdakik.com\/index.php?rest_route=\/wp\/v2\/media\/10763"}],"wp:attachment":[{"href":"https:\/\/kibrisdakik.com\/index.php?rest_route=%2Fwp%2Fv2%2Fmedia&parent=10762"}],"wp:term":[{"taxonomy":"category","embeddable":true,"href":"https:\/\/kibrisdakik.com\/index.php?rest_route=%2Fwp%2Fv2%2Fcategories&post=10762"},{"taxonomy":"post_tag","embeddable":true,"href":"https:\/\/kibrisdakik.com\/index.php?rest_route=%2Fwp%2Fv2%2Ftags&post=10762"}],"curies":[{"name":"wp","href":"https:\/\/api.w.org\/{rel}","templated":true}]}}