{"id":107622,"date":"2026-03-05T14:15:20","date_gmt":"2026-03-05T12:15:20","guid":{"rendered":"https:\/\/kibrisdakik.com\/?p=107622"},"modified":"2026-03-05T14:15:20","modified_gmt":"2026-03-05T12:15:20","slug":"bengihan-hukumetin-izledigi-zam-politikasi-insaf-sinirini-asti","status":"publish","type":"post","link":"https:\/\/kibrisdakik.com\/?p=107622","title":{"rendered":"BENG\u0130HAN: \u201cH\u00dcK\u00dcMET\u0130N \u0130ZLED\u0130\u011e\u0130 ZAM POL\u0130T\u0130KASI \u0130NSAF SINIRINI A\u015eTI\u201d"},"content":{"rendered":"<p><\/p>\n<p>KTAMS\u2019dan verilen bilgiye g\u00f6re, yaz\u0131l\u0131 a\u00e7\u0131klama yapan Bengihan, \u00fclkede \u00e7al\u0131\u015fanlar, emekliler, dar ve sabit gelirliler i\u00e7in ekonomik ko\u015fullar\u0131n g\u00fcnden g\u00fcne a\u011f\u0131rla\u015ft\u0131\u011f\u0131n\u0131 s\u00f6yleyerek, sosyal devlet olman\u0131n ilk ko\u015fulunun, adil gelir da\u011f\u0131l\u0131m\u0131 ve gelir ile orant\u0131l\u0131 vergi y\u00fck\u00fcml\u00fcl\u00fc\u011f\u00fc oldu\u011funu belirtti.<\/p>\n<p>\u201cEn \u00fcst gelir grubu ile en alt gelir grubuna e\u015fit oranda yans\u0131yan dolayl\u0131 vergiler zaten var olan gelir adaletsizli\u011fini daha da b\u00fcy\u00fctmektedir.\u201d diyen Bengihan, h\u00fck\u00fcmet taraf\u0131ndan yap\u0131lan akaryak\u0131t zamm\u0131n\u0131 \u201crekor\u201d olarak de\u011ferlendirdi.<\/p>\n<p>Zamm\u0131n, zincirleme olarak bir\u00e7ok \u00fcr\u00fcn\u00fcn ve hizmetin fiyat\u0131na yans\u0131yaca\u011f\u0131n\u0131 ve hayat pahal\u0131l\u0131\u011f\u0131n\u0131 k\u00f6r\u00fckleyece\u011fini savunan Bengihan, \u201c\u00c7al\u0131\u015fanlar\u0131n, emeklilerin, dar ve sabit gelirli kesimlerin al\u0131m g\u00fcc\u00fcn\u00fcn korunmas\u0131 y\u00f6n\u00fcnde hi\u00e7bir gailesi olmayan, sadece koltuklar\u0131n\u0131 koruma gailesi ile hareket eden H\u00fck\u00fcmet halk nazar\u0131nda miad\u0131n\u0131 doldurmu\u015f, uzatmalar\u0131 oynamaktad\u0131r.\u201d ifadelerini kulland\u0131.<\/p>\n<div id=\"ad_121\" data-channel=\"121\" data-advert=\"temedya\" data-rotation=\"120\" class=\"mb-3 text-center\"><\/div>\n<div id=\"ad_121_mobile\" data-channel=\"121\" data-advert=\"temedya\" data-rotation=\"120\" class=\"mb-3 text-center\"><\/div>\n<p>H\u00fck\u00fcmetin, halk\u0131n hayat\u0131n\u0131 karartt\u0131\u011f\u0131n\u0131 ve gen\u00e7lerin gelecek umutlar\u0131n\u0131 yok etti\u011fini \u00f6ne s\u00fcren, Bengihan, UBP-DP-YDP H\u00fck\u00fcmeti\u2019nin iktidardan gitmedik\u00e7e halk\u0131n \u201crahat y\u00fcz\u00fc g\u00f6rmeyece\u011fini\u201d iddia etti.<\/p>\n<p>Bengihan, \u201cBu y\u00fczden KTAMS olarak halk d\u00fc\u015fman\u0131 UBP-DP-YDP H\u00fck\u00fcmeti iktidardan gidinceye kadar m\u00fccadele edece\u011fimizi kamuoyu ile payla\u015f\u0131r\u0131z.\u201d dedi.<\/p>\n<\/p>\n<div class=\"article-source py-3 small \">\n                <\/div>\n","protected":false},"excerpt":{"rendered":"<p>KTAMS\u2019dan verilen bilgiye g\u00f6re, yaz\u0131l\u0131 a\u00e7\u0131klama yapan Bengihan, \u00fclkede \u00e7al\u0131\u015fanlar, emekliler, dar ve sabit gelirliler i\u00e7in ekonomik ko\u015fullar\u0131n g\u00fcnden g\u00fcne a\u011f\u0131rla\u015ft\u0131\u011f\u0131n\u0131 s\u00f6yleyerek, sosyal devlet olman\u0131n ilk ko\u015fulunun, adil gelir da\u011f\u0131l\u0131m\u0131 ve gelir ile orant\u0131l\u0131 vergi y\u00fck\u00fcml\u00fcl\u00fc\u011f\u00fc oldu\u011funu belirtti. \u201cEn \u00fcst gelir grubu ile en alt gelir grubuna e\u015fit oranda yans\u0131yan dolayl\u0131 vergiler zaten var olan<\/p>\n","protected":false},"author":1,"featured_media":107623,"comment_status":"open","ping_status":"open","sticky":false,"template":"","format":"standard","meta":{"footnotes":""},"categories":[81],"tags":[],"class_list":["post-107622","post","type-post","status-publish","format-standard","has-post-thumbnail","hentry","category-kibris"],"yoast_head":"<!-- This site is optimized with the Yoast SEO plugin v27.5 - https:\/\/yoast.com\/product\/yoast-seo-wordpress\/ -->\n<title>BENG\u0130HAN: \u201cH\u00dcK\u00dcMET\u0130N \u0130ZLED\u0130\u011e\u0130 ZAM POL\u0130T\u0130KASI \u0130NSAF SINIRINI A\u015eTI\u201d -<\/title>\n<meta name=\"robots\" content=\"index, follow, max-snippet:-1, max-image-preview:large, max-video-preview:-1\" \/>\n<link rel=\"canonical\" href=\"https:\/\/kibrisdakik.com\/?p=107622\" \/>\n<meta property=\"og:locale\" content=\"tr_TR\" \/>\n<meta property=\"og:type\" content=\"article\" \/>\n<meta property=\"og:title\" content=\"BENG\u0130HAN: \u201cH\u00dcK\u00dcMET\u0130N \u0130ZLED\u0130\u011e\u0130 ZAM POL\u0130T\u0130KASI \u0130NSAF SINIRINI A\u015eTI\u201d -\" \/>\n<meta property=\"og:description\" content=\"KTAMS\u2019dan verilen bilgiye g\u00f6re, yaz\u0131l\u0131 a\u00e7\u0131klama yapan Bengihan, \u00fclkede \u00e7al\u0131\u015fanlar, emekliler, dar ve sabit gelirliler i\u00e7in ekonomik ko\u015fullar\u0131n g\u00fcnden g\u00fcne a\u011f\u0131rla\u015ft\u0131\u011f\u0131n\u0131 s\u00f6yleyerek, sosyal devlet olman\u0131n ilk ko\u015fulunun, adil gelir da\u011f\u0131l\u0131m\u0131 ve gelir ile orant\u0131l\u0131 vergi y\u00fck\u00fcml\u00fcl\u00fc\u011f\u00fc oldu\u011funu belirtti. \u201cEn \u00fcst gelir grubu ile en alt gelir grubuna e\u015fit oranda yans\u0131yan dolayl\u0131 vergiler zaten var olan\" \/>\n<meta property=\"og:url\" content=\"https:\/\/kibrisdakik.com\/?p=107622\" \/>\n<meta property=\"article:published_time\" content=\"2026-03-05T12:15:20+00:00\" \/>\n<meta property=\"og:image\" content=\"https:\/\/mhahabercom.teimg.com\/crop\/1280x720\/mhahaber-com\/uploads\/2026\/03\/279-2.png\" \/>\n<meta name=\"author\" content=\"admin\" \/>\n<meta name=\"twitter:card\" content=\"summary_large_image\" \/>\n<meta name=\"twitter:label1\" content=\"Yazan:\" \/>\n\t<meta name=\"twitter:data1\" content=\"admin\" \/>\n\t<meta name=\"twitter:label2\" content=\"Tahmini okuma s\u00fcresi\" \/>\n\t<meta name=\"twitter:data2\" content=\"1 dakika\" \/>\n<script type=\"application\/ld+json\" class=\"yoast-schema-graph\">{\"@context\":\"https:\\\/\\\/schema.org\",\"@graph\":[{\"@type\":\"Article\",\"@id\":\"https:\\\/\\\/kibrisdakik.com\\\/?p=107622#article\",\"isPartOf\":{\"@id\":\"https:\\\/\\\/kibrisdakik.com\\\/?p=107622\"},\"author\":{\"name\":\"admin\",\"@id\":\"https:\\\/\\\/kibrisdakik.com\\\/#\\\/schema\\\/person\\\/9cd9d437bbb44f72b73ba127e06d8e79\"},\"headline\":\"BENG\u0130HAN: \u201cH\u00dcK\u00dcMET\u0130N \u0130ZLED\u0130\u011e\u0130 ZAM POL\u0130T\u0130KASI \u0130NSAF SINIRINI A\u015eTI\u201d\",\"datePublished\":\"2026-03-05T12:15:20+00:00\",\"mainEntityOfPage\":{\"@id\":\"https:\\\/\\\/kibrisdakik.com\\\/?p=107622\"},\"wordCount\":258,\"commentCount\":0,\"image\":{\"@id\":\"https:\\\/\\\/kibrisdakik.com\\\/?p=107622#primaryimage\"},\"thumbnailUrl\":\"https:\\\/\\\/kibrisdakik.com\\\/wp-content\\\/uploads\\\/2026\\\/03\\\/279-2.png\",\"articleSection\":[\"K\u0131br\u0131s\"],\"inLanguage\":\"tr\",\"potentialAction\":[{\"@type\":\"CommentAction\",\"name\":\"Comment\",\"target\":[\"https:\\\/\\\/kibrisdakik.com\\\/?p=107622#respond\"]}]},{\"@type\":\"WebPage\",\"@id\":\"https:\\\/\\\/kibrisdakik.com\\\/?p=107622\",\"url\":\"https:\\\/\\\/kibrisdakik.com\\\/?p=107622\",\"name\":\"BENG\u0130HAN: \u201cH\u00dcK\u00dcMET\u0130N \u0130ZLED\u0130\u011e\u0130 ZAM POL\u0130T\u0130KASI \u0130NSAF SINIRINI A\u015eTI\u201d -\",\"isPartOf\":{\"@id\":\"https:\\\/\\\/kibrisdakik.com\\\/#website\"},\"primaryImageOfPage\":{\"@id\":\"https:\\\/\\\/kibrisdakik.com\\\/?p=107622#primaryimage\"},\"image\":{\"@id\":\"https:\\\/\\\/kibrisdakik.com\\\/?p=107622#primaryimage\"},\"thumbnailUrl\":\"https:\\\/\\\/kibrisdakik.com\\\/wp-content\\\/uploads\\\/2026\\\/03\\\/279-2.png\",\"datePublished\":\"2026-03-05T12:15:20+00:00\",\"author\":{\"@id\":\"https:\\\/\\\/kibrisdakik.com\\\/#\\\/schema\\\/person\\\/9cd9d437bbb44f72b73ba127e06d8e79\"},\"breadcrumb\":{\"@id\":\"https:\\\/\\\/kibrisdakik.com\\\/?p=107622#breadcrumb\"},\"inLanguage\":\"tr\",\"potentialAction\":[{\"@type\":\"ReadAction\",\"target\":[\"https:\\\/\\\/kibrisdakik.com\\\/?p=107622\"]}]},{\"@type\":\"ImageObject\",\"inLanguage\":\"tr\",\"@id\":\"https:\\\/\\\/kibrisdakik.com\\\/?p=107622#primaryimage\",\"url\":\"https:\\\/\\\/kibrisdakik.com\\\/wp-content\\\/uploads\\\/2026\\\/03\\\/279-2.png\",\"contentUrl\":\"https:\\\/\\\/kibrisdakik.com\\\/wp-content\\\/uploads\\\/2026\\\/03\\\/279-2.png\",\"width\":1280,\"height\":720},{\"@type\":\"BreadcrumbList\",\"@id\":\"https:\\\/\\\/kibrisdakik.com\\\/?p=107622#breadcrumb\",\"itemListElement\":[{\"@type\":\"ListItem\",\"position\":1,\"name\":\"Home\",\"item\":\"https:\\\/\\\/kibrisdakik.com\\\/\"},{\"@type\":\"ListItem\",\"position\":2,\"name\":\"BENG\u0130HAN: \u201cH\u00dcK\u00dcMET\u0130N \u0130ZLED\u0130\u011e\u0130 ZAM POL\u0130T\u0130KASI \u0130NSAF SINIRINI A\u015eTI\u201d\"}]},{\"@type\":\"WebSite\",\"@id\":\"https:\\\/\\\/kibrisdakik.com\\\/#website\",\"url\":\"https:\\\/\\\/kibrisdakik.com\\\/\",\"name\":\"\",\"description\":\"Tam vaktinde haber\",\"potentialAction\":[{\"@type\":\"SearchAction\",\"target\":{\"@type\":\"EntryPoint\",\"urlTemplate\":\"https:\\\/\\\/kibrisdakik.com\\\/?s={search_term_string}\"},\"query-input\":{\"@type\":\"PropertyValueSpecification\",\"valueRequired\":true,\"valueName\":\"search_term_string\"}}],\"inLanguage\":\"tr\"},{\"@type\":\"Person\",\"@id\":\"https:\\\/\\\/kibrisdakik.com\\\/#\\\/schema\\\/person\\\/9cd9d437bbb44f72b73ba127e06d8e79\",\"name\":\"admin\",\"image\":{\"@type\":\"ImageObject\",\"inLanguage\":\"tr\",\"@id\":\"https:\\\/\\\/secure.gravatar.com\\\/avatar\\\/ccc17943b9d660506c869530f897617f7cb1c21a4bf30023f252596d83e1f007?s=96&d=mm&r=g\",\"url\":\"https:\\\/\\\/secure.gravatar.com\\\/avatar\\\/ccc17943b9d660506c869530f897617f7cb1c21a4bf30023f252596d83e1f007?s=96&d=mm&r=g\",\"contentUrl\":\"https:\\\/\\\/secure.gravatar.com\\\/avatar\\\/ccc17943b9d660506c869530f897617f7cb1c21a4bf30023f252596d83e1f007?s=96&d=mm&r=g\",\"caption\":\"admin\"},\"sameAs\":[\"https:\\\/\\\/kibrisdakik.com\"],\"url\":\"https:\\\/\\\/kibrisdakik.com\\\/?author=1\"}]}<\/script>\n<!-- \/ Yoast SEO plugin. -->","yoast_head_json":{"title":"BENG\u0130HAN: \u201cH\u00dcK\u00dcMET\u0130N \u0130ZLED\u0130\u011e\u0130 ZAM POL\u0130T\u0130KASI \u0130NSAF SINIRINI A\u015eTI\u201d -","robots":{"index":"index","follow":"follow","max-snippet":"max-snippet:-1","max-image-preview":"max-image-preview:large","max-video-preview":"max-video-preview:-1"},"canonical":"https:\/\/kibrisdakik.com\/?p=107622","og_locale":"tr_TR","og_type":"article","og_title":"BENG\u0130HAN: \u201cH\u00dcK\u00dcMET\u0130N \u0130ZLED\u0130\u011e\u0130 ZAM POL\u0130T\u0130KASI \u0130NSAF SINIRINI A\u015eTI\u201d -","og_description":"KTAMS\u2019dan verilen bilgiye g\u00f6re, yaz\u0131l\u0131 a\u00e7\u0131klama yapan Bengihan, \u00fclkede \u00e7al\u0131\u015fanlar, emekliler, dar ve sabit gelirliler i\u00e7in ekonomik ko\u015fullar\u0131n g\u00fcnden g\u00fcne a\u011f\u0131rla\u015ft\u0131\u011f\u0131n\u0131 s\u00f6yleyerek, sosyal devlet olman\u0131n ilk ko\u015fulunun, adil gelir da\u011f\u0131l\u0131m\u0131 ve gelir ile orant\u0131l\u0131 vergi y\u00fck\u00fcml\u00fcl\u00fc\u011f\u00fc oldu\u011funu belirtti. \u201cEn \u00fcst gelir grubu ile en alt gelir grubuna e\u015fit oranda yans\u0131yan dolayl\u0131 vergiler zaten var olan","og_url":"https:\/\/kibrisdakik.com\/?p=107622","article_published_time":"2026-03-05T12:15:20+00:00","og_image":[{"url":"https:\/\/mhahabercom.teimg.com\/crop\/1280x720\/mhahaber-com\/uploads\/2026\/03\/279-2.png","type":"","width":"","height":""}],"author":"admin","twitter_card":"summary_large_image","twitter_misc":{"Yazan:":"admin","Tahmini okuma s\u00fcresi":"1 dakika"},"schema":{"@context":"https:\/\/schema.org","@graph":[{"@type":"Article","@id":"https:\/\/kibrisdakik.com\/?p=107622#article","isPartOf":{"@id":"https:\/\/kibrisdakik.com\/?p=107622"},"author":{"name":"admin","@id":"https:\/\/kibrisdakik.com\/#\/schema\/person\/9cd9d437bbb44f72b73ba127e06d8e79"},"headline":"BENG\u0130HAN: \u201cH\u00dcK\u00dcMET\u0130N \u0130ZLED\u0130\u011e\u0130 ZAM POL\u0130T\u0130KASI \u0130NSAF SINIRINI A\u015eTI\u201d","datePublished":"2026-03-05T12:15:20+00:00","mainEntityOfPage":{"@id":"https:\/\/kibrisdakik.com\/?p=107622"},"wordCount":258,"commentCount":0,"image":{"@id":"https:\/\/kibrisdakik.com\/?p=107622#primaryimage"},"thumbnailUrl":"https:\/\/kibrisdakik.com\/wp-content\/uploads\/2026\/03\/279-2.png","articleSection":["K\u0131br\u0131s"],"inLanguage":"tr","potentialAction":[{"@type":"CommentAction","name":"Comment","target":["https:\/\/kibrisdakik.com\/?p=107622#respond"]}]},{"@type":"WebPage","@id":"https:\/\/kibrisdakik.com\/?p=107622","url":"https:\/\/kibrisdakik.com\/?p=107622","name":"BENG\u0130HAN: \u201cH\u00dcK\u00dcMET\u0130N \u0130ZLED\u0130\u011e\u0130 ZAM POL\u0130T\u0130KASI \u0130NSAF SINIRINI A\u015eTI\u201d -","isPartOf":{"@id":"https:\/\/kibrisdakik.com\/#website"},"primaryImageOfPage":{"@id":"https:\/\/kibrisdakik.com\/?p=107622#primaryimage"},"image":{"@id":"https:\/\/kibrisdakik.com\/?p=107622#primaryimage"},"thumbnailUrl":"https:\/\/kibrisdakik.com\/wp-content\/uploads\/2026\/03\/279-2.png","datePublished":"2026-03-05T12:15:20+00:00","author":{"@id":"https:\/\/kibrisdakik.com\/#\/schema\/person\/9cd9d437bbb44f72b73ba127e06d8e79"},"breadcrumb":{"@id":"https:\/\/kibrisdakik.com\/?p=107622#breadcrumb"},"inLanguage":"tr","potentialAction":[{"@type":"ReadAction","target":["https:\/\/kibrisdakik.com\/?p=107622"]}]},{"@type":"ImageObject","inLanguage":"tr","@id":"https:\/\/kibrisdakik.com\/?p=107622#primaryimage","url":"https:\/\/kibrisdakik.com\/wp-content\/uploads\/2026\/03\/279-2.png","contentUrl":"https:\/\/kibrisdakik.com\/wp-content\/uploads\/2026\/03\/279-2.png","width":1280,"height":720},{"@type":"BreadcrumbList","@id":"https:\/\/kibrisdakik.com\/?p=107622#breadcrumb","itemListElement":[{"@type":"ListItem","position":1,"name":"Home","item":"https:\/\/kibrisdakik.com\/"},{"@type":"ListItem","position":2,"name":"BENG\u0130HAN: \u201cH\u00dcK\u00dcMET\u0130N \u0130ZLED\u0130\u011e\u0130 ZAM POL\u0130T\u0130KASI \u0130NSAF SINIRINI A\u015eTI\u201d"}]},{"@type":"WebSite","@id":"https:\/\/kibrisdakik.com\/#website","url":"https:\/\/kibrisdakik.com\/","name":"","description":"Tam vaktinde haber","potentialAction":[{"@type":"SearchAction","target":{"@type":"EntryPoint","urlTemplate":"https:\/\/kibrisdakik.com\/?s={search_term_string}"},"query-input":{"@type":"PropertyValueSpecification","valueRequired":true,"valueName":"search_term_string"}}],"inLanguage":"tr"},{"@type":"Person","@id":"https:\/\/kibrisdakik.com\/#\/schema\/person\/9cd9d437bbb44f72b73ba127e06d8e79","name":"admin","image":{"@type":"ImageObject","inLanguage":"tr","@id":"https:\/\/secure.gravatar.com\/avatar\/ccc17943b9d660506c869530f897617f7cb1c21a4bf30023f252596d83e1f007?s=96&d=mm&r=g","url":"https:\/\/secure.gravatar.com\/avatar\/ccc17943b9d660506c869530f897617f7cb1c21a4bf30023f252596d83e1f007?s=96&d=mm&r=g","contentUrl":"https:\/\/secure.gravatar.com\/avatar\/ccc17943b9d660506c869530f897617f7cb1c21a4bf30023f252596d83e1f007?s=96&d=mm&r=g","caption":"admin"},"sameAs":["https:\/\/kibrisdakik.com"],"url":"https:\/\/kibrisdakik.com\/?author=1"}]}},"_links":{"self":[{"href":"https:\/\/kibrisdakik.com\/index.php?rest_route=\/wp\/v2\/posts\/107622","targetHints":{"allow":["GET"]}}],"collection":[{"href":"https:\/\/kibrisdakik.com\/index.php?rest_route=\/wp\/v2\/posts"}],"about":[{"href":"https:\/\/kibrisdakik.com\/index.php?rest_route=\/wp\/v2\/types\/post"}],"author":[{"embeddable":true,"href":"https:\/\/kibrisdakik.com\/index.php?rest_route=\/wp\/v2\/users\/1"}],"replies":[{"embeddable":true,"href":"https:\/\/kibrisdakik.com\/index.php?rest_route=%2Fwp%2Fv2%2Fcomments&post=107622"}],"version-history":[{"count":0,"href":"https:\/\/kibrisdakik.com\/index.php?rest_route=\/wp\/v2\/posts\/107622\/revisions"}],"wp:featuredmedia":[{"embeddable":true,"href":"https:\/\/kibrisdakik.com\/index.php?rest_route=\/wp\/v2\/media\/107623"}],"wp:attachment":[{"href":"https:\/\/kibrisdakik.com\/index.php?rest_route=%2Fwp%2Fv2%2Fmedia&parent=107622"}],"wp:term":[{"taxonomy":"category","embeddable":true,"href":"https:\/\/kibrisdakik.com\/index.php?rest_route=%2Fwp%2Fv2%2Fcategories&post=107622"},{"taxonomy":"post_tag","embeddable":true,"href":"https:\/\/kibrisdakik.com\/index.php?rest_route=%2Fwp%2Fv2%2Ftags&post=107622"}],"curies":[{"name":"wp","href":"https:\/\/api.w.org\/{rel}","templated":true}]}}